{"id":295877,"date":"2010-10-15T09:35:13","date_gmt":"2010-10-15T07:35:13","guid":{"rendered":"http:\/\/wp.kristdemokraterna.se\/vasternorrland\/?p=295877"},"modified":"2020-07-21T10:04:31","modified_gmt":"2020-07-21T08:04:31","slug":"kraftigt-okade-mojligheter-ge-funktionshindrade-jobb","status":"publish","type":"post","link":"https:\/\/wp.kristdemokraterna.se\/vasternorrland\/kraftigt-okade-mojligheter-ge-funktionshindrade-jobb\/","title":{"rendered":"Kraftigt \u00f6kade m\u00f6jligheter ge funktionshindrade jobb"},"content":{"rendered":"<p>N\u00e4r ekonomin nu v\u00e4nder \u00e4r det viktigt att vi satsar ordentligt p\u00e5 att fler m\u00e4nniskor ska f\u00e5 jobb. Vi g\u00f6r det billigare och enklare att anst\u00e4lla. Med r\u00e4tt politik och en god ekonomisk utveckling kommer m\u00e5nga m\u00e4nniskor snart att ha ett arbete igen. Men det finns vissa grupper d\u00e4r utanf\u00f6rskapet \u00e4r s\u00e4rskilt stort och d\u00e4r ytterligare insatser beh\u00f6vs. En s\u00e5dan grupp \u00e4r personer med funktionsneds\u00e4ttning.<\/p>\n<p>Mycket lite av jobbdebatten handlar om m\u00f6jligheterna f\u00f6r dem som har funktionsneds\u00e4ttning att komma in p\u00e5 arbetsmarknaden. Oavsett konjunkturl\u00e4ge eller regeringsinnehav har utanf\u00f6rskapet f\u00f6r denna grupp varit konstant h\u00f6gt.<\/p>\n<p>Vi i KD har best\u00e4mt oss f\u00f6r att bryta denna utveckling, men d\u00e5 m\u00e5ste den offentliga sektorn g\u00e5 f\u00f6re och visa att det g\u00e5r att anst\u00e4lla personer med funktionsneds\u00e4ttning i h\u00f6gre utstr\u00e4ckning. Vi g\u00e5r d\u00e4rf\u00f6r till val p\u00e5 att kommuner, landsting och statliga myndigheter och bolag ska anst\u00e4lla 10 000 personer med funktionsneds\u00e4ttning.<\/p>\n<p>Flera privata f\u00f6retag, exempelvis Max Hamburgare och ICA, har g\u00e5tt f\u00f6re och fler f\u00f6retag och organisationer borde g\u00f6ra detsamma. Det \u00e4r inte f\u00f6r inte som det visar sig att \u00f6vrig personal hos f\u00f6retag som g\u00f6r det ocks\u00e5 upplever f\u00f6rb\u00e4ttringar i form av b\u00e4ttre arbetsmilj\u00f6 och \u00f6kad trivsel p\u00e5 jobbet.<\/p>\n<p>Arbetsf\u00f6rmedlingens insatser f\u00f6r att f\u00f6rmedla arbeten till personer med funktionsneds\u00e4ttning m\u00e5ste ocks\u00e5 f\u00f6rb\u00e4ttras s\u00e5 att utanf\u00f6rskapet kan minskas.<\/p>\n<p>V\u00e5rt f\u00f6rslag om att anst\u00e4lla 10 000 personer med funktionsneds\u00e4ttning inom den offentliga sektorn inneb\u00e4r att en kommun som Sundsvall skulle ta p\u00e5 sig att anst\u00e4lla ungef\u00e4r 60 personer och V\u00e4sternorrlands landsting ungef\u00e4r 50 personer. F\u00f6rslag \u00e4r att h\u00e4lften av dessa anst\u00e4llningar ska ske genom s\u00e5 kallade trygghetsanst\u00e4llningar och den andra h\u00e4lften genom vanliga anst\u00e4llningar d\u00e4r l\u00f6nebidrag kan vara en del av finansieringen.<\/p>\n<p>Att fler f\u00e5r arbete \u00e4r viktigt f\u00f6r samh\u00e4llet men ocks\u00e5 f\u00f6r den enskilde, att f\u00e5 k\u00e4nna arbetsgemenskapen och att f\u00e5 vara med och bidra. S\u00e5 bygger vi ett m\u00e4nskligare Sverige.<\/p>\n<p>D\u00e9sir\u00e9e Pethrus Engstr\u00f6m (KD), riksdagsledamot och arbetsmarknadspolitisk talesperson<br \/>\nHans Brynielsson (KD), gruppledare, Sundsvall<\/p>\n<p>&lt;!&#8211;Inl\u00e4gget har \u00e4ven publicerats i Sundsvalls Tidning den 15 oktober 2010&#8211;&gt;<br \/>\n&lt;a href=&#8221;http:\/\/wp.kristdemokraterna.se\/vasternorrland\/var-politik\/politikomraden\/naringsliv-arbete\/&#8221;&gt;N\u00e4ringsliv\/arbete&lt;\/a&gt; | &lt;a href=&#8221;http:\/\/wp.kristdemokraterna.se\/vasternorrland\/etiketter\/arbete\/&#8221;&gt;arbete&lt;\/a&gt; \u00b7 &lt;a href=&#8221;http:\/\/wp.kristdemokraterna.se\/vasternorrland\/etiketter\/arbetsformedlingen\/&#8221;&gt;Arbetsf\u00f6rmedlingen&lt;\/a&gt; \u00b7 &lt;a href=&#8221;http:\/\/wp.kristdemokraterna.se\/vasternorrland\/etiketter\/desiree-pethrus\/&#8221;&gt;D\u00e9sir\u00e9e Pethrus&lt;\/a&gt; \u00b7 &lt;a href=&#8221;http:\/\/wp.kristdemokraterna.se\/vasternorrland\/etiketter\/hans-brynielsson\/&#8221;&gt;Hans Brynielsson&lt;\/a&gt; \u00b7 &lt;a href=&#8221;http:\/\/wp.kristdemokraterna.se\/vasternorrland\/etiketter\/funktionsneds\u00e4ttning\/&#8221;&gt;funktionsneds\u00e4ttning&lt;\/a&gt; \u00b7 &lt;a href=&#8221;http:\/\/wp.kristdemokraterna.se\/vasternorrland\/etiketter\/lonebidrag\/&#8221;&gt;l\u00f6nebidrag&lt;\/a&gt; \u00b7 &lt;a href=&#8221;http:\/\/wp.kristdemokraterna.se\/vasternorrland\/etiketter\/trygghetsanstallning\/&#8221;&gt;trygghetsanst\u00e4llning&lt;\/a&gt; \u00b7 &lt;a href=&#8221;http:\/\/wp.kristdemokraterna.se\/vasternorrland\/etiketter\/utanforskap\/&#8221;&gt;utanf\u00f6rskap&lt;\/a&gt;<\/p>\n","protected":false},"excerpt":{"rendered":"<p>N\u00e4r ekonomin nu v\u00e4nder \u00e4r det viktigt att vi satsar ordentligt p\u00e5 att fler m\u00e4nniskor ska f\u00e5 jobb. Vi g\u00f6r det billigare och enklare att anst\u00e4lla. Med r\u00e4tt politik och en god ekonomisk utveckling kommer m\u00e5nga m\u00e4nniskor snart att ha ett arbete igen. Men det finns vissa grupper d\u00e4r utanf\u00f6rskapet \u00e4r s\u00e4rskilt stort och d\u00e4r <a class=\"read-more-link\" href=\"https:\/\/wp.kristdemokraterna.se\/vasternorrland\/kraftigt-okade-mojligheter-ge-funktionshindrade-jobb\/\">Read More<\/a><\/p>\n","protected":false},"author":861,"featured_media":0,"comment_status":"closed","ping_status":"closed","sticky":false,"template":"","format":"standard","meta":{"_acf_changed":false,"footnotes":""},"categories":[29,727],"tags":[1048,1049,183,1047,440,1050,923,1051,935],"class_list":["post-295877","post","type-post","status-publish","format-standard","hentry","category-naringsliv-arbete","category-nyheter","tag-arbete","tag-arbetsformedlingen","tag-desiree-pethrus","tag-funktionsnedsattning","tag-hans-brynielsson","tag-lonebidrag","tag-naringsliv-arbete","tag-trygghetsanstallning","tag-utanforskap"],"acf":[],"yoast_head":"<!-- This site is optimized with the Yoast SEO plugin v27.4 - https:\/\/yoast.com\/product\/yoast-seo-wordpress\/ -->\n<title>Kraftigt \u00f6kade m\u00f6jligheter ge funktionshindrade jobb | KD V\u00e4sternorrland<\/title>\n<meta name=\"robots\" content=\"index, follow, max-snippet:-1, max-image-preview:large, max-video-preview:-1\" \/>\n<link rel=\"canonical\" href=\"https:\/\/wp.kristdemokraterna.se\/vasternorrland\/kraftigt-okade-mojligheter-ge-funktionshindrade-jobb\/\" \/>\n<meta property=\"og:locale\" content=\"sv_SE\" \/>\n<meta property=\"og:type\" content=\"article\" \/>\n<meta property=\"og:title\" content=\"Kraftigt \u00f6kade m\u00f6jligheter ge funktionshindrade jobb | KD V\u00e4sternorrland\" \/>\n<meta property=\"og:description\" content=\"N\u00e4r ekonomin nu v\u00e4nder \u00e4r det viktigt att vi satsar ordentligt p\u00e5 att fler m\u00e4nniskor ska f\u00e5 jobb. Vi g\u00f6r det billigare och enklare att anst\u00e4lla. Med r\u00e4tt politik och en god ekonomisk utveckling kommer m\u00e5nga m\u00e4nniskor snart att ha ett arbete igen. Men det finns vissa grupper d\u00e4r utanf\u00f6rskapet \u00e4r s\u00e4rskilt stort och d\u00e4r Read More\" \/>\n<meta property=\"og:url\" content=\"https:\/\/wp.kristdemokraterna.se\/vasternorrland\/kraftigt-okade-mojligheter-ge-funktionshindrade-jobb\/\" \/>\n<meta property=\"og:site_name\" content=\"KD V\u00e4sternorrland\" \/>\n<meta property=\"article:publisher\" content=\"https:\/\/www.facebook.com\/kdrvn\/\" \/>\n<meta property=\"article:published_time\" content=\"2010-10-15T07:35:13+00:00\" \/>\n<meta property=\"article:modified_time\" content=\"2020-07-21T08:04:31+00:00\" \/>\n<meta name=\"author\" content=\"sendelbach\" \/>\n<meta name=\"twitter:card\" content=\"summary_large_image\" \/>\n<meta name=\"twitter:label1\" content=\"Skriven av\" \/>\n\t<meta name=\"twitter:data1\" content=\"sendelbach\" \/>\n\t<meta name=\"twitter:label2\" content=\"Ber\u00e4knad l\u00e4stid\" \/>\n\t<meta name=\"twitter:data2\" content=\"3 minuter\" \/>\n<script type=\"application\/ld+json\" class=\"yoast-schema-graph\">{\"@context\":\"https:\\\/\\\/schema.org\",\"@graph\":[{\"@type\":\"Article\",\"@id\":\"https:\\\/\\\/wp.kristdemokraterna.se\\\/vasternorrland\\\/kraftigt-okade-mojligheter-ge-funktionshindrade-jobb\\\/#article\",\"isPartOf\":{\"@id\":\"https:\\\/\\\/wp.kristdemokraterna.se\\\/vasternorrland\\\/kraftigt-okade-mojligheter-ge-funktionshindrade-jobb\\\/\"},\"author\":{\"name\":\"sendelbach\",\"@id\":\"https:\\\/\\\/wp.kristdemokraterna.se\\\/vasternorrland\\\/#\\\/schema\\\/person\\\/c253503d86970574912dff6ec658bf28\"},\"headline\":\"Kraftigt \u00f6kade m\u00f6jligheter ge funktionshindrade jobb\",\"datePublished\":\"2010-10-15T07:35:13+00:00\",\"dateModified\":\"2020-07-21T08:04:31+00:00\",\"mainEntityOfPage\":{\"@id\":\"https:\\\/\\\/wp.kristdemokraterna.se\\\/vasternorrland\\\/kraftigt-okade-mojligheter-ge-funktionshindrade-jobb\\\/\"},\"wordCount\":563,\"keywords\":[\"arbete\",\"Arbetsf\u00f6rmedlingen\",\"D\u00e9sir\u00e9e Pethrus\",\"funktionsneds\u00e4ttning\",\"Hans Brynielsson\",\"l\u00f6nebidrag\",\"n\u00e4ringsliv\\\/arbete\",\"trygghetsanst\u00e4llning\",\"utanf\u00f6rskap\"],\"articleSection\":[\"N\u00e4ringsliv\\\/arbete\",\"Nyheter\"],\"inLanguage\":\"sv-SE\"},{\"@type\":\"WebPage\",\"@id\":\"https:\\\/\\\/wp.kristdemokraterna.se\\\/vasternorrland\\\/kraftigt-okade-mojligheter-ge-funktionshindrade-jobb\\\/\",\"url\":\"https:\\\/\\\/wp.kristdemokraterna.se\\\/vasternorrland\\\/kraftigt-okade-mojligheter-ge-funktionshindrade-jobb\\\/\",\"name\":\"Kraftigt \u00f6kade m\u00f6jligheter ge funktionshindrade jobb | KD V\u00e4sternorrland\",\"isPartOf\":{\"@id\":\"https:\\\/\\\/wp.kristdemokraterna.se\\\/vasternorrland\\\/#website\"},\"datePublished\":\"2010-10-15T07:35:13+00:00\",\"dateModified\":\"2020-07-21T08:04:31+00:00\",\"author\":{\"@id\":\"https:\\\/\\\/wp.kristdemokraterna.se\\\/vasternorrland\\\/#\\\/schema\\\/person\\\/c253503d86970574912dff6ec658bf28\"},\"breadcrumb\":{\"@id\":\"https:\\\/\\\/wp.kristdemokraterna.se\\\/vasternorrland\\\/kraftigt-okade-mojligheter-ge-funktionshindrade-jobb\\\/#breadcrumb\"},\"inLanguage\":\"sv-SE\",\"potentialAction\":[{\"@type\":\"ReadAction\",\"target\":[\"https:\\\/\\\/wp.kristdemokraterna.se\\\/vasternorrland\\\/kraftigt-okade-mojligheter-ge-funktionshindrade-jobb\\\/\"]}]},{\"@type\":\"BreadcrumbList\",\"@id\":\"https:\\\/\\\/wp.kristdemokraterna.se\\\/vasternorrland\\\/kraftigt-okade-mojligheter-ge-funktionshindrade-jobb\\\/#breadcrumb\",\"itemListElement\":[{\"@type\":\"ListItem\",\"position\":1,\"name\":\"Hem\",\"item\":\"https:\\\/\\\/wp.kristdemokraterna.se\\\/vasternorrland\\\/\"},{\"@type\":\"ListItem\",\"position\":2,\"name\":\"Kraftigt \u00f6kade m\u00f6jligheter ge funktionshindrade jobb\"}]},{\"@type\":\"WebSite\",\"@id\":\"https:\\\/\\\/wp.kristdemokraterna.se\\\/vasternorrland\\\/#website\",\"url\":\"https:\\\/\\\/wp.kristdemokraterna.se\\\/vasternorrland\\\/\",\"name\":\"KD V\u00e4sternorrland\",\"description\":\"V\u00e5rda v\u00e5rden - utveckla prim\u00e4rv\u00e5rden\",\"inLanguage\":\"sv-SE\"},{\"@type\":\"Person\",\"@id\":\"https:\\\/\\\/wp.kristdemokraterna.se\\\/vasternorrland\\\/#\\\/schema\\\/person\\\/c253503d86970574912dff6ec658bf28\",\"name\":\"sendelbach\",\"image\":{\"@type\":\"ImageObject\",\"inLanguage\":\"sv-SE\",\"@id\":\"https:\\\/\\\/secure.gravatar.com\\\/avatar\\\/0499a666be08fad4eb4333dbfba8681b8ebe23a978ce2e4c44818b2c5e2415b8?s=96&r=g\",\"url\":\"https:\\\/\\\/secure.gravatar.com\\\/avatar\\\/0499a666be08fad4eb4333dbfba8681b8ebe23a978ce2e4c44818b2c5e2415b8?s=96&r=g\",\"contentUrl\":\"https:\\\/\\\/secure.gravatar.com\\\/avatar\\\/0499a666be08fad4eb4333dbfba8681b8ebe23a978ce2e4c44818b2c5e2415b8?s=96&r=g\",\"caption\":\"sendelbach\"},\"url\":\"https:\\\/\\\/wp.kristdemokraterna.se\\\/vasternorrland\\\/author\\\/sendelbach\\\/\"}]}<\/script>\n<!-- \/ Yoast SEO plugin. -->","yoast_head_json":{"title":"Kraftigt \u00f6kade m\u00f6jligheter ge funktionshindrade jobb | KD V\u00e4sternorrland","robots":{"index":"index","follow":"follow","max-snippet":"max-snippet:-1","max-image-preview":"max-image-preview:large","max-video-preview":"max-video-preview:-1"},"canonical":"https:\/\/wp.kristdemokraterna.se\/vasternorrland\/kraftigt-okade-mojligheter-ge-funktionshindrade-jobb\/","og_locale":"sv_SE","og_type":"article","og_title":"Kraftigt \u00f6kade m\u00f6jligheter ge funktionshindrade jobb | KD V\u00e4sternorrland","og_description":"N\u00e4r ekonomin nu v\u00e4nder \u00e4r det viktigt att vi satsar ordentligt p\u00e5 att fler m\u00e4nniskor ska f\u00e5 jobb. Vi g\u00f6r det billigare och enklare att anst\u00e4lla. Med r\u00e4tt politik och en god ekonomisk utveckling kommer m\u00e5nga m\u00e4nniskor snart att ha ett arbete igen. Men det finns vissa grupper d\u00e4r utanf\u00f6rskapet \u00e4r s\u00e4rskilt stort och d\u00e4r Read More","og_url":"https:\/\/wp.kristdemokraterna.se\/vasternorrland\/kraftigt-okade-mojligheter-ge-funktionshindrade-jobb\/","og_site_name":"KD V\u00e4sternorrland","article_publisher":"https:\/\/www.facebook.com\/kdrvn\/","article_published_time":"2010-10-15T07:35:13+00:00","article_modified_time":"2020-07-21T08:04:31+00:00","author":"sendelbach","twitter_card":"summary_large_image","twitter_misc":{"Skriven av":"sendelbach","Ber\u00e4knad l\u00e4stid":"3 minuter"},"schema":{"@context":"https:\/\/schema.org","@graph":[{"@type":"Article","@id":"https:\/\/wp.kristdemokraterna.se\/vasternorrland\/kraftigt-okade-mojligheter-ge-funktionshindrade-jobb\/#article","isPartOf":{"@id":"https:\/\/wp.kristdemokraterna.se\/vasternorrland\/kraftigt-okade-mojligheter-ge-funktionshindrade-jobb\/"},"author":{"name":"sendelbach","@id":"https:\/\/wp.kristdemokraterna.se\/vasternorrland\/#\/schema\/person\/c253503d86970574912dff6ec658bf28"},"headline":"Kraftigt \u00f6kade m\u00f6jligheter ge funktionshindrade jobb","datePublished":"2010-10-15T07:35:13+00:00","dateModified":"2020-07-21T08:04:31+00:00","mainEntityOfPage":{"@id":"https:\/\/wp.kristdemokraterna.se\/vasternorrland\/kraftigt-okade-mojligheter-ge-funktionshindrade-jobb\/"},"wordCount":563,"keywords":["arbete","Arbetsf\u00f6rmedlingen","D\u00e9sir\u00e9e Pethrus","funktionsneds\u00e4ttning","Hans Brynielsson","l\u00f6nebidrag","n\u00e4ringsliv\/arbete","trygghetsanst\u00e4llning","utanf\u00f6rskap"],"articleSection":["N\u00e4ringsliv\/arbete","Nyheter"],"inLanguage":"sv-SE"},{"@type":"WebPage","@id":"https:\/\/wp.kristdemokraterna.se\/vasternorrland\/kraftigt-okade-mojligheter-ge-funktionshindrade-jobb\/","url":"https:\/\/wp.kristdemokraterna.se\/vasternorrland\/kraftigt-okade-mojligheter-ge-funktionshindrade-jobb\/","name":"Kraftigt \u00f6kade m\u00f6jligheter ge funktionshindrade jobb | KD V\u00e4sternorrland","isPartOf":{"@id":"https:\/\/wp.kristdemokraterna.se\/vasternorrland\/#website"},"datePublished":"2010-10-15T07:35:13+00:00","dateModified":"2020-07-21T08:04:31+00:00","author":{"@id":"https:\/\/wp.kristdemokraterna.se\/vasternorrland\/#\/schema\/person\/c253503d86970574912dff6ec658bf28"},"breadcrumb":{"@id":"https:\/\/wp.kristdemokraterna.se\/vasternorrland\/kraftigt-okade-mojligheter-ge-funktionshindrade-jobb\/#breadcrumb"},"inLanguage":"sv-SE","potentialAction":[{"@type":"ReadAction","target":["https:\/\/wp.kristdemokraterna.se\/vasternorrland\/kraftigt-okade-mojligheter-ge-funktionshindrade-jobb\/"]}]},{"@type":"BreadcrumbList","@id":"https:\/\/wp.kristdemokraterna.se\/vasternorrland\/kraftigt-okade-mojligheter-ge-funktionshindrade-jobb\/#breadcrumb","itemListElement":[{"@type":"ListItem","position":1,"name":"Hem","item":"https:\/\/wp.kristdemokraterna.se\/vasternorrland\/"},{"@type":"ListItem","position":2,"name":"Kraftigt \u00f6kade m\u00f6jligheter ge funktionshindrade jobb"}]},{"@type":"WebSite","@id":"https:\/\/wp.kristdemokraterna.se\/vasternorrland\/#website","url":"https:\/\/wp.kristdemokraterna.se\/vasternorrland\/","name":"KD V\u00e4sternorrland","description":"V\u00e5rda v\u00e5rden - utveckla prim\u00e4rv\u00e5rden","inLanguage":"sv-SE"},{"@type":"Person","@id":"https:\/\/wp.kristdemokraterna.se\/vasternorrland\/#\/schema\/person\/c253503d86970574912dff6ec658bf28","name":"sendelbach","image":{"@type":"ImageObject","inLanguage":"sv-SE","@id":"https:\/\/secure.gravatar.com\/avatar\/0499a666be08fad4eb4333dbfba8681b8ebe23a978ce2e4c44818b2c5e2415b8?s=96&r=g","url":"https:\/\/secure.gravatar.com\/avatar\/0499a666be08fad4eb4333dbfba8681b8ebe23a978ce2e4c44818b2c5e2415b8?s=96&r=g","contentUrl":"https:\/\/secure.gravatar.com\/avatar\/0499a666be08fad4eb4333dbfba8681b8ebe23a978ce2e4c44818b2c5e2415b8?s=96&r=g","caption":"sendelbach"},"url":"https:\/\/wp.kristdemokraterna.se\/vasternorrland\/author\/sendelbach\/"}]}},"_links":{"self":[{"href":"https:\/\/wp.kristdemokraterna.se\/vasternorrland\/wp-json\/wp\/v2\/posts\/295877","targetHints":{"allow":["GET"]}}],"collection":[{"href":"https:\/\/wp.kristdemokraterna.se\/vasternorrland\/wp-json\/wp\/v2\/posts"}],"about":[{"href":"https:\/\/wp.kristdemokraterna.se\/vasternorrland\/wp-json\/wp\/v2\/types\/post"}],"author":[{"embeddable":true,"href":"https:\/\/wp.kristdemokraterna.se\/vasternorrland\/wp-json\/wp\/v2\/users\/861"}],"replies":[{"embeddable":true,"href":"https:\/\/wp.kristdemokraterna.se\/vasternorrland\/wp-json\/wp\/v2\/comments?post=295877"}],"version-history":[{"count":2,"href":"https:\/\/wp.kristdemokraterna.se\/vasternorrland\/wp-json\/wp\/v2\/posts\/295877\/revisions"}],"predecessor-version":[{"id":295889,"href":"https:\/\/wp.kristdemokraterna.se\/vasternorrland\/wp-json\/wp\/v2\/posts\/295877\/revisions\/295889"}],"wp:attachment":[{"href":"https:\/\/wp.kristdemokraterna.se\/vasternorrland\/wp-json\/wp\/v2\/media?parent=295877"}],"wp:term":[{"taxonomy":"category","embeddable":true,"href":"https:\/\/wp.kristdemokraterna.se\/vasternorrland\/wp-json\/wp\/v2\/categories?post=295877"},{"taxonomy":"post_tag","embeddable":true,"href":"https:\/\/wp.kristdemokraterna.se\/vasternorrland\/wp-json\/wp\/v2\/tags?post=295877"}],"curies":[{"name":"wp","href":"https:\/\/api.w.org\/{rel}","templated":true}]}}