{"id":296527,"date":"2015-06-17T18:56:36","date_gmt":"2015-06-17T16:56:36","guid":{"rendered":"http:\/\/wp.kristdemokraterna.se\/vasternorrland\/?p=296527"},"modified":"2020-11-09T17:05:25","modified_gmt":"2020-11-09T16:05:25","slug":"politiker-ska-inte-detaljstyra-familjer","status":"publish","type":"post","link":"https:\/\/wp.kristdemokraterna.se\/vasternorrland\/politiker-ska-inte-detaljstyra-familjer\/","title":{"rendered":"Politiker ska inte detaljstyra familjer"},"content":{"rendered":"<p>I f\u00f6rra veckan kunde vi h\u00f6ra att socialdemokraterna tagit beslut p\u00e5 sin kongress att g\u00e5 vidare med f\u00f6rslaget om tv\u00e5ngskvotering av f\u00f6r\u00e4ldraf\u00f6rs\u00e4kringen, 50 procent till vardera f\u00f6r\u00e4lder.<\/p>\n<p>Man kommer att redan fr\u00e5n \u00e5rsskiftet \u00f6ronm\u00e4rka en tredje m\u00e5nad f\u00f6r papporna. Vi kristdemokrater vill g\u00e5 i helt motsatt riktning.<\/p>\n<p>Socialdemokraterna h\u00e4nvisar till att kvinnor i dagsl\u00e4get tar ut majoriteten av f\u00f6rs\u00e4kringen de f\u00f6rsta tv\u00e5 \u00e5ren. Men \u00e4r det verkligen orimligt att kvinnor, som i sin kropp burit barnet under nio m\u00e5nader, sedan f\u00f6tt det under sv\u00e5ra sm\u00e4rtor, ammat barnet flera m\u00e5nader ocks\u00e5 vill vara tillsammans med barnet en tid.<\/p>\n<p>Framf\u00f6rallt \u00e4r det inte vi politiker som ska detaljstyra eftersom m\u00e4nniskor och familjesituationer ser olika ut. I socialdemokraternas samh\u00e4lle tycks pengar och karri\u00e4r vara viktigare \u00e4n familj och relationer.<\/p>\n<p>I dag har f\u00f6r\u00e4ldrar r\u00e4tt att g\u00e5 ned till 75 procent i arbetstid under sm\u00e5barns\u00e5ren, n\u00e5got som g\u00f6r att man har m\u00f6jlighet att komma senare, och g\u00e5 tidigare fr\u00e5n sitt arbete f\u00f6r att h\u00e4mta och l\u00e4mna p\u00e5 dagis. Denna r\u00e4tt till deltid \u00e4r n\u00e5got som fungerar bra i en \u00f6verg\u00e5ngsperiod fr\u00e5n ledighet till arbete och ger lite mer tid tillsammans som familj. Regeringen vill nu halvera r\u00e4tten till deltid s\u00e5 att man bara kan g\u00e5 ner till 87,5 procent, en minskning med fem timmar i veckan.<\/p>\n<p>Det kan l\u00e5ta lite, men en timme om dagen f\u00f6rdelat p\u00e5 h\u00e4mtning och l\u00e4mning blir mycket f\u00f6rlorad tid sett \u00f6ver en l\u00e4ngre period.<\/p>\n<p>Som gr\u00e4dde p\u00e5 moset vill man ocks\u00e5 \u00e4ndra p\u00e5 de s\u00e5 kallade garantidagarna fr\u00e5n 90 med l\u00e5g ers\u00e4ttning, till bara 30 dagar men med h\u00f6gre ers\u00e4ttning. Vad detta egentligen betyder \u00e4r tv\u00e5 m\u00e5nader mindre f\u00f6r\u00e4ldraledighet och d\u00e4rmed mindre tid f\u00f6r barn att vara med sina f\u00f6r\u00e4ldrar.<\/p>\n<p>Det m\u00e5ste finnas andra tillv\u00e4gag\u00e5ngss\u00e4tt f\u00f6r att n\u00e5 en j\u00e4mst\u00e4lld arbetsmarknad \u00e4n att delvis fr\u00e5nta m\u00e4nniskor r\u00e4tten att spendera tid med sina barn n\u00e4r och hur man vill, samt r\u00e4tten \u00f6ver att best\u00e4mma vem i familjen som skall f\u00e5 g\u00f6ra det. Regeringens politik \u00e4r familjefientlig och saknar helt ett barnperspektiv.<\/p>\n<p>Vi ser nu att psykisk oh\u00e4lsa v\u00e4xer som ett problem hos m\u00e5nga unga, det kan vara dags att st\u00e4lla sig fr\u00e5gan om mer kollektiv statlig uppfostran i \u00e4n tidigare \u00e5lder som substitut f\u00f6r tid med k\u00e4rleksfulla f\u00f6r\u00e4ldrar verkligen gynnar v\u00e5ra barns utveckling p\u00e5 sikt.<\/p>\n<p>Man ska komma ih\u00e5g att f\u00f6r n\u00e5gra veckor sedan r\u00f6stade majoriteten i Sundsvall ner f\u00f6rslaget om maxtak f\u00f6r antal barn i f\u00f6rskolegrupperna. Om barn v\u00e4l ska vara i f\u00f6rskolan, kan de v\u00e4l f\u00e5 rimliga f\u00f6ruts\u00e4ttningar att utvecklas och bli sedda ocks\u00e5. T\u00e4nk p\u00e5 barnen!<\/p>\n<p>Liza-Maria Norlin, gruppledare Kristdemokraterna Sundsvall<br \/>\nRobin A. H\u00e5kansson ,distriktsordf\u00f6rande KDU V\u00e4sternorrland<br \/>\n<!--Artikeln har \u00e4ven publicerats p\u00e5 st.nu och i Sundsvalls Tidning den 18 juni 2015--><\/p>\n<hr \/>\n<p><a href=\"http:\/\/wp.kristdemokraterna.se\/vasternorrland\/var-politik\/politikomraden\/barn-och-unga\/\">Barn och unga<\/a><a href=\"http:\/\/wp.kristdemokraterna.se\/vasternorrland\/var-politik\/politikomraden\/etik-och-jamlikhet\/\">Etik och j\u00e4mlikhet<\/a> | <a href=\"http:\/\/wp.kristdemokraterna.se\/vasternorrland\/etiketter\/detaljstyrning\/\">detaljstyrning<\/a>\u00a0\u00b7 <a href=\"http:\/\/wp.kristdemokraterna.se\/vasternorrland\/etiketter\/familj\/\">familj<\/a>\u00a0\u00b7 <a href=\"http:\/\/wp.kristdemokraterna.se\/vasternorrland\/etiketter\/foraldraforsakring\/\">f\u00f6r\u00e4ldraf\u00f6rs\u00e4kring<\/a>\u00a0\u00b7 <a href=\"http:\/\/wp.kristdemokraterna.se\/vasternorrland\/etiketter\/foraldraledig\/\">f\u00f6r\u00e4ldraledig<\/a>\u00a0\u00b7 <a href=\"http:\/\/wp.kristdemokraterna.se\/vasternorrland\/etiketter\/jamstalldhet\/\">j\u00e4mst\u00e4lldhet<\/a>\u00a0\u00b7 <a href=\"http:\/\/wp.kristdemokraterna.se\/vasternorrland\/etiketter\/liza-maria-norlin\/\">Liza-Maria Norlin<\/a>\u00a0\u00b7 <a href=\"http:\/\/wp.kristdemokraterna.se\/vasternorrland\/etiketter\/robin-hakansson\/\">Robin H\u00e5kansson<\/a>\u00a0\u00b7 <a href=\"http:\/\/wp.kristdemokraterna.se\/vasternorrland\/etiketter\/sm\u00e5barn\/\">sm\u00e5barn<\/a>\u00a0\u00b7 <a href=\"http:\/\/wp.kristdemokraterna.se\/vasternorrland\/etiketter\/tvangskvotering\/\">tv\u00e5ngskvotering<\/a><\/p>\n","protected":false},"excerpt":{"rendered":"<p>I f\u00f6rra veckan kunde vi h\u00f6ra att socialdemokraterna tagit beslut p\u00e5 sin kongress att g\u00e5 vidare med f\u00f6rslaget om tv\u00e5ngskvotering av f\u00f6r\u00e4ldraf\u00f6rs\u00e4kringen, 50 procent till vardera f\u00f6r\u00e4lder. Man kommer att redan fr\u00e5n \u00e5rsskiftet \u00f6ronm\u00e4rka en tredje m\u00e5nad f\u00f6r papporna. Vi kristdemokrater vill g\u00e5 i helt motsatt riktning. Socialdemokraterna h\u00e4nvisar till att kvinnor i dagsl\u00e4get tar <a class=\"read-more-link\" href=\"https:\/\/wp.kristdemokraterna.se\/vasternorrland\/politiker-ska-inte-detaljstyra-familjer\/\">Read More<\/a><\/p>\n","protected":false},"author":861,"featured_media":0,"comment_status":"closed","ping_status":"closed","sticky":false,"template":"","format":"standard","meta":{"_acf_changed":false,"footnotes":""},"categories":[108,641,1208,891,727],"tags":[543,1097,893,425,427,1099,288,49,1079,1098,1096],"class_list":["post-296527","post","type-post","status-publish","format-standard","hentry","category-barn-och-unga","category-etik-och-jamlikhet","category-familj","category-jamstalldhet","category-nyheter","tag-alla-inlagg","tag-detaljstyrning","tag-etik-och-jamlikhet","tag-familj","tag-foraldraforsakring","tag-foraldraledig","tag-jamstalldhet","tag-liza-maria-norlin","tag-robin-hakansson","tag-smabarn","tag-tvangskvotering"],"acf":[],"yoast_head":"<!-- This site is optimized with the Yoast SEO plugin v27.4 - https:\/\/yoast.com\/product\/yoast-seo-wordpress\/ -->\n<title>Politiker ska inte detaljstyra familjer | KD V\u00e4sternorrland<\/title>\n<meta name=\"robots\" content=\"index, follow, max-snippet:-1, max-image-preview:large, max-video-preview:-1\" \/>\n<link rel=\"canonical\" href=\"https:\/\/wp.kristdemokraterna.se\/vasternorrland\/politiker-ska-inte-detaljstyra-familjer\/\" \/>\n<meta property=\"og:locale\" content=\"sv_SE\" \/>\n<meta property=\"og:type\" content=\"article\" \/>\n<meta property=\"og:title\" content=\"Politiker ska inte detaljstyra familjer | KD V\u00e4sternorrland\" \/>\n<meta property=\"og:description\" content=\"I f\u00f6rra veckan kunde vi h\u00f6ra att socialdemokraterna tagit beslut p\u00e5 sin kongress att g\u00e5 vidare med f\u00f6rslaget om tv\u00e5ngskvotering av f\u00f6r\u00e4ldraf\u00f6rs\u00e4kringen, 50 procent till vardera f\u00f6r\u00e4lder. Man kommer att redan fr\u00e5n \u00e5rsskiftet \u00f6ronm\u00e4rka en tredje m\u00e5nad f\u00f6r papporna. Vi kristdemokrater vill g\u00e5 i helt motsatt riktning. Socialdemokraterna h\u00e4nvisar till att kvinnor i dagsl\u00e4get tar Read More\" \/>\n<meta property=\"og:url\" content=\"https:\/\/wp.kristdemokraterna.se\/vasternorrland\/politiker-ska-inte-detaljstyra-familjer\/\" \/>\n<meta property=\"og:site_name\" content=\"KD V\u00e4sternorrland\" \/>\n<meta property=\"article:publisher\" content=\"https:\/\/www.facebook.com\/kdrvn\/\" \/>\n<meta property=\"article:published_time\" content=\"2015-06-17T16:56:36+00:00\" \/>\n<meta property=\"article:modified_time\" content=\"2020-11-09T16:05:25+00:00\" \/>\n<meta name=\"author\" content=\"sendelbach\" \/>\n<meta name=\"twitter:card\" content=\"summary_large_image\" \/>\n<meta name=\"twitter:label1\" content=\"Skriven av\" \/>\n\t<meta name=\"twitter:data1\" content=\"sendelbach\" \/>\n\t<meta name=\"twitter:label2\" content=\"Ber\u00e4knad l\u00e4stid\" \/>\n\t<meta name=\"twitter:data2\" content=\"3 minuter\" \/>\n<script type=\"application\/ld+json\" class=\"yoast-schema-graph\">{\"@context\":\"https:\\\/\\\/schema.org\",\"@graph\":[{\"@type\":\"Article\",\"@id\":\"https:\\\/\\\/wp.kristdemokraterna.se\\\/vasternorrland\\\/politiker-ska-inte-detaljstyra-familjer\\\/#article\",\"isPartOf\":{\"@id\":\"https:\\\/\\\/wp.kristdemokraterna.se\\\/vasternorrland\\\/politiker-ska-inte-detaljstyra-familjer\\\/\"},\"author\":{\"name\":\"sendelbach\",\"@id\":\"https:\\\/\\\/wp.kristdemokraterna.se\\\/vasternorrland\\\/#\\\/schema\\\/person\\\/c253503d86970574912dff6ec658bf28\"},\"headline\":\"Politiker ska inte detaljstyra familjer\",\"datePublished\":\"2015-06-17T16:56:36+00:00\",\"dateModified\":\"2020-11-09T16:05:25+00:00\",\"mainEntityOfPage\":{\"@id\":\"https:\\\/\\\/wp.kristdemokraterna.se\\\/vasternorrland\\\/politiker-ska-inte-detaljstyra-familjer\\\/\"},\"wordCount\":563,\"keywords\":[\"alla inl\u00e4gg\",\"detaljstyrning\",\"etik och j\u00e4mlikhet\",\"familj\",\"f\u00f6r\u00e4ldraf\u00f6rs\u00e4kring\",\"f\u00f6r\u00e4ldraledig\",\"j\u00e4mst\u00e4lldhet\",\"Liza-Maria Norlin\",\"Robin H\u00e5kansson\",\"sm\u00e5barn\",\"tv\u00e5ngskvotering\"],\"articleSection\":[\"Barn och unga\",\"Etik och j\u00e4mlikhet\",\"Familj\",\"J\u00e4mst\u00e4lldhet\",\"Nyheter\"],\"inLanguage\":\"sv-SE\"},{\"@type\":\"WebPage\",\"@id\":\"https:\\\/\\\/wp.kristdemokraterna.se\\\/vasternorrland\\\/politiker-ska-inte-detaljstyra-familjer\\\/\",\"url\":\"https:\\\/\\\/wp.kristdemokraterna.se\\\/vasternorrland\\\/politiker-ska-inte-detaljstyra-familjer\\\/\",\"name\":\"Politiker ska inte detaljstyra familjer | KD V\u00e4sternorrland\",\"isPartOf\":{\"@id\":\"https:\\\/\\\/wp.kristdemokraterna.se\\\/vasternorrland\\\/#website\"},\"datePublished\":\"2015-06-17T16:56:36+00:00\",\"dateModified\":\"2020-11-09T16:05:25+00:00\",\"author\":{\"@id\":\"https:\\\/\\\/wp.kristdemokraterna.se\\\/vasternorrland\\\/#\\\/schema\\\/person\\\/c253503d86970574912dff6ec658bf28\"},\"breadcrumb\":{\"@id\":\"https:\\\/\\\/wp.kristdemokraterna.se\\\/vasternorrland\\\/politiker-ska-inte-detaljstyra-familjer\\\/#breadcrumb\"},\"inLanguage\":\"sv-SE\",\"potentialAction\":[{\"@type\":\"ReadAction\",\"target\":[\"https:\\\/\\\/wp.kristdemokraterna.se\\\/vasternorrland\\\/politiker-ska-inte-detaljstyra-familjer\\\/\"]}]},{\"@type\":\"BreadcrumbList\",\"@id\":\"https:\\\/\\\/wp.kristdemokraterna.se\\\/vasternorrland\\\/politiker-ska-inte-detaljstyra-familjer\\\/#breadcrumb\",\"itemListElement\":[{\"@type\":\"ListItem\",\"position\":1,\"name\":\"Hem\",\"item\":\"https:\\\/\\\/wp.kristdemokraterna.se\\\/vasternorrland\\\/\"},{\"@type\":\"ListItem\",\"position\":2,\"name\":\"Politiker ska inte detaljstyra familjer\"}]},{\"@type\":\"WebSite\",\"@id\":\"https:\\\/\\\/wp.kristdemokraterna.se\\\/vasternorrland\\\/#website\",\"url\":\"https:\\\/\\\/wp.kristdemokraterna.se\\\/vasternorrland\\\/\",\"name\":\"KD V\u00e4sternorrland\",\"description\":\"V\u00e5rda v\u00e5rden - utveckla prim\u00e4rv\u00e5rden\",\"inLanguage\":\"sv-SE\"},{\"@type\":\"Person\",\"@id\":\"https:\\\/\\\/wp.kristdemokraterna.se\\\/vasternorrland\\\/#\\\/schema\\\/person\\\/c253503d86970574912dff6ec658bf28\",\"name\":\"sendelbach\",\"image\":{\"@type\":\"ImageObject\",\"inLanguage\":\"sv-SE\",\"@id\":\"https:\\\/\\\/secure.gravatar.com\\\/avatar\\\/0499a666be08fad4eb4333dbfba8681b8ebe23a978ce2e4c44818b2c5e2415b8?s=96&r=g\",\"url\":\"https:\\\/\\\/secure.gravatar.com\\\/avatar\\\/0499a666be08fad4eb4333dbfba8681b8ebe23a978ce2e4c44818b2c5e2415b8?s=96&r=g\",\"contentUrl\":\"https:\\\/\\\/secure.gravatar.com\\\/avatar\\\/0499a666be08fad4eb4333dbfba8681b8ebe23a978ce2e4c44818b2c5e2415b8?s=96&r=g\",\"caption\":\"sendelbach\"},\"url\":\"https:\\\/\\\/wp.kristdemokraterna.se\\\/vasternorrland\\\/author\\\/sendelbach\\\/\"}]}<\/script>\n<!-- \/ Yoast SEO plugin. -->","yoast_head_json":{"title":"Politiker ska inte detaljstyra familjer | KD V\u00e4sternorrland","robots":{"index":"index","follow":"follow","max-snippet":"max-snippet:-1","max-image-preview":"max-image-preview:large","max-video-preview":"max-video-preview:-1"},"canonical":"https:\/\/wp.kristdemokraterna.se\/vasternorrland\/politiker-ska-inte-detaljstyra-familjer\/","og_locale":"sv_SE","og_type":"article","og_title":"Politiker ska inte detaljstyra familjer | KD V\u00e4sternorrland","og_description":"I f\u00f6rra veckan kunde vi h\u00f6ra att socialdemokraterna tagit beslut p\u00e5 sin kongress att g\u00e5 vidare med f\u00f6rslaget om tv\u00e5ngskvotering av f\u00f6r\u00e4ldraf\u00f6rs\u00e4kringen, 50 procent till vardera f\u00f6r\u00e4lder. Man kommer att redan fr\u00e5n \u00e5rsskiftet \u00f6ronm\u00e4rka en tredje m\u00e5nad f\u00f6r papporna. Vi kristdemokrater vill g\u00e5 i helt motsatt riktning. Socialdemokraterna h\u00e4nvisar till att kvinnor i dagsl\u00e4get tar Read More","og_url":"https:\/\/wp.kristdemokraterna.se\/vasternorrland\/politiker-ska-inte-detaljstyra-familjer\/","og_site_name":"KD V\u00e4sternorrland","article_publisher":"https:\/\/www.facebook.com\/kdrvn\/","article_published_time":"2015-06-17T16:56:36+00:00","article_modified_time":"2020-11-09T16:05:25+00:00","author":"sendelbach","twitter_card":"summary_large_image","twitter_misc":{"Skriven av":"sendelbach","Ber\u00e4knad l\u00e4stid":"3 minuter"},"schema":{"@context":"https:\/\/schema.org","@graph":[{"@type":"Article","@id":"https:\/\/wp.kristdemokraterna.se\/vasternorrland\/politiker-ska-inte-detaljstyra-familjer\/#article","isPartOf":{"@id":"https:\/\/wp.kristdemokraterna.se\/vasternorrland\/politiker-ska-inte-detaljstyra-familjer\/"},"author":{"name":"sendelbach","@id":"https:\/\/wp.kristdemokraterna.se\/vasternorrland\/#\/schema\/person\/c253503d86970574912dff6ec658bf28"},"headline":"Politiker ska inte detaljstyra familjer","datePublished":"2015-06-17T16:56:36+00:00","dateModified":"2020-11-09T16:05:25+00:00","mainEntityOfPage":{"@id":"https:\/\/wp.kristdemokraterna.se\/vasternorrland\/politiker-ska-inte-detaljstyra-familjer\/"},"wordCount":563,"keywords":["alla inl\u00e4gg","detaljstyrning","etik och j\u00e4mlikhet","familj","f\u00f6r\u00e4ldraf\u00f6rs\u00e4kring","f\u00f6r\u00e4ldraledig","j\u00e4mst\u00e4lldhet","Liza-Maria Norlin","Robin H\u00e5kansson","sm\u00e5barn","tv\u00e5ngskvotering"],"articleSection":["Barn och unga","Etik och j\u00e4mlikhet","Familj","J\u00e4mst\u00e4lldhet","Nyheter"],"inLanguage":"sv-SE"},{"@type":"WebPage","@id":"https:\/\/wp.kristdemokraterna.se\/vasternorrland\/politiker-ska-inte-detaljstyra-familjer\/","url":"https:\/\/wp.kristdemokraterna.se\/vasternorrland\/politiker-ska-inte-detaljstyra-familjer\/","name":"Politiker ska inte detaljstyra familjer | KD V\u00e4sternorrland","isPartOf":{"@id":"https:\/\/wp.kristdemokraterna.se\/vasternorrland\/#website"},"datePublished":"2015-06-17T16:56:36+00:00","dateModified":"2020-11-09T16:05:25+00:00","author":{"@id":"https:\/\/wp.kristdemokraterna.se\/vasternorrland\/#\/schema\/person\/c253503d86970574912dff6ec658bf28"},"breadcrumb":{"@id":"https:\/\/wp.kristdemokraterna.se\/vasternorrland\/politiker-ska-inte-detaljstyra-familjer\/#breadcrumb"},"inLanguage":"sv-SE","potentialAction":[{"@type":"ReadAction","target":["https:\/\/wp.kristdemokraterna.se\/vasternorrland\/politiker-ska-inte-detaljstyra-familjer\/"]}]},{"@type":"BreadcrumbList","@id":"https:\/\/wp.kristdemokraterna.se\/vasternorrland\/politiker-ska-inte-detaljstyra-familjer\/#breadcrumb","itemListElement":[{"@type":"ListItem","position":1,"name":"Hem","item":"https:\/\/wp.kristdemokraterna.se\/vasternorrland\/"},{"@type":"ListItem","position":2,"name":"Politiker ska inte detaljstyra familjer"}]},{"@type":"WebSite","@id":"https:\/\/wp.kristdemokraterna.se\/vasternorrland\/#website","url":"https:\/\/wp.kristdemokraterna.se\/vasternorrland\/","name":"KD V\u00e4sternorrland","description":"V\u00e5rda v\u00e5rden - utveckla prim\u00e4rv\u00e5rden","inLanguage":"sv-SE"},{"@type":"Person","@id":"https:\/\/wp.kristdemokraterna.se\/vasternorrland\/#\/schema\/person\/c253503d86970574912dff6ec658bf28","name":"sendelbach","image":{"@type":"ImageObject","inLanguage":"sv-SE","@id":"https:\/\/secure.gravatar.com\/avatar\/0499a666be08fad4eb4333dbfba8681b8ebe23a978ce2e4c44818b2c5e2415b8?s=96&r=g","url":"https:\/\/secure.gravatar.com\/avatar\/0499a666be08fad4eb4333dbfba8681b8ebe23a978ce2e4c44818b2c5e2415b8?s=96&r=g","contentUrl":"https:\/\/secure.gravatar.com\/avatar\/0499a666be08fad4eb4333dbfba8681b8ebe23a978ce2e4c44818b2c5e2415b8?s=96&r=g","caption":"sendelbach"},"url":"https:\/\/wp.kristdemokraterna.se\/vasternorrland\/author\/sendelbach\/"}]}},"_links":{"self":[{"href":"https:\/\/wp.kristdemokraterna.se\/vasternorrland\/wp-json\/wp\/v2\/posts\/296527","targetHints":{"allow":["GET"]}}],"collection":[{"href":"https:\/\/wp.kristdemokraterna.se\/vasternorrland\/wp-json\/wp\/v2\/posts"}],"about":[{"href":"https:\/\/wp.kristdemokraterna.se\/vasternorrland\/wp-json\/wp\/v2\/types\/post"}],"author":[{"embeddable":true,"href":"https:\/\/wp.kristdemokraterna.se\/vasternorrland\/wp-json\/wp\/v2\/users\/861"}],"replies":[{"embeddable":true,"href":"https:\/\/wp.kristdemokraterna.se\/vasternorrland\/wp-json\/wp\/v2\/comments?post=296527"}],"version-history":[{"count":1,"href":"https:\/\/wp.kristdemokraterna.se\/vasternorrland\/wp-json\/wp\/v2\/posts\/296527\/revisions"}],"predecessor-version":[{"id":296528,"href":"https:\/\/wp.kristdemokraterna.se\/vasternorrland\/wp-json\/wp\/v2\/posts\/296527\/revisions\/296528"}],"wp:attachment":[{"href":"https:\/\/wp.kristdemokraterna.se\/vasternorrland\/wp-json\/wp\/v2\/media?parent=296527"}],"wp:term":[{"taxonomy":"category","embeddable":true,"href":"https:\/\/wp.kristdemokraterna.se\/vasternorrland\/wp-json\/wp\/v2\/categories?post=296527"},{"taxonomy":"post_tag","embeddable":true,"href":"https:\/\/wp.kristdemokraterna.se\/vasternorrland\/wp-json\/wp\/v2\/tags?post=296527"}],"curies":[{"name":"wp","href":"https:\/\/api.w.org\/{rel}","templated":true}]}}