{"id":299430,"date":"2014-04-23T07:45:05","date_gmt":"2014-04-23T05:45:05","guid":{"rendered":"http:\/\/wp.kristdemokraterna.se\/vasternorrland\/?p=299430"},"modified":"2020-08-04T07:51:51","modified_gmt":"2020-08-04T05:51:51","slug":"unik-satsning-pa-cancervarden","status":"publish","type":"post","link":"https:\/\/wp.kristdemokraterna.se\/vasternorrland\/unik-satsning-pa-cancervarden\/","title":{"rendered":"Unik satsning p\u00e5 cancerv\u00e5rden"},"content":{"rendered":"<p>F\u00f6r cancersjuka \u00e4r tiden till behandling en fr\u00e5ga om liv och d\u00f6d. Att regeringen g\u00f6r en miljardsatsning p\u00e5 cancerv\u00e5rden under \u00e5ren 2015-2018 f\u00f6r att korta v\u00e4ntetiderna \u00e4r d\u00e4rf\u00f6r v\u00e4lkommet.<\/p>\n<p>Cancer sl\u00e5r s\u00f6nder familjer, orsakar enormt lidande och \u00e4r den folksjukdom d\u00e4r h\u00e4lso- och sjukv\u00e5rden m\u00f6ter de st\u00f6rsta utmaningarna. Det faktum att var tredje svensk kommer att drabbas av cancer g\u00f6r detta inte minst till en viktig fr\u00e5ga.<\/p>\n<p>Satsningen \u00e4r n\u00f6dv\u00e4ndig f\u00f6r att f\u00f6rb\u00e4ttra v\u00e5rden i V\u00e4sternorrland. Just h\u00e4r ser vi exempelvis att medianv\u00e4ntetiden f\u00f6r prostatacancer \u00e4r 206 dagar, vilket kan j\u00e4mf\u00f6ras med 140 dagar i V\u00e4stra G\u00f6talands l\u00e4n. N\u00e4r G\u00f6ran H\u00e4gglund (KD) presenterade satsningen var det just den oj\u00e4mlika v\u00e5rden \u00f6ver landet och de oacceptabla skillnaderna i behandlingstid mellan olika cancerformer som stod i fokus.<\/p>\n<p>Kristdemokraterna i V\u00e4sternorrland har den senaste mandatperioden &#8211; som en del i V\u00e5rdalliansen &#8211; jobbat med att \u00e5tg\u00e4rda den tidigare majoritetens misslyckanden f\u00f6r att s\u00e4kra att resurserna inom h\u00e4lso- och sjukv\u00e5rden tr\u00e4ffar r\u00e4tt.<\/p>\n<p>Men samtidigt som resurser nu tills\u00e4tts fr\u00e5n centralt h\u00e5ll f\u00f6r att korta v\u00e4ntetiden \u00e4r det viktigt att komma ih\u00e5g att det \u00e4r v\u00e5rt ansvar p\u00e5 regional niv\u00e5 att skapa f\u00f6ruts\u00e4ttningar f\u00f6r att \u00e5stadkomma f\u00f6rb\u00e4ttringar. Mer pengar \u00e4r ju inte per automatik en satsning om vi inte v\u00e4ljer att fokusera p\u00e5 v\u00e5rdens kvalitet och f\u00f6ljer upp resultaten.<\/p>\n<p>H\u00e4r g\u00e4ller det allts\u00e5 att forts\u00e4tta jobba f\u00f6r en patientcentrerad v\u00e5rd d\u00e4r tillg\u00e4nglighet och kvalitet \u00e4r i fokus.<\/p>\n<p>Det \u00e4r ju patientens perspektiv som varit utg\u00e5ngspunkten fr\u00e5n allra f\u00f6rsta b\u00f6rjan i regeringens satsning.<\/p>\n<p>Och det \u00e4r ocks\u00e5 s\u00e5 det ska vara fram\u00f6ver i V\u00e4sternorrland.<\/p>\n<p>Soledad Henriquez (KD)2:a p\u00e5 Kristdemokraternas landstingslista i \u00c5ngermanland<br \/>\n<!--Artikeln har \u00e4ven publicerats i \u00d6rnsk\u00f6ldsviks allehanda den 22 april 2014 --><\/p>\n<hr \/>\n<p><a href=\"http:\/\/wp.kristdemokraterna.se\/vasternorrland\/var-politik\/politikomraden\/specialistvard\/\">Specialistv\u00e5rd<\/a> | <a href=\"http:\/\/wp.kristdemokraterna.se\/vasternorrland\/etiketter\/cancer\/\">cancer<\/a> \u00b7 <a href=\"http:\/\/wp.kristdemokraterna.se\/vasternorrland\/etiketter\/kvalitet\/\">kvalitet<\/a> \u00b7 <a href=\"http:\/\/wp.kristdemokraterna.se\/vasternorrland\/etiketter\/onkologi\/\">onkologi<\/a> \u00b7 <a href=\"http:\/\/wp.kristdemokraterna.se\/vasternorrland\/etiketter\/personcentrerad-vard\/\">personcentrerad v\u00e5rd<\/a> \u00b7 <a href=\"http:\/\/wp.kristdemokraterna.se\/vasternorrland\/etiketter\/prostatacancer\/\">prostatacancer<\/a> \u00b7 <a href=\"http:\/\/wp.kristdemokraterna.se\/vasternorrland\/etiketter\/regeringen\/\">regeringen<\/a> \u00b7 <a href=\"http:\/\/wp.kristdemokraterna.se\/vasternorrland\/etiketter\/soledad-henriquez\/\">Soledad Henriquez<\/a> \u00b7 <a href=\"http:\/\/wp.kristdemokraterna.se\/vasternorrland\/etiketter\/tillganglighet\/\">tillg\u00e4nglighet<\/a> \u00b7 <a href=\"http:\/\/wp.kristdemokraterna.se\/vasternorrland\/etiketter\/vantetider\/\">v\u00e4ntetider<\/a><\/p>\n","protected":false},"excerpt":{"rendered":"<p>F\u00f6r cancersjuka \u00e4r tiden till behandling en fr\u00e5ga om liv och d\u00f6d. Att regeringen g\u00f6r en miljardsatsning p\u00e5 cancerv\u00e5rden under \u00e5ren 2015-2018 f\u00f6r att korta v\u00e4ntetiderna \u00e4r d\u00e4rf\u00f6r v\u00e4lkommet. Cancer sl\u00e5r s\u00f6nder familjer, orsakar enormt lidande och \u00e4r den folksjukdom d\u00e4r h\u00e4lso- och sjukv\u00e5rden m\u00f6ter de st\u00f6rsta utmaningarna. Det faktum att var tredje svensk kommer <a class=\"read-more-link\" href=\"https:\/\/wp.kristdemokraterna.se\/vasternorrland\/unik-satsning-pa-cancervarden\/\">Read More<\/a><\/p>\n","protected":false},"author":861,"featured_media":0,"comment_status":"closed","ping_status":"closed","sticky":false,"template":"","format":"standard","meta":{"_acf_changed":false,"footnotes":""},"categories":[727,817,101],"tags":[34,244,771,213,1155,887,449,540,97,1156],"class_list":["post-299430","post","type-post","status-publish","format-standard","hentry","category-nyheter","category-onkologi","category-specialistvard","tag-cancer","tag-kvalitet","tag-onkologi","tag-personcentrerad-vard","tag-prostatacancer","tag-regeringen","tag-soledad-henriquez","tag-specialistvard","tag-tillganglighet","tag-vantetider"],"acf":[],"yoast_head":"<!-- This site is optimized with the Yoast SEO plugin v27.4 - https:\/\/yoast.com\/product\/yoast-seo-wordpress\/ -->\n<title>Unik satsning p\u00e5 cancerv\u00e5rden | KD V\u00e4sternorrland<\/title>\n<meta name=\"robots\" content=\"index, follow, max-snippet:-1, max-image-preview:large, max-video-preview:-1\" \/>\n<link rel=\"canonical\" href=\"https:\/\/wp.kristdemokraterna.se\/vasternorrland\/unik-satsning-pa-cancervarden\/\" \/>\n<meta property=\"og:locale\" content=\"sv_SE\" \/>\n<meta property=\"og:type\" content=\"article\" \/>\n<meta property=\"og:title\" content=\"Unik satsning p\u00e5 cancerv\u00e5rden | KD V\u00e4sternorrland\" \/>\n<meta property=\"og:description\" content=\"F\u00f6r cancersjuka \u00e4r tiden till behandling en fr\u00e5ga om liv och d\u00f6d. Att regeringen g\u00f6r en miljardsatsning p\u00e5 cancerv\u00e5rden under \u00e5ren 2015-2018 f\u00f6r att korta v\u00e4ntetiderna \u00e4r d\u00e4rf\u00f6r v\u00e4lkommet. Cancer sl\u00e5r s\u00f6nder familjer, orsakar enormt lidande och \u00e4r den folksjukdom d\u00e4r h\u00e4lso- och sjukv\u00e5rden m\u00f6ter de st\u00f6rsta utmaningarna. Det faktum att var tredje svensk kommer Read More\" \/>\n<meta property=\"og:url\" content=\"https:\/\/wp.kristdemokraterna.se\/vasternorrland\/unik-satsning-pa-cancervarden\/\" \/>\n<meta property=\"og:site_name\" content=\"KD V\u00e4sternorrland\" \/>\n<meta property=\"article:publisher\" content=\"https:\/\/www.facebook.com\/kdrvn\/\" \/>\n<meta property=\"article:published_time\" content=\"2014-04-23T05:45:05+00:00\" \/>\n<meta property=\"article:modified_time\" content=\"2020-08-04T05:51:51+00:00\" \/>\n<meta name=\"author\" content=\"sendelbach\" \/>\n<meta name=\"twitter:card\" content=\"summary_large_image\" \/>\n<meta name=\"twitter:label1\" content=\"Skriven av\" \/>\n\t<meta name=\"twitter:data1\" content=\"sendelbach\" \/>\n\t<meta name=\"twitter:label2\" content=\"Ber\u00e4knad l\u00e4stid\" \/>\n\t<meta name=\"twitter:data2\" content=\"2 minuter\" \/>\n<script type=\"application\/ld+json\" class=\"yoast-schema-graph\">{\"@context\":\"https:\\\/\\\/schema.org\",\"@graph\":[{\"@type\":\"Article\",\"@id\":\"https:\\\/\\\/wp.kristdemokraterna.se\\\/vasternorrland\\\/unik-satsning-pa-cancervarden\\\/#article\",\"isPartOf\":{\"@id\":\"https:\\\/\\\/wp.kristdemokraterna.se\\\/vasternorrland\\\/unik-satsning-pa-cancervarden\\\/\"},\"author\":{\"name\":\"sendelbach\",\"@id\":\"https:\\\/\\\/wp.kristdemokraterna.se\\\/vasternorrland\\\/#\\\/schema\\\/person\\\/c253503d86970574912dff6ec658bf28\"},\"headline\":\"Unik satsning p\u00e5 cancerv\u00e5rden\",\"datePublished\":\"2014-04-23T05:45:05+00:00\",\"dateModified\":\"2020-08-04T05:51:51+00:00\",\"mainEntityOfPage\":{\"@id\":\"https:\\\/\\\/wp.kristdemokraterna.se\\\/vasternorrland\\\/unik-satsning-pa-cancervarden\\\/\"},\"wordCount\":362,\"keywords\":[\"cancer\",\"kvalitet\",\"onkologi\",\"personcentrerad v\u00e5rd\",\"prostatacancer\",\"regeringen\",\"Soledad Henriquez\",\"specialistv\u00e5rd\",\"tillg\u00e4nglighet\",\"v\u00e4ntetider\"],\"articleSection\":[\"Nyheter\",\"Onkologi\",\"Specialistv\u00e5rd\"],\"inLanguage\":\"sv-SE\"},{\"@type\":\"WebPage\",\"@id\":\"https:\\\/\\\/wp.kristdemokraterna.se\\\/vasternorrland\\\/unik-satsning-pa-cancervarden\\\/\",\"url\":\"https:\\\/\\\/wp.kristdemokraterna.se\\\/vasternorrland\\\/unik-satsning-pa-cancervarden\\\/\",\"name\":\"Unik satsning p\u00e5 cancerv\u00e5rden | KD V\u00e4sternorrland\",\"isPartOf\":{\"@id\":\"https:\\\/\\\/wp.kristdemokraterna.se\\\/vasternorrland\\\/#website\"},\"datePublished\":\"2014-04-23T05:45:05+00:00\",\"dateModified\":\"2020-08-04T05:51:51+00:00\",\"author\":{\"@id\":\"https:\\\/\\\/wp.kristdemokraterna.se\\\/vasternorrland\\\/#\\\/schema\\\/person\\\/c253503d86970574912dff6ec658bf28\"},\"breadcrumb\":{\"@id\":\"https:\\\/\\\/wp.kristdemokraterna.se\\\/vasternorrland\\\/unik-satsning-pa-cancervarden\\\/#breadcrumb\"},\"inLanguage\":\"sv-SE\",\"potentialAction\":[{\"@type\":\"ReadAction\",\"target\":[\"https:\\\/\\\/wp.kristdemokraterna.se\\\/vasternorrland\\\/unik-satsning-pa-cancervarden\\\/\"]}]},{\"@type\":\"BreadcrumbList\",\"@id\":\"https:\\\/\\\/wp.kristdemokraterna.se\\\/vasternorrland\\\/unik-satsning-pa-cancervarden\\\/#breadcrumb\",\"itemListElement\":[{\"@type\":\"ListItem\",\"position\":1,\"name\":\"Hem\",\"item\":\"https:\\\/\\\/wp.kristdemokraterna.se\\\/vasternorrland\\\/\"},{\"@type\":\"ListItem\",\"position\":2,\"name\":\"Unik satsning p\u00e5 cancerv\u00e5rden\"}]},{\"@type\":\"WebSite\",\"@id\":\"https:\\\/\\\/wp.kristdemokraterna.se\\\/vasternorrland\\\/#website\",\"url\":\"https:\\\/\\\/wp.kristdemokraterna.se\\\/vasternorrland\\\/\",\"name\":\"KD V\u00e4sternorrland\",\"description\":\"V\u00e5rda v\u00e5rden - utveckla prim\u00e4rv\u00e5rden\",\"inLanguage\":\"sv-SE\"},{\"@type\":\"Person\",\"@id\":\"https:\\\/\\\/wp.kristdemokraterna.se\\\/vasternorrland\\\/#\\\/schema\\\/person\\\/c253503d86970574912dff6ec658bf28\",\"name\":\"sendelbach\",\"image\":{\"@type\":\"ImageObject\",\"inLanguage\":\"sv-SE\",\"@id\":\"https:\\\/\\\/secure.gravatar.com\\\/avatar\\\/0499a666be08fad4eb4333dbfba8681b8ebe23a978ce2e4c44818b2c5e2415b8?s=96&r=g\",\"url\":\"https:\\\/\\\/secure.gravatar.com\\\/avatar\\\/0499a666be08fad4eb4333dbfba8681b8ebe23a978ce2e4c44818b2c5e2415b8?s=96&r=g\",\"contentUrl\":\"https:\\\/\\\/secure.gravatar.com\\\/avatar\\\/0499a666be08fad4eb4333dbfba8681b8ebe23a978ce2e4c44818b2c5e2415b8?s=96&r=g\",\"caption\":\"sendelbach\"},\"url\":\"https:\\\/\\\/wp.kristdemokraterna.se\\\/vasternorrland\\\/author\\\/sendelbach\\\/\"}]}<\/script>\n<!-- \/ Yoast SEO plugin. -->","yoast_head_json":{"title":"Unik satsning p\u00e5 cancerv\u00e5rden | KD V\u00e4sternorrland","robots":{"index":"index","follow":"follow","max-snippet":"max-snippet:-1","max-image-preview":"max-image-preview:large","max-video-preview":"max-video-preview:-1"},"canonical":"https:\/\/wp.kristdemokraterna.se\/vasternorrland\/unik-satsning-pa-cancervarden\/","og_locale":"sv_SE","og_type":"article","og_title":"Unik satsning p\u00e5 cancerv\u00e5rden | KD V\u00e4sternorrland","og_description":"F\u00f6r cancersjuka \u00e4r tiden till behandling en fr\u00e5ga om liv och d\u00f6d. Att regeringen g\u00f6r en miljardsatsning p\u00e5 cancerv\u00e5rden under \u00e5ren 2015-2018 f\u00f6r att korta v\u00e4ntetiderna \u00e4r d\u00e4rf\u00f6r v\u00e4lkommet. Cancer sl\u00e5r s\u00f6nder familjer, orsakar enormt lidande och \u00e4r den folksjukdom d\u00e4r h\u00e4lso- och sjukv\u00e5rden m\u00f6ter de st\u00f6rsta utmaningarna. Det faktum att var tredje svensk kommer Read More","og_url":"https:\/\/wp.kristdemokraterna.se\/vasternorrland\/unik-satsning-pa-cancervarden\/","og_site_name":"KD V\u00e4sternorrland","article_publisher":"https:\/\/www.facebook.com\/kdrvn\/","article_published_time":"2014-04-23T05:45:05+00:00","article_modified_time":"2020-08-04T05:51:51+00:00","author":"sendelbach","twitter_card":"summary_large_image","twitter_misc":{"Skriven av":"sendelbach","Ber\u00e4knad l\u00e4stid":"2 minuter"},"schema":{"@context":"https:\/\/schema.org","@graph":[{"@type":"Article","@id":"https:\/\/wp.kristdemokraterna.se\/vasternorrland\/unik-satsning-pa-cancervarden\/#article","isPartOf":{"@id":"https:\/\/wp.kristdemokraterna.se\/vasternorrland\/unik-satsning-pa-cancervarden\/"},"author":{"name":"sendelbach","@id":"https:\/\/wp.kristdemokraterna.se\/vasternorrland\/#\/schema\/person\/c253503d86970574912dff6ec658bf28"},"headline":"Unik satsning p\u00e5 cancerv\u00e5rden","datePublished":"2014-04-23T05:45:05+00:00","dateModified":"2020-08-04T05:51:51+00:00","mainEntityOfPage":{"@id":"https:\/\/wp.kristdemokraterna.se\/vasternorrland\/unik-satsning-pa-cancervarden\/"},"wordCount":362,"keywords":["cancer","kvalitet","onkologi","personcentrerad v\u00e5rd","prostatacancer","regeringen","Soledad Henriquez","specialistv\u00e5rd","tillg\u00e4nglighet","v\u00e4ntetider"],"articleSection":["Nyheter","Onkologi","Specialistv\u00e5rd"],"inLanguage":"sv-SE"},{"@type":"WebPage","@id":"https:\/\/wp.kristdemokraterna.se\/vasternorrland\/unik-satsning-pa-cancervarden\/","url":"https:\/\/wp.kristdemokraterna.se\/vasternorrland\/unik-satsning-pa-cancervarden\/","name":"Unik satsning p\u00e5 cancerv\u00e5rden | KD V\u00e4sternorrland","isPartOf":{"@id":"https:\/\/wp.kristdemokraterna.se\/vasternorrland\/#website"},"datePublished":"2014-04-23T05:45:05+00:00","dateModified":"2020-08-04T05:51:51+00:00","author":{"@id":"https:\/\/wp.kristdemokraterna.se\/vasternorrland\/#\/schema\/person\/c253503d86970574912dff6ec658bf28"},"breadcrumb":{"@id":"https:\/\/wp.kristdemokraterna.se\/vasternorrland\/unik-satsning-pa-cancervarden\/#breadcrumb"},"inLanguage":"sv-SE","potentialAction":[{"@type":"ReadAction","target":["https:\/\/wp.kristdemokraterna.se\/vasternorrland\/unik-satsning-pa-cancervarden\/"]}]},{"@type":"BreadcrumbList","@id":"https:\/\/wp.kristdemokraterna.se\/vasternorrland\/unik-satsning-pa-cancervarden\/#breadcrumb","itemListElement":[{"@type":"ListItem","position":1,"name":"Hem","item":"https:\/\/wp.kristdemokraterna.se\/vasternorrland\/"},{"@type":"ListItem","position":2,"name":"Unik satsning p\u00e5 cancerv\u00e5rden"}]},{"@type":"WebSite","@id":"https:\/\/wp.kristdemokraterna.se\/vasternorrland\/#website","url":"https:\/\/wp.kristdemokraterna.se\/vasternorrland\/","name":"KD V\u00e4sternorrland","description":"V\u00e5rda v\u00e5rden - utveckla prim\u00e4rv\u00e5rden","inLanguage":"sv-SE"},{"@type":"Person","@id":"https:\/\/wp.kristdemokraterna.se\/vasternorrland\/#\/schema\/person\/c253503d86970574912dff6ec658bf28","name":"sendelbach","image":{"@type":"ImageObject","inLanguage":"sv-SE","@id":"https:\/\/secure.gravatar.com\/avatar\/0499a666be08fad4eb4333dbfba8681b8ebe23a978ce2e4c44818b2c5e2415b8?s=96&r=g","url":"https:\/\/secure.gravatar.com\/avatar\/0499a666be08fad4eb4333dbfba8681b8ebe23a978ce2e4c44818b2c5e2415b8?s=96&r=g","contentUrl":"https:\/\/secure.gravatar.com\/avatar\/0499a666be08fad4eb4333dbfba8681b8ebe23a978ce2e4c44818b2c5e2415b8?s=96&r=g","caption":"sendelbach"},"url":"https:\/\/wp.kristdemokraterna.se\/vasternorrland\/author\/sendelbach\/"}]}},"_links":{"self":[{"href":"https:\/\/wp.kristdemokraterna.se\/vasternorrland\/wp-json\/wp\/v2\/posts\/299430","targetHints":{"allow":["GET"]}}],"collection":[{"href":"https:\/\/wp.kristdemokraterna.se\/vasternorrland\/wp-json\/wp\/v2\/posts"}],"about":[{"href":"https:\/\/wp.kristdemokraterna.se\/vasternorrland\/wp-json\/wp\/v2\/types\/post"}],"author":[{"embeddable":true,"href":"https:\/\/wp.kristdemokraterna.se\/vasternorrland\/wp-json\/wp\/v2\/users\/861"}],"replies":[{"embeddable":true,"href":"https:\/\/wp.kristdemokraterna.se\/vasternorrland\/wp-json\/wp\/v2\/comments?post=299430"}],"version-history":[{"count":2,"href":"https:\/\/wp.kristdemokraterna.se\/vasternorrland\/wp-json\/wp\/v2\/posts\/299430\/revisions"}],"predecessor-version":[{"id":299432,"href":"https:\/\/wp.kristdemokraterna.se\/vasternorrland\/wp-json\/wp\/v2\/posts\/299430\/revisions\/299432"}],"wp:attachment":[{"href":"https:\/\/wp.kristdemokraterna.se\/vasternorrland\/wp-json\/wp\/v2\/media?parent=299430"}],"wp:term":[{"taxonomy":"category","embeddable":true,"href":"https:\/\/wp.kristdemokraterna.se\/vasternorrland\/wp-json\/wp\/v2\/categories?post=299430"},{"taxonomy":"post_tag","embeddable":true,"href":"https:\/\/wp.kristdemokraterna.se\/vasternorrland\/wp-json\/wp\/v2\/tags?post=299430"}],"curies":[{"name":"wp","href":"https:\/\/api.w.org\/{rel}","templated":true}]}}