{"id":306553,"date":"2020-09-03T08:33:35","date_gmt":"2020-09-03T06:33:35","guid":{"rendered":"http:\/\/wp.kristdemokraterna.se\/vasternorrland\/?p=306553"},"modified":"2021-11-17T14:28:42","modified_gmt":"2021-11-17T13:28:42","slug":"vad-vill-ni-i-majoriteten-ge-osterasen-for-framtid","status":"publish","type":"post","link":"https:\/\/wp.kristdemokraterna.se\/vasternorrland\/vad-vill-ni-i-majoriteten-ge-osterasen-for-framtid\/","title":{"rendered":"Vad vill ni i majoriteten ge \u00d6ster\u00e5sen f\u00f6r framtid?"},"content":{"rendered":"<p>Kristdemokraterna har i opposition verkat, s\u00e5v\u00e4l i regionplan som i budget, f\u00f6r att regionens ska prioritera upp folkh\u00e4lsa och f\u00f6rebyggande arbete. Ett led i detta arbete anser vi \u00e4r att utveckla \u00d6ster\u00e5sen.<\/p>\n<p>I b\u00f6rjan av augusti bes\u00f6kte regionledningen \u00d6ster\u00e5sen och man informerade d\u00e5 att man har en utredning \u00e4r p\u00e5 g\u00e5ng och att man ska anv\u00e4nda resurser p\u00e5 b\u00e4sta s\u00e4tt. Oron spred sig s\u00e5 klart direkt bland personalen d\u00e5 erfarenheten s\u00e4ger att det kan inneb\u00e4ra en nedl\u00e4ggning.<\/p>\n<p>Inf\u00f6r valet 2018 lovade Socialdemokraterna att \u00d6ster\u00e5sen ska f\u00e5 finnas kvar. F\u00f6r 4-5 \u00e5r sedan talade Moderaterna om att man vill avveckla \u00d6ster\u00e5sen och nyligen sa Liberalerna att \u00d6ster\u00e5sen borde drivas p\u00e5 entreprenad. Idag, den 2 september, h\u00f6ll regionen en presskonferens om f\u00f6rslag till nya besparingar. Inget framkom p\u00e5 denna \u00f6verhuvudtaget om \u00d6ster\u00e5sen.<\/p>\n<p>Ist\u00e4llet f\u00f6r att g\u00f6ra som andra partier och p\u00e5st\u00e5 att ni t\u00e4nker l\u00e4gga ner s\u00e5 vill vi f\u00e5 besked fr\u00e5n er. M\u00e5nga \u00e4r oroliga och l\u00e4nets inv\u00e5nare f\u00f6rtj\u00e4nar att f\u00e5 veta.<\/p>\n<p>Vad vill ni i majoriteten (S, M och L) tillsammans ge \u00d6ster\u00e5sen f\u00f6r framtid?<\/p>\n<p>Mona Hammarstedt (KD), gruppledare Region V\u00e4sternorrland<br \/>\nHenrik Sendelbach (KD), vice gruppledare Region V\u00e4sternorrland<\/p>\n<p>Enkel fr\u00e5ga till H\u00e4lso- och sjukv\u00e5rdsn\u00e4mndens ordf\u00f6rande.<\/p>\n<hr \/>\n<p><em>Bilden \u00f6verst: \u00d6ster\u00e5sens huvudentr\u00e9. Foto av Henrik Sendelbach (<a href=\"https:\/\/creativecommons.org\/licenses\/by-sa\/3.0\/deed.sv\">CC-BY-SA 3.0<\/a>).<\/em><\/p>\n<hr \/>\n<p><a href=\"http:\/\/wp.kristdemokraterna.se\/vasternorrland\/var-politik\/politikomraden\/ekonomi-skatter\/\">Ekonomi\/skatter<\/a> \u00b7 <a href=\"http:\/\/wp.kristdemokraterna.se\/vasternorrland\/var-politik\/politikomraden\/folkhalsa\/\">Folkh\u00e4lsa<\/a> \u00b7 <a href=\"http:\/\/wp.kristdemokraterna.se\/vasternorrland\/var-politik\/politikomraden\/ledning-styrning\/\">Ledning\/styrning<\/a> | <a href=\"http:\/\/wp.kristdemokraterna.se\/vasternorrland\/etiketter\/budget\/\">budget<\/a> \u00b7 <a href=\"http:\/\/wp.kristdemokraterna.se\/vasternorrland\/etiketter\/ekonomi\/\">ekonomi<\/a> \u00b7 <a href=\"http:\/\/wp.kristdemokraterna.se\/vasternorrland\/etiketter\/liberalerna\/\">Liberalerna<\/a> \u00b7 <a href=\"http:\/\/wp.kristdemokraterna.se\/vasternorrland\/etiketter\/moderaterna\/\">Moderaterna<\/a> \u00b7 <a href=\"http:\/\/wp.kristdemokraterna.se\/vasternorrland\/etiketter\/regionplan\/\">regionplan<\/a> \u00b7 <a href=\"http:\/\/wp.kristdemokraterna.se\/vasternorrland\/etiketter\/mona-hammarstedt\/\">Mona Hammarstedt<\/a> \u00b7 <a href=\"http:\/\/wp.kristdemokraterna.se\/vasternorrland\/etiketter\/henrik-sendelbach\/\">Henrik Sendelbach<\/a> \u00b7 <a href=\"http:\/\/wp.kristdemokraterna.se\/vasternorrland\/etiketter\/socialdemokraterna\/\">Socialdemokraterna<\/a> \u00b7 <a href=\"http:\/\/wp.kristdemokraterna.se\/vasternorrland\/etiketter\/osterasen\/\">\u00d6ster\u00e5sen<\/a><\/p>\n","protected":false},"excerpt":{"rendered":"<p>Kristdemokraterna har i opposition verkat, s\u00e5v\u00e4l i regionplan som i budget, f\u00f6r att regionens ska prioritera upp folkh\u00e4lsa och f\u00f6rebyggande arbete. Ett led i detta arbete anser vi \u00e4r att utveckla \u00d6ster\u00e5sen. I b\u00f6rjan av augusti bes\u00f6kte regionledningen \u00d6ster\u00e5sen och man informerade d\u00e5 att man har en utredning \u00e4r p\u00e5 g\u00e5ng och att man ska <a class=\"read-more-link\" href=\"https:\/\/wp.kristdemokraterna.se\/vasternorrland\/vad-vill-ni-i-majoriteten-ge-osterasen-for-framtid\/\">Read More<\/a><\/p>\n","protected":false},"author":861,"featured_media":0,"comment_status":"closed","ping_status":"closed","sticky":false,"template":"","format":"standard","meta":{"_acf_changed":false,"footnotes":""},"categories":[1355,544,105,787,727],"tags":[543,238,265,1206,200,123,799,882,881,356,234,877],"class_list":["post-306553","post","type-post","status-publish","format-standard","hentry","category-ekonomi-ekonomi","category-ekonomi","category-folkhalsa","category-ledning-styrning","category-nyheter","tag-alla-inlagg","tag-budget","tag-ekonomi","tag-ekonomi-skatter","tag-folkhalsa","tag-fraga","tag-ledning-styrning","tag-liberalerna","tag-moderaterna","tag-osterasen","tag-regionplan","tag-socialdemokraterna"],"acf":[],"yoast_head":"<!-- This site is optimized with the Yoast SEO plugin v27.4 - https:\/\/yoast.com\/product\/yoast-seo-wordpress\/ -->\n<title>Vad vill ni i majoriteten ge \u00d6ster\u00e5sen f\u00f6r framtid? | KD V\u00e4sternorrland<\/title>\n<meta name=\"robots\" content=\"index, follow, max-snippet:-1, max-image-preview:large, max-video-preview:-1\" \/>\n<link rel=\"canonical\" href=\"https:\/\/wp.kristdemokraterna.se\/vasternorrland\/vad-vill-ni-i-majoriteten-ge-osterasen-for-framtid\/\" \/>\n<meta property=\"og:locale\" content=\"sv_SE\" \/>\n<meta property=\"og:type\" content=\"article\" \/>\n<meta property=\"og:title\" content=\"Vad vill ni i majoriteten ge \u00d6ster\u00e5sen f\u00f6r framtid? | KD V\u00e4sternorrland\" \/>\n<meta property=\"og:description\" content=\"Kristdemokraterna har i opposition verkat, s\u00e5v\u00e4l i regionplan som i budget, f\u00f6r att regionens ska prioritera upp folkh\u00e4lsa och f\u00f6rebyggande arbete. Ett led i detta arbete anser vi \u00e4r att utveckla \u00d6ster\u00e5sen. I b\u00f6rjan av augusti bes\u00f6kte regionledningen \u00d6ster\u00e5sen och man informerade d\u00e5 att man har en utredning \u00e4r p\u00e5 g\u00e5ng och att man ska Read More\" \/>\n<meta property=\"og:url\" content=\"https:\/\/wp.kristdemokraterna.se\/vasternorrland\/vad-vill-ni-i-majoriteten-ge-osterasen-for-framtid\/\" \/>\n<meta property=\"og:site_name\" content=\"KD V\u00e4sternorrland\" \/>\n<meta property=\"article:publisher\" content=\"https:\/\/www.facebook.com\/kdrvn\/\" \/>\n<meta property=\"article:published_time\" content=\"2020-09-03T06:33:35+00:00\" \/>\n<meta property=\"article:modified_time\" content=\"2021-11-17T13:28:42+00:00\" \/>\n<meta name=\"author\" content=\"sendelbach\" \/>\n<meta name=\"twitter:card\" content=\"summary_large_image\" \/>\n<meta name=\"twitter:label1\" content=\"Skriven av\" \/>\n\t<meta name=\"twitter:data1\" content=\"sendelbach\" \/>\n\t<meta name=\"twitter:label2\" content=\"Ber\u00e4knad l\u00e4stid\" \/>\n\t<meta name=\"twitter:data2\" content=\"1 minut\" \/>\n<script type=\"application\/ld+json\" class=\"yoast-schema-graph\">{\"@context\":\"https:\\\/\\\/schema.org\",\"@graph\":[{\"@type\":\"Article\",\"@id\":\"https:\\\/\\\/wp.kristdemokraterna.se\\\/vasternorrland\\\/vad-vill-ni-i-majoriteten-ge-osterasen-for-framtid\\\/#article\",\"isPartOf\":{\"@id\":\"https:\\\/\\\/wp.kristdemokraterna.se\\\/vasternorrland\\\/vad-vill-ni-i-majoriteten-ge-osterasen-for-framtid\\\/\"},\"author\":{\"name\":\"sendelbach\",\"@id\":\"https:\\\/\\\/wp.kristdemokraterna.se\\\/vasternorrland\\\/#\\\/schema\\\/person\\\/c253503d86970574912dff6ec658bf28\"},\"headline\":\"Vad vill ni i majoriteten ge \u00d6ster\u00e5sen f\u00f6r framtid?\",\"datePublished\":\"2020-09-03T06:33:35+00:00\",\"dateModified\":\"2021-11-17T13:28:42+00:00\",\"mainEntityOfPage\":{\"@id\":\"https:\\\/\\\/wp.kristdemokraterna.se\\\/vasternorrland\\\/vad-vill-ni-i-majoriteten-ge-osterasen-for-framtid\\\/\"},\"wordCount\":277,\"keywords\":[\"alla inl\u00e4gg\",\"budget\",\"ekonomi\",\"ekonomi\\\/skatter\",\"folkh\u00e4lsa\",\"fr\u00e5ga\",\"ledning\\\/styrning\",\"Liberalerna\",\"Moderaterna\",\"\u00d6ster\u00e5sen\",\"regionplan\",\"Socialdemokraterna\"],\"articleSection\":[\"Ekonomi\",\"Ekonomi\\\/skatter\",\"Folkh\u00e4lsa\",\"Ledning\\\/styrning\",\"Nyheter\"],\"inLanguage\":\"sv-SE\"},{\"@type\":\"WebPage\",\"@id\":\"https:\\\/\\\/wp.kristdemokraterna.se\\\/vasternorrland\\\/vad-vill-ni-i-majoriteten-ge-osterasen-for-framtid\\\/\",\"url\":\"https:\\\/\\\/wp.kristdemokraterna.se\\\/vasternorrland\\\/vad-vill-ni-i-majoriteten-ge-osterasen-for-framtid\\\/\",\"name\":\"Vad vill ni i majoriteten ge \u00d6ster\u00e5sen f\u00f6r framtid? | KD V\u00e4sternorrland\",\"isPartOf\":{\"@id\":\"https:\\\/\\\/wp.kristdemokraterna.se\\\/vasternorrland\\\/#website\"},\"datePublished\":\"2020-09-03T06:33:35+00:00\",\"dateModified\":\"2021-11-17T13:28:42+00:00\",\"author\":{\"@id\":\"https:\\\/\\\/wp.kristdemokraterna.se\\\/vasternorrland\\\/#\\\/schema\\\/person\\\/c253503d86970574912dff6ec658bf28\"},\"breadcrumb\":{\"@id\":\"https:\\\/\\\/wp.kristdemokraterna.se\\\/vasternorrland\\\/vad-vill-ni-i-majoriteten-ge-osterasen-for-framtid\\\/#breadcrumb\"},\"inLanguage\":\"sv-SE\",\"potentialAction\":[{\"@type\":\"ReadAction\",\"target\":[\"https:\\\/\\\/wp.kristdemokraterna.se\\\/vasternorrland\\\/vad-vill-ni-i-majoriteten-ge-osterasen-for-framtid\\\/\"]}]},{\"@type\":\"BreadcrumbList\",\"@id\":\"https:\\\/\\\/wp.kristdemokraterna.se\\\/vasternorrland\\\/vad-vill-ni-i-majoriteten-ge-osterasen-for-framtid\\\/#breadcrumb\",\"itemListElement\":[{\"@type\":\"ListItem\",\"position\":1,\"name\":\"Hem\",\"item\":\"https:\\\/\\\/wp.kristdemokraterna.se\\\/vasternorrland\\\/\"},{\"@type\":\"ListItem\",\"position\":2,\"name\":\"Vad vill ni i majoriteten ge \u00d6ster\u00e5sen f\u00f6r framtid?\"}]},{\"@type\":\"WebSite\",\"@id\":\"https:\\\/\\\/wp.kristdemokraterna.se\\\/vasternorrland\\\/#website\",\"url\":\"https:\\\/\\\/wp.kristdemokraterna.se\\\/vasternorrland\\\/\",\"name\":\"KD V\u00e4sternorrland\",\"description\":\"V\u00e5rda v\u00e5rden - utveckla prim\u00e4rv\u00e5rden\",\"inLanguage\":\"sv-SE\"},{\"@type\":\"Person\",\"@id\":\"https:\\\/\\\/wp.kristdemokraterna.se\\\/vasternorrland\\\/#\\\/schema\\\/person\\\/c253503d86970574912dff6ec658bf28\",\"name\":\"sendelbach\",\"image\":{\"@type\":\"ImageObject\",\"inLanguage\":\"sv-SE\",\"@id\":\"https:\\\/\\\/secure.gravatar.com\\\/avatar\\\/0499a666be08fad4eb4333dbfba8681b8ebe23a978ce2e4c44818b2c5e2415b8?s=96&r=g\",\"url\":\"https:\\\/\\\/secure.gravatar.com\\\/avatar\\\/0499a666be08fad4eb4333dbfba8681b8ebe23a978ce2e4c44818b2c5e2415b8?s=96&r=g\",\"contentUrl\":\"https:\\\/\\\/secure.gravatar.com\\\/avatar\\\/0499a666be08fad4eb4333dbfba8681b8ebe23a978ce2e4c44818b2c5e2415b8?s=96&r=g\",\"caption\":\"sendelbach\"},\"url\":\"https:\\\/\\\/wp.kristdemokraterna.se\\\/vasternorrland\\\/author\\\/sendelbach\\\/\"}]}<\/script>\n<!-- \/ Yoast SEO plugin. -->","yoast_head_json":{"title":"Vad vill ni i majoriteten ge \u00d6ster\u00e5sen f\u00f6r framtid? | KD V\u00e4sternorrland","robots":{"index":"index","follow":"follow","max-snippet":"max-snippet:-1","max-image-preview":"max-image-preview:large","max-video-preview":"max-video-preview:-1"},"canonical":"https:\/\/wp.kristdemokraterna.se\/vasternorrland\/vad-vill-ni-i-majoriteten-ge-osterasen-for-framtid\/","og_locale":"sv_SE","og_type":"article","og_title":"Vad vill ni i majoriteten ge \u00d6ster\u00e5sen f\u00f6r framtid? | KD V\u00e4sternorrland","og_description":"Kristdemokraterna har i opposition verkat, s\u00e5v\u00e4l i regionplan som i budget, f\u00f6r att regionens ska prioritera upp folkh\u00e4lsa och f\u00f6rebyggande arbete. Ett led i detta arbete anser vi \u00e4r att utveckla \u00d6ster\u00e5sen. I b\u00f6rjan av augusti bes\u00f6kte regionledningen \u00d6ster\u00e5sen och man informerade d\u00e5 att man har en utredning \u00e4r p\u00e5 g\u00e5ng och att man ska Read More","og_url":"https:\/\/wp.kristdemokraterna.se\/vasternorrland\/vad-vill-ni-i-majoriteten-ge-osterasen-for-framtid\/","og_site_name":"KD V\u00e4sternorrland","article_publisher":"https:\/\/www.facebook.com\/kdrvn\/","article_published_time":"2020-09-03T06:33:35+00:00","article_modified_time":"2021-11-17T13:28:42+00:00","author":"sendelbach","twitter_card":"summary_large_image","twitter_misc":{"Skriven av":"sendelbach","Ber\u00e4knad l\u00e4stid":"1 minut"},"schema":{"@context":"https:\/\/schema.org","@graph":[{"@type":"Article","@id":"https:\/\/wp.kristdemokraterna.se\/vasternorrland\/vad-vill-ni-i-majoriteten-ge-osterasen-for-framtid\/#article","isPartOf":{"@id":"https:\/\/wp.kristdemokraterna.se\/vasternorrland\/vad-vill-ni-i-majoriteten-ge-osterasen-for-framtid\/"},"author":{"name":"sendelbach","@id":"https:\/\/wp.kristdemokraterna.se\/vasternorrland\/#\/schema\/person\/c253503d86970574912dff6ec658bf28"},"headline":"Vad vill ni i majoriteten ge \u00d6ster\u00e5sen f\u00f6r framtid?","datePublished":"2020-09-03T06:33:35+00:00","dateModified":"2021-11-17T13:28:42+00:00","mainEntityOfPage":{"@id":"https:\/\/wp.kristdemokraterna.se\/vasternorrland\/vad-vill-ni-i-majoriteten-ge-osterasen-for-framtid\/"},"wordCount":277,"keywords":["alla inl\u00e4gg","budget","ekonomi","ekonomi\/skatter","folkh\u00e4lsa","fr\u00e5ga","ledning\/styrning","Liberalerna","Moderaterna","\u00d6ster\u00e5sen","regionplan","Socialdemokraterna"],"articleSection":["Ekonomi","Ekonomi\/skatter","Folkh\u00e4lsa","Ledning\/styrning","Nyheter"],"inLanguage":"sv-SE"},{"@type":"WebPage","@id":"https:\/\/wp.kristdemokraterna.se\/vasternorrland\/vad-vill-ni-i-majoriteten-ge-osterasen-for-framtid\/","url":"https:\/\/wp.kristdemokraterna.se\/vasternorrland\/vad-vill-ni-i-majoriteten-ge-osterasen-for-framtid\/","name":"Vad vill ni i majoriteten ge \u00d6ster\u00e5sen f\u00f6r framtid? | KD V\u00e4sternorrland","isPartOf":{"@id":"https:\/\/wp.kristdemokraterna.se\/vasternorrland\/#website"},"datePublished":"2020-09-03T06:33:35+00:00","dateModified":"2021-11-17T13:28:42+00:00","author":{"@id":"https:\/\/wp.kristdemokraterna.se\/vasternorrland\/#\/schema\/person\/c253503d86970574912dff6ec658bf28"},"breadcrumb":{"@id":"https:\/\/wp.kristdemokraterna.se\/vasternorrland\/vad-vill-ni-i-majoriteten-ge-osterasen-for-framtid\/#breadcrumb"},"inLanguage":"sv-SE","potentialAction":[{"@type":"ReadAction","target":["https:\/\/wp.kristdemokraterna.se\/vasternorrland\/vad-vill-ni-i-majoriteten-ge-osterasen-for-framtid\/"]}]},{"@type":"BreadcrumbList","@id":"https:\/\/wp.kristdemokraterna.se\/vasternorrland\/vad-vill-ni-i-majoriteten-ge-osterasen-for-framtid\/#breadcrumb","itemListElement":[{"@type":"ListItem","position":1,"name":"Hem","item":"https:\/\/wp.kristdemokraterna.se\/vasternorrland\/"},{"@type":"ListItem","position":2,"name":"Vad vill ni i majoriteten ge \u00d6ster\u00e5sen f\u00f6r framtid?"}]},{"@type":"WebSite","@id":"https:\/\/wp.kristdemokraterna.se\/vasternorrland\/#website","url":"https:\/\/wp.kristdemokraterna.se\/vasternorrland\/","name":"KD V\u00e4sternorrland","description":"V\u00e5rda v\u00e5rden - utveckla prim\u00e4rv\u00e5rden","inLanguage":"sv-SE"},{"@type":"Person","@id":"https:\/\/wp.kristdemokraterna.se\/vasternorrland\/#\/schema\/person\/c253503d86970574912dff6ec658bf28","name":"sendelbach","image":{"@type":"ImageObject","inLanguage":"sv-SE","@id":"https:\/\/secure.gravatar.com\/avatar\/0499a666be08fad4eb4333dbfba8681b8ebe23a978ce2e4c44818b2c5e2415b8?s=96&r=g","url":"https:\/\/secure.gravatar.com\/avatar\/0499a666be08fad4eb4333dbfba8681b8ebe23a978ce2e4c44818b2c5e2415b8?s=96&r=g","contentUrl":"https:\/\/secure.gravatar.com\/avatar\/0499a666be08fad4eb4333dbfba8681b8ebe23a978ce2e4c44818b2c5e2415b8?s=96&r=g","caption":"sendelbach"},"url":"https:\/\/wp.kristdemokraterna.se\/vasternorrland\/author\/sendelbach\/"}]}},"_links":{"self":[{"href":"https:\/\/wp.kristdemokraterna.se\/vasternorrland\/wp-json\/wp\/v2\/posts\/306553","targetHints":{"allow":["GET"]}}],"collection":[{"href":"https:\/\/wp.kristdemokraterna.se\/vasternorrland\/wp-json\/wp\/v2\/posts"}],"about":[{"href":"https:\/\/wp.kristdemokraterna.se\/vasternorrland\/wp-json\/wp\/v2\/types\/post"}],"author":[{"embeddable":true,"href":"https:\/\/wp.kristdemokraterna.se\/vasternorrland\/wp-json\/wp\/v2\/users\/861"}],"replies":[{"embeddable":true,"href":"https:\/\/wp.kristdemokraterna.se\/vasternorrland\/wp-json\/wp\/v2\/comments?post=306553"}],"version-history":[{"count":5,"href":"https:\/\/wp.kristdemokraterna.se\/vasternorrland\/wp-json\/wp\/v2\/posts\/306553\/revisions"}],"predecessor-version":[{"id":322546,"href":"https:\/\/wp.kristdemokraterna.se\/vasternorrland\/wp-json\/wp\/v2\/posts\/306553\/revisions\/322546"}],"wp:attachment":[{"href":"https:\/\/wp.kristdemokraterna.se\/vasternorrland\/wp-json\/wp\/v2\/media?parent=306553"}],"wp:term":[{"taxonomy":"category","embeddable":true,"href":"https:\/\/wp.kristdemokraterna.se\/vasternorrland\/wp-json\/wp\/v2\/categories?post=306553"},{"taxonomy":"post_tag","embeddable":true,"href":"https:\/\/wp.kristdemokraterna.se\/vasternorrland\/wp-json\/wp\/v2\/tags?post=306553"}],"curies":[{"name":"wp","href":"https:\/\/api.w.org\/{rel}","templated":true}]}}