{"id":312063,"date":"2020-09-26T11:47:49","date_gmt":"2020-09-26T09:47:49","guid":{"rendered":"http:\/\/wp.kristdemokraterna.se\/vasternorrland\/?p=312063"},"modified":"2021-11-17T14:27:49","modified_gmt":"2021-11-17T13:27:49","slug":"vi-vet-hur-det-har-gatt-med-tidigare-sparpaket","status":"publish","type":"post","link":"https:\/\/wp.kristdemokraterna.se\/vasternorrland\/vi-vet-hur-det-har-gatt-med-tidigare-sparpaket\/","title":{"rendered":"Vi vet hur det har g\u00e5tt med tidigare &#8221;sparpaket&#8221;"},"content":{"rendered":"<p>Replik p\u00e5 debattartikeln Socialdemokraterna: En opposition utan ansvar i Region V\u00e4sternorrland (p\u00e5 <a href=\"https:\/\/www.st.nu\/artikel\/debatt-socialdemokraterna-en-opposition-utan-ansvar-i-region-vasternorrland\">st.nu<\/a> och p\u00e5 <a href=\"https:\/\/www.allehanda.se\/artikel\/debatt-socialdemokraterna-en-opposition-utan-ansvar-i-region-vasternorrland\">allehanda.se<\/a> den 22 september 2020)<\/p>\n<p>Underskottet f\u00f6r den underfinansierade H\u00e4lso- och sjukv\u00e5rdsn\u00e4mnden forts\u00e4tter skena. Ett nytt \u201dsparpaket\u201d har tagits fram som ni Socialdemokratiska toppolitiker tycker verkar vara s\u00e5 bra att ni snabbt g\u00e5r ut i media och s\u00e4ger att vi i oppositionen f\u00f6ruts\u00e4ttningsl\u00f6st ska bifalla, annars \u00e4r vi oansvariga.<\/p>\n<p>Det fungerar inte s\u00e5. Vi vet hur det har g\u00e5tt med tidigare &#8221;sparpaket&#8221;. Underskotten f\u00f6r H\u00e4lso- och sjukv\u00e5rdsn\u00e4mnden har inte f\u00f6rsvunnit utan ist\u00e4llet \u00f6kat \u00e5r fr\u00e5n \u00e5r, och detta trots att regionen f\u00f6rt till mer och mer pengar.<\/p>\n<p>Vi vet att en god ekonomisk hush\u00e5llning inte bara handlar om att stirra sig blind p\u00e5 siffror. Vi vet att det finns en underliggande orsak att kostnaderna f\u00f6r hyrpersonal skenar och vi vet att det finns en orsak till att, som ni skriver, V\u00e4sternorrlands inv\u00e5nare f\u00e5r ut mindre v\u00e5rd f\u00f6r skattepengar \u00e4n i \u00f6vriga landet.<\/p>\n<p>Ni beh\u00f6ver f\u00e5 en bild fr\u00e5n verkligheten. Den ifr\u00e5n medarbetarperspektivet. N\u00e4r n\u00e5gon slutar g\u00e5r m\u00e5nga g\u00e5nger en inhyrd \u201dstafett\u201d in som inte bara f\u00e5r dubbelt s\u00e5 mycket i l\u00f6n utan de f\u00e5r ocks\u00e5 till stor del best\u00e4mma sitt eget arbetsschema. N\u00e4r det sedan kommer en dag som stafettpersonalen inte jobbar d\u00e5 blir det att slita dubbelt f\u00f6r att \u00e5tminstone f\u00f6rs\u00f6ka hinna med allt som kr\u00e4vs. Sedan ska man d\u00e4rtill st\u00e5 ut med alla omorganisationer som kostar massor med energi f\u00f6r att inte tala om pengar.<\/p>\n<p>Vi kristdemokrater anser att medarbetarna beh\u00f6ver lyftas fram i debatten. Det \u00e4r d\u00e4r l\u00f6sningen finns. Ska man uppn\u00e5 den produktivitet, effektivitet och h\u00e5llbara bemanning ni ocks\u00e5 pratar om \u00e4r det inte fler avvecklingar och omorganisationer som beh\u00f6vs! Det m\u00e5 kosta pengar att satsa p\u00e5 personalv\u00e5rd, b\u00e4ttre arbetsmilj\u00f6 och goda arbetsvillkor, men vi \u00e4r s\u00e4kra p\u00e5 att man f\u00e5r igen det m\u00e5nga g\u00e5nger om.<\/p>\n<p>Sedan en sakupplysning: Vi har inte sagt nej till allt i sparpaketet som ni p\u00e5st\u00e5r i er debattartikel, men vi har inte heller sagt ja d\u00e5 det inte presenterats n\u00e5gra som helst underlag. D\u00e4remot ser vi att sparpaketet inneh\u00e5ller det vanliga: Verksamheter i Sollefte\u00e5 och \u00d6rnsk\u00f6ldsvik ska bort till f\u00f6rm\u00e5n f\u00f6r att g\u00f6ra Sundsvalls sjukhus till l\u00e4nets enda storsjukhus. Det st\u00e4ller vi inte upp p\u00e5! Vi beh\u00f6ver och ska ha en v\u00e4rdig, tillg\u00e4nglig och j\u00e4mlik v\u00e5rd i hela l\u00e4net!<\/p>\n<p>Mona Hammarstedt (KD), gruppledare Region V\u00e4sternorrland<br \/>\nHenrik Sendelbach (KD), vice gruppledare Region V\u00e4sternorrland<\/p>\n<hr \/>\n<p>Bilden \u00f6verst: Sundsvalls sjukhus &#8211; l\u00e4nets enda sjukhus om Socialdemokraterna f\u00e5r forts\u00e4tta regera regionen? Foto av Henrik Sendelbach (<a href=\"https:\/\/creativecommons.org\/licenses\/by-sa\/4.0\/deed.sv\">CC-BY-SA 4.0<\/a>).<\/p>\n<hr \/>\n<p><a href=\"http:\/\/wp.kristdemokraterna.se\/vasternorrland\/var-politik\/politikomraden\/ekonomi-skatter\/\">Ekonomi\/skatter<\/a> \u00b7 <a href=\"http:\/\/wp.kristdemokraterna.se\/vasternorrland\/var-politik\/politikomraden\/etik-och-jamlikhet\/\">Etik och j\u00e4mlikhet<\/a> \u00b7 <a href=\"http:\/\/wp.kristdemokraterna.se\/vasternorrland\/var-politik\/politikomraden\/personal\/\">Personal<\/a> \u00b7 <a href=\"http:\/\/wp.kristdemokraterna.se\/vasternorrland\/var-politik\/politikomraden\/specialistvard\/\">Specialistv\u00e5rd<\/a> | <a href=\"http:\/\/wp.kristdemokraterna.se\/vasternorrland\/etiketter\/ansvar\/\">ansvar<\/a> \u00b7 <a href=\"http:\/\/wp.kristdemokraterna.se\/vasternorrland\/etiketter\/arbetsmilj\u00f6\/\">arbetsmilj\u00f6<\/a> \u00b7 <a href=\"http:\/\/wp.kristdemokraterna.se\/vasternorrland\/etiketter\/arbetsvillkor\/\">arbetsvillkor<\/a> \u00b7 <a href=\"http:\/\/wp.kristdemokraterna.se\/vasternorrland\/etiketter\/debattartikel\/\">debattartikel<\/a> \u00b7 <a href=\"http:\/\/wp.kristdemokraterna.se\/vasternorrland\/etiketter\/ekonomi\/\">ekonomi<\/a> \u00b7 <a href=\"http:\/\/wp.kristdemokraterna.se\/vasternorrland\/etiketter\/henrik-sendelbach\/\">Henrik Sendelbach<\/a> \u00b7 <a href=\"http:\/\/wp.kristdemokraterna.se\/vasternorrland\/etiketter\/hyrpersonal\/\">hyrpersonal<\/a> \u00b7 <a href=\"http:\/\/wp.kristdemokraterna.se\/vasternorrland\/etiketter\/jamlik-vard\/\">j\u00e4mlik v\u00e5rd<\/a> \u00b7 <a href=\"http:\/\/wp.kristdemokraterna.se\/vasternorrland\/etiketter\/mona-hammarstedt\/\">Mona Hammarstedt<\/a> \u00b7 <a href=\"http:\/\/wp.kristdemokraterna.se\/vasternorrland\/etiketter\/omorganisation\/\">omorganisation<\/a> \u00b7 <a href=\"http:\/\/wp.kristdemokraterna.se\/vasternorrland\/etiketter\/produktivitet\/\">produktivitet<\/a> \u00b7 <a href=\"http:\/\/wp.kristdemokraterna.se\/vasternorrland\/etiketter\/sparpaket\/\">sparpaket<\/a> \u00b7 <a href=\"http:\/\/wp.kristdemokraterna.se\/vasternorrland\/etiketter\/tillganglighet\/\">tillg\u00e4nglighet<\/a><\/p>\n","protected":false},"excerpt":{"rendered":"<p>Replik p\u00e5 debattartikeln Socialdemokraterna: En opposition utan ansvar i Region V\u00e4sternorrland (p\u00e5 st.nu och p\u00e5 allehanda.se den 22 september 2020) Underskottet f\u00f6r den underfinansierade H\u00e4lso- och sjukv\u00e5rdsn\u00e4mnden forts\u00e4tter skena. Ett nytt \u201dsparpaket\u201d har tagits fram som ni Socialdemokratiska toppolitiker tycker verkar vara s\u00e5 bra att ni snabbt g\u00e5r ut i media och s\u00e4ger att vi <a class=\"read-more-link\" href=\"https:\/\/wp.kristdemokraterna.se\/vasternorrland\/vi-vet-hur-det-har-gatt-med-tidigare-sparpaket\/\">Read More<\/a><\/p>\n","protected":false},"author":861,"featured_media":0,"comment_status":"closed","ping_status":"closed","sticky":false,"template":"","format":"standard","meta":{"_acf_changed":false,"footnotes":""},"categories":[819,823,1355,544,641,903,727,110,101],"tags":[543,117,732,218,409,265,1206,448,673,16,783,98,1179,1180,97],"class_list":["post-312063","post","type-post","status-publish","format-standard","hentry","category-arbetsmiljo","category-arbetsvillkor","category-ekonomi-ekonomi","category-ekonomi","category-etik-och-jamlikhet","category-jamlik-vard","category-nyheter","category-personal","category-specialistvard","tag-alla-inlagg","tag-ansvar","tag-arbetsmiljo","tag-arbetsvillkor","tag-debattartikel","tag-ekonomi","tag-ekonomi-skatter","tag-henrik-sendelbach","tag-hyrpersonal","tag-mona-hammarstedt","tag-omorganisation","tag-personal","tag-produktivitet","tag-sparpaket","tag-tillganglighet"],"acf":[],"yoast_head":"<!-- This site is optimized with the Yoast SEO plugin v27.4 - https:\/\/yoast.com\/product\/yoast-seo-wordpress\/ -->\n<title>Vi vet hur det har g\u00e5tt med tidigare &quot;sparpaket&quot; | KD V\u00e4sternorrland<\/title>\n<meta name=\"robots\" content=\"index, follow, max-snippet:-1, max-image-preview:large, max-video-preview:-1\" \/>\n<link rel=\"canonical\" href=\"https:\/\/wp.kristdemokraterna.se\/vasternorrland\/vi-vet-hur-det-har-gatt-med-tidigare-sparpaket\/\" \/>\n<meta property=\"og:locale\" content=\"sv_SE\" \/>\n<meta property=\"og:type\" content=\"article\" \/>\n<meta property=\"og:title\" content=\"Vi vet hur det har g\u00e5tt med tidigare &quot;sparpaket&quot; | KD V\u00e4sternorrland\" \/>\n<meta property=\"og:description\" content=\"Replik p\u00e5 debattartikeln Socialdemokraterna: En opposition utan ansvar i Region V\u00e4sternorrland (p\u00e5 st.nu och p\u00e5 allehanda.se den 22 september 2020) Underskottet f\u00f6r den underfinansierade H\u00e4lso- och sjukv\u00e5rdsn\u00e4mnden forts\u00e4tter skena. Ett nytt \u201dsparpaket\u201d har tagits fram som ni Socialdemokratiska toppolitiker tycker verkar vara s\u00e5 bra att ni snabbt g\u00e5r ut i media och s\u00e4ger att vi Read More\" \/>\n<meta property=\"og:url\" content=\"https:\/\/wp.kristdemokraterna.se\/vasternorrland\/vi-vet-hur-det-har-gatt-med-tidigare-sparpaket\/\" \/>\n<meta property=\"og:site_name\" content=\"KD V\u00e4sternorrland\" \/>\n<meta property=\"article:publisher\" content=\"https:\/\/www.facebook.com\/kdrvn\/\" \/>\n<meta property=\"article:published_time\" content=\"2020-09-26T09:47:49+00:00\" \/>\n<meta property=\"article:modified_time\" content=\"2021-11-17T13:27:49+00:00\" \/>\n<meta property=\"og:image\" content=\"https:\/\/wp.kristdemokraterna.se\/vasternorrland\/files\/2019\/07\/specialistvard-sundsvalls_sjukhus-framsidan.jpg\" \/>\n\t<meta property=\"og:image:width\" content=\"1920\" \/>\n\t<meta property=\"og:image:height\" content=\"1080\" \/>\n\t<meta property=\"og:image:type\" content=\"image\/jpeg\" \/>\n<meta name=\"author\" content=\"sendelbach\" \/>\n<meta name=\"twitter:card\" content=\"summary_large_image\" \/>\n<meta name=\"twitter:label1\" content=\"Skriven av\" \/>\n\t<meta name=\"twitter:data1\" content=\"sendelbach\" \/>\n\t<meta name=\"twitter:label2\" content=\"Ber\u00e4knad l\u00e4stid\" \/>\n\t<meta name=\"twitter:data2\" content=\"3 minuter\" \/>\n<script type=\"application\/ld+json\" class=\"yoast-schema-graph\">{\"@context\":\"https:\\\/\\\/schema.org\",\"@graph\":[{\"@type\":\"Article\",\"@id\":\"https:\\\/\\\/wp.kristdemokraterna.se\\\/vasternorrland\\\/vi-vet-hur-det-har-gatt-med-tidigare-sparpaket\\\/#article\",\"isPartOf\":{\"@id\":\"https:\\\/\\\/wp.kristdemokraterna.se\\\/vasternorrland\\\/vi-vet-hur-det-har-gatt-med-tidigare-sparpaket\\\/\"},\"author\":{\"name\":\"sendelbach\",\"@id\":\"https:\\\/\\\/wp.kristdemokraterna.se\\\/vasternorrland\\\/#\\\/schema\\\/person\\\/c253503d86970574912dff6ec658bf28\"},\"headline\":\"Vi vet hur det har g\u00e5tt med tidigare &#8221;sparpaket&#8221;\",\"datePublished\":\"2020-09-26T09:47:49+00:00\",\"dateModified\":\"2021-11-17T13:27:49+00:00\",\"mainEntityOfPage\":{\"@id\":\"https:\\\/\\\/wp.kristdemokraterna.se\\\/vasternorrland\\\/vi-vet-hur-det-har-gatt-med-tidigare-sparpaket\\\/\"},\"wordCount\":534,\"keywords\":[\"alla inl\u00e4gg\",\"ansvar\",\"arbetsmilj\u00f6\",\"arbetsvillkor\",\"debattartikel\",\"ekonomi\",\"ekonomi\\\/skatter\",\"Henrik Sendelbach\",\"hyrpersonal\",\"Mona Hammarstedt\",\"omorganisation\",\"personal\",\"produktivitet\",\"sparpaket\",\"tillg\u00e4nglighet\"],\"articleSection\":[\"Arbetsmilj\u00f6\",\"Arbetsvillkor\",\"Ekonomi\",\"Ekonomi\\\/skatter\",\"Etik och j\u00e4mlikhet\",\"J\u00e4mlik v\u00e5rd\",\"Nyheter\",\"Personal\",\"Specialistv\u00e5rd\"],\"inLanguage\":\"sv-SE\"},{\"@type\":\"WebPage\",\"@id\":\"https:\\\/\\\/wp.kristdemokraterna.se\\\/vasternorrland\\\/vi-vet-hur-det-har-gatt-med-tidigare-sparpaket\\\/\",\"url\":\"https:\\\/\\\/wp.kristdemokraterna.se\\\/vasternorrland\\\/vi-vet-hur-det-har-gatt-med-tidigare-sparpaket\\\/\",\"name\":\"Vi vet hur det har g\u00e5tt med tidigare \\\"sparpaket\\\" | KD V\u00e4sternorrland\",\"isPartOf\":{\"@id\":\"https:\\\/\\\/wp.kristdemokraterna.se\\\/vasternorrland\\\/#website\"},\"datePublished\":\"2020-09-26T09:47:49+00:00\",\"dateModified\":\"2021-11-17T13:27:49+00:00\",\"author\":{\"@id\":\"https:\\\/\\\/wp.kristdemokraterna.se\\\/vasternorrland\\\/#\\\/schema\\\/person\\\/c253503d86970574912dff6ec658bf28\"},\"breadcrumb\":{\"@id\":\"https:\\\/\\\/wp.kristdemokraterna.se\\\/vasternorrland\\\/vi-vet-hur-det-har-gatt-med-tidigare-sparpaket\\\/#breadcrumb\"},\"inLanguage\":\"sv-SE\",\"potentialAction\":[{\"@type\":\"ReadAction\",\"target\":[\"https:\\\/\\\/wp.kristdemokraterna.se\\\/vasternorrland\\\/vi-vet-hur-det-har-gatt-med-tidigare-sparpaket\\\/\"]}]},{\"@type\":\"BreadcrumbList\",\"@id\":\"https:\\\/\\\/wp.kristdemokraterna.se\\\/vasternorrland\\\/vi-vet-hur-det-har-gatt-med-tidigare-sparpaket\\\/#breadcrumb\",\"itemListElement\":[{\"@type\":\"ListItem\",\"position\":1,\"name\":\"Hem\",\"item\":\"https:\\\/\\\/wp.kristdemokraterna.se\\\/vasternorrland\\\/\"},{\"@type\":\"ListItem\",\"position\":2,\"name\":\"Vi vet hur det har g\u00e5tt med tidigare &#8221;sparpaket&#8221;\"}]},{\"@type\":\"WebSite\",\"@id\":\"https:\\\/\\\/wp.kristdemokraterna.se\\\/vasternorrland\\\/#website\",\"url\":\"https:\\\/\\\/wp.kristdemokraterna.se\\\/vasternorrland\\\/\",\"name\":\"KD V\u00e4sternorrland\",\"description\":\"V\u00e5rda v\u00e5rden - utveckla prim\u00e4rv\u00e5rden\",\"inLanguage\":\"sv-SE\"},{\"@type\":\"Person\",\"@id\":\"https:\\\/\\\/wp.kristdemokraterna.se\\\/vasternorrland\\\/#\\\/schema\\\/person\\\/c253503d86970574912dff6ec658bf28\",\"name\":\"sendelbach\",\"image\":{\"@type\":\"ImageObject\",\"inLanguage\":\"sv-SE\",\"@id\":\"https:\\\/\\\/secure.gravatar.com\\\/avatar\\\/0499a666be08fad4eb4333dbfba8681b8ebe23a978ce2e4c44818b2c5e2415b8?s=96&r=g\",\"url\":\"https:\\\/\\\/secure.gravatar.com\\\/avatar\\\/0499a666be08fad4eb4333dbfba8681b8ebe23a978ce2e4c44818b2c5e2415b8?s=96&r=g\",\"contentUrl\":\"https:\\\/\\\/secure.gravatar.com\\\/avatar\\\/0499a666be08fad4eb4333dbfba8681b8ebe23a978ce2e4c44818b2c5e2415b8?s=96&r=g\",\"caption\":\"sendelbach\"},\"url\":\"https:\\\/\\\/wp.kristdemokraterna.se\\\/vasternorrland\\\/author\\\/sendelbach\\\/\"}]}<\/script>\n<!-- \/ Yoast SEO plugin. -->","yoast_head_json":{"title":"Vi vet hur det har g\u00e5tt med tidigare \"sparpaket\" | KD V\u00e4sternorrland","robots":{"index":"index","follow":"follow","max-snippet":"max-snippet:-1","max-image-preview":"max-image-preview:large","max-video-preview":"max-video-preview:-1"},"canonical":"https:\/\/wp.kristdemokraterna.se\/vasternorrland\/vi-vet-hur-det-har-gatt-med-tidigare-sparpaket\/","og_locale":"sv_SE","og_type":"article","og_title":"Vi vet hur det har g\u00e5tt med tidigare \"sparpaket\" | KD V\u00e4sternorrland","og_description":"Replik p\u00e5 debattartikeln Socialdemokraterna: En opposition utan ansvar i Region V\u00e4sternorrland (p\u00e5 st.nu och p\u00e5 allehanda.se den 22 september 2020) Underskottet f\u00f6r den underfinansierade H\u00e4lso- och sjukv\u00e5rdsn\u00e4mnden forts\u00e4tter skena. Ett nytt \u201dsparpaket\u201d har tagits fram som ni Socialdemokratiska toppolitiker tycker verkar vara s\u00e5 bra att ni snabbt g\u00e5r ut i media och s\u00e4ger att vi Read More","og_url":"https:\/\/wp.kristdemokraterna.se\/vasternorrland\/vi-vet-hur-det-har-gatt-med-tidigare-sparpaket\/","og_site_name":"KD V\u00e4sternorrland","article_publisher":"https:\/\/www.facebook.com\/kdrvn\/","article_published_time":"2020-09-26T09:47:49+00:00","article_modified_time":"2021-11-17T13:27:49+00:00","og_image":[{"width":1920,"height":1080,"url":"https:\/\/wp.kristdemokraterna.se\/vasternorrland\/files\/2019\/07\/specialistvard-sundsvalls_sjukhus-framsidan.jpg","type":"image\/jpeg"}],"author":"sendelbach","twitter_card":"summary_large_image","twitter_misc":{"Skriven av":"sendelbach","Ber\u00e4knad l\u00e4stid":"3 minuter"},"schema":{"@context":"https:\/\/schema.org","@graph":[{"@type":"Article","@id":"https:\/\/wp.kristdemokraterna.se\/vasternorrland\/vi-vet-hur-det-har-gatt-med-tidigare-sparpaket\/#article","isPartOf":{"@id":"https:\/\/wp.kristdemokraterna.se\/vasternorrland\/vi-vet-hur-det-har-gatt-med-tidigare-sparpaket\/"},"author":{"name":"sendelbach","@id":"https:\/\/wp.kristdemokraterna.se\/vasternorrland\/#\/schema\/person\/c253503d86970574912dff6ec658bf28"},"headline":"Vi vet hur det har g\u00e5tt med tidigare &#8221;sparpaket&#8221;","datePublished":"2020-09-26T09:47:49+00:00","dateModified":"2021-11-17T13:27:49+00:00","mainEntityOfPage":{"@id":"https:\/\/wp.kristdemokraterna.se\/vasternorrland\/vi-vet-hur-det-har-gatt-med-tidigare-sparpaket\/"},"wordCount":534,"keywords":["alla inl\u00e4gg","ansvar","arbetsmilj\u00f6","arbetsvillkor","debattartikel","ekonomi","ekonomi\/skatter","Henrik Sendelbach","hyrpersonal","Mona Hammarstedt","omorganisation","personal","produktivitet","sparpaket","tillg\u00e4nglighet"],"articleSection":["Arbetsmilj\u00f6","Arbetsvillkor","Ekonomi","Ekonomi\/skatter","Etik och j\u00e4mlikhet","J\u00e4mlik v\u00e5rd","Nyheter","Personal","Specialistv\u00e5rd"],"inLanguage":"sv-SE"},{"@type":"WebPage","@id":"https:\/\/wp.kristdemokraterna.se\/vasternorrland\/vi-vet-hur-det-har-gatt-med-tidigare-sparpaket\/","url":"https:\/\/wp.kristdemokraterna.se\/vasternorrland\/vi-vet-hur-det-har-gatt-med-tidigare-sparpaket\/","name":"Vi vet hur det har g\u00e5tt med tidigare \"sparpaket\" | KD V\u00e4sternorrland","isPartOf":{"@id":"https:\/\/wp.kristdemokraterna.se\/vasternorrland\/#website"},"datePublished":"2020-09-26T09:47:49+00:00","dateModified":"2021-11-17T13:27:49+00:00","author":{"@id":"https:\/\/wp.kristdemokraterna.se\/vasternorrland\/#\/schema\/person\/c253503d86970574912dff6ec658bf28"},"breadcrumb":{"@id":"https:\/\/wp.kristdemokraterna.se\/vasternorrland\/vi-vet-hur-det-har-gatt-med-tidigare-sparpaket\/#breadcrumb"},"inLanguage":"sv-SE","potentialAction":[{"@type":"ReadAction","target":["https:\/\/wp.kristdemokraterna.se\/vasternorrland\/vi-vet-hur-det-har-gatt-med-tidigare-sparpaket\/"]}]},{"@type":"BreadcrumbList","@id":"https:\/\/wp.kristdemokraterna.se\/vasternorrland\/vi-vet-hur-det-har-gatt-med-tidigare-sparpaket\/#breadcrumb","itemListElement":[{"@type":"ListItem","position":1,"name":"Hem","item":"https:\/\/wp.kristdemokraterna.se\/vasternorrland\/"},{"@type":"ListItem","position":2,"name":"Vi vet hur det har g\u00e5tt med tidigare &#8221;sparpaket&#8221;"}]},{"@type":"WebSite","@id":"https:\/\/wp.kristdemokraterna.se\/vasternorrland\/#website","url":"https:\/\/wp.kristdemokraterna.se\/vasternorrland\/","name":"KD V\u00e4sternorrland","description":"V\u00e5rda v\u00e5rden - utveckla prim\u00e4rv\u00e5rden","inLanguage":"sv-SE"},{"@type":"Person","@id":"https:\/\/wp.kristdemokraterna.se\/vasternorrland\/#\/schema\/person\/c253503d86970574912dff6ec658bf28","name":"sendelbach","image":{"@type":"ImageObject","inLanguage":"sv-SE","@id":"https:\/\/secure.gravatar.com\/avatar\/0499a666be08fad4eb4333dbfba8681b8ebe23a978ce2e4c44818b2c5e2415b8?s=96&r=g","url":"https:\/\/secure.gravatar.com\/avatar\/0499a666be08fad4eb4333dbfba8681b8ebe23a978ce2e4c44818b2c5e2415b8?s=96&r=g","contentUrl":"https:\/\/secure.gravatar.com\/avatar\/0499a666be08fad4eb4333dbfba8681b8ebe23a978ce2e4c44818b2c5e2415b8?s=96&r=g","caption":"sendelbach"},"url":"https:\/\/wp.kristdemokraterna.se\/vasternorrland\/author\/sendelbach\/"}]}},"_links":{"self":[{"href":"https:\/\/wp.kristdemokraterna.se\/vasternorrland\/wp-json\/wp\/v2\/posts\/312063","targetHints":{"allow":["GET"]}}],"collection":[{"href":"https:\/\/wp.kristdemokraterna.se\/vasternorrland\/wp-json\/wp\/v2\/posts"}],"about":[{"href":"https:\/\/wp.kristdemokraterna.se\/vasternorrland\/wp-json\/wp\/v2\/types\/post"}],"author":[{"embeddable":true,"href":"https:\/\/wp.kristdemokraterna.se\/vasternorrland\/wp-json\/wp\/v2\/users\/861"}],"replies":[{"embeddable":true,"href":"https:\/\/wp.kristdemokraterna.se\/vasternorrland\/wp-json\/wp\/v2\/comments?post=312063"}],"version-history":[{"count":6,"href":"https:\/\/wp.kristdemokraterna.se\/vasternorrland\/wp-json\/wp\/v2\/posts\/312063\/revisions"}],"predecessor-version":[{"id":322542,"href":"https:\/\/wp.kristdemokraterna.se\/vasternorrland\/wp-json\/wp\/v2\/posts\/312063\/revisions\/322542"}],"wp:attachment":[{"href":"https:\/\/wp.kristdemokraterna.se\/vasternorrland\/wp-json\/wp\/v2\/media?parent=312063"}],"wp:term":[{"taxonomy":"category","embeddable":true,"href":"https:\/\/wp.kristdemokraterna.se\/vasternorrland\/wp-json\/wp\/v2\/categories?post=312063"},{"taxonomy":"post_tag","embeddable":true,"href":"https:\/\/wp.kristdemokraterna.se\/vasternorrland\/wp-json\/wp\/v2\/tags?post=312063"}],"curies":[{"name":"wp","href":"https:\/\/api.w.org\/{rel}","templated":true}]}}