{"id":321089,"date":"2020-11-03T09:00:08","date_gmt":"2020-11-03T08:00:08","guid":{"rendered":"http:\/\/wp.kristdemokraterna.se\/vasternorrland\/?p=321089"},"modified":"2020-11-06T08:06:46","modified_gmt":"2020-11-06T07:06:46","slug":"interpellation-vasternorrlands-museum","status":"publish","type":"post","link":"https:\/\/wp.kristdemokraterna.se\/vasternorrland\/interpellation-vasternorrlands-museum\/","title":{"rendered":"Interpellation: V\u00e4sternorrlands museum"},"content":{"rendered":"<p>Just nu genomlever kulturen en mycket problematisk tid runt om i hela Sverige, detta \u00e4r en direkt f\u00f6ljd av den pandemi som vi alla just nu brottas med p\u00e5 ett eller annat s\u00e4tt. Allra h\u00e5rdast har pandemin slagit mot de inriktningar inom kulturen som till stor del lever p\u00e5 publika evenemang av olika slag. <\/p>\n<p>Inom v\u00e5r region har vi scenkonsten och l\u00e4nsmuseet bland annat. Men detta \u00e4r inte bara ett stort problem f\u00f6r de akt\u00f6rer som verkar inom branschen utan \u00e4ven f\u00f6r oss kulturintresserade som g\u00e5r miste om b\u00e5de bra konserter, roliga pj\u00e4ser och fin konst. <\/p>\n<p>Vad g\u00e4ller V\u00e4sternorrlands museum s\u00e5 lyftes det problem i media redan f\u00f6rra \u00e5ret, man kan d\u00e5 anta att dessa problem inte f\u00e5tt sin l\u00f6sning under pandemins g\u00e5ng, jag har \u00e4ven f\u00e5tt till mig att f\u00f6rs\u00e4kringsskyddet kring l\u00e4nsmuseet \u00e4r ytterst bristf\u00e4lligt.<\/p>\n<p>Jag vill d\u00e4rf\u00f6r st\u00e4lla f\u00f6ljande fr\u00e5gor.<\/p>\n<p>\u2022\tHar du fullt f\u00f6rtroende f\u00f6r l\u00e4nsmuseets ledning idag?<br \/>\n\u2022\t\u00c4r problemen som lyftes i media under f\u00f6reg\u00e5ende \u00e5r l\u00f6sta?<br \/>\n\u2022\tHar l\u00e4nsmuseet i dagsl\u00e4get ett fullgott f\u00f6rs\u00e4kringsskydd? Om inte s\u00e5 \u00e4r fallet, vem menar du b\u00e4r ansvaret f\u00f6r detta? <\/p>\n<p>Artikeln \u00e4r en Interpellation till N\u00e4mnden f\u00f6r h\u00e5llbar utvecklings ordf\u00f6rande<\/p>\n<hr \/>\n<p><em>Bilden \u00f6verst: Gamla r\u00e5dhuset och Melinderska huset p\u00e5 Murberget\/V\u00e4sternorrlands museum 20 april 2016. Foto av Henrik Sendelbach (<a href=\"https:\/\/creativecommons.org\/licenses\/by-sa\/4.0\/deed.sv\">CC-BY-SA 4.0<\/a>).<\/em><\/p>\n<hr \/>\n<p><a href=\"http:\/\/wp.kristdemokraterna.se\/vasternorrland\/var-politik\/politikomraden\/kultur\/\">Kultur<\/a> | <a href=\"http:\/\/wp.kristdemokraterna.se\/vasternorrland\/etiketter\/forsakring\/\">f\u00f6rs\u00e4kring<\/a>\u00a0\u00b7 <a href=\"http:\/\/wp.kristdemokraterna.se\/vasternorrland\/etiketter\/interpellation\/\">interpellation<\/a>\u00a0\u00b7 <a href=\"http:\/\/wp.kristdemokraterna.se\/vasternorrland\/etiketter\/henrik-sendelbach\/\">Joachim Jonsson<\/a>\u00a0\u00b7 <a href=\"http:\/\/wp.kristdemokraterna.se\/vasternorrland\/etiketter\/vasternorrlands-museum\/\">V\u00e4sternorrlands museum<\/a><\/p>\n","protected":false},"excerpt":{"rendered":"<p>Just nu genomlever kulturen en mycket problematisk tid runt om i hela Sverige, detta \u00e4r en direkt f\u00f6ljd av den pandemi som vi alla just nu brottas med p\u00e5 ett eller annat s\u00e4tt. Allra h\u00e5rdast har pandemin slagit mot de inriktningar inom kulturen som till stor del lever p\u00e5 publika evenemang av olika slag. Inom <a class=\"read-more-link\" href=\"https:\/\/wp.kristdemokraterna.se\/vasternorrland\/interpellation-vasternorrlands-museum\/\">Read More<\/a><\/p>\n","protected":false},"author":861,"featured_media":0,"comment_status":"closed","ping_status":"closed","sticky":false,"template":"","format":"standard","meta":{"_acf_changed":false,"footnotes":""},"categories":[30,727],"tags":[1205,39,439,202,1204],"class_list":["post-321089","post","type-post","status-publish","format-standard","hentry","category-kultur","category-nyheter","tag-forsakring","tag-interpellation","tag-joachim-jonsson","tag-kultur","tag-vasternorrlands-museum"],"acf":[],"yoast_head":"<!-- This site is optimized with the Yoast SEO plugin v27.5 - https:\/\/yoast.com\/product\/yoast-seo-wordpress\/ -->\n<title>Interpellation: V\u00e4sternorrlands museum | KD V\u00e4sternorrland<\/title>\n<meta name=\"robots\" content=\"index, follow, max-snippet:-1, max-image-preview:large, max-video-preview:-1\" \/>\n<link rel=\"canonical\" href=\"https:\/\/wp.kristdemokraterna.se\/vasternorrland\/interpellation-vasternorrlands-museum\/\" \/>\n<meta property=\"og:locale\" content=\"sv_SE\" \/>\n<meta property=\"og:type\" content=\"article\" \/>\n<meta property=\"og:title\" content=\"Interpellation: V\u00e4sternorrlands museum | KD V\u00e4sternorrland\" \/>\n<meta property=\"og:description\" content=\"Just nu genomlever kulturen en mycket problematisk tid runt om i hela Sverige, detta \u00e4r en direkt f\u00f6ljd av den pandemi som vi alla just nu brottas med p\u00e5 ett eller annat s\u00e4tt. Allra h\u00e5rdast har pandemin slagit mot de inriktningar inom kulturen som till stor del lever p\u00e5 publika evenemang av olika slag. Inom Read More\" \/>\n<meta property=\"og:url\" content=\"https:\/\/wp.kristdemokraterna.se\/vasternorrland\/interpellation-vasternorrlands-museum\/\" \/>\n<meta property=\"og:site_name\" content=\"KD V\u00e4sternorrland\" \/>\n<meta property=\"article:publisher\" content=\"https:\/\/www.facebook.com\/kdrvn\/\" \/>\n<meta property=\"article:published_time\" content=\"2020-11-03T08:00:08+00:00\" \/>\n<meta property=\"article:modified_time\" content=\"2020-11-06T07:06:46+00:00\" \/>\n<meta property=\"og:image\" content=\"https:\/\/wp.kristdemokraterna.se\/vasternorrland\/files\/2020\/11\/harnosands_gamla_radhus_och_melinderska_huset.jpg\" \/>\n\t<meta property=\"og:image:width\" content=\"1920\" \/>\n\t<meta property=\"og:image:height\" content=\"1080\" \/>\n\t<meta property=\"og:image:type\" content=\"image\/jpeg\" \/>\n<meta name=\"author\" content=\"sendelbach\" \/>\n<meta name=\"twitter:card\" content=\"summary_large_image\" \/>\n<meta name=\"twitter:label1\" content=\"Skriven av\" \/>\n\t<meta name=\"twitter:data1\" content=\"sendelbach\" \/>\n\t<meta name=\"twitter:label2\" content=\"Ber\u00e4knad l\u00e4stid\" \/>\n\t<meta name=\"twitter:data2\" content=\"1 minut\" \/>\n<script type=\"application\/ld+json\" class=\"yoast-schema-graph\">{\"@context\":\"https:\\\/\\\/schema.org\",\"@graph\":[{\"@type\":\"Article\",\"@id\":\"https:\\\/\\\/wp.kristdemokraterna.se\\\/vasternorrland\\\/interpellation-vasternorrlands-museum\\\/#article\",\"isPartOf\":{\"@id\":\"https:\\\/\\\/wp.kristdemokraterna.se\\\/vasternorrland\\\/interpellation-vasternorrlands-museum\\\/\"},\"author\":{\"name\":\"sendelbach\",\"@id\":\"https:\\\/\\\/wp.kristdemokraterna.se\\\/vasternorrland\\\/#\\\/schema\\\/person\\\/c253503d86970574912dff6ec658bf28\"},\"headline\":\"Interpellation: V\u00e4sternorrlands museum\",\"datePublished\":\"2020-11-03T08:00:08+00:00\",\"dateModified\":\"2020-11-06T07:06:46+00:00\",\"mainEntityOfPage\":{\"@id\":\"https:\\\/\\\/wp.kristdemokraterna.se\\\/vasternorrland\\\/interpellation-vasternorrlands-museum\\\/\"},\"wordCount\":265,\"keywords\":[\"f\u00f6rs\u00e4kring\",\"interpellation\",\"Joachim Jonsson\",\"kultur\",\"V\u00e4sternorrlands museum\"],\"articleSection\":[\"Kultur\\\/Fritid\",\"Nyheter\"],\"inLanguage\":\"sv-SE\"},{\"@type\":\"WebPage\",\"@id\":\"https:\\\/\\\/wp.kristdemokraterna.se\\\/vasternorrland\\\/interpellation-vasternorrlands-museum\\\/\",\"url\":\"https:\\\/\\\/wp.kristdemokraterna.se\\\/vasternorrland\\\/interpellation-vasternorrlands-museum\\\/\",\"name\":\"Interpellation: V\u00e4sternorrlands museum | KD V\u00e4sternorrland\",\"isPartOf\":{\"@id\":\"https:\\\/\\\/wp.kristdemokraterna.se\\\/vasternorrland\\\/#website\"},\"datePublished\":\"2020-11-03T08:00:08+00:00\",\"dateModified\":\"2020-11-06T07:06:46+00:00\",\"author\":{\"@id\":\"https:\\\/\\\/wp.kristdemokraterna.se\\\/vasternorrland\\\/#\\\/schema\\\/person\\\/c253503d86970574912dff6ec658bf28\"},\"breadcrumb\":{\"@id\":\"https:\\\/\\\/wp.kristdemokraterna.se\\\/vasternorrland\\\/interpellation-vasternorrlands-museum\\\/#breadcrumb\"},\"inLanguage\":\"sv-SE\",\"potentialAction\":[{\"@type\":\"ReadAction\",\"target\":[\"https:\\\/\\\/wp.kristdemokraterna.se\\\/vasternorrland\\\/interpellation-vasternorrlands-museum\\\/\"]}]},{\"@type\":\"BreadcrumbList\",\"@id\":\"https:\\\/\\\/wp.kristdemokraterna.se\\\/vasternorrland\\\/interpellation-vasternorrlands-museum\\\/#breadcrumb\",\"itemListElement\":[{\"@type\":\"ListItem\",\"position\":1,\"name\":\"Hem\",\"item\":\"https:\\\/\\\/wp.kristdemokraterna.se\\\/vasternorrland\\\/\"},{\"@type\":\"ListItem\",\"position\":2,\"name\":\"Interpellation: V\u00e4sternorrlands museum\"}]},{\"@type\":\"WebSite\",\"@id\":\"https:\\\/\\\/wp.kristdemokraterna.se\\\/vasternorrland\\\/#website\",\"url\":\"https:\\\/\\\/wp.kristdemokraterna.se\\\/vasternorrland\\\/\",\"name\":\"KD V\u00e4sternorrland\",\"description\":\"V\u00e5rda v\u00e5rden - utveckla prim\u00e4rv\u00e5rden\",\"inLanguage\":\"sv-SE\"},{\"@type\":\"Person\",\"@id\":\"https:\\\/\\\/wp.kristdemokraterna.se\\\/vasternorrland\\\/#\\\/schema\\\/person\\\/c253503d86970574912dff6ec658bf28\",\"name\":\"sendelbach\",\"image\":{\"@type\":\"ImageObject\",\"inLanguage\":\"sv-SE\",\"@id\":\"https:\\\/\\\/secure.gravatar.com\\\/avatar\\\/0499a666be08fad4eb4333dbfba8681b8ebe23a978ce2e4c44818b2c5e2415b8?s=96&r=g\",\"url\":\"https:\\\/\\\/secure.gravatar.com\\\/avatar\\\/0499a666be08fad4eb4333dbfba8681b8ebe23a978ce2e4c44818b2c5e2415b8?s=96&r=g\",\"contentUrl\":\"https:\\\/\\\/secure.gravatar.com\\\/avatar\\\/0499a666be08fad4eb4333dbfba8681b8ebe23a978ce2e4c44818b2c5e2415b8?s=96&r=g\",\"caption\":\"sendelbach\"},\"url\":\"https:\\\/\\\/wp.kristdemokraterna.se\\\/vasternorrland\\\/author\\\/sendelbach\\\/\"}]}<\/script>\n<!-- \/ Yoast SEO plugin. -->","yoast_head_json":{"title":"Interpellation: V\u00e4sternorrlands museum | KD V\u00e4sternorrland","robots":{"index":"index","follow":"follow","max-snippet":"max-snippet:-1","max-image-preview":"max-image-preview:large","max-video-preview":"max-video-preview:-1"},"canonical":"https:\/\/wp.kristdemokraterna.se\/vasternorrland\/interpellation-vasternorrlands-museum\/","og_locale":"sv_SE","og_type":"article","og_title":"Interpellation: V\u00e4sternorrlands museum | KD V\u00e4sternorrland","og_description":"Just nu genomlever kulturen en mycket problematisk tid runt om i hela Sverige, detta \u00e4r en direkt f\u00f6ljd av den pandemi som vi alla just nu brottas med p\u00e5 ett eller annat s\u00e4tt. Allra h\u00e5rdast har pandemin slagit mot de inriktningar inom kulturen som till stor del lever p\u00e5 publika evenemang av olika slag. Inom Read More","og_url":"https:\/\/wp.kristdemokraterna.se\/vasternorrland\/interpellation-vasternorrlands-museum\/","og_site_name":"KD V\u00e4sternorrland","article_publisher":"https:\/\/www.facebook.com\/kdrvn\/","article_published_time":"2020-11-03T08:00:08+00:00","article_modified_time":"2020-11-06T07:06:46+00:00","og_image":[{"width":1920,"height":1080,"url":"https:\/\/wp.kristdemokraterna.se\/vasternorrland\/files\/2020\/11\/harnosands_gamla_radhus_och_melinderska_huset.jpg","type":"image\/jpeg"}],"author":"sendelbach","twitter_card":"summary_large_image","twitter_misc":{"Skriven av":"sendelbach","Ber\u00e4knad l\u00e4stid":"1 minut"},"schema":{"@context":"https:\/\/schema.org","@graph":[{"@type":"Article","@id":"https:\/\/wp.kristdemokraterna.se\/vasternorrland\/interpellation-vasternorrlands-museum\/#article","isPartOf":{"@id":"https:\/\/wp.kristdemokraterna.se\/vasternorrland\/interpellation-vasternorrlands-museum\/"},"author":{"name":"sendelbach","@id":"https:\/\/wp.kristdemokraterna.se\/vasternorrland\/#\/schema\/person\/c253503d86970574912dff6ec658bf28"},"headline":"Interpellation: V\u00e4sternorrlands museum","datePublished":"2020-11-03T08:00:08+00:00","dateModified":"2020-11-06T07:06:46+00:00","mainEntityOfPage":{"@id":"https:\/\/wp.kristdemokraterna.se\/vasternorrland\/interpellation-vasternorrlands-museum\/"},"wordCount":265,"keywords":["f\u00f6rs\u00e4kring","interpellation","Joachim Jonsson","kultur","V\u00e4sternorrlands museum"],"articleSection":["Kultur\/Fritid","Nyheter"],"inLanguage":"sv-SE"},{"@type":"WebPage","@id":"https:\/\/wp.kristdemokraterna.se\/vasternorrland\/interpellation-vasternorrlands-museum\/","url":"https:\/\/wp.kristdemokraterna.se\/vasternorrland\/interpellation-vasternorrlands-museum\/","name":"Interpellation: V\u00e4sternorrlands museum | KD V\u00e4sternorrland","isPartOf":{"@id":"https:\/\/wp.kristdemokraterna.se\/vasternorrland\/#website"},"datePublished":"2020-11-03T08:00:08+00:00","dateModified":"2020-11-06T07:06:46+00:00","author":{"@id":"https:\/\/wp.kristdemokraterna.se\/vasternorrland\/#\/schema\/person\/c253503d86970574912dff6ec658bf28"},"breadcrumb":{"@id":"https:\/\/wp.kristdemokraterna.se\/vasternorrland\/interpellation-vasternorrlands-museum\/#breadcrumb"},"inLanguage":"sv-SE","potentialAction":[{"@type":"ReadAction","target":["https:\/\/wp.kristdemokraterna.se\/vasternorrland\/interpellation-vasternorrlands-museum\/"]}]},{"@type":"BreadcrumbList","@id":"https:\/\/wp.kristdemokraterna.se\/vasternorrland\/interpellation-vasternorrlands-museum\/#breadcrumb","itemListElement":[{"@type":"ListItem","position":1,"name":"Hem","item":"https:\/\/wp.kristdemokraterna.se\/vasternorrland\/"},{"@type":"ListItem","position":2,"name":"Interpellation: V\u00e4sternorrlands museum"}]},{"@type":"WebSite","@id":"https:\/\/wp.kristdemokraterna.se\/vasternorrland\/#website","url":"https:\/\/wp.kristdemokraterna.se\/vasternorrland\/","name":"KD V\u00e4sternorrland","description":"V\u00e5rda v\u00e5rden - utveckla prim\u00e4rv\u00e5rden","inLanguage":"sv-SE"},{"@type":"Person","@id":"https:\/\/wp.kristdemokraterna.se\/vasternorrland\/#\/schema\/person\/c253503d86970574912dff6ec658bf28","name":"sendelbach","image":{"@type":"ImageObject","inLanguage":"sv-SE","@id":"https:\/\/secure.gravatar.com\/avatar\/0499a666be08fad4eb4333dbfba8681b8ebe23a978ce2e4c44818b2c5e2415b8?s=96&r=g","url":"https:\/\/secure.gravatar.com\/avatar\/0499a666be08fad4eb4333dbfba8681b8ebe23a978ce2e4c44818b2c5e2415b8?s=96&r=g","contentUrl":"https:\/\/secure.gravatar.com\/avatar\/0499a666be08fad4eb4333dbfba8681b8ebe23a978ce2e4c44818b2c5e2415b8?s=96&r=g","caption":"sendelbach"},"url":"https:\/\/wp.kristdemokraterna.se\/vasternorrland\/author\/sendelbach\/"}]}},"_links":{"self":[{"href":"https:\/\/wp.kristdemokraterna.se\/vasternorrland\/wp-json\/wp\/v2\/posts\/321089","targetHints":{"allow":["GET"]}}],"collection":[{"href":"https:\/\/wp.kristdemokraterna.se\/vasternorrland\/wp-json\/wp\/v2\/posts"}],"about":[{"href":"https:\/\/wp.kristdemokraterna.se\/vasternorrland\/wp-json\/wp\/v2\/types\/post"}],"author":[{"embeddable":true,"href":"https:\/\/wp.kristdemokraterna.se\/vasternorrland\/wp-json\/wp\/v2\/users\/861"}],"replies":[{"embeddable":true,"href":"https:\/\/wp.kristdemokraterna.se\/vasternorrland\/wp-json\/wp\/v2\/comments?post=321089"}],"version-history":[{"count":2,"href":"https:\/\/wp.kristdemokraterna.se\/vasternorrland\/wp-json\/wp\/v2\/posts\/321089\/revisions"}],"predecessor-version":[{"id":321807,"href":"https:\/\/wp.kristdemokraterna.se\/vasternorrland\/wp-json\/wp\/v2\/posts\/321089\/revisions\/321807"}],"wp:attachment":[{"href":"https:\/\/wp.kristdemokraterna.se\/vasternorrland\/wp-json\/wp\/v2\/media?parent=321089"}],"wp:term":[{"taxonomy":"category","embeddable":true,"href":"https:\/\/wp.kristdemokraterna.se\/vasternorrland\/wp-json\/wp\/v2\/categories?post=321089"},{"taxonomy":"post_tag","embeddable":true,"href":"https:\/\/wp.kristdemokraterna.se\/vasternorrland\/wp-json\/wp\/v2\/tags?post=321089"}],"curies":[{"name":"wp","href":"https:\/\/api.w.org\/{rel}","templated":true}]}}