{"id":344005,"date":"2008-09-06T16:22:59","date_gmt":"2008-09-06T14:22:59","guid":{"rendered":"http:\/\/wp.kristdemokraterna.se\/vasternorrland\/?p=344005"},"modified":"2021-02-05T16:29:14","modified_gmt":"2021-02-05T15:29:14","slug":"kurage-som-behover-uppmuntras","status":"publish","type":"post","link":"https:\/\/wp.kristdemokraterna.se\/vasternorrland\/kurage-som-behover-uppmuntras\/","title":{"rendered":"Kurage som beh\u00f6ver uppmuntras!"},"content":{"rendered":"<p>Replik p\u00e5 <a href=\"https:\/\/www.st.nu\/artikel\/verkningslost-kurage\">Jakob Johansson inl\u00e4gg 29\/8<\/a> om kristdemokraternas f\u00f6rslag till civilkuragelag med p\u00e5st\u00e5endet om att denna lag inte beh\u00f6vs.<\/p>\n<p>Den uppfattningen delas inte av 66% av svenska folket, enligt en Synovate\/Temo-unders\u00f6kning i maj m\u00e5nad. Dessutom har man redan inf\u00f6rt en s\u00e5dan lag i Norge, Finland, Danmark, Frankrike, Schweiz och Belgien och den har visat sig ge bra resultat.<\/p>\n<p>Vi ska enligt kd&#8217;s f\u00f6rslag vara skyldiga att ingripa efter f\u00f6rm\u00e5ga, inte dumdristigt.\u00a0Eftersom man nu i flera l\u00e4nder kan se att lagen gjort folk mer medvetna om vikten av att ingripa, talar allt f\u00f6r att vi \u00e4ven i Sverige b\u00f6r ha nytta av denna lag.<\/p>\n<p>T\u00e4nk dig in i f\u00f6ljande situation Jakob Johansson: Vi s\u00e4ger att du har en 12-\u00e5rig dotter som blir nedslagen av tv\u00e5 15-\u00e5riga pojkar i en park och pojkarna f\u00f6rs\u00f6ker sedan v\u00e5ldta din dotter. Vore det d\u00e5 inte \u00f6nskv\u00e4rt om n\u00e5gon vuxen grep in, \u00e5tminstone om de var tv\u00e5 vuxna. Idag v\u00e4ljer allt f\u00f6r m\u00e5nga att inte `l\u00e4gga sig i`.<\/p>\n<p>Det \u00e4r just detta beteende som har minskat i de l\u00e4nder som inf\u00f6rt lagen. Som far till denna flicka bryr du dig v\u00e4l inte om huruvida de som ingriper g\u00f6r det p.g.a. civilkurage eller av laglydighet? Det viktiga \u00e4r v\u00e4l att man ingriper. Ditt filosoferande runt varf\u00f6r man ingriper \u00e4r en flykt fr\u00e5n verkligheten.<\/p>\n<p>Som kd-politiker vill vi se att folk mer och mer bryr sig om varandra och att d\u00e4rigenom tryggheten \u00f6kar p\u00e5 gator och torg. Lagen har inte varit kontraproduktiv i de l\u00e4nder som inf\u00f6rt den. R\u00e4dslan att vittna \u00e4r ett stort problem som vi redan idag har i Sverige. Har du Jakob Johansson f\u00f6rslag p\u00e5 hur detta ska l\u00f6sas, skulle jag vilja h\u00f6ra ditt f\u00f6rslag?<\/p>\n<p>Lars Lind\u00e9n (kd), riksdagsledamot f\u00f6r V\u00e4sternorrland<\/p>\n<p>&lt;!&#8211;Repliken har \u00e4ven publicerats p\u00e5 st.nu den 9 september 2008&#8211;&gt;<br \/>\n&lt;hr \/&gt;<br \/>\n&lt;a href=&#8221;http:\/\/wp.kristdemokraterna.se\/vasternorrland\/kategorier\/trygghet\/&#8221;&gt;Trygghet&lt;\/a&gt; | &lt;a href=&#8221;http:\/\/wp.kristdemokraterna.se\/vasternorrland\/etiketter\/civilkurage\/&#8221;&gt;civilkurage&lt;\/a&gt; \u00b7 &lt;a href=&#8221;http:\/\/wp.kristdemokraterna.se\/vasternorrland\/etiketter\/lars-linden\/&#8221;&gt;Lars Lind\u00e9n&lt;\/a&gt;<\/p>\n","protected":false},"excerpt":{"rendered":"<p>Replik p\u00e5 Jakob Johansson inl\u00e4gg 29\/8 om kristdemokraternas f\u00f6rslag till civilkuragelag med p\u00e5st\u00e5endet om att denna lag inte beh\u00f6vs. Den uppfattningen delas inte av 66% av svenska folket, enligt en Synovate\/Temo-unders\u00f6kning i maj m\u00e5nad. Dessutom har man redan inf\u00f6rt en s\u00e5dan lag i Norge, Finland, Danmark, Frankrike, Schweiz och Belgien och den har visat sig <a class=\"read-more-link\" href=\"https:\/\/wp.kristdemokraterna.se\/vasternorrland\/kurage-som-behover-uppmuntras\/\">Read More<\/a><\/p>\n","protected":false},"author":861,"featured_media":0,"comment_status":"closed","ping_status":"closed","sticky":false,"template":"","format":"standard","meta":{"_acf_changed":false,"footnotes":""},"categories":[727,555],"tags":[543,913,497,44],"class_list":["post-344005","post","type-post","status-publish","format-standard","hentry","category-nyheter","category-trygghet","tag-alla-inlagg","tag-civilkurage","tag-lars-linden","tag-trygghet"],"acf":[],"yoast_head":"<!-- This site is optimized with the Yoast SEO plugin v27.4 - https:\/\/yoast.com\/product\/yoast-seo-wordpress\/ -->\n<title>Kurage som beh\u00f6ver uppmuntras! | KD V\u00e4sternorrland<\/title>\n<meta name=\"robots\" content=\"index, follow, max-snippet:-1, max-image-preview:large, max-video-preview:-1\" \/>\n<link rel=\"canonical\" href=\"https:\/\/wp.kristdemokraterna.se\/vasternorrland\/kurage-som-behover-uppmuntras\/\" \/>\n<meta property=\"og:locale\" content=\"sv_SE\" \/>\n<meta property=\"og:type\" content=\"article\" \/>\n<meta property=\"og:title\" content=\"Kurage som beh\u00f6ver uppmuntras! | KD V\u00e4sternorrland\" \/>\n<meta property=\"og:description\" content=\"Replik p\u00e5 Jakob Johansson inl\u00e4gg 29\/8 om kristdemokraternas f\u00f6rslag till civilkuragelag med p\u00e5st\u00e5endet om att denna lag inte beh\u00f6vs. Den uppfattningen delas inte av 66% av svenska folket, enligt en Synovate\/Temo-unders\u00f6kning i maj m\u00e5nad. Dessutom har man redan inf\u00f6rt en s\u00e5dan lag i Norge, Finland, Danmark, Frankrike, Schweiz och Belgien och den har visat sig Read More\" \/>\n<meta property=\"og:url\" content=\"https:\/\/wp.kristdemokraterna.se\/vasternorrland\/kurage-som-behover-uppmuntras\/\" \/>\n<meta property=\"og:site_name\" content=\"KD V\u00e4sternorrland\" \/>\n<meta property=\"article:publisher\" content=\"https:\/\/www.facebook.com\/kdrvn\/\" \/>\n<meta property=\"article:published_time\" content=\"2008-09-06T14:22:59+00:00\" \/>\n<meta property=\"article:modified_time\" content=\"2021-02-05T15:29:14+00:00\" \/>\n<meta name=\"author\" content=\"sendelbach\" \/>\n<meta name=\"twitter:card\" content=\"summary_large_image\" \/>\n<meta name=\"twitter:label1\" content=\"Skriven av\" \/>\n\t<meta name=\"twitter:data1\" content=\"sendelbach\" \/>\n\t<meta name=\"twitter:label2\" content=\"Ber\u00e4knad l\u00e4stid\" \/>\n\t<meta name=\"twitter:data2\" content=\"2 minuter\" \/>\n<script type=\"application\/ld+json\" class=\"yoast-schema-graph\">{\"@context\":\"https:\\\/\\\/schema.org\",\"@graph\":[{\"@type\":\"Article\",\"@id\":\"https:\\\/\\\/wp.kristdemokraterna.se\\\/vasternorrland\\\/kurage-som-behover-uppmuntras\\\/#article\",\"isPartOf\":{\"@id\":\"https:\\\/\\\/wp.kristdemokraterna.se\\\/vasternorrland\\\/kurage-som-behover-uppmuntras\\\/\"},\"author\":{\"name\":\"sendelbach\",\"@id\":\"https:\\\/\\\/wp.kristdemokraterna.se\\\/vasternorrland\\\/#\\\/schema\\\/person\\\/c253503d86970574912dff6ec658bf28\"},\"headline\":\"Kurage som beh\u00f6ver uppmuntras!\",\"datePublished\":\"2008-09-06T14:22:59+00:00\",\"dateModified\":\"2021-02-05T15:29:14+00:00\",\"mainEntityOfPage\":{\"@id\":\"https:\\\/\\\/wp.kristdemokraterna.se\\\/vasternorrland\\\/kurage-som-behover-uppmuntras\\\/\"},\"wordCount\":402,\"keywords\":[\"alla inl\u00e4gg\",\"civilkurage\",\"Lars Lind\u00e9n\",\"trygghet\"],\"articleSection\":[\"Nyheter\",\"Trygghet\"],\"inLanguage\":\"sv-SE\"},{\"@type\":\"WebPage\",\"@id\":\"https:\\\/\\\/wp.kristdemokraterna.se\\\/vasternorrland\\\/kurage-som-behover-uppmuntras\\\/\",\"url\":\"https:\\\/\\\/wp.kristdemokraterna.se\\\/vasternorrland\\\/kurage-som-behover-uppmuntras\\\/\",\"name\":\"Kurage som beh\u00f6ver uppmuntras! | KD V\u00e4sternorrland\",\"isPartOf\":{\"@id\":\"https:\\\/\\\/wp.kristdemokraterna.se\\\/vasternorrland\\\/#website\"},\"datePublished\":\"2008-09-06T14:22:59+00:00\",\"dateModified\":\"2021-02-05T15:29:14+00:00\",\"author\":{\"@id\":\"https:\\\/\\\/wp.kristdemokraterna.se\\\/vasternorrland\\\/#\\\/schema\\\/person\\\/c253503d86970574912dff6ec658bf28\"},\"breadcrumb\":{\"@id\":\"https:\\\/\\\/wp.kristdemokraterna.se\\\/vasternorrland\\\/kurage-som-behover-uppmuntras\\\/#breadcrumb\"},\"inLanguage\":\"sv-SE\",\"potentialAction\":[{\"@type\":\"ReadAction\",\"target\":[\"https:\\\/\\\/wp.kristdemokraterna.se\\\/vasternorrland\\\/kurage-som-behover-uppmuntras\\\/\"]}]},{\"@type\":\"BreadcrumbList\",\"@id\":\"https:\\\/\\\/wp.kristdemokraterna.se\\\/vasternorrland\\\/kurage-som-behover-uppmuntras\\\/#breadcrumb\",\"itemListElement\":[{\"@type\":\"ListItem\",\"position\":1,\"name\":\"Hem\",\"item\":\"https:\\\/\\\/wp.kristdemokraterna.se\\\/vasternorrland\\\/\"},{\"@type\":\"ListItem\",\"position\":2,\"name\":\"Kurage som beh\u00f6ver uppmuntras!\"}]},{\"@type\":\"WebSite\",\"@id\":\"https:\\\/\\\/wp.kristdemokraterna.se\\\/vasternorrland\\\/#website\",\"url\":\"https:\\\/\\\/wp.kristdemokraterna.se\\\/vasternorrland\\\/\",\"name\":\"KD V\u00e4sternorrland\",\"description\":\"V\u00e5rda v\u00e5rden - utveckla prim\u00e4rv\u00e5rden\",\"inLanguage\":\"sv-SE\"},{\"@type\":\"Person\",\"@id\":\"https:\\\/\\\/wp.kristdemokraterna.se\\\/vasternorrland\\\/#\\\/schema\\\/person\\\/c253503d86970574912dff6ec658bf28\",\"name\":\"sendelbach\",\"image\":{\"@type\":\"ImageObject\",\"inLanguage\":\"sv-SE\",\"@id\":\"https:\\\/\\\/secure.gravatar.com\\\/avatar\\\/0499a666be08fad4eb4333dbfba8681b8ebe23a978ce2e4c44818b2c5e2415b8?s=96&r=g\",\"url\":\"https:\\\/\\\/secure.gravatar.com\\\/avatar\\\/0499a666be08fad4eb4333dbfba8681b8ebe23a978ce2e4c44818b2c5e2415b8?s=96&r=g\",\"contentUrl\":\"https:\\\/\\\/secure.gravatar.com\\\/avatar\\\/0499a666be08fad4eb4333dbfba8681b8ebe23a978ce2e4c44818b2c5e2415b8?s=96&r=g\",\"caption\":\"sendelbach\"},\"url\":\"https:\\\/\\\/wp.kristdemokraterna.se\\\/vasternorrland\\\/author\\\/sendelbach\\\/\"}]}<\/script>\n<!-- \/ Yoast SEO plugin. -->","yoast_head_json":{"title":"Kurage som beh\u00f6ver uppmuntras! | KD V\u00e4sternorrland","robots":{"index":"index","follow":"follow","max-snippet":"max-snippet:-1","max-image-preview":"max-image-preview:large","max-video-preview":"max-video-preview:-1"},"canonical":"https:\/\/wp.kristdemokraterna.se\/vasternorrland\/kurage-som-behover-uppmuntras\/","og_locale":"sv_SE","og_type":"article","og_title":"Kurage som beh\u00f6ver uppmuntras! | KD V\u00e4sternorrland","og_description":"Replik p\u00e5 Jakob Johansson inl\u00e4gg 29\/8 om kristdemokraternas f\u00f6rslag till civilkuragelag med p\u00e5st\u00e5endet om att denna lag inte beh\u00f6vs. Den uppfattningen delas inte av 66% av svenska folket, enligt en Synovate\/Temo-unders\u00f6kning i maj m\u00e5nad. Dessutom har man redan inf\u00f6rt en s\u00e5dan lag i Norge, Finland, Danmark, Frankrike, Schweiz och Belgien och den har visat sig Read More","og_url":"https:\/\/wp.kristdemokraterna.se\/vasternorrland\/kurage-som-behover-uppmuntras\/","og_site_name":"KD V\u00e4sternorrland","article_publisher":"https:\/\/www.facebook.com\/kdrvn\/","article_published_time":"2008-09-06T14:22:59+00:00","article_modified_time":"2021-02-05T15:29:14+00:00","author":"sendelbach","twitter_card":"summary_large_image","twitter_misc":{"Skriven av":"sendelbach","Ber\u00e4knad l\u00e4stid":"2 minuter"},"schema":{"@context":"https:\/\/schema.org","@graph":[{"@type":"Article","@id":"https:\/\/wp.kristdemokraterna.se\/vasternorrland\/kurage-som-behover-uppmuntras\/#article","isPartOf":{"@id":"https:\/\/wp.kristdemokraterna.se\/vasternorrland\/kurage-som-behover-uppmuntras\/"},"author":{"name":"sendelbach","@id":"https:\/\/wp.kristdemokraterna.se\/vasternorrland\/#\/schema\/person\/c253503d86970574912dff6ec658bf28"},"headline":"Kurage som beh\u00f6ver uppmuntras!","datePublished":"2008-09-06T14:22:59+00:00","dateModified":"2021-02-05T15:29:14+00:00","mainEntityOfPage":{"@id":"https:\/\/wp.kristdemokraterna.se\/vasternorrland\/kurage-som-behover-uppmuntras\/"},"wordCount":402,"keywords":["alla inl\u00e4gg","civilkurage","Lars Lind\u00e9n","trygghet"],"articleSection":["Nyheter","Trygghet"],"inLanguage":"sv-SE"},{"@type":"WebPage","@id":"https:\/\/wp.kristdemokraterna.se\/vasternorrland\/kurage-som-behover-uppmuntras\/","url":"https:\/\/wp.kristdemokraterna.se\/vasternorrland\/kurage-som-behover-uppmuntras\/","name":"Kurage som beh\u00f6ver uppmuntras! | KD V\u00e4sternorrland","isPartOf":{"@id":"https:\/\/wp.kristdemokraterna.se\/vasternorrland\/#website"},"datePublished":"2008-09-06T14:22:59+00:00","dateModified":"2021-02-05T15:29:14+00:00","author":{"@id":"https:\/\/wp.kristdemokraterna.se\/vasternorrland\/#\/schema\/person\/c253503d86970574912dff6ec658bf28"},"breadcrumb":{"@id":"https:\/\/wp.kristdemokraterna.se\/vasternorrland\/kurage-som-behover-uppmuntras\/#breadcrumb"},"inLanguage":"sv-SE","potentialAction":[{"@type":"ReadAction","target":["https:\/\/wp.kristdemokraterna.se\/vasternorrland\/kurage-som-behover-uppmuntras\/"]}]},{"@type":"BreadcrumbList","@id":"https:\/\/wp.kristdemokraterna.se\/vasternorrland\/kurage-som-behover-uppmuntras\/#breadcrumb","itemListElement":[{"@type":"ListItem","position":1,"name":"Hem","item":"https:\/\/wp.kristdemokraterna.se\/vasternorrland\/"},{"@type":"ListItem","position":2,"name":"Kurage som beh\u00f6ver uppmuntras!"}]},{"@type":"WebSite","@id":"https:\/\/wp.kristdemokraterna.se\/vasternorrland\/#website","url":"https:\/\/wp.kristdemokraterna.se\/vasternorrland\/","name":"KD V\u00e4sternorrland","description":"V\u00e5rda v\u00e5rden - utveckla prim\u00e4rv\u00e5rden","inLanguage":"sv-SE"},{"@type":"Person","@id":"https:\/\/wp.kristdemokraterna.se\/vasternorrland\/#\/schema\/person\/c253503d86970574912dff6ec658bf28","name":"sendelbach","image":{"@type":"ImageObject","inLanguage":"sv-SE","@id":"https:\/\/secure.gravatar.com\/avatar\/0499a666be08fad4eb4333dbfba8681b8ebe23a978ce2e4c44818b2c5e2415b8?s=96&r=g","url":"https:\/\/secure.gravatar.com\/avatar\/0499a666be08fad4eb4333dbfba8681b8ebe23a978ce2e4c44818b2c5e2415b8?s=96&r=g","contentUrl":"https:\/\/secure.gravatar.com\/avatar\/0499a666be08fad4eb4333dbfba8681b8ebe23a978ce2e4c44818b2c5e2415b8?s=96&r=g","caption":"sendelbach"},"url":"https:\/\/wp.kristdemokraterna.se\/vasternorrland\/author\/sendelbach\/"}]}},"_links":{"self":[{"href":"https:\/\/wp.kristdemokraterna.se\/vasternorrland\/wp-json\/wp\/v2\/posts\/344005","targetHints":{"allow":["GET"]}}],"collection":[{"href":"https:\/\/wp.kristdemokraterna.se\/vasternorrland\/wp-json\/wp\/v2\/posts"}],"about":[{"href":"https:\/\/wp.kristdemokraterna.se\/vasternorrland\/wp-json\/wp\/v2\/types\/post"}],"author":[{"embeddable":true,"href":"https:\/\/wp.kristdemokraterna.se\/vasternorrland\/wp-json\/wp\/v2\/users\/861"}],"replies":[{"embeddable":true,"href":"https:\/\/wp.kristdemokraterna.se\/vasternorrland\/wp-json\/wp\/v2\/comments?post=344005"}],"version-history":[{"count":2,"href":"https:\/\/wp.kristdemokraterna.se\/vasternorrland\/wp-json\/wp\/v2\/posts\/344005\/revisions"}],"predecessor-version":[{"id":344007,"href":"https:\/\/wp.kristdemokraterna.se\/vasternorrland\/wp-json\/wp\/v2\/posts\/344005\/revisions\/344007"}],"wp:attachment":[{"href":"https:\/\/wp.kristdemokraterna.se\/vasternorrland\/wp-json\/wp\/v2\/media?parent=344005"}],"wp:term":[{"taxonomy":"category","embeddable":true,"href":"https:\/\/wp.kristdemokraterna.se\/vasternorrland\/wp-json\/wp\/v2\/categories?post=344005"},{"taxonomy":"post_tag","embeddable":true,"href":"https:\/\/wp.kristdemokraterna.se\/vasternorrland\/wp-json\/wp\/v2\/tags?post=344005"}],"curies":[{"name":"wp","href":"https:\/\/api.w.org\/{rel}","templated":true}]}}