{"id":351735,"date":"2004-08-26T16:28:01","date_gmt":"2004-08-26T14:28:01","guid":{"rendered":"https:\/\/wp.kristdemokraterna.se\/vasternorrland\/?p=351735"},"modified":"2021-05-05T16:53:44","modified_gmt":"2021-05-05T14:53:44","slug":"yttrande-over-motion-om-ny-namnd-for-gemensamma-ansvarsuppgifter","status":"publish","type":"post","link":"https:\/\/wp.kristdemokraterna.se\/vasternorrland\/yttrande-over-motion-om-ny-namnd-for-gemensamma-ansvarsuppgifter\/","title":{"rendered":"Yttrande \u00f6ver motion om ny n\u00e4mnd f\u00f6r gemensamma ansvarsuppgifter"},"content":{"rendered":"<p>Motion\u00e4ren f\u00f6resl\u00e5r att Landstinget V\u00e4sternorrland tillsammans med \u00d6rnsk\u00f6ldsviks sjukhus, p\u00e5 f\u00f6rs\u00f6k inr\u00e4ttar en gemensam n\u00e4mnd med uppdrag att ta ansvar f\u00f6r ber\u00f6rda l\u00e4nsinv\u00e5nare inom \u00e4ldrev\u00e5rd, handikappomsorg och psykiatrin.<\/p>\n<p>Samtidigt har Kommunf\u00f6rbundet inkommit med f\u00f6rslag att kommunerna och landstinget inleder ett samarbete p\u00e5 l\u00e4nsniv\u00e5 f\u00f6r utveckling av samarbetsformerna f\u00f6r h\u00e4lso- och sjukv\u00e5rd samt handikappomsorg. Syftet \u00e4r att kunna utveckla samarbete i v\u00e5rdkedjorna gneom att lyfta upp vissa policy- och gr\u00e4nsdragningsfr\u00e5gor i ett gemensamt h\u00e4lsopolitiskt forum.<\/p>\n<p>Landstingsstyrelsen \u00e4r positiv till en utveckling mot ett regionalt forum inom socialtj\u00e4nst och h\u00e4lso- och sjukv\u00e5rd. Landstingsstyrelsen anser inte att vi i nuvarande skede kan inr\u00e4tta en gemensam n\u00e4mnd i \u00d6rnsk\u00f6ldsvik, utan i f\u00f6rsta hand b\u00f6r samarbetet ske genom utvecklad samverkan i l\u00e4net. M\u00e5nga fr\u00e5gor som handlar om att tillgodose inv\u00e5narnas behov kr\u00e4ver ett gott samarbete och bra samverkan mellan de tv\u00e5 huvudm\u00e4nnen. Samtidigt kr\u00e4vs att fr\u00e5gor behandlas lika inom l\u00e4net med krav p\u00e5 god kvalit\u00e9 och att det sker p\u00e5 ett kostnadseffektivt s\u00e4tt.<\/p>\n<p>Landstingsstyrelsen hemst\u00e4ller att landstingsfullm\u00e4ktige beslutar<\/p>\n<p>&lt;b&gt;att&lt;\/b&gt; avsl\u00e5 motionen<\/p>\n<p>&lt;hr&gt;<\/p>\n<p>Vid landstingsstyrelsens sammantr\u00e4de den 26 augusti 2004, \u00a7 186, reserverade sig Roger Berg till f\u00f6rm\u00e5n f\u00f6r motionen.<\/p>\n<p>&lt;hr&gt;<\/p>\n<h3>Utdrag ur Protokoll landstingsfullm\u00e4ktige 13-14 oktober 2004, \u00a7 121<\/h3>\n<p>F\u00f6redrogs inf\u00f6r landstingsfullm\u00e4ktige landstingsstyrelsens f\u00f6rslag i \u00e4rende nr 7 p\u00e5 f\u00f6redragningslistan ang\u00e5ende motion fr\u00e5n kristdemokratiska landstingsgruppen om ny n\u00e4mnd f\u00f6r gemensamma ansvarsuppgifter (sid 67-69 i landstingsfullm\u00e4ktiges handlingar).<\/p>\n<p>Under \u00f6verl\u00e4ggningarna yrkade Jan Sj\u00f6din och Roger Berg att landstingsfullm\u00e4ktige beslutar att anse motionen som besvarad. D\u00e5 inga s\u00e4ryrkanden f\u00f6rel\u00e5g beslutade landstingsfullm\u00e4ktige i enlgihet med Jan Sj\u00f6dins och Roger Bergs yrkande.<\/p>\n<p>I detta \u00e4rende yttrade sig \u00e4ven Berit Andersson och Sven-\u00c5ke Sj\u00f6din.<\/p>\n","protected":false},"excerpt":{"rendered":"<p>Motion\u00e4ren f\u00f6resl\u00e5r att Landstinget V\u00e4sternorrland tillsammans med \u00d6rnsk\u00f6ldsviks sjukhus, p\u00e5 f\u00f6rs\u00f6k inr\u00e4ttar en gemensam n\u00e4mnd med uppdrag att ta ansvar f\u00f6r ber\u00f6rda l\u00e4nsinv\u00e5nare inom \u00e4ldrev\u00e5rd, handikappomsorg och psykiatrin. Samtidigt har Kommunf\u00f6rbundet inkommit med f\u00f6rslag att kommunerna och landstinget inleder ett samarbete p\u00e5 l\u00e4nsniv\u00e5 f\u00f6r utveckling av samarbetsformerna f\u00f6r h\u00e4lso- och sjukv\u00e5rd samt handikappomsorg. Syftet \u00e4r <a class=\"read-more-link\" href=\"https:\/\/wp.kristdemokraterna.se\/vasternorrland\/yttrande-over-motion-om-ny-namnd-for-gemensamma-ansvarsuppgifter\/\">Read More<\/a><\/p>\n","protected":false},"author":861,"featured_media":0,"comment_status":"closed","ping_status":"closed","sticky":false,"template":"","format":"standard","meta":{"_acf_changed":false,"footnotes":""},"categories":[727],"tags":[543,325,616],"class_list":["post-351735","post","type-post","status-publish","format-standard","hentry","category-nyheter","tag-alla-inlagg","tag-motionsyttrande","tag-roger-berg"],"acf":[],"yoast_head":"<!-- This site is optimized with the Yoast SEO plugin v27.4 - https:\/\/yoast.com\/product\/yoast-seo-wordpress\/ -->\n<title>Yttrande \u00f6ver motion om ny n\u00e4mnd f\u00f6r gemensamma ansvarsuppgifter | KD V\u00e4sternorrland<\/title>\n<meta name=\"robots\" content=\"index, follow, max-snippet:-1, max-image-preview:large, max-video-preview:-1\" \/>\n<link rel=\"canonical\" href=\"https:\/\/wp.kristdemokraterna.se\/vasternorrland\/yttrande-over-motion-om-ny-namnd-for-gemensamma-ansvarsuppgifter\/\" \/>\n<meta property=\"og:locale\" content=\"sv_SE\" \/>\n<meta property=\"og:type\" content=\"article\" \/>\n<meta property=\"og:title\" content=\"Yttrande \u00f6ver motion om ny n\u00e4mnd f\u00f6r gemensamma ansvarsuppgifter | KD V\u00e4sternorrland\" \/>\n<meta property=\"og:description\" content=\"Motion\u00e4ren f\u00f6resl\u00e5r att Landstinget V\u00e4sternorrland tillsammans med \u00d6rnsk\u00f6ldsviks sjukhus, p\u00e5 f\u00f6rs\u00f6k inr\u00e4ttar en gemensam n\u00e4mnd med uppdrag att ta ansvar f\u00f6r ber\u00f6rda l\u00e4nsinv\u00e5nare inom \u00e4ldrev\u00e5rd, handikappomsorg och psykiatrin. Samtidigt har Kommunf\u00f6rbundet inkommit med f\u00f6rslag att kommunerna och landstinget inleder ett samarbete p\u00e5 l\u00e4nsniv\u00e5 f\u00f6r utveckling av samarbetsformerna f\u00f6r h\u00e4lso- och sjukv\u00e5rd samt handikappomsorg. Syftet \u00e4r Read More\" \/>\n<meta property=\"og:url\" content=\"https:\/\/wp.kristdemokraterna.se\/vasternorrland\/yttrande-over-motion-om-ny-namnd-for-gemensamma-ansvarsuppgifter\/\" \/>\n<meta property=\"og:site_name\" content=\"KD V\u00e4sternorrland\" \/>\n<meta property=\"article:publisher\" content=\"https:\/\/www.facebook.com\/kdrvn\/\" \/>\n<meta property=\"article:published_time\" content=\"2004-08-26T14:28:01+00:00\" \/>\n<meta property=\"article:modified_time\" content=\"2021-05-05T14:53:44+00:00\" \/>\n<meta name=\"author\" content=\"sendelbach\" \/>\n<meta name=\"twitter:card\" content=\"summary_large_image\" \/>\n<meta name=\"twitter:label1\" content=\"Skriven av\" \/>\n\t<meta name=\"twitter:data1\" content=\"sendelbach\" \/>\n\t<meta name=\"twitter:label2\" content=\"Ber\u00e4knad l\u00e4stid\" \/>\n\t<meta name=\"twitter:data2\" content=\"2 minuter\" \/>\n<script type=\"application\/ld+json\" class=\"yoast-schema-graph\">{\"@context\":\"https:\\\/\\\/schema.org\",\"@graph\":[{\"@type\":\"Article\",\"@id\":\"https:\\\/\\\/wp.kristdemokraterna.se\\\/vasternorrland\\\/yttrande-over-motion-om-ny-namnd-for-gemensamma-ansvarsuppgifter\\\/#article\",\"isPartOf\":{\"@id\":\"https:\\\/\\\/wp.kristdemokraterna.se\\\/vasternorrland\\\/yttrande-over-motion-om-ny-namnd-for-gemensamma-ansvarsuppgifter\\\/\"},\"author\":{\"name\":\"sendelbach\",\"@id\":\"https:\\\/\\\/wp.kristdemokraterna.se\\\/vasternorrland\\\/#\\\/schema\\\/person\\\/c253503d86970574912dff6ec658bf28\"},\"headline\":\"Yttrande \u00f6ver motion om ny n\u00e4mnd f\u00f6r gemensamma ansvarsuppgifter\",\"datePublished\":\"2004-08-26T14:28:01+00:00\",\"dateModified\":\"2021-05-05T14:53:44+00:00\",\"mainEntityOfPage\":{\"@id\":\"https:\\\/\\\/wp.kristdemokraterna.se\\\/vasternorrland\\\/yttrande-over-motion-om-ny-namnd-for-gemensamma-ansvarsuppgifter\\\/\"},\"wordCount\":346,\"keywords\":[\"alla inl\u00e4gg\",\"motionsyttrande\",\"Roger Berg\"],\"articleSection\":[\"Nyheter\"],\"inLanguage\":\"sv-SE\"},{\"@type\":\"WebPage\",\"@id\":\"https:\\\/\\\/wp.kristdemokraterna.se\\\/vasternorrland\\\/yttrande-over-motion-om-ny-namnd-for-gemensamma-ansvarsuppgifter\\\/\",\"url\":\"https:\\\/\\\/wp.kristdemokraterna.se\\\/vasternorrland\\\/yttrande-over-motion-om-ny-namnd-for-gemensamma-ansvarsuppgifter\\\/\",\"name\":\"Yttrande \u00f6ver motion om ny n\u00e4mnd f\u00f6r gemensamma ansvarsuppgifter | KD V\u00e4sternorrland\",\"isPartOf\":{\"@id\":\"https:\\\/\\\/wp.kristdemokraterna.se\\\/vasternorrland\\\/#website\"},\"datePublished\":\"2004-08-26T14:28:01+00:00\",\"dateModified\":\"2021-05-05T14:53:44+00:00\",\"author\":{\"@id\":\"https:\\\/\\\/wp.kristdemokraterna.se\\\/vasternorrland\\\/#\\\/schema\\\/person\\\/c253503d86970574912dff6ec658bf28\"},\"breadcrumb\":{\"@id\":\"https:\\\/\\\/wp.kristdemokraterna.se\\\/vasternorrland\\\/yttrande-over-motion-om-ny-namnd-for-gemensamma-ansvarsuppgifter\\\/#breadcrumb\"},\"inLanguage\":\"sv-SE\",\"potentialAction\":[{\"@type\":\"ReadAction\",\"target\":[\"https:\\\/\\\/wp.kristdemokraterna.se\\\/vasternorrland\\\/yttrande-over-motion-om-ny-namnd-for-gemensamma-ansvarsuppgifter\\\/\"]}]},{\"@type\":\"BreadcrumbList\",\"@id\":\"https:\\\/\\\/wp.kristdemokraterna.se\\\/vasternorrland\\\/yttrande-over-motion-om-ny-namnd-for-gemensamma-ansvarsuppgifter\\\/#breadcrumb\",\"itemListElement\":[{\"@type\":\"ListItem\",\"position\":1,\"name\":\"Hem\",\"item\":\"https:\\\/\\\/wp.kristdemokraterna.se\\\/vasternorrland\\\/\"},{\"@type\":\"ListItem\",\"position\":2,\"name\":\"Yttrande \u00f6ver motion om ny n\u00e4mnd f\u00f6r gemensamma ansvarsuppgifter\"}]},{\"@type\":\"WebSite\",\"@id\":\"https:\\\/\\\/wp.kristdemokraterna.se\\\/vasternorrland\\\/#website\",\"url\":\"https:\\\/\\\/wp.kristdemokraterna.se\\\/vasternorrland\\\/\",\"name\":\"KD V\u00e4sternorrland\",\"description\":\"V\u00e5rda v\u00e5rden - utveckla prim\u00e4rv\u00e5rden\",\"inLanguage\":\"sv-SE\"},{\"@type\":\"Person\",\"@id\":\"https:\\\/\\\/wp.kristdemokraterna.se\\\/vasternorrland\\\/#\\\/schema\\\/person\\\/c253503d86970574912dff6ec658bf28\",\"name\":\"sendelbach\",\"image\":{\"@type\":\"ImageObject\",\"inLanguage\":\"sv-SE\",\"@id\":\"https:\\\/\\\/secure.gravatar.com\\\/avatar\\\/0499a666be08fad4eb4333dbfba8681b8ebe23a978ce2e4c44818b2c5e2415b8?s=96&r=g\",\"url\":\"https:\\\/\\\/secure.gravatar.com\\\/avatar\\\/0499a666be08fad4eb4333dbfba8681b8ebe23a978ce2e4c44818b2c5e2415b8?s=96&r=g\",\"contentUrl\":\"https:\\\/\\\/secure.gravatar.com\\\/avatar\\\/0499a666be08fad4eb4333dbfba8681b8ebe23a978ce2e4c44818b2c5e2415b8?s=96&r=g\",\"caption\":\"sendelbach\"},\"url\":\"https:\\\/\\\/wp.kristdemokraterna.se\\\/vasternorrland\\\/author\\\/sendelbach\\\/\"}]}<\/script>\n<!-- \/ Yoast SEO plugin. -->","yoast_head_json":{"title":"Yttrande \u00f6ver motion om ny n\u00e4mnd f\u00f6r gemensamma ansvarsuppgifter | KD V\u00e4sternorrland","robots":{"index":"index","follow":"follow","max-snippet":"max-snippet:-1","max-image-preview":"max-image-preview:large","max-video-preview":"max-video-preview:-1"},"canonical":"https:\/\/wp.kristdemokraterna.se\/vasternorrland\/yttrande-over-motion-om-ny-namnd-for-gemensamma-ansvarsuppgifter\/","og_locale":"sv_SE","og_type":"article","og_title":"Yttrande \u00f6ver motion om ny n\u00e4mnd f\u00f6r gemensamma ansvarsuppgifter | KD V\u00e4sternorrland","og_description":"Motion\u00e4ren f\u00f6resl\u00e5r att Landstinget V\u00e4sternorrland tillsammans med \u00d6rnsk\u00f6ldsviks sjukhus, p\u00e5 f\u00f6rs\u00f6k inr\u00e4ttar en gemensam n\u00e4mnd med uppdrag att ta ansvar f\u00f6r ber\u00f6rda l\u00e4nsinv\u00e5nare inom \u00e4ldrev\u00e5rd, handikappomsorg och psykiatrin. Samtidigt har Kommunf\u00f6rbundet inkommit med f\u00f6rslag att kommunerna och landstinget inleder ett samarbete p\u00e5 l\u00e4nsniv\u00e5 f\u00f6r utveckling av samarbetsformerna f\u00f6r h\u00e4lso- och sjukv\u00e5rd samt handikappomsorg. Syftet \u00e4r Read More","og_url":"https:\/\/wp.kristdemokraterna.se\/vasternorrland\/yttrande-over-motion-om-ny-namnd-for-gemensamma-ansvarsuppgifter\/","og_site_name":"KD V\u00e4sternorrland","article_publisher":"https:\/\/www.facebook.com\/kdrvn\/","article_published_time":"2004-08-26T14:28:01+00:00","article_modified_time":"2021-05-05T14:53:44+00:00","author":"sendelbach","twitter_card":"summary_large_image","twitter_misc":{"Skriven av":"sendelbach","Ber\u00e4knad l\u00e4stid":"2 minuter"},"schema":{"@context":"https:\/\/schema.org","@graph":[{"@type":"Article","@id":"https:\/\/wp.kristdemokraterna.se\/vasternorrland\/yttrande-over-motion-om-ny-namnd-for-gemensamma-ansvarsuppgifter\/#article","isPartOf":{"@id":"https:\/\/wp.kristdemokraterna.se\/vasternorrland\/yttrande-over-motion-om-ny-namnd-for-gemensamma-ansvarsuppgifter\/"},"author":{"name":"sendelbach","@id":"https:\/\/wp.kristdemokraterna.se\/vasternorrland\/#\/schema\/person\/c253503d86970574912dff6ec658bf28"},"headline":"Yttrande \u00f6ver motion om ny n\u00e4mnd f\u00f6r gemensamma ansvarsuppgifter","datePublished":"2004-08-26T14:28:01+00:00","dateModified":"2021-05-05T14:53:44+00:00","mainEntityOfPage":{"@id":"https:\/\/wp.kristdemokraterna.se\/vasternorrland\/yttrande-over-motion-om-ny-namnd-for-gemensamma-ansvarsuppgifter\/"},"wordCount":346,"keywords":["alla inl\u00e4gg","motionsyttrande","Roger Berg"],"articleSection":["Nyheter"],"inLanguage":"sv-SE"},{"@type":"WebPage","@id":"https:\/\/wp.kristdemokraterna.se\/vasternorrland\/yttrande-over-motion-om-ny-namnd-for-gemensamma-ansvarsuppgifter\/","url":"https:\/\/wp.kristdemokraterna.se\/vasternorrland\/yttrande-over-motion-om-ny-namnd-for-gemensamma-ansvarsuppgifter\/","name":"Yttrande \u00f6ver motion om ny n\u00e4mnd f\u00f6r gemensamma ansvarsuppgifter | KD V\u00e4sternorrland","isPartOf":{"@id":"https:\/\/wp.kristdemokraterna.se\/vasternorrland\/#website"},"datePublished":"2004-08-26T14:28:01+00:00","dateModified":"2021-05-05T14:53:44+00:00","author":{"@id":"https:\/\/wp.kristdemokraterna.se\/vasternorrland\/#\/schema\/person\/c253503d86970574912dff6ec658bf28"},"breadcrumb":{"@id":"https:\/\/wp.kristdemokraterna.se\/vasternorrland\/yttrande-over-motion-om-ny-namnd-for-gemensamma-ansvarsuppgifter\/#breadcrumb"},"inLanguage":"sv-SE","potentialAction":[{"@type":"ReadAction","target":["https:\/\/wp.kristdemokraterna.se\/vasternorrland\/yttrande-over-motion-om-ny-namnd-for-gemensamma-ansvarsuppgifter\/"]}]},{"@type":"BreadcrumbList","@id":"https:\/\/wp.kristdemokraterna.se\/vasternorrland\/yttrande-over-motion-om-ny-namnd-for-gemensamma-ansvarsuppgifter\/#breadcrumb","itemListElement":[{"@type":"ListItem","position":1,"name":"Hem","item":"https:\/\/wp.kristdemokraterna.se\/vasternorrland\/"},{"@type":"ListItem","position":2,"name":"Yttrande \u00f6ver motion om ny n\u00e4mnd f\u00f6r gemensamma ansvarsuppgifter"}]},{"@type":"WebSite","@id":"https:\/\/wp.kristdemokraterna.se\/vasternorrland\/#website","url":"https:\/\/wp.kristdemokraterna.se\/vasternorrland\/","name":"KD V\u00e4sternorrland","description":"V\u00e5rda v\u00e5rden - utveckla prim\u00e4rv\u00e5rden","inLanguage":"sv-SE"},{"@type":"Person","@id":"https:\/\/wp.kristdemokraterna.se\/vasternorrland\/#\/schema\/person\/c253503d86970574912dff6ec658bf28","name":"sendelbach","image":{"@type":"ImageObject","inLanguage":"sv-SE","@id":"https:\/\/secure.gravatar.com\/avatar\/0499a666be08fad4eb4333dbfba8681b8ebe23a978ce2e4c44818b2c5e2415b8?s=96&r=g","url":"https:\/\/secure.gravatar.com\/avatar\/0499a666be08fad4eb4333dbfba8681b8ebe23a978ce2e4c44818b2c5e2415b8?s=96&r=g","contentUrl":"https:\/\/secure.gravatar.com\/avatar\/0499a666be08fad4eb4333dbfba8681b8ebe23a978ce2e4c44818b2c5e2415b8?s=96&r=g","caption":"sendelbach"},"url":"https:\/\/wp.kristdemokraterna.se\/vasternorrland\/author\/sendelbach\/"}]}},"_links":{"self":[{"href":"https:\/\/wp.kristdemokraterna.se\/vasternorrland\/wp-json\/wp\/v2\/posts\/351735","targetHints":{"allow":["GET"]}}],"collection":[{"href":"https:\/\/wp.kristdemokraterna.se\/vasternorrland\/wp-json\/wp\/v2\/posts"}],"about":[{"href":"https:\/\/wp.kristdemokraterna.se\/vasternorrland\/wp-json\/wp\/v2\/types\/post"}],"author":[{"embeddable":true,"href":"https:\/\/wp.kristdemokraterna.se\/vasternorrland\/wp-json\/wp\/v2\/users\/861"}],"replies":[{"embeddable":true,"href":"https:\/\/wp.kristdemokraterna.se\/vasternorrland\/wp-json\/wp\/v2\/comments?post=351735"}],"version-history":[{"count":3,"href":"https:\/\/wp.kristdemokraterna.se\/vasternorrland\/wp-json\/wp\/v2\/posts\/351735\/revisions"}],"predecessor-version":[{"id":351744,"href":"https:\/\/wp.kristdemokraterna.se\/vasternorrland\/wp-json\/wp\/v2\/posts\/351735\/revisions\/351744"}],"wp:attachment":[{"href":"https:\/\/wp.kristdemokraterna.se\/vasternorrland\/wp-json\/wp\/v2\/media?parent=351735"}],"wp:term":[{"taxonomy":"category","embeddable":true,"href":"https:\/\/wp.kristdemokraterna.se\/vasternorrland\/wp-json\/wp\/v2\/categories?post=351735"},{"taxonomy":"post_tag","embeddable":true,"href":"https:\/\/wp.kristdemokraterna.se\/vasternorrland\/wp-json\/wp\/v2\/tags?post=351735"}],"curies":[{"name":"wp","href":"https:\/\/api.w.org\/{rel}","templated":true}]}}