{"id":351752,"date":"2004-10-14T17:44:19","date_gmt":"2004-10-14T15:44:19","guid":{"rendered":"https:\/\/wp.kristdemokraterna.se\/vasternorrland\/?p=351752"},"modified":"2021-05-06T09:05:18","modified_gmt":"2021-05-06T07:05:18","slug":"svar-pa-interpellation-om-skolcafeterian-i-folkhalsans-tecken","status":"publish","type":"post","link":"https:\/\/wp.kristdemokraterna.se\/vasternorrland\/svar-pa-interpellation-om-skolcafeterian-i-folkhalsans-tecken\/","title":{"rendered":"Svar p\u00e5 interpellation om skolcafeterian &#8211; i folkh\u00e4lsans tecken"},"content":{"rendered":"<p>Ewa S\u00f6derberg, ordf\u00f6rande i h\u00e4lso- och sjukv\u00e5rdsdelgationen l\u00e4mnade f\u00f6ljande svar p\u00e5 Berit Anderssons interpellation om skolcafeterian &#8211; i folkh\u00e4lsans tecken?:<\/p>\n<p>Berit Andersson har helt r\u00e4tt n\u00e4r hon i sin interpellation betonar att det \u00e4r av stor vikt att skolan inte tillhandah\u00e5ller godis och s\u00f6ta l\u00e4skedrycker i sina cafeterior. Detta f\u00f6r att kunna hindra det v\u00e4xande problemet med fetma hos barn och \u00e4ven med tanke p\u00e5 tandh\u00e4lsan.<\/p>\n<p>I det programarbete som behandlade &#8221;Barns \u00f6vervikt och fetma&#8221; tog vi beslut om tv\u00e5 m\u00e5l som nu ing\u00e5r i landstingsplanen. Det f\u00f6rsta m\u00e5let \u00e4r att andelen barn och unga med \u00f6vervikt och fetma inte ska \u00f6ka i V\u00e4sternorrland. F\u00f6r att n\u00e5 detta m\u00e5l kr\u00e4vs att m\u00e5nga akt\u00f6rer samverkar och i v\u00e5rt programarbete tog vi initiativ till en dag i mars 2004, d\u00e4r skolpolitiker fr\u00e5n v\u00e5ra kommuner var den viktigaste m\u00e5lgruppen och d\u00e4r Annika Jansson fr\u00e5n Rikscentrum f\u00f6r \u00f6verviktiga barn, Huddinge sjukhus var f\u00f6rel\u00e4sare. Eftermiddagen \u00e4gnades \u00e5t diskussioner om hur vi kan arbeta tillsammans. Ett f\u00f6rslag kan vara att skolan \u00e4r en &#8221;fredad zon&#8221; f\u00f6r godis och l\u00e4skedrycker. Diskussionerna kommer att forts\u00e4tta och vi landstingspolitiker som deltar i programarbetet kommer att n\u00e4rvara vid skolpresidiets f\u00f6rsta m\u00f6te nu i h\u00f6st.<\/p>\n<p>P\u00e5 lokal niv\u00e5 i de enskilda skolorna har fr\u00e5gan om cafeterians utbud l\u00e4nge varit p\u00e5 tapeten, ofta \u00e4r det elevr\u00e5den som st\u00e5r f\u00f6r den verksamheten och tyv\u00e4rr har landstinget ingen m\u00f6jlighet att p\u00e5verka det direkt.<\/p>\n<p>I arbetet med h\u00e4lsofr\u00e4mjande skolutveckling som Folkh\u00e4lsocentrum driver tillsammans med Myndigheten f\u00f6r skolutveckling och Kommunf\u00f6rbundet V\u00e4sternorrland, genomf\u00f6rdes under detta l\u00e4s\u00e5r en &#8221;processledarutbildning&#8221; med utg\u00e5ngspunkt ifr\u00e5n propositionen &#8221;H\u00e4lsa, l\u00e4rande och trygget&#8221;. En viktig del i utbildningen var att ta fram en handlingsplan f\u00f6r den egna skolan och d\u00e4r m\u00e5nga av dessa handlingsplaner kom att inneh\u00e5lla metodutveckling som r\u00f6rde levnadsvanorna. Folkh\u00e4lsocentrum har ocks\u00e5 tillsammans med Kommunf\u00f6rbundet medverkat till utbildningar f\u00f6r skolm\u00e5ltidspersonal och skolsk\u00f6terskor.<\/p>\n<p>I augusti h\u00f6lls en regional konferens om barns h\u00e4lsa i allm\u00e4nhet och \u00f6vervikt och fetma i synnerhet. Denna konferens var ett s\u00e4tt f\u00f6r skolan och h\u00e4lso- och sjukv\u00e5rden att m\u00f6tas f\u00f6r att diskutera metoder som fr\u00e4mjar barns utveckling och skapar en h\u00e4lsosam livsmilj\u00f6. Ambitionen var att l\u00e5ta forskare och praktiker fr\u00e5n b\u00e5de skola och sjukv\u00e5rd tillsammans hitta s\u00e4tt att f\u00f6rb\u00e4ttra barnens h\u00e4lsa.<\/p>\n<p>I september varje \u00e5r ordnar folktandv\u00e5rden &#8221;Munh\u00e4lsans dag&#8221; i samverkan med Folkh\u00e4lsocentrum.<\/p>\n<p>Detta var n\u00e5gra exempel p\u00e5 hur landstinget samarbetar med andra akt\u00f6rer och d\u00e4rmed f\u00f6r\u00e4ndra utbudet i skolcafeteriorna. Jag hoppas att vi med de \u00e5tg\u00e4rder som redovisats ovan ocks\u00e5 ska visa p\u00e5 resultat redan detta l\u00e4s\u00e5r.<\/p>\n<p>H\u00e4rn\u00f6sand den 14 oktober 2004<\/p>\n<p>Ewa S\u00f6derberg<br \/>\nOrdf\u00f6rande i h\u00e4lso- och sjukv\u00e5rdsdelegationen<\/p>\n<p>Berit Andersson tackade f\u00f6r svaret.<\/p>\n<p>I detta \u00e4rende yttrade sig Berit Andersson, Ewa S\u00f6derberg och Anders Kempe.<\/p>\n","protected":false},"excerpt":{"rendered":"<p>Ewa S\u00f6derberg, ordf\u00f6rande i h\u00e4lso- och sjukv\u00e5rdsdelgationen l\u00e4mnade f\u00f6ljande svar p\u00e5 Berit Anderssons interpellation om skolcafeterian &#8211; i folkh\u00e4lsans tecken?: Berit Andersson har helt r\u00e4tt n\u00e4r hon i sin interpellation betonar att det \u00e4r av stor vikt att skolan inte tillhandah\u00e5ller godis och s\u00f6ta l\u00e4skedrycker i sina cafeterior. Detta f\u00f6r att kunna hindra det v\u00e4xande <a class=\"read-more-link\" href=\"https:\/\/wp.kristdemokraterna.se\/vasternorrland\/svar-pa-interpellation-om-skolcafeterian-i-folkhalsans-tecken\/\">Read More<\/a><\/p>\n","protected":false},"author":861,"featured_media":0,"comment_status":"closed","ping_status":"closed","sticky":false,"template":"","format":"standard","meta":{"_acf_changed":false,"footnotes":""},"categories":[1],"tags":[],"class_list":["post-351752","post","type-post","status-publish","format-standard","hentry","category-okategoriserade"],"acf":[],"yoast_head":"<!-- This site is optimized with the Yoast SEO plugin v27.5 - https:\/\/yoast.com\/product\/yoast-seo-wordpress\/ -->\n<title>Svar p\u00e5 interpellation om skolcafeterian - i folkh\u00e4lsans tecken | KD V\u00e4sternorrland<\/title>\n<meta name=\"robots\" content=\"index, follow, max-snippet:-1, max-image-preview:large, max-video-preview:-1\" \/>\n<link rel=\"canonical\" href=\"https:\/\/wp.kristdemokraterna.se\/vasternorrland\/svar-pa-interpellation-om-skolcafeterian-i-folkhalsans-tecken\/\" \/>\n<meta property=\"og:locale\" content=\"sv_SE\" \/>\n<meta property=\"og:type\" content=\"article\" \/>\n<meta property=\"og:title\" content=\"Svar p\u00e5 interpellation om skolcafeterian - i folkh\u00e4lsans tecken | KD V\u00e4sternorrland\" \/>\n<meta property=\"og:description\" content=\"Ewa S\u00f6derberg, ordf\u00f6rande i h\u00e4lso- och sjukv\u00e5rdsdelgationen l\u00e4mnade f\u00f6ljande svar p\u00e5 Berit Anderssons interpellation om skolcafeterian &#8211; i folkh\u00e4lsans tecken?: Berit Andersson har helt r\u00e4tt n\u00e4r hon i sin interpellation betonar att det \u00e4r av stor vikt att skolan inte tillhandah\u00e5ller godis och s\u00f6ta l\u00e4skedrycker i sina cafeterior. Detta f\u00f6r att kunna hindra det v\u00e4xande Read More\" \/>\n<meta property=\"og:url\" content=\"https:\/\/wp.kristdemokraterna.se\/vasternorrland\/svar-pa-interpellation-om-skolcafeterian-i-folkhalsans-tecken\/\" \/>\n<meta property=\"og:site_name\" content=\"KD V\u00e4sternorrland\" \/>\n<meta property=\"article:publisher\" content=\"https:\/\/www.facebook.com\/kdrvn\/\" \/>\n<meta property=\"article:published_time\" content=\"2004-10-14T15:44:19+00:00\" \/>\n<meta property=\"article:modified_time\" content=\"2021-05-06T07:05:18+00:00\" \/>\n<meta name=\"author\" content=\"sendelbach\" \/>\n<meta name=\"twitter:card\" content=\"summary_large_image\" \/>\n<meta name=\"twitter:label1\" content=\"Skriven av\" \/>\n\t<meta name=\"twitter:data1\" content=\"sendelbach\" \/>\n\t<meta name=\"twitter:label2\" content=\"Ber\u00e4knad l\u00e4stid\" \/>\n\t<meta name=\"twitter:data2\" content=\"2 minuter\" \/>\n<script type=\"application\/ld+json\" class=\"yoast-schema-graph\">{\"@context\":\"https:\\\/\\\/schema.org\",\"@graph\":[{\"@type\":\"Article\",\"@id\":\"https:\\\/\\\/wp.kristdemokraterna.se\\\/vasternorrland\\\/svar-pa-interpellation-om-skolcafeterian-i-folkhalsans-tecken\\\/#article\",\"isPartOf\":{\"@id\":\"https:\\\/\\\/wp.kristdemokraterna.se\\\/vasternorrland\\\/svar-pa-interpellation-om-skolcafeterian-i-folkhalsans-tecken\\\/\"},\"author\":{\"name\":\"sendelbach\",\"@id\":\"https:\\\/\\\/wp.kristdemokraterna.se\\\/vasternorrland\\\/#\\\/schema\\\/person\\\/c253503d86970574912dff6ec658bf28\"},\"headline\":\"Svar p\u00e5 interpellation om skolcafeterian &#8211; i folkh\u00e4lsans tecken\",\"datePublished\":\"2004-10-14T15:44:19+00:00\",\"dateModified\":\"2021-05-06T07:05:18+00:00\",\"mainEntityOfPage\":{\"@id\":\"https:\\\/\\\/wp.kristdemokraterna.se\\\/vasternorrland\\\/svar-pa-interpellation-om-skolcafeterian-i-folkhalsans-tecken\\\/\"},\"wordCount\":557,\"inLanguage\":\"sv-SE\"},{\"@type\":\"WebPage\",\"@id\":\"https:\\\/\\\/wp.kristdemokraterna.se\\\/vasternorrland\\\/svar-pa-interpellation-om-skolcafeterian-i-folkhalsans-tecken\\\/\",\"url\":\"https:\\\/\\\/wp.kristdemokraterna.se\\\/vasternorrland\\\/svar-pa-interpellation-om-skolcafeterian-i-folkhalsans-tecken\\\/\",\"name\":\"Svar p\u00e5 interpellation om skolcafeterian - i folkh\u00e4lsans tecken | KD V\u00e4sternorrland\",\"isPartOf\":{\"@id\":\"https:\\\/\\\/wp.kristdemokraterna.se\\\/vasternorrland\\\/#website\"},\"datePublished\":\"2004-10-14T15:44:19+00:00\",\"dateModified\":\"2021-05-06T07:05:18+00:00\",\"author\":{\"@id\":\"https:\\\/\\\/wp.kristdemokraterna.se\\\/vasternorrland\\\/#\\\/schema\\\/person\\\/c253503d86970574912dff6ec658bf28\"},\"breadcrumb\":{\"@id\":\"https:\\\/\\\/wp.kristdemokraterna.se\\\/vasternorrland\\\/svar-pa-interpellation-om-skolcafeterian-i-folkhalsans-tecken\\\/#breadcrumb\"},\"inLanguage\":\"sv-SE\",\"potentialAction\":[{\"@type\":\"ReadAction\",\"target\":[\"https:\\\/\\\/wp.kristdemokraterna.se\\\/vasternorrland\\\/svar-pa-interpellation-om-skolcafeterian-i-folkhalsans-tecken\\\/\"]}]},{\"@type\":\"BreadcrumbList\",\"@id\":\"https:\\\/\\\/wp.kristdemokraterna.se\\\/vasternorrland\\\/svar-pa-interpellation-om-skolcafeterian-i-folkhalsans-tecken\\\/#breadcrumb\",\"itemListElement\":[{\"@type\":\"ListItem\",\"position\":1,\"name\":\"Hem\",\"item\":\"https:\\\/\\\/wp.kristdemokraterna.se\\\/vasternorrland\\\/\"},{\"@type\":\"ListItem\",\"position\":2,\"name\":\"Svar p\u00e5 interpellation om skolcafeterian &#8211; i folkh\u00e4lsans tecken\"}]},{\"@type\":\"WebSite\",\"@id\":\"https:\\\/\\\/wp.kristdemokraterna.se\\\/vasternorrland\\\/#website\",\"url\":\"https:\\\/\\\/wp.kristdemokraterna.se\\\/vasternorrland\\\/\",\"name\":\"KD V\u00e4sternorrland\",\"description\":\"V\u00e5rda v\u00e5rden - utveckla prim\u00e4rv\u00e5rden\",\"inLanguage\":\"sv-SE\"},{\"@type\":\"Person\",\"@id\":\"https:\\\/\\\/wp.kristdemokraterna.se\\\/vasternorrland\\\/#\\\/schema\\\/person\\\/c253503d86970574912dff6ec658bf28\",\"name\":\"sendelbach\",\"image\":{\"@type\":\"ImageObject\",\"inLanguage\":\"sv-SE\",\"@id\":\"https:\\\/\\\/secure.gravatar.com\\\/avatar\\\/0499a666be08fad4eb4333dbfba8681b8ebe23a978ce2e4c44818b2c5e2415b8?s=96&r=g\",\"url\":\"https:\\\/\\\/secure.gravatar.com\\\/avatar\\\/0499a666be08fad4eb4333dbfba8681b8ebe23a978ce2e4c44818b2c5e2415b8?s=96&r=g\",\"contentUrl\":\"https:\\\/\\\/secure.gravatar.com\\\/avatar\\\/0499a666be08fad4eb4333dbfba8681b8ebe23a978ce2e4c44818b2c5e2415b8?s=96&r=g\",\"caption\":\"sendelbach\"},\"url\":\"https:\\\/\\\/wp.kristdemokraterna.se\\\/vasternorrland\\\/author\\\/sendelbach\\\/\"}]}<\/script>\n<!-- \/ Yoast SEO plugin. -->","yoast_head_json":{"title":"Svar p\u00e5 interpellation om skolcafeterian - i folkh\u00e4lsans tecken | KD V\u00e4sternorrland","robots":{"index":"index","follow":"follow","max-snippet":"max-snippet:-1","max-image-preview":"max-image-preview:large","max-video-preview":"max-video-preview:-1"},"canonical":"https:\/\/wp.kristdemokraterna.se\/vasternorrland\/svar-pa-interpellation-om-skolcafeterian-i-folkhalsans-tecken\/","og_locale":"sv_SE","og_type":"article","og_title":"Svar p\u00e5 interpellation om skolcafeterian - i folkh\u00e4lsans tecken | KD V\u00e4sternorrland","og_description":"Ewa S\u00f6derberg, ordf\u00f6rande i h\u00e4lso- och sjukv\u00e5rdsdelgationen l\u00e4mnade f\u00f6ljande svar p\u00e5 Berit Anderssons interpellation om skolcafeterian &#8211; i folkh\u00e4lsans tecken?: Berit Andersson har helt r\u00e4tt n\u00e4r hon i sin interpellation betonar att det \u00e4r av stor vikt att skolan inte tillhandah\u00e5ller godis och s\u00f6ta l\u00e4skedrycker i sina cafeterior. Detta f\u00f6r att kunna hindra det v\u00e4xande Read More","og_url":"https:\/\/wp.kristdemokraterna.se\/vasternorrland\/svar-pa-interpellation-om-skolcafeterian-i-folkhalsans-tecken\/","og_site_name":"KD V\u00e4sternorrland","article_publisher":"https:\/\/www.facebook.com\/kdrvn\/","article_published_time":"2004-10-14T15:44:19+00:00","article_modified_time":"2021-05-06T07:05:18+00:00","author":"sendelbach","twitter_card":"summary_large_image","twitter_misc":{"Skriven av":"sendelbach","Ber\u00e4knad l\u00e4stid":"2 minuter"},"schema":{"@context":"https:\/\/schema.org","@graph":[{"@type":"Article","@id":"https:\/\/wp.kristdemokraterna.se\/vasternorrland\/svar-pa-interpellation-om-skolcafeterian-i-folkhalsans-tecken\/#article","isPartOf":{"@id":"https:\/\/wp.kristdemokraterna.se\/vasternorrland\/svar-pa-interpellation-om-skolcafeterian-i-folkhalsans-tecken\/"},"author":{"name":"sendelbach","@id":"https:\/\/wp.kristdemokraterna.se\/vasternorrland\/#\/schema\/person\/c253503d86970574912dff6ec658bf28"},"headline":"Svar p\u00e5 interpellation om skolcafeterian &#8211; i folkh\u00e4lsans tecken","datePublished":"2004-10-14T15:44:19+00:00","dateModified":"2021-05-06T07:05:18+00:00","mainEntityOfPage":{"@id":"https:\/\/wp.kristdemokraterna.se\/vasternorrland\/svar-pa-interpellation-om-skolcafeterian-i-folkhalsans-tecken\/"},"wordCount":557,"inLanguage":"sv-SE"},{"@type":"WebPage","@id":"https:\/\/wp.kristdemokraterna.se\/vasternorrland\/svar-pa-interpellation-om-skolcafeterian-i-folkhalsans-tecken\/","url":"https:\/\/wp.kristdemokraterna.se\/vasternorrland\/svar-pa-interpellation-om-skolcafeterian-i-folkhalsans-tecken\/","name":"Svar p\u00e5 interpellation om skolcafeterian - i folkh\u00e4lsans tecken | KD V\u00e4sternorrland","isPartOf":{"@id":"https:\/\/wp.kristdemokraterna.se\/vasternorrland\/#website"},"datePublished":"2004-10-14T15:44:19+00:00","dateModified":"2021-05-06T07:05:18+00:00","author":{"@id":"https:\/\/wp.kristdemokraterna.se\/vasternorrland\/#\/schema\/person\/c253503d86970574912dff6ec658bf28"},"breadcrumb":{"@id":"https:\/\/wp.kristdemokraterna.se\/vasternorrland\/svar-pa-interpellation-om-skolcafeterian-i-folkhalsans-tecken\/#breadcrumb"},"inLanguage":"sv-SE","potentialAction":[{"@type":"ReadAction","target":["https:\/\/wp.kristdemokraterna.se\/vasternorrland\/svar-pa-interpellation-om-skolcafeterian-i-folkhalsans-tecken\/"]}]},{"@type":"BreadcrumbList","@id":"https:\/\/wp.kristdemokraterna.se\/vasternorrland\/svar-pa-interpellation-om-skolcafeterian-i-folkhalsans-tecken\/#breadcrumb","itemListElement":[{"@type":"ListItem","position":1,"name":"Hem","item":"https:\/\/wp.kristdemokraterna.se\/vasternorrland\/"},{"@type":"ListItem","position":2,"name":"Svar p\u00e5 interpellation om skolcafeterian &#8211; i folkh\u00e4lsans tecken"}]},{"@type":"WebSite","@id":"https:\/\/wp.kristdemokraterna.se\/vasternorrland\/#website","url":"https:\/\/wp.kristdemokraterna.se\/vasternorrland\/","name":"KD V\u00e4sternorrland","description":"V\u00e5rda v\u00e5rden - utveckla prim\u00e4rv\u00e5rden","inLanguage":"sv-SE"},{"@type":"Person","@id":"https:\/\/wp.kristdemokraterna.se\/vasternorrland\/#\/schema\/person\/c253503d86970574912dff6ec658bf28","name":"sendelbach","image":{"@type":"ImageObject","inLanguage":"sv-SE","@id":"https:\/\/secure.gravatar.com\/avatar\/0499a666be08fad4eb4333dbfba8681b8ebe23a978ce2e4c44818b2c5e2415b8?s=96&r=g","url":"https:\/\/secure.gravatar.com\/avatar\/0499a666be08fad4eb4333dbfba8681b8ebe23a978ce2e4c44818b2c5e2415b8?s=96&r=g","contentUrl":"https:\/\/secure.gravatar.com\/avatar\/0499a666be08fad4eb4333dbfba8681b8ebe23a978ce2e4c44818b2c5e2415b8?s=96&r=g","caption":"sendelbach"},"url":"https:\/\/wp.kristdemokraterna.se\/vasternorrland\/author\/sendelbach\/"}]}},"_links":{"self":[{"href":"https:\/\/wp.kristdemokraterna.se\/vasternorrland\/wp-json\/wp\/v2\/posts\/351752","targetHints":{"allow":["GET"]}}],"collection":[{"href":"https:\/\/wp.kristdemokraterna.se\/vasternorrland\/wp-json\/wp\/v2\/posts"}],"about":[{"href":"https:\/\/wp.kristdemokraterna.se\/vasternorrland\/wp-json\/wp\/v2\/types\/post"}],"author":[{"embeddable":true,"href":"https:\/\/wp.kristdemokraterna.se\/vasternorrland\/wp-json\/wp\/v2\/users\/861"}],"replies":[{"embeddable":true,"href":"https:\/\/wp.kristdemokraterna.se\/vasternorrland\/wp-json\/wp\/v2\/comments?post=351752"}],"version-history":[{"count":1,"href":"https:\/\/wp.kristdemokraterna.se\/vasternorrland\/wp-json\/wp\/v2\/posts\/351752\/revisions"}],"predecessor-version":[{"id":351756,"href":"https:\/\/wp.kristdemokraterna.se\/vasternorrland\/wp-json\/wp\/v2\/posts\/351752\/revisions\/351756"}],"wp:attachment":[{"href":"https:\/\/wp.kristdemokraterna.se\/vasternorrland\/wp-json\/wp\/v2\/media?parent=351752"}],"wp:term":[{"taxonomy":"category","embeddable":true,"href":"https:\/\/wp.kristdemokraterna.se\/vasternorrland\/wp-json\/wp\/v2\/categories?post=351752"},{"taxonomy":"post_tag","embeddable":true,"href":"https:\/\/wp.kristdemokraterna.se\/vasternorrland\/wp-json\/wp\/v2\/tags?post=351752"}],"curies":[{"name":"wp","href":"https:\/\/api.w.org\/{rel}","templated":true}]}}