{"id":351810,"date":"2021-05-07T13:30:55","date_gmt":"2021-05-07T11:30:55","guid":{"rendered":"https:\/\/wp.kristdemokraterna.se\/vasternorrland\/?p=351810"},"modified":"2021-05-10T13:32:46","modified_gmt":"2021-05-10T11:32:46","slug":"civilsamhallet-viktigt-eller-inte","status":"publish","type":"post","link":"https:\/\/wp.kristdemokraterna.se\/vasternorrland\/civilsamhallet-viktigt-eller-inte\/","title":{"rendered":"Civilsamh\u00e4llet &#8211; viktigt eller inte"},"content":{"rendered":"<p>L\u00e4ns\u00f6verenskommelsen var regionens stora verktyg f\u00f6r samverkan med civilsamh\u00e4llets akt\u00f6rer<a href=\"#_ftn1\" name=\"_ftnref1\">[1]<\/a> och hade som m\u00e5l &#8221;st\u00e4rka samspelet mellan den id\u00e9burna sektorn och Region V\u00e4sternorrland&#8221;. \u00d6verenskommelsens antogs av fullm\u00e4ktige i april 2017. Sen tog resan slut; efter valet 2018 verkar den nya majoriteten (S, M och L) lagt \u00f6verenskommelsen \u00e5t sidan och under h\u00f6sten 2020 kom f\u00f6rslaget att helt avveckla L\u00e4ns\u00f6verenskommelsen.<\/p>\n<p>Den 20 september 2020 kom fr\u00e5gan upp i fullm\u00e4ktige.<a href=\"#_ftn2\" name=\"_ftnref2\">[2]<\/a> Socialdemokraterna yrkade p\u00e5 att slopa L\u00e4ns\u00f6verenskommelsen. Vid voteringen fick man st\u00f6d av majoritetens \u00f6vriga partier M och L, men ocks\u00e5 av Sverigedemokraterna och V\u00e4nsterpartiet.<\/p>\n<p>Oppositionspartierna Kristdemokraterna, Centerpartiet och Sjukv\u00e5rdspartiet V\u00e4sternorrland r\u00f6stade emot en avveckling.<\/p>\n<p>Det officiella motivet att slopa L\u00e4ns\u00f6verenskommelsen var att <em>&#8221;\u00f6verenskommelsen inte uppfyllt sitt syfte&#8221;<\/em>. Javisst kunde man p\u00e5st\u00e5 det, det ju ett enkelt s\u00e4tt att komma undan n\u00e4r man inte alls brytt sig om att jobba aktivt f\u00f6r ett starkare civilsamh\u00e4lle.<\/p>\n<p>Hursomhelst s\u00e5 tog man, vid sidan om avvecklingsbeslutet, ocks\u00e5 beslutet att uppdra till regiondirekt\u00f6ren att <em>\u201dg\u00f6ra en \u00f6versyn av nuvarande samverkan mellan civila samh\u00e4llet och Region V\u00e4sternorrland, samt att denna \u00e5tf\u00f6ljs med f\u00f6rslag p\u00e5 en metod och struktur f\u00f6r samverkan i syfte att st\u00e4rka h\u00e5llbar regional utveckling och god och n\u00e4ra v\u00e5rd\u201d.<\/em><\/p>\n<p>Det har g\u00e5tt en bra tid nu sedan september f\u00f6rra \u00e5ret och den beslutade \u00f6versynen borde d\u00e4rf\u00f6r varit klar vid det h\u00e4r laget, dvs. om man menar allvar med att man vill ha en utvecklad samverkan med civilsamh\u00e4llet.<\/p>\n<p>Utifr\u00e5n ovanst\u00e5ende redovisning och slutsatser samt att jag som kristdemokrat vill se en f\u00f6r\u00e4ndrad inst\u00e4llning till civilsamh\u00e4llet, vilket bidrar starkt till ett v\u00e4l fungerande samh\u00e4lle, vill jag st\u00e4lla f\u00f6ljande fr\u00e5gor:<\/p>\n<ul>\n<li>Hur l\u00e5ngt har \u00f6versynen av nuvarande samverkan kommit?<\/li>\n<li>N\u00e4r kommer ett f\u00e4rdigt f\u00f6rslag p\u00e5 en metod och struktur f\u00f6r regionens framtida samverkan med civilsamh\u00e4llet?<\/li>\n<\/ul>\n<p>H\u00e4ggsj\u00f6 7 maj 2021<\/p>\n<p>Henrik Sendelbach<br \/>\nKristdemokraterna<\/p>\n<p><a href=\"#_ftnref1\" name=\"_ftn1\">[1]<\/a> Exempel p\u00e5 akt\u00f6rer \u00e4r samverkande individer och olika id\u00e9burna sammanslutningar s\u00e5som hembygdsf\u00f6reningar, ideella f\u00f6reningar, idrottsf\u00f6reningar, kolonitr\u00e4dg\u00e5rdar, kyrkan, privata stiftelser, studief\u00f6rbund och v\u00e4lg\u00f6renhetsorganisationer. K\u00e4lla: Wikipedia. <a href=\"https:\/\/sv.wikipedia.org\/wiki\/Civilsamh\u00e4llet\">https:\/\/sv.wikipedia.org\/wiki\/Civilsamh\u00e4llet<\/a><\/p>\n<p><a href=\"#_ftnref2\" name=\"_ftn2\">[2]<\/a> Protokoll Regionfullm\u00e4ktige (20RS2), 23 september 2020, sid 32<\/p>\n<hr \/>\n<p>Artikeln \u00e4r en interpellation st\u00e4lld till ordf\u00f6randen f\u00f6r n\u00e4mnden f\u00f6r h\u00e5llbar utveckling<\/p>\n","protected":false},"excerpt":{"rendered":"<p>L\u00e4ns\u00f6verenskommelsen var regionens stora verktyg f\u00f6r samverkan med civilsamh\u00e4llets akt\u00f6rer[1] och hade som m\u00e5l &#8221;st\u00e4rka samspelet mellan den id\u00e9burna sektorn och Region V\u00e4sternorrland&#8221;. \u00d6verenskommelsens antogs av fullm\u00e4ktige i april 2017. Sen tog resan slut; efter valet 2018 verkar den nya majoriteten (S, M och L) lagt \u00f6verenskommelsen \u00e5t sidan och under h\u00f6sten 2020 kom f\u00f6rslaget <a class=\"read-more-link\" href=\"https:\/\/wp.kristdemokraterna.se\/vasternorrland\/civilsamhallet-viktigt-eller-inte\/\">Read More<\/a><\/p>\n","protected":false},"author":861,"featured_media":0,"comment_status":"closed","ping_status":"closed","sticky":false,"template":"","format":"standard","meta":{"_acf_changed":false,"footnotes":""},"categories":[727,130],"tags":[543,127,448,39,125,126],"class_list":["post-351810","post","type-post","status-publish","format-standard","hentry","category-nyheter","category-samverkan","tag-alla-inlagg","tag-civilsamhalle","tag-henrik-sendelbach","tag-interpellation","tag-lansoverenskommelsen","tag-samverkan"],"acf":[],"yoast_head":"<!-- This site is optimized with the Yoast SEO plugin v27.4 - https:\/\/yoast.com\/product\/yoast-seo-wordpress\/ -->\n<title>Civilsamh\u00e4llet - viktigt eller inte | KD V\u00e4sternorrland<\/title>\n<meta name=\"robots\" content=\"index, follow, max-snippet:-1, max-image-preview:large, max-video-preview:-1\" \/>\n<link rel=\"canonical\" href=\"https:\/\/wp.kristdemokraterna.se\/vasternorrland\/civilsamhallet-viktigt-eller-inte\/\" \/>\n<meta property=\"og:locale\" content=\"sv_SE\" \/>\n<meta property=\"og:type\" content=\"article\" \/>\n<meta property=\"og:title\" content=\"Civilsamh\u00e4llet - viktigt eller inte | KD V\u00e4sternorrland\" \/>\n<meta property=\"og:description\" content=\"L\u00e4ns\u00f6verenskommelsen var regionens stora verktyg f\u00f6r samverkan med civilsamh\u00e4llets akt\u00f6rer[1] och hade som m\u00e5l &#8221;st\u00e4rka samspelet mellan den id\u00e9burna sektorn och Region V\u00e4sternorrland&#8221;. \u00d6verenskommelsens antogs av fullm\u00e4ktige i april 2017. Sen tog resan slut; efter valet 2018 verkar den nya majoriteten (S, M och L) lagt \u00f6verenskommelsen \u00e5t sidan och under h\u00f6sten 2020 kom f\u00f6rslaget Read More\" \/>\n<meta property=\"og:url\" content=\"https:\/\/wp.kristdemokraterna.se\/vasternorrland\/civilsamhallet-viktigt-eller-inte\/\" \/>\n<meta property=\"og:site_name\" content=\"KD V\u00e4sternorrland\" \/>\n<meta property=\"article:publisher\" content=\"https:\/\/www.facebook.com\/kdrvn\/\" \/>\n<meta property=\"article:published_time\" content=\"2021-05-07T11:30:55+00:00\" \/>\n<meta property=\"article:modified_time\" content=\"2021-05-10T11:32:46+00:00\" \/>\n<meta name=\"author\" content=\"sendelbach\" \/>\n<meta name=\"twitter:card\" content=\"summary_large_image\" \/>\n<meta name=\"twitter:label1\" content=\"Skriven av\" \/>\n\t<meta name=\"twitter:data1\" content=\"sendelbach\" \/>\n\t<meta name=\"twitter:label2\" content=\"Ber\u00e4knad l\u00e4stid\" \/>\n\t<meta name=\"twitter:data2\" content=\"2 minuter\" \/>\n<script type=\"application\/ld+json\" class=\"yoast-schema-graph\">{\"@context\":\"https:\\\/\\\/schema.org\",\"@graph\":[{\"@type\":\"Article\",\"@id\":\"https:\\\/\\\/wp.kristdemokraterna.se\\\/vasternorrland\\\/civilsamhallet-viktigt-eller-inte\\\/#article\",\"isPartOf\":{\"@id\":\"https:\\\/\\\/wp.kristdemokraterna.se\\\/vasternorrland\\\/civilsamhallet-viktigt-eller-inte\\\/\"},\"author\":{\"name\":\"sendelbach\",\"@id\":\"https:\\\/\\\/wp.kristdemokraterna.se\\\/vasternorrland\\\/#\\\/schema\\\/person\\\/c253503d86970574912dff6ec658bf28\"},\"headline\":\"Civilsamh\u00e4llet &#8211; viktigt eller inte\",\"datePublished\":\"2021-05-07T11:30:55+00:00\",\"dateModified\":\"2021-05-10T11:32:46+00:00\",\"mainEntityOfPage\":{\"@id\":\"https:\\\/\\\/wp.kristdemokraterna.se\\\/vasternorrland\\\/civilsamhallet-viktigt-eller-inte\\\/\"},\"wordCount\":424,\"keywords\":[\"alla inl\u00e4gg\",\"civilsamh\u00e4lle\",\"Henrik Sendelbach\",\"interpellation\",\"L\u00e4ns\u00f6verenskommelsen\",\"samverkan\"],\"articleSection\":[\"Nyheter\",\"Samverkan\"],\"inLanguage\":\"sv-SE\"},{\"@type\":\"WebPage\",\"@id\":\"https:\\\/\\\/wp.kristdemokraterna.se\\\/vasternorrland\\\/civilsamhallet-viktigt-eller-inte\\\/\",\"url\":\"https:\\\/\\\/wp.kristdemokraterna.se\\\/vasternorrland\\\/civilsamhallet-viktigt-eller-inte\\\/\",\"name\":\"Civilsamh\u00e4llet - viktigt eller inte | KD V\u00e4sternorrland\",\"isPartOf\":{\"@id\":\"https:\\\/\\\/wp.kristdemokraterna.se\\\/vasternorrland\\\/#website\"},\"datePublished\":\"2021-05-07T11:30:55+00:00\",\"dateModified\":\"2021-05-10T11:32:46+00:00\",\"author\":{\"@id\":\"https:\\\/\\\/wp.kristdemokraterna.se\\\/vasternorrland\\\/#\\\/schema\\\/person\\\/c253503d86970574912dff6ec658bf28\"},\"breadcrumb\":{\"@id\":\"https:\\\/\\\/wp.kristdemokraterna.se\\\/vasternorrland\\\/civilsamhallet-viktigt-eller-inte\\\/#breadcrumb\"},\"inLanguage\":\"sv-SE\",\"potentialAction\":[{\"@type\":\"ReadAction\",\"target\":[\"https:\\\/\\\/wp.kristdemokraterna.se\\\/vasternorrland\\\/civilsamhallet-viktigt-eller-inte\\\/\"]}]},{\"@type\":\"BreadcrumbList\",\"@id\":\"https:\\\/\\\/wp.kristdemokraterna.se\\\/vasternorrland\\\/civilsamhallet-viktigt-eller-inte\\\/#breadcrumb\",\"itemListElement\":[{\"@type\":\"ListItem\",\"position\":1,\"name\":\"Hem\",\"item\":\"https:\\\/\\\/wp.kristdemokraterna.se\\\/vasternorrland\\\/\"},{\"@type\":\"ListItem\",\"position\":2,\"name\":\"Civilsamh\u00e4llet &#8211; viktigt eller inte\"}]},{\"@type\":\"WebSite\",\"@id\":\"https:\\\/\\\/wp.kristdemokraterna.se\\\/vasternorrland\\\/#website\",\"url\":\"https:\\\/\\\/wp.kristdemokraterna.se\\\/vasternorrland\\\/\",\"name\":\"KD V\u00e4sternorrland\",\"description\":\"V\u00e5rda v\u00e5rden - utveckla prim\u00e4rv\u00e5rden\",\"inLanguage\":\"sv-SE\"},{\"@type\":\"Person\",\"@id\":\"https:\\\/\\\/wp.kristdemokraterna.se\\\/vasternorrland\\\/#\\\/schema\\\/person\\\/c253503d86970574912dff6ec658bf28\",\"name\":\"sendelbach\",\"image\":{\"@type\":\"ImageObject\",\"inLanguage\":\"sv-SE\",\"@id\":\"https:\\\/\\\/secure.gravatar.com\\\/avatar\\\/0499a666be08fad4eb4333dbfba8681b8ebe23a978ce2e4c44818b2c5e2415b8?s=96&r=g\",\"url\":\"https:\\\/\\\/secure.gravatar.com\\\/avatar\\\/0499a666be08fad4eb4333dbfba8681b8ebe23a978ce2e4c44818b2c5e2415b8?s=96&r=g\",\"contentUrl\":\"https:\\\/\\\/secure.gravatar.com\\\/avatar\\\/0499a666be08fad4eb4333dbfba8681b8ebe23a978ce2e4c44818b2c5e2415b8?s=96&r=g\",\"caption\":\"sendelbach\"},\"url\":\"https:\\\/\\\/wp.kristdemokraterna.se\\\/vasternorrland\\\/author\\\/sendelbach\\\/\"}]}<\/script>\n<!-- \/ Yoast SEO plugin. -->","yoast_head_json":{"title":"Civilsamh\u00e4llet - viktigt eller inte | KD V\u00e4sternorrland","robots":{"index":"index","follow":"follow","max-snippet":"max-snippet:-1","max-image-preview":"max-image-preview:large","max-video-preview":"max-video-preview:-1"},"canonical":"https:\/\/wp.kristdemokraterna.se\/vasternorrland\/civilsamhallet-viktigt-eller-inte\/","og_locale":"sv_SE","og_type":"article","og_title":"Civilsamh\u00e4llet - viktigt eller inte | KD V\u00e4sternorrland","og_description":"L\u00e4ns\u00f6verenskommelsen var regionens stora verktyg f\u00f6r samverkan med civilsamh\u00e4llets akt\u00f6rer[1] och hade som m\u00e5l &#8221;st\u00e4rka samspelet mellan den id\u00e9burna sektorn och Region V\u00e4sternorrland&#8221;. \u00d6verenskommelsens antogs av fullm\u00e4ktige i april 2017. Sen tog resan slut; efter valet 2018 verkar den nya majoriteten (S, M och L) lagt \u00f6verenskommelsen \u00e5t sidan och under h\u00f6sten 2020 kom f\u00f6rslaget Read More","og_url":"https:\/\/wp.kristdemokraterna.se\/vasternorrland\/civilsamhallet-viktigt-eller-inte\/","og_site_name":"KD V\u00e4sternorrland","article_publisher":"https:\/\/www.facebook.com\/kdrvn\/","article_published_time":"2021-05-07T11:30:55+00:00","article_modified_time":"2021-05-10T11:32:46+00:00","author":"sendelbach","twitter_card":"summary_large_image","twitter_misc":{"Skriven av":"sendelbach","Ber\u00e4knad l\u00e4stid":"2 minuter"},"schema":{"@context":"https:\/\/schema.org","@graph":[{"@type":"Article","@id":"https:\/\/wp.kristdemokraterna.se\/vasternorrland\/civilsamhallet-viktigt-eller-inte\/#article","isPartOf":{"@id":"https:\/\/wp.kristdemokraterna.se\/vasternorrland\/civilsamhallet-viktigt-eller-inte\/"},"author":{"name":"sendelbach","@id":"https:\/\/wp.kristdemokraterna.se\/vasternorrland\/#\/schema\/person\/c253503d86970574912dff6ec658bf28"},"headline":"Civilsamh\u00e4llet &#8211; viktigt eller inte","datePublished":"2021-05-07T11:30:55+00:00","dateModified":"2021-05-10T11:32:46+00:00","mainEntityOfPage":{"@id":"https:\/\/wp.kristdemokraterna.se\/vasternorrland\/civilsamhallet-viktigt-eller-inte\/"},"wordCount":424,"keywords":["alla inl\u00e4gg","civilsamh\u00e4lle","Henrik Sendelbach","interpellation","L\u00e4ns\u00f6verenskommelsen","samverkan"],"articleSection":["Nyheter","Samverkan"],"inLanguage":"sv-SE"},{"@type":"WebPage","@id":"https:\/\/wp.kristdemokraterna.se\/vasternorrland\/civilsamhallet-viktigt-eller-inte\/","url":"https:\/\/wp.kristdemokraterna.se\/vasternorrland\/civilsamhallet-viktigt-eller-inte\/","name":"Civilsamh\u00e4llet - viktigt eller inte | KD V\u00e4sternorrland","isPartOf":{"@id":"https:\/\/wp.kristdemokraterna.se\/vasternorrland\/#website"},"datePublished":"2021-05-07T11:30:55+00:00","dateModified":"2021-05-10T11:32:46+00:00","author":{"@id":"https:\/\/wp.kristdemokraterna.se\/vasternorrland\/#\/schema\/person\/c253503d86970574912dff6ec658bf28"},"breadcrumb":{"@id":"https:\/\/wp.kristdemokraterna.se\/vasternorrland\/civilsamhallet-viktigt-eller-inte\/#breadcrumb"},"inLanguage":"sv-SE","potentialAction":[{"@type":"ReadAction","target":["https:\/\/wp.kristdemokraterna.se\/vasternorrland\/civilsamhallet-viktigt-eller-inte\/"]}]},{"@type":"BreadcrumbList","@id":"https:\/\/wp.kristdemokraterna.se\/vasternorrland\/civilsamhallet-viktigt-eller-inte\/#breadcrumb","itemListElement":[{"@type":"ListItem","position":1,"name":"Hem","item":"https:\/\/wp.kristdemokraterna.se\/vasternorrland\/"},{"@type":"ListItem","position":2,"name":"Civilsamh\u00e4llet &#8211; viktigt eller inte"}]},{"@type":"WebSite","@id":"https:\/\/wp.kristdemokraterna.se\/vasternorrland\/#website","url":"https:\/\/wp.kristdemokraterna.se\/vasternorrland\/","name":"KD V\u00e4sternorrland","description":"V\u00e5rda v\u00e5rden - utveckla prim\u00e4rv\u00e5rden","inLanguage":"sv-SE"},{"@type":"Person","@id":"https:\/\/wp.kristdemokraterna.se\/vasternorrland\/#\/schema\/person\/c253503d86970574912dff6ec658bf28","name":"sendelbach","image":{"@type":"ImageObject","inLanguage":"sv-SE","@id":"https:\/\/secure.gravatar.com\/avatar\/0499a666be08fad4eb4333dbfba8681b8ebe23a978ce2e4c44818b2c5e2415b8?s=96&r=g","url":"https:\/\/secure.gravatar.com\/avatar\/0499a666be08fad4eb4333dbfba8681b8ebe23a978ce2e4c44818b2c5e2415b8?s=96&r=g","contentUrl":"https:\/\/secure.gravatar.com\/avatar\/0499a666be08fad4eb4333dbfba8681b8ebe23a978ce2e4c44818b2c5e2415b8?s=96&r=g","caption":"sendelbach"},"url":"https:\/\/wp.kristdemokraterna.se\/vasternorrland\/author\/sendelbach\/"}]}},"_links":{"self":[{"href":"https:\/\/wp.kristdemokraterna.se\/vasternorrland\/wp-json\/wp\/v2\/posts\/351810","targetHints":{"allow":["GET"]}}],"collection":[{"href":"https:\/\/wp.kristdemokraterna.se\/vasternorrland\/wp-json\/wp\/v2\/posts"}],"about":[{"href":"https:\/\/wp.kristdemokraterna.se\/vasternorrland\/wp-json\/wp\/v2\/types\/post"}],"author":[{"embeddable":true,"href":"https:\/\/wp.kristdemokraterna.se\/vasternorrland\/wp-json\/wp\/v2\/users\/861"}],"replies":[{"embeddable":true,"href":"https:\/\/wp.kristdemokraterna.se\/vasternorrland\/wp-json\/wp\/v2\/comments?post=351810"}],"version-history":[{"count":1,"href":"https:\/\/wp.kristdemokraterna.se\/vasternorrland\/wp-json\/wp\/v2\/posts\/351810\/revisions"}],"predecessor-version":[{"id":351811,"href":"https:\/\/wp.kristdemokraterna.se\/vasternorrland\/wp-json\/wp\/v2\/posts\/351810\/revisions\/351811"}],"wp:attachment":[{"href":"https:\/\/wp.kristdemokraterna.se\/vasternorrland\/wp-json\/wp\/v2\/media?parent=351810"}],"wp:term":[{"taxonomy":"category","embeddable":true,"href":"https:\/\/wp.kristdemokraterna.se\/vasternorrland\/wp-json\/wp\/v2\/categories?post=351810"},{"taxonomy":"post_tag","embeddable":true,"href":"https:\/\/wp.kristdemokraterna.se\/vasternorrland\/wp-json\/wp\/v2\/tags?post=351810"}],"curies":[{"name":"wp","href":"https:\/\/api.w.org\/{rel}","templated":true}]}}