{"id":351823,"date":"2004-04-11T14:44:00","date_gmt":"2004-04-11T12:44:00","guid":{"rendered":"https:\/\/wp.kristdemokraterna.se\/vasternorrland\/?p=351823"},"modified":"2021-05-10T14:48:56","modified_gmt":"2021-05-10T12:48:56","slug":"samverkan-mellan-landstinget-och-kommunerna-for-att-skapa-battre-vard-av-personer-med-missbruksproblem","status":"publish","type":"post","link":"https:\/\/wp.kristdemokraterna.se\/vasternorrland\/samverkan-mellan-landstinget-och-kommunerna-for-att-skapa-battre-vard-av-personer-med-missbruksproblem\/","title":{"rendered":"Samverkan mellan landstinget och kommunerna f\u00f6r att skapa b\u00e4ttre v\u00e5rd av personer med missbruksproblem"},"content":{"rendered":"<p>Den 31 januari skriver Sundsvalls Tidning (ST) p\u00e5 ledarsidan om dumdristig byr\u00e5krati. Man syftar p\u00e5 den konflikt som uppst\u00e5tt mellan Sundsvalls kommun och landstinget avseende \u00f6ppnandet av en ny beroendeenhet vid Sundsvalls sjukhus. Den skulle bland annat arbeta med metadon- och subutexbehandling f\u00f6r tunga missbrukare. Syftet uppges vara att undvika att missbrukare hamnar i kl\u00e4m mellan olika befintliga verksamheter. Men n\u00e5gon l\u00f6sning fanns inte.<\/p>\n<p>ST:s slutsats \u00e4r att denna konflikt ytterligare en g\u00e5ng visat p\u00e5 hur akut behovet av en samordning av missbrukarv\u00e5rden \u00e4r.<\/p>\n<p>Kristdemokraterna motionerade h\u00f6sten 2003 om en \u00f6versyn av landstingets ansvar f\u00f6r avgiftning av missbrukare med mera. Svaret avvisade att det fanns n\u00e5got s\u00e5dant behov, d\u00e5 f\u00f6rdelningen av ansvar framst\u00e4lldes som solklar. Den fortsatta debatten, b\u00e5de nationellt och regionalt, bryter emellertid starkt mot den beskrivningen.<\/p>\n<p>Min fr\u00e5ga till landstingsr\u00e5det \u00e4r d\u00e4rf\u00f6r:<\/p>\n<ul>\n<li>Finns det idag en fungerande och r\u00e4tt dimensionerad v\u00e5rd f\u00f6r personer med missbruksproblem i V\u00e4sternorrland?<\/li>\n<li>Anser Du att det politiska ansvaret ligger p\u00e5 h\u00e4lso- och sjukv\u00e5rdsdelegationen eller arbetsutskottet?<\/li>\n<\/ul>\n<p>H\u00e4rn\u00f6sand den 11 april 2004<\/p>\n<p>Sverker \u00c5gren<br \/>\nKristdemokraterna<\/p>\n<hr \/>\n<p>Artikeln \u00e4r en interpellation st\u00e4lld till landstingsr\u00e5det Ewa S\u00f6derberg.<\/p>\n","protected":false},"excerpt":{"rendered":"<p>Den 31 januari skriver Sundsvalls Tidning (ST) p\u00e5 ledarsidan om dumdristig byr\u00e5krati. Man syftar p\u00e5 den konflikt som uppst\u00e5tt mellan Sundsvalls kommun och landstinget avseende \u00f6ppnandet av en ny beroendeenhet vid Sundsvalls sjukhus. Den skulle bland annat arbeta med metadon- och subutexbehandling f\u00f6r tunga missbrukare. Syftet uppges vara att undvika att missbrukare hamnar i kl\u00e4m <a class=\"read-more-link\" href=\"https:\/\/wp.kristdemokraterna.se\/vasternorrland\/samverkan-mellan-landstinget-och-kommunerna-for-att-skapa-battre-vard-av-personer-med-missbruksproblem\/\">Read More<\/a><\/p>\n","protected":false},"author":861,"featured_media":0,"comment_status":"closed","ping_status":"closed","sticky":false,"template":"","format":"standard","meta":{"_acf_changed":false,"footnotes":""},"categories":[1],"tags":[],"class_list":["post-351823","post","type-post","status-publish","format-standard","hentry","category-okategoriserade"],"acf":[],"yoast_head":"<!-- This site is optimized with the Yoast SEO plugin v27.5 - https:\/\/yoast.com\/product\/yoast-seo-wordpress\/ -->\n<title>Samverkan mellan landstinget och kommunerna f\u00f6r att skapa b\u00e4ttre v\u00e5rd av personer med missbruksproblem | KD V\u00e4sternorrland<\/title>\n<meta name=\"robots\" content=\"index, follow, max-snippet:-1, max-image-preview:large, max-video-preview:-1\" \/>\n<link rel=\"canonical\" href=\"https:\/\/wp.kristdemokraterna.se\/vasternorrland\/samverkan-mellan-landstinget-och-kommunerna-for-att-skapa-battre-vard-av-personer-med-missbruksproblem\/\" \/>\n<meta property=\"og:locale\" content=\"sv_SE\" \/>\n<meta property=\"og:type\" content=\"article\" \/>\n<meta property=\"og:title\" content=\"Samverkan mellan landstinget och kommunerna f\u00f6r att skapa b\u00e4ttre v\u00e5rd av personer med missbruksproblem | KD V\u00e4sternorrland\" \/>\n<meta property=\"og:description\" content=\"Den 31 januari skriver Sundsvalls Tidning (ST) p\u00e5 ledarsidan om dumdristig byr\u00e5krati. Man syftar p\u00e5 den konflikt som uppst\u00e5tt mellan Sundsvalls kommun och landstinget avseende \u00f6ppnandet av en ny beroendeenhet vid Sundsvalls sjukhus. Den skulle bland annat arbeta med metadon- och subutexbehandling f\u00f6r tunga missbrukare. Syftet uppges vara att undvika att missbrukare hamnar i kl\u00e4m Read More\" \/>\n<meta property=\"og:url\" content=\"https:\/\/wp.kristdemokraterna.se\/vasternorrland\/samverkan-mellan-landstinget-och-kommunerna-for-att-skapa-battre-vard-av-personer-med-missbruksproblem\/\" \/>\n<meta property=\"og:site_name\" content=\"KD V\u00e4sternorrland\" \/>\n<meta property=\"article:publisher\" content=\"https:\/\/www.facebook.com\/kdrvn\/\" \/>\n<meta property=\"article:published_time\" content=\"2004-04-11T12:44:00+00:00\" \/>\n<meta property=\"article:modified_time\" content=\"2021-05-10T12:48:56+00:00\" \/>\n<meta name=\"author\" content=\"sendelbach\" \/>\n<meta name=\"twitter:card\" content=\"summary_large_image\" \/>\n<meta name=\"twitter:label1\" content=\"Skriven av\" \/>\n\t<meta name=\"twitter:data1\" content=\"sendelbach\" \/>\n\t<meta name=\"twitter:label2\" content=\"Ber\u00e4knad l\u00e4stid\" \/>\n\t<meta name=\"twitter:data2\" content=\"1 minut\" \/>\n<script type=\"application\/ld+json\" class=\"yoast-schema-graph\">{\"@context\":\"https:\\\/\\\/schema.org\",\"@graph\":[{\"@type\":\"Article\",\"@id\":\"https:\\\/\\\/wp.kristdemokraterna.se\\\/vasternorrland\\\/samverkan-mellan-landstinget-och-kommunerna-for-att-skapa-battre-vard-av-personer-med-missbruksproblem\\\/#article\",\"isPartOf\":{\"@id\":\"https:\\\/\\\/wp.kristdemokraterna.se\\\/vasternorrland\\\/samverkan-mellan-landstinget-och-kommunerna-for-att-skapa-battre-vard-av-personer-med-missbruksproblem\\\/\"},\"author\":{\"name\":\"sendelbach\",\"@id\":\"https:\\\/\\\/wp.kristdemokraterna.se\\\/vasternorrland\\\/#\\\/schema\\\/person\\\/c253503d86970574912dff6ec658bf28\"},\"headline\":\"Samverkan mellan landstinget och kommunerna f\u00f6r att skapa b\u00e4ttre v\u00e5rd av personer med missbruksproblem\",\"datePublished\":\"2004-04-11T12:44:00+00:00\",\"dateModified\":\"2021-05-10T12:48:56+00:00\",\"mainEntityOfPage\":{\"@id\":\"https:\\\/\\\/wp.kristdemokraterna.se\\\/vasternorrland\\\/samverkan-mellan-landstinget-och-kommunerna-for-att-skapa-battre-vard-av-personer-med-missbruksproblem\\\/\"},\"wordCount\":223,\"inLanguage\":\"sv-SE\"},{\"@type\":\"WebPage\",\"@id\":\"https:\\\/\\\/wp.kristdemokraterna.se\\\/vasternorrland\\\/samverkan-mellan-landstinget-och-kommunerna-for-att-skapa-battre-vard-av-personer-med-missbruksproblem\\\/\",\"url\":\"https:\\\/\\\/wp.kristdemokraterna.se\\\/vasternorrland\\\/samverkan-mellan-landstinget-och-kommunerna-for-att-skapa-battre-vard-av-personer-med-missbruksproblem\\\/\",\"name\":\"Samverkan mellan landstinget och kommunerna f\u00f6r att skapa b\u00e4ttre v\u00e5rd av personer med missbruksproblem | KD V\u00e4sternorrland\",\"isPartOf\":{\"@id\":\"https:\\\/\\\/wp.kristdemokraterna.se\\\/vasternorrland\\\/#website\"},\"datePublished\":\"2004-04-11T12:44:00+00:00\",\"dateModified\":\"2021-05-10T12:48:56+00:00\",\"author\":{\"@id\":\"https:\\\/\\\/wp.kristdemokraterna.se\\\/vasternorrland\\\/#\\\/schema\\\/person\\\/c253503d86970574912dff6ec658bf28\"},\"breadcrumb\":{\"@id\":\"https:\\\/\\\/wp.kristdemokraterna.se\\\/vasternorrland\\\/samverkan-mellan-landstinget-och-kommunerna-for-att-skapa-battre-vard-av-personer-med-missbruksproblem\\\/#breadcrumb\"},\"inLanguage\":\"sv-SE\",\"potentialAction\":[{\"@type\":\"ReadAction\",\"target\":[\"https:\\\/\\\/wp.kristdemokraterna.se\\\/vasternorrland\\\/samverkan-mellan-landstinget-och-kommunerna-for-att-skapa-battre-vard-av-personer-med-missbruksproblem\\\/\"]}]},{\"@type\":\"BreadcrumbList\",\"@id\":\"https:\\\/\\\/wp.kristdemokraterna.se\\\/vasternorrland\\\/samverkan-mellan-landstinget-och-kommunerna-for-att-skapa-battre-vard-av-personer-med-missbruksproblem\\\/#breadcrumb\",\"itemListElement\":[{\"@type\":\"ListItem\",\"position\":1,\"name\":\"Hem\",\"item\":\"https:\\\/\\\/wp.kristdemokraterna.se\\\/vasternorrland\\\/\"},{\"@type\":\"ListItem\",\"position\":2,\"name\":\"Samverkan mellan landstinget och kommunerna f\u00f6r att skapa b\u00e4ttre v\u00e5rd av personer med missbruksproblem\"}]},{\"@type\":\"WebSite\",\"@id\":\"https:\\\/\\\/wp.kristdemokraterna.se\\\/vasternorrland\\\/#website\",\"url\":\"https:\\\/\\\/wp.kristdemokraterna.se\\\/vasternorrland\\\/\",\"name\":\"KD V\u00e4sternorrland\",\"description\":\"V\u00e5rda v\u00e5rden - utveckla prim\u00e4rv\u00e5rden\",\"inLanguage\":\"sv-SE\"},{\"@type\":\"Person\",\"@id\":\"https:\\\/\\\/wp.kristdemokraterna.se\\\/vasternorrland\\\/#\\\/schema\\\/person\\\/c253503d86970574912dff6ec658bf28\",\"name\":\"sendelbach\",\"image\":{\"@type\":\"ImageObject\",\"inLanguage\":\"sv-SE\",\"@id\":\"https:\\\/\\\/secure.gravatar.com\\\/avatar\\\/0499a666be08fad4eb4333dbfba8681b8ebe23a978ce2e4c44818b2c5e2415b8?s=96&r=g\",\"url\":\"https:\\\/\\\/secure.gravatar.com\\\/avatar\\\/0499a666be08fad4eb4333dbfba8681b8ebe23a978ce2e4c44818b2c5e2415b8?s=96&r=g\",\"contentUrl\":\"https:\\\/\\\/secure.gravatar.com\\\/avatar\\\/0499a666be08fad4eb4333dbfba8681b8ebe23a978ce2e4c44818b2c5e2415b8?s=96&r=g\",\"caption\":\"sendelbach\"},\"url\":\"https:\\\/\\\/wp.kristdemokraterna.se\\\/vasternorrland\\\/author\\\/sendelbach\\\/\"}]}<\/script>\n<!-- \/ Yoast SEO plugin. -->","yoast_head_json":{"title":"Samverkan mellan landstinget och kommunerna f\u00f6r att skapa b\u00e4ttre v\u00e5rd av personer med missbruksproblem | KD V\u00e4sternorrland","robots":{"index":"index","follow":"follow","max-snippet":"max-snippet:-1","max-image-preview":"max-image-preview:large","max-video-preview":"max-video-preview:-1"},"canonical":"https:\/\/wp.kristdemokraterna.se\/vasternorrland\/samverkan-mellan-landstinget-och-kommunerna-for-att-skapa-battre-vard-av-personer-med-missbruksproblem\/","og_locale":"sv_SE","og_type":"article","og_title":"Samverkan mellan landstinget och kommunerna f\u00f6r att skapa b\u00e4ttre v\u00e5rd av personer med missbruksproblem | KD V\u00e4sternorrland","og_description":"Den 31 januari skriver Sundsvalls Tidning (ST) p\u00e5 ledarsidan om dumdristig byr\u00e5krati. Man syftar p\u00e5 den konflikt som uppst\u00e5tt mellan Sundsvalls kommun och landstinget avseende \u00f6ppnandet av en ny beroendeenhet vid Sundsvalls sjukhus. Den skulle bland annat arbeta med metadon- och subutexbehandling f\u00f6r tunga missbrukare. Syftet uppges vara att undvika att missbrukare hamnar i kl\u00e4m Read More","og_url":"https:\/\/wp.kristdemokraterna.se\/vasternorrland\/samverkan-mellan-landstinget-och-kommunerna-for-att-skapa-battre-vard-av-personer-med-missbruksproblem\/","og_site_name":"KD V\u00e4sternorrland","article_publisher":"https:\/\/www.facebook.com\/kdrvn\/","article_published_time":"2004-04-11T12:44:00+00:00","article_modified_time":"2021-05-10T12:48:56+00:00","author":"sendelbach","twitter_card":"summary_large_image","twitter_misc":{"Skriven av":"sendelbach","Ber\u00e4knad l\u00e4stid":"1 minut"},"schema":{"@context":"https:\/\/schema.org","@graph":[{"@type":"Article","@id":"https:\/\/wp.kristdemokraterna.se\/vasternorrland\/samverkan-mellan-landstinget-och-kommunerna-for-att-skapa-battre-vard-av-personer-med-missbruksproblem\/#article","isPartOf":{"@id":"https:\/\/wp.kristdemokraterna.se\/vasternorrland\/samverkan-mellan-landstinget-och-kommunerna-for-att-skapa-battre-vard-av-personer-med-missbruksproblem\/"},"author":{"name":"sendelbach","@id":"https:\/\/wp.kristdemokraterna.se\/vasternorrland\/#\/schema\/person\/c253503d86970574912dff6ec658bf28"},"headline":"Samverkan mellan landstinget och kommunerna f\u00f6r att skapa b\u00e4ttre v\u00e5rd av personer med missbruksproblem","datePublished":"2004-04-11T12:44:00+00:00","dateModified":"2021-05-10T12:48:56+00:00","mainEntityOfPage":{"@id":"https:\/\/wp.kristdemokraterna.se\/vasternorrland\/samverkan-mellan-landstinget-och-kommunerna-for-att-skapa-battre-vard-av-personer-med-missbruksproblem\/"},"wordCount":223,"inLanguage":"sv-SE"},{"@type":"WebPage","@id":"https:\/\/wp.kristdemokraterna.se\/vasternorrland\/samverkan-mellan-landstinget-och-kommunerna-for-att-skapa-battre-vard-av-personer-med-missbruksproblem\/","url":"https:\/\/wp.kristdemokraterna.se\/vasternorrland\/samverkan-mellan-landstinget-och-kommunerna-for-att-skapa-battre-vard-av-personer-med-missbruksproblem\/","name":"Samverkan mellan landstinget och kommunerna f\u00f6r att skapa b\u00e4ttre v\u00e5rd av personer med missbruksproblem | KD V\u00e4sternorrland","isPartOf":{"@id":"https:\/\/wp.kristdemokraterna.se\/vasternorrland\/#website"},"datePublished":"2004-04-11T12:44:00+00:00","dateModified":"2021-05-10T12:48:56+00:00","author":{"@id":"https:\/\/wp.kristdemokraterna.se\/vasternorrland\/#\/schema\/person\/c253503d86970574912dff6ec658bf28"},"breadcrumb":{"@id":"https:\/\/wp.kristdemokraterna.se\/vasternorrland\/samverkan-mellan-landstinget-och-kommunerna-for-att-skapa-battre-vard-av-personer-med-missbruksproblem\/#breadcrumb"},"inLanguage":"sv-SE","potentialAction":[{"@type":"ReadAction","target":["https:\/\/wp.kristdemokraterna.se\/vasternorrland\/samverkan-mellan-landstinget-och-kommunerna-for-att-skapa-battre-vard-av-personer-med-missbruksproblem\/"]}]},{"@type":"BreadcrumbList","@id":"https:\/\/wp.kristdemokraterna.se\/vasternorrland\/samverkan-mellan-landstinget-och-kommunerna-for-att-skapa-battre-vard-av-personer-med-missbruksproblem\/#breadcrumb","itemListElement":[{"@type":"ListItem","position":1,"name":"Hem","item":"https:\/\/wp.kristdemokraterna.se\/vasternorrland\/"},{"@type":"ListItem","position":2,"name":"Samverkan mellan landstinget och kommunerna f\u00f6r att skapa b\u00e4ttre v\u00e5rd av personer med missbruksproblem"}]},{"@type":"WebSite","@id":"https:\/\/wp.kristdemokraterna.se\/vasternorrland\/#website","url":"https:\/\/wp.kristdemokraterna.se\/vasternorrland\/","name":"KD V\u00e4sternorrland","description":"V\u00e5rda v\u00e5rden - utveckla prim\u00e4rv\u00e5rden","inLanguage":"sv-SE"},{"@type":"Person","@id":"https:\/\/wp.kristdemokraterna.se\/vasternorrland\/#\/schema\/person\/c253503d86970574912dff6ec658bf28","name":"sendelbach","image":{"@type":"ImageObject","inLanguage":"sv-SE","@id":"https:\/\/secure.gravatar.com\/avatar\/0499a666be08fad4eb4333dbfba8681b8ebe23a978ce2e4c44818b2c5e2415b8?s=96&r=g","url":"https:\/\/secure.gravatar.com\/avatar\/0499a666be08fad4eb4333dbfba8681b8ebe23a978ce2e4c44818b2c5e2415b8?s=96&r=g","contentUrl":"https:\/\/secure.gravatar.com\/avatar\/0499a666be08fad4eb4333dbfba8681b8ebe23a978ce2e4c44818b2c5e2415b8?s=96&r=g","caption":"sendelbach"},"url":"https:\/\/wp.kristdemokraterna.se\/vasternorrland\/author\/sendelbach\/"}]}},"_links":{"self":[{"href":"https:\/\/wp.kristdemokraterna.se\/vasternorrland\/wp-json\/wp\/v2\/posts\/351823","targetHints":{"allow":["GET"]}}],"collection":[{"href":"https:\/\/wp.kristdemokraterna.se\/vasternorrland\/wp-json\/wp\/v2\/posts"}],"about":[{"href":"https:\/\/wp.kristdemokraterna.se\/vasternorrland\/wp-json\/wp\/v2\/types\/post"}],"author":[{"embeddable":true,"href":"https:\/\/wp.kristdemokraterna.se\/vasternorrland\/wp-json\/wp\/v2\/users\/861"}],"replies":[{"embeddable":true,"href":"https:\/\/wp.kristdemokraterna.se\/vasternorrland\/wp-json\/wp\/v2\/comments?post=351823"}],"version-history":[{"count":1,"href":"https:\/\/wp.kristdemokraterna.se\/vasternorrland\/wp-json\/wp\/v2\/posts\/351823\/revisions"}],"predecessor-version":[{"id":351824,"href":"https:\/\/wp.kristdemokraterna.se\/vasternorrland\/wp-json\/wp\/v2\/posts\/351823\/revisions\/351824"}],"wp:attachment":[{"href":"https:\/\/wp.kristdemokraterna.se\/vasternorrland\/wp-json\/wp\/v2\/media?parent=351823"}],"wp:term":[{"taxonomy":"category","embeddable":true,"href":"https:\/\/wp.kristdemokraterna.se\/vasternorrland\/wp-json\/wp\/v2\/categories?post=351823"},{"taxonomy":"post_tag","embeddable":true,"href":"https:\/\/wp.kristdemokraterna.se\/vasternorrland\/wp-json\/wp\/v2\/tags?post=351823"}],"curies":[{"name":"wp","href":"https:\/\/api.w.org\/{rel}","templated":true}]}}