{"id":351825,"date":"2004-04-29T17:04:10","date_gmt":"2004-04-29T15:04:10","guid":{"rendered":"https:\/\/wp.kristdemokraterna.se\/vasternorrland\/?p=351825"},"modified":"2021-05-10T18:14:04","modified_gmt":"2021-05-10T16:14:04","slug":"svar-pa-interpellation-om-samverkan-mellan-landstinget-och-kommunerna-for-att-skapa-battre-vard-av-personer-med-missbruksproblem","status":"publish","type":"post","link":"https:\/\/wp.kristdemokraterna.se\/vasternorrland\/svar-pa-interpellation-om-samverkan-mellan-landstinget-och-kommunerna-for-att-skapa-battre-vard-av-personer-med-missbruksproblem\/","title":{"rendered":"Svar p\u00e5 interpellation om samverkan mellan landstinget och kommunerna f\u00f6r att skapa b\u00e4ttre v\u00e5rd av personer med missbruksproblem"},"content":{"rendered":"<p>Lennart Johansson, ledamot i h\u00e4lso- och sjukv\u00e5rdsdelegationen l\u00e4mnade f\u00f6ljande svar p\u00e5 Sverker \u00c5grens interpellation om samverkan mellan landstinget och kommunerna f\u00f6r att skapa b\u00e4ttre v\u00e5rd av personer med missbruksproblem:<\/p>\n<p>Sverker \u00c5gren inleder med att h\u00e4nvisa till en ledare i Sundsvalls Tidning. Det \u00e4r riktigt att vi fr\u00e5n landstingets sida ans\u00e5g att vi hade mycket sm\u00e5 m\u00f6jligheter att bygga upp en beroendeenhet p\u00e5 Sundsvalls sjukhus, dels av kostnadssk\u00e4l, dels av bemanningssk\u00e4l och dels f\u00f6r att vi var os\u00e4kra om den verksamhet som vi diskuterade b\u00e4st var placerad p\u00e5 just sjukhuset. Verksamheten skulle fr\u00e5n b\u00f6rjan till del finansieras med statliga bidrag enligt ans\u00f6kan, men sedan fasas \u00f6ver i ordinarie budgetramar. N\u00e5got bidrag beviljades heller inte, men det finns naturligtvis andra l\u00f6sningar.<\/p>\n<p>Till exempel finns i Kramfors\/Sollefte\u00e5 bra samarbetsdiskussioner och samarbete mellan landsting (psykiatri + prim\u00e4rv\u00e5rd) och kommunerna. Bland annat kommer landstinget att svara f\u00f6r tillnyktringsverksamhet enligt de diskussioner som f\u00f6rs.<\/p>\n<p>Diskussionen forts\u00e4tter f\u00f6r att hitta gemensamma l\u00f6sningar f\u00f6r en samordning av missbrukarv\u00e5rden.<\/p>\n<p>N\u00e4r det g\u00e4ller behovet av akut avgiftning, som i en motion fr\u00e5n kristdemokraterna skulle kartl\u00e4ggas, redovisades landstingets ansvar i olika situationer och vi menade att vi klarar detta p\u00e5 ett godtagbart s\u00e4tt och att ansvarsfr\u00e5gan var tydlig.<\/p>\n<p>Enligt beslut i landstingets arbetsutskott f\u00f6rs diskussioner med n\u00e5gra kommuner om samarbetsformer och ansvarsf\u00f6rdelning. Utg\u00e5ngspunkten \u00e4r att kommunerna enlig lag har huvudansvaret f\u00f6r missbruksv\u00e5rden och att landstinget ska bidra med medicinskt kompetens. En speciell diskussion f\u00f6rs ocks\u00e5 kring dubbeldiagnos (missbruk och psykisk sjukdom), d\u00e4r psykiatrin har ett speciellt ansvar. Resultatet av dessa diskussioner kommer att \u00e5terrapporteras till arbetsutskottet i maj. D\u00e5 kommer vi att f\u00e5 en b\u00e4ttre bild av l\u00e4get totalt och om landstingets insats ligger p\u00e5 en godtagbar niv\u00e5.<\/p>\n<p>H\u00e4lso- och sjukv\u00e5rdsdelegationen har ansvar f\u00f6r att redovisa behov av insatser, arbetsutskottet fattar med utg\u00e5ngspunkt fr\u00e5n detta beslut om landstingets \u00e5tagande.<\/p>\n<p>H\u00e4rn\u00f6sand 29 april 2004<\/p>\n<p>Lennart Johansson<br \/>\nLedamot i h\u00e4lso- och sjukv\u00e5rdsdelegationen<\/p>\n<hr \/>\n<p>Utdrag ur landstingsfullm\u00e4ktiges protokoll 29 april 2004 \u00a7 71:<\/p>\n<p>Sverker \u00c5gren tackade f\u00f6r svaret.<\/p>\n<p>I detta \u00e4rende yttrade sig Sverker \u00c5gren och Lennart Johansson<\/p>\n","protected":false},"excerpt":{"rendered":"<p>Lennart Johansson, ledamot i h\u00e4lso- och sjukv\u00e5rdsdelegationen l\u00e4mnade f\u00f6ljande svar p\u00e5 Sverker \u00c5grens interpellation om samverkan mellan landstinget och kommunerna f\u00f6r att skapa b\u00e4ttre v\u00e5rd av personer med missbruksproblem: Sverker \u00c5gren inleder med att h\u00e4nvisa till en ledare i Sundsvalls Tidning. Det \u00e4r riktigt att vi fr\u00e5n landstingets sida ans\u00e5g att vi hade mycket sm\u00e5 <a class=\"read-more-link\" href=\"https:\/\/wp.kristdemokraterna.se\/vasternorrland\/svar-pa-interpellation-om-samverkan-mellan-landstinget-och-kommunerna-for-att-skapa-battre-vard-av-personer-med-missbruksproblem\/\">Read More<\/a><\/p>\n","protected":false},"author":861,"featured_media":0,"comment_status":"closed","ping_status":"closed","sticky":false,"template":"","format":"standard","meta":{"_acf_changed":false,"footnotes":""},"categories":[1],"tags":[],"class_list":["post-351825","post","type-post","status-publish","format-standard","hentry","category-okategoriserade"],"acf":[],"yoast_head":"<!-- This site is optimized with the Yoast SEO plugin v27.5 - https:\/\/yoast.com\/product\/yoast-seo-wordpress\/ -->\n<title>Svar p\u00e5 interpellation om samverkan mellan landstinget och kommunerna f\u00f6r att skapa b\u00e4ttre v\u00e5rd av personer med missbruksproblem | KD V\u00e4sternorrland<\/title>\n<meta name=\"robots\" content=\"index, follow, max-snippet:-1, max-image-preview:large, max-video-preview:-1\" \/>\n<link rel=\"canonical\" href=\"https:\/\/wp.kristdemokraterna.se\/vasternorrland\/svar-pa-interpellation-om-samverkan-mellan-landstinget-och-kommunerna-for-att-skapa-battre-vard-av-personer-med-missbruksproblem\/\" \/>\n<meta property=\"og:locale\" content=\"sv_SE\" \/>\n<meta property=\"og:type\" content=\"article\" \/>\n<meta property=\"og:title\" content=\"Svar p\u00e5 interpellation om samverkan mellan landstinget och kommunerna f\u00f6r att skapa b\u00e4ttre v\u00e5rd av personer med missbruksproblem | KD V\u00e4sternorrland\" \/>\n<meta property=\"og:description\" content=\"Lennart Johansson, ledamot i h\u00e4lso- och sjukv\u00e5rdsdelegationen l\u00e4mnade f\u00f6ljande svar p\u00e5 Sverker \u00c5grens interpellation om samverkan mellan landstinget och kommunerna f\u00f6r att skapa b\u00e4ttre v\u00e5rd av personer med missbruksproblem: Sverker \u00c5gren inleder med att h\u00e4nvisa till en ledare i Sundsvalls Tidning. Det \u00e4r riktigt att vi fr\u00e5n landstingets sida ans\u00e5g att vi hade mycket sm\u00e5 Read More\" \/>\n<meta property=\"og:url\" content=\"https:\/\/wp.kristdemokraterna.se\/vasternorrland\/svar-pa-interpellation-om-samverkan-mellan-landstinget-och-kommunerna-for-att-skapa-battre-vard-av-personer-med-missbruksproblem\/\" \/>\n<meta property=\"og:site_name\" content=\"KD V\u00e4sternorrland\" \/>\n<meta property=\"article:publisher\" content=\"https:\/\/www.facebook.com\/kdrvn\/\" \/>\n<meta property=\"article:published_time\" content=\"2004-04-29T15:04:10+00:00\" \/>\n<meta property=\"article:modified_time\" content=\"2021-05-10T16:14:04+00:00\" \/>\n<meta name=\"author\" content=\"sendelbach\" \/>\n<meta name=\"twitter:card\" content=\"summary_large_image\" \/>\n<meta name=\"twitter:label1\" content=\"Skriven av\" \/>\n\t<meta name=\"twitter:data1\" content=\"sendelbach\" \/>\n\t<meta name=\"twitter:label2\" content=\"Ber\u00e4knad l\u00e4stid\" \/>\n\t<meta name=\"twitter:data2\" content=\"2 minuter\" \/>\n<script type=\"application\/ld+json\" class=\"yoast-schema-graph\">{\"@context\":\"https:\\\/\\\/schema.org\",\"@graph\":[{\"@type\":\"Article\",\"@id\":\"https:\\\/\\\/wp.kristdemokraterna.se\\\/vasternorrland\\\/svar-pa-interpellation-om-samverkan-mellan-landstinget-och-kommunerna-for-att-skapa-battre-vard-av-personer-med-missbruksproblem\\\/#article\",\"isPartOf\":{\"@id\":\"https:\\\/\\\/wp.kristdemokraterna.se\\\/vasternorrland\\\/svar-pa-interpellation-om-samverkan-mellan-landstinget-och-kommunerna-for-att-skapa-battre-vard-av-personer-med-missbruksproblem\\\/\"},\"author\":{\"name\":\"sendelbach\",\"@id\":\"https:\\\/\\\/wp.kristdemokraterna.se\\\/vasternorrland\\\/#\\\/schema\\\/person\\\/c253503d86970574912dff6ec658bf28\"},\"headline\":\"Svar p\u00e5 interpellation om samverkan mellan landstinget och kommunerna f\u00f6r att skapa b\u00e4ttre v\u00e5rd av personer med missbruksproblem\",\"datePublished\":\"2004-04-29T15:04:10+00:00\",\"dateModified\":\"2021-05-10T16:14:04+00:00\",\"mainEntityOfPage\":{\"@id\":\"https:\\\/\\\/wp.kristdemokraterna.se\\\/vasternorrland\\\/svar-pa-interpellation-om-samverkan-mellan-landstinget-och-kommunerna-for-att-skapa-battre-vard-av-personer-med-missbruksproblem\\\/\"},\"wordCount\":405,\"inLanguage\":\"sv-SE\"},{\"@type\":\"WebPage\",\"@id\":\"https:\\\/\\\/wp.kristdemokraterna.se\\\/vasternorrland\\\/svar-pa-interpellation-om-samverkan-mellan-landstinget-och-kommunerna-for-att-skapa-battre-vard-av-personer-med-missbruksproblem\\\/\",\"url\":\"https:\\\/\\\/wp.kristdemokraterna.se\\\/vasternorrland\\\/svar-pa-interpellation-om-samverkan-mellan-landstinget-och-kommunerna-for-att-skapa-battre-vard-av-personer-med-missbruksproblem\\\/\",\"name\":\"Svar p\u00e5 interpellation om samverkan mellan landstinget och kommunerna f\u00f6r att skapa b\u00e4ttre v\u00e5rd av personer med missbruksproblem | KD V\u00e4sternorrland\",\"isPartOf\":{\"@id\":\"https:\\\/\\\/wp.kristdemokraterna.se\\\/vasternorrland\\\/#website\"},\"datePublished\":\"2004-04-29T15:04:10+00:00\",\"dateModified\":\"2021-05-10T16:14:04+00:00\",\"author\":{\"@id\":\"https:\\\/\\\/wp.kristdemokraterna.se\\\/vasternorrland\\\/#\\\/schema\\\/person\\\/c253503d86970574912dff6ec658bf28\"},\"breadcrumb\":{\"@id\":\"https:\\\/\\\/wp.kristdemokraterna.se\\\/vasternorrland\\\/svar-pa-interpellation-om-samverkan-mellan-landstinget-och-kommunerna-for-att-skapa-battre-vard-av-personer-med-missbruksproblem\\\/#breadcrumb\"},\"inLanguage\":\"sv-SE\",\"potentialAction\":[{\"@type\":\"ReadAction\",\"target\":[\"https:\\\/\\\/wp.kristdemokraterna.se\\\/vasternorrland\\\/svar-pa-interpellation-om-samverkan-mellan-landstinget-och-kommunerna-for-att-skapa-battre-vard-av-personer-med-missbruksproblem\\\/\"]}]},{\"@type\":\"BreadcrumbList\",\"@id\":\"https:\\\/\\\/wp.kristdemokraterna.se\\\/vasternorrland\\\/svar-pa-interpellation-om-samverkan-mellan-landstinget-och-kommunerna-for-att-skapa-battre-vard-av-personer-med-missbruksproblem\\\/#breadcrumb\",\"itemListElement\":[{\"@type\":\"ListItem\",\"position\":1,\"name\":\"Hem\",\"item\":\"https:\\\/\\\/wp.kristdemokraterna.se\\\/vasternorrland\\\/\"},{\"@type\":\"ListItem\",\"position\":2,\"name\":\"Svar p\u00e5 interpellation om samverkan mellan landstinget och kommunerna f\u00f6r att skapa b\u00e4ttre v\u00e5rd av personer med missbruksproblem\"}]},{\"@type\":\"WebSite\",\"@id\":\"https:\\\/\\\/wp.kristdemokraterna.se\\\/vasternorrland\\\/#website\",\"url\":\"https:\\\/\\\/wp.kristdemokraterna.se\\\/vasternorrland\\\/\",\"name\":\"KD V\u00e4sternorrland\",\"description\":\"V\u00e5rda v\u00e5rden - utveckla prim\u00e4rv\u00e5rden\",\"inLanguage\":\"sv-SE\"},{\"@type\":\"Person\",\"@id\":\"https:\\\/\\\/wp.kristdemokraterna.se\\\/vasternorrland\\\/#\\\/schema\\\/person\\\/c253503d86970574912dff6ec658bf28\",\"name\":\"sendelbach\",\"image\":{\"@type\":\"ImageObject\",\"inLanguage\":\"sv-SE\",\"@id\":\"https:\\\/\\\/secure.gravatar.com\\\/avatar\\\/0499a666be08fad4eb4333dbfba8681b8ebe23a978ce2e4c44818b2c5e2415b8?s=96&r=g\",\"url\":\"https:\\\/\\\/secure.gravatar.com\\\/avatar\\\/0499a666be08fad4eb4333dbfba8681b8ebe23a978ce2e4c44818b2c5e2415b8?s=96&r=g\",\"contentUrl\":\"https:\\\/\\\/secure.gravatar.com\\\/avatar\\\/0499a666be08fad4eb4333dbfba8681b8ebe23a978ce2e4c44818b2c5e2415b8?s=96&r=g\",\"caption\":\"sendelbach\"},\"url\":\"https:\\\/\\\/wp.kristdemokraterna.se\\\/vasternorrland\\\/author\\\/sendelbach\\\/\"}]}<\/script>\n<!-- \/ Yoast SEO plugin. -->","yoast_head_json":{"title":"Svar p\u00e5 interpellation om samverkan mellan landstinget och kommunerna f\u00f6r att skapa b\u00e4ttre v\u00e5rd av personer med missbruksproblem | KD V\u00e4sternorrland","robots":{"index":"index","follow":"follow","max-snippet":"max-snippet:-1","max-image-preview":"max-image-preview:large","max-video-preview":"max-video-preview:-1"},"canonical":"https:\/\/wp.kristdemokraterna.se\/vasternorrland\/svar-pa-interpellation-om-samverkan-mellan-landstinget-och-kommunerna-for-att-skapa-battre-vard-av-personer-med-missbruksproblem\/","og_locale":"sv_SE","og_type":"article","og_title":"Svar p\u00e5 interpellation om samverkan mellan landstinget och kommunerna f\u00f6r att skapa b\u00e4ttre v\u00e5rd av personer med missbruksproblem | KD V\u00e4sternorrland","og_description":"Lennart Johansson, ledamot i h\u00e4lso- och sjukv\u00e5rdsdelegationen l\u00e4mnade f\u00f6ljande svar p\u00e5 Sverker \u00c5grens interpellation om samverkan mellan landstinget och kommunerna f\u00f6r att skapa b\u00e4ttre v\u00e5rd av personer med missbruksproblem: Sverker \u00c5gren inleder med att h\u00e4nvisa till en ledare i Sundsvalls Tidning. Det \u00e4r riktigt att vi fr\u00e5n landstingets sida ans\u00e5g att vi hade mycket sm\u00e5 Read More","og_url":"https:\/\/wp.kristdemokraterna.se\/vasternorrland\/svar-pa-interpellation-om-samverkan-mellan-landstinget-och-kommunerna-for-att-skapa-battre-vard-av-personer-med-missbruksproblem\/","og_site_name":"KD V\u00e4sternorrland","article_publisher":"https:\/\/www.facebook.com\/kdrvn\/","article_published_time":"2004-04-29T15:04:10+00:00","article_modified_time":"2021-05-10T16:14:04+00:00","author":"sendelbach","twitter_card":"summary_large_image","twitter_misc":{"Skriven av":"sendelbach","Ber\u00e4knad l\u00e4stid":"2 minuter"},"schema":{"@context":"https:\/\/schema.org","@graph":[{"@type":"Article","@id":"https:\/\/wp.kristdemokraterna.se\/vasternorrland\/svar-pa-interpellation-om-samverkan-mellan-landstinget-och-kommunerna-for-att-skapa-battre-vard-av-personer-med-missbruksproblem\/#article","isPartOf":{"@id":"https:\/\/wp.kristdemokraterna.se\/vasternorrland\/svar-pa-interpellation-om-samverkan-mellan-landstinget-och-kommunerna-for-att-skapa-battre-vard-av-personer-med-missbruksproblem\/"},"author":{"name":"sendelbach","@id":"https:\/\/wp.kristdemokraterna.se\/vasternorrland\/#\/schema\/person\/c253503d86970574912dff6ec658bf28"},"headline":"Svar p\u00e5 interpellation om samverkan mellan landstinget och kommunerna f\u00f6r att skapa b\u00e4ttre v\u00e5rd av personer med missbruksproblem","datePublished":"2004-04-29T15:04:10+00:00","dateModified":"2021-05-10T16:14:04+00:00","mainEntityOfPage":{"@id":"https:\/\/wp.kristdemokraterna.se\/vasternorrland\/svar-pa-interpellation-om-samverkan-mellan-landstinget-och-kommunerna-for-att-skapa-battre-vard-av-personer-med-missbruksproblem\/"},"wordCount":405,"inLanguage":"sv-SE"},{"@type":"WebPage","@id":"https:\/\/wp.kristdemokraterna.se\/vasternorrland\/svar-pa-interpellation-om-samverkan-mellan-landstinget-och-kommunerna-for-att-skapa-battre-vard-av-personer-med-missbruksproblem\/","url":"https:\/\/wp.kristdemokraterna.se\/vasternorrland\/svar-pa-interpellation-om-samverkan-mellan-landstinget-och-kommunerna-for-att-skapa-battre-vard-av-personer-med-missbruksproblem\/","name":"Svar p\u00e5 interpellation om samverkan mellan landstinget och kommunerna f\u00f6r att skapa b\u00e4ttre v\u00e5rd av personer med missbruksproblem | KD V\u00e4sternorrland","isPartOf":{"@id":"https:\/\/wp.kristdemokraterna.se\/vasternorrland\/#website"},"datePublished":"2004-04-29T15:04:10+00:00","dateModified":"2021-05-10T16:14:04+00:00","author":{"@id":"https:\/\/wp.kristdemokraterna.se\/vasternorrland\/#\/schema\/person\/c253503d86970574912dff6ec658bf28"},"breadcrumb":{"@id":"https:\/\/wp.kristdemokraterna.se\/vasternorrland\/svar-pa-interpellation-om-samverkan-mellan-landstinget-och-kommunerna-for-att-skapa-battre-vard-av-personer-med-missbruksproblem\/#breadcrumb"},"inLanguage":"sv-SE","potentialAction":[{"@type":"ReadAction","target":["https:\/\/wp.kristdemokraterna.se\/vasternorrland\/svar-pa-interpellation-om-samverkan-mellan-landstinget-och-kommunerna-for-att-skapa-battre-vard-av-personer-med-missbruksproblem\/"]}]},{"@type":"BreadcrumbList","@id":"https:\/\/wp.kristdemokraterna.se\/vasternorrland\/svar-pa-interpellation-om-samverkan-mellan-landstinget-och-kommunerna-for-att-skapa-battre-vard-av-personer-med-missbruksproblem\/#breadcrumb","itemListElement":[{"@type":"ListItem","position":1,"name":"Hem","item":"https:\/\/wp.kristdemokraterna.se\/vasternorrland\/"},{"@type":"ListItem","position":2,"name":"Svar p\u00e5 interpellation om samverkan mellan landstinget och kommunerna f\u00f6r att skapa b\u00e4ttre v\u00e5rd av personer med missbruksproblem"}]},{"@type":"WebSite","@id":"https:\/\/wp.kristdemokraterna.se\/vasternorrland\/#website","url":"https:\/\/wp.kristdemokraterna.se\/vasternorrland\/","name":"KD V\u00e4sternorrland","description":"V\u00e5rda v\u00e5rden - utveckla prim\u00e4rv\u00e5rden","inLanguage":"sv-SE"},{"@type":"Person","@id":"https:\/\/wp.kristdemokraterna.se\/vasternorrland\/#\/schema\/person\/c253503d86970574912dff6ec658bf28","name":"sendelbach","image":{"@type":"ImageObject","inLanguage":"sv-SE","@id":"https:\/\/secure.gravatar.com\/avatar\/0499a666be08fad4eb4333dbfba8681b8ebe23a978ce2e4c44818b2c5e2415b8?s=96&r=g","url":"https:\/\/secure.gravatar.com\/avatar\/0499a666be08fad4eb4333dbfba8681b8ebe23a978ce2e4c44818b2c5e2415b8?s=96&r=g","contentUrl":"https:\/\/secure.gravatar.com\/avatar\/0499a666be08fad4eb4333dbfba8681b8ebe23a978ce2e4c44818b2c5e2415b8?s=96&r=g","caption":"sendelbach"},"url":"https:\/\/wp.kristdemokraterna.se\/vasternorrland\/author\/sendelbach\/"}]}},"_links":{"self":[{"href":"https:\/\/wp.kristdemokraterna.se\/vasternorrland\/wp-json\/wp\/v2\/posts\/351825","targetHints":{"allow":["GET"]}}],"collection":[{"href":"https:\/\/wp.kristdemokraterna.se\/vasternorrland\/wp-json\/wp\/v2\/posts"}],"about":[{"href":"https:\/\/wp.kristdemokraterna.se\/vasternorrland\/wp-json\/wp\/v2\/types\/post"}],"author":[{"embeddable":true,"href":"https:\/\/wp.kristdemokraterna.se\/vasternorrland\/wp-json\/wp\/v2\/users\/861"}],"replies":[{"embeddable":true,"href":"https:\/\/wp.kristdemokraterna.se\/vasternorrland\/wp-json\/wp\/v2\/comments?post=351825"}],"version-history":[{"count":2,"href":"https:\/\/wp.kristdemokraterna.se\/vasternorrland\/wp-json\/wp\/v2\/posts\/351825\/revisions"}],"predecessor-version":[{"id":351836,"href":"https:\/\/wp.kristdemokraterna.se\/vasternorrland\/wp-json\/wp\/v2\/posts\/351825\/revisions\/351836"}],"wp:attachment":[{"href":"https:\/\/wp.kristdemokraterna.se\/vasternorrland\/wp-json\/wp\/v2\/media?parent=351825"}],"wp:term":[{"taxonomy":"category","embeddable":true,"href":"https:\/\/wp.kristdemokraterna.se\/vasternorrland\/wp-json\/wp\/v2\/categories?post=351825"},{"taxonomy":"post_tag","embeddable":true,"href":"https:\/\/wp.kristdemokraterna.se\/vasternorrland\/wp-json\/wp\/v2\/tags?post=351825"}],"curies":[{"name":"wp","href":"https:\/\/api.w.org\/{rel}","templated":true}]}}