{"id":351835,"date":"2004-04-28T18:02:53","date_gmt":"2004-04-28T16:02:53","guid":{"rendered":"https:\/\/wp.kristdemokraterna.se\/vasternorrland\/?p=351835"},"modified":"2021-05-10T18:14:19","modified_gmt":"2021-05-10T16:14:19","slug":"svar-pa-interpellation-om-psykiatrisk-vard-som-avskracker-patienter","status":"publish","type":"post","link":"https:\/\/wp.kristdemokraterna.se\/vasternorrland\/svar-pa-interpellation-om-psykiatrisk-vard-som-avskracker-patienter\/","title":{"rendered":"Svar p\u00e5 interpellation om psykiatrisk v\u00e5rd som avskr\u00e4cker patienter"},"content":{"rendered":"<p>Lennart Johansson, ledamot i h\u00e4lso- och sjukv\u00e5rdsdelegationen, l\u00e4mnade f\u00f6ljande svar p\u00e5 Sverker \u00c5grens interpellation om psykiatrisk v\u00e5rd som avskr\u00e4cker patienter:<\/p>\n<p>Huvudfr\u00e5gan i interpellationen r\u00f6r behovet av slutenv\u00e5rdsplatser, speciellt f\u00f6r barn och ungdomar. Interpellanten tar upp vikten av att barn och ungdomar som drabbas av psykisk sjukdom m\u00e5ste ges ett v\u00e4rdigt omh\u00e4ndertagande i en terapeutisk milj\u00f6<\/p>\n<p>Om man ser bak\u00e5t i tiden har v\u00e5rdplatserna f\u00f6r dygnetruntv\u00e5rd tagits bort inom barn- och ungdomspsykiatrin. Sk\u00e4let till detta var att behovet av s\u00e5dana platser bed\u00f6mdes som mycket litet, tidvis inte fanns alls. Det huvudsakliga sk\u00e4let var ideologiskt\/metodiskt och hade att g\u00f6ra med att man bed\u00f6mde behandlingsm\u00f6jligheterna b\u00e4ttre om barnen kunde behandlas i hemmilj\u00f6 eller p\u00e5 kliniken dagtid, d\u00e4r \u00e4ven f\u00f6r\u00e4ldrarna kunde medverka. Resurserna flyttades \u00f6ver till den \u00f6ppna v\u00e5den.<\/p>\n<p>Under senare \u00e5r har tillstr\u00f6mningen till barn- och ungdomspsykiatrin \u00f6kat. Exempelvis har gruppen barn fr\u00e5n asyls\u00f6kande familjer blivit st\u00f6rre. Ett tydligare behov av slutenv\u00e5rd f\u00f6r barn och ungdomar bed\u00f6ms finnas. Detta har p\u00e5talats fr\u00e5n BUP&#8217;s sida. Det finns ett uppdrag till de tre f\u00f6rvaltningscheferna att gemensamt s\u00f6ka l\u00f6sa detta problem. Rent statistiskt f\u00f6religger behov av tv\u00e5 dygnetruntplatser och l\u00e4mpligtvis f\u00f6rl\u00e4ggs dessa platser i Sundsvall, som i detta speciella fall allts\u00e5 skulle f\u00e5 en l\u00e4nsfunktion.<\/p>\n<p>Barn och ungdomar under 18 \u00e5r l\u00e4ggs enligt den huvudprincip man till\u00e4mpar inte in p\u00e5 avdelning 7. Inl\u00e4ggningarna sker p\u00e5 Balders krishem, som d\u00e5 f\u00f6rst\u00e4rks med hempsykiatrisk personal. Endast i undantagsfall har inl\u00e4ggning p\u00e5 7:an f\u00f6rekommit akut och kortvarigt.<\/p>\n<p>Barn och ungdomar som \u00e4r i behov av dygnetruntv\u00e5rd ges m\u00f6jlighet till inl\u00e4ggning p\u00e5 barnklinikerna i Sundsvall och \u00d6rnsk\u00f6ldsvik upp till 16 \u00e5r, 17- och 18-\u00e5ringarna p\u00e5 Balders krishem i Sundsval. Behandlingen ges av BUP.<\/p>\n<p>Behovet av slutenv\u00e5rdsplatser varierar \u00f6ver tid. R\u00e4ttspsykiatrin har vanligtvis mycket stor kapacitet och man s\u00e4ljer v\u00e5rddagar till andra landsting. F\u00f6r allm\u00e4npsykiatrin var bel\u00e4ggningen cirka 95 % under 2003. F\u00f6r barn och ungdomspsykiatrin finns f\u00f6r n\u00e4rvarande ett klart behov av egna v\u00e5rdplatser.<\/p>\n<p>I en ekonomisk situation med stora sparkrav p\u00e5 h\u00e4lso- och sjukv\u00e5rden har psykiatrin hela tiden undantagits fr\u00e5n besparingar. F\u00f6r att ytterligare sl\u00e5 vakt om psykiatrins resurser, har psykiatrin fr\u00e5n 2005 f\u00e5tt en egen ram. F\u00f6r att tillf\u00f6ra psykiatrin mera resurser, kr\u00e4vs motsvarande\u00a0 ytterligare inskr\u00e4nkningar av annan verksamhet, vilket inte kommer att vara alldeles sj\u00e4lvklart eller enkelt de n\u00e4rmaste \u00e5ren, \u00e4ven om en \u00f6kad satsning p\u00e5 psykiatrin kan anses ber\u00e4ttigad.<\/p>\n<p>H\u00e4rn\u00f6sand den 29 april 2004<\/p>\n<p>Lennart Johansson<br \/>\nLedamot i h\u00e4lso- och sjukv\u00e5rdsdelegationen<\/p>\n<hr \/>\n<p>Utdrag ur landstingsfullm\u00e4ktiges protokoll den 28 april 2004 \u00a7 61<\/p>\n<p>Sverker \u00c5gren tackade f\u00f6r svaret.<\/p>\n<p>I detta \u00e4rende yttrade sig Sverker \u00c5gren och Lennart Johansson.<\/p>\n<p>D\u00e4refter ajournerade landstingsfullm\u00e4ktige sina f\u00f6rhandlingar kl. 10.00<\/p>\n<p>&nbsp;<\/p>\n","protected":false},"excerpt":{"rendered":"<p>Lennart Johansson, ledamot i h\u00e4lso- och sjukv\u00e5rdsdelegationen, l\u00e4mnade f\u00f6ljande svar p\u00e5 Sverker \u00c5grens interpellation om psykiatrisk v\u00e5rd som avskr\u00e4cker patienter: Huvudfr\u00e5gan i interpellationen r\u00f6r behovet av slutenv\u00e5rdsplatser, speciellt f\u00f6r barn och ungdomar. Interpellanten tar upp vikten av att barn och ungdomar som drabbas av psykisk sjukdom m\u00e5ste ges ett v\u00e4rdigt omh\u00e4ndertagande i en terapeutisk milj\u00f6 <a class=\"read-more-link\" href=\"https:\/\/wp.kristdemokraterna.se\/vasternorrland\/svar-pa-interpellation-om-psykiatrisk-vard-som-avskracker-patienter\/\">Read More<\/a><\/p>\n","protected":false},"author":861,"featured_media":0,"comment_status":"closed","ping_status":"closed","sticky":false,"template":"","format":"standard","meta":{"_acf_changed":false,"footnotes":""},"categories":[1],"tags":[],"class_list":["post-351835","post","type-post","status-publish","format-standard","hentry","category-okategoriserade"],"acf":[],"yoast_head":"<!-- This site is optimized with the Yoast SEO plugin v27.5 - https:\/\/yoast.com\/product\/yoast-seo-wordpress\/ -->\n<title>Svar p\u00e5 interpellation om psykiatrisk v\u00e5rd som avskr\u00e4cker patienter | KD V\u00e4sternorrland<\/title>\n<meta name=\"robots\" content=\"index, follow, max-snippet:-1, max-image-preview:large, max-video-preview:-1\" \/>\n<link rel=\"canonical\" href=\"https:\/\/wp.kristdemokraterna.se\/vasternorrland\/svar-pa-interpellation-om-psykiatrisk-vard-som-avskracker-patienter\/\" \/>\n<meta property=\"og:locale\" content=\"sv_SE\" \/>\n<meta property=\"og:type\" content=\"article\" \/>\n<meta property=\"og:title\" content=\"Svar p\u00e5 interpellation om psykiatrisk v\u00e5rd som avskr\u00e4cker patienter | KD V\u00e4sternorrland\" \/>\n<meta property=\"og:description\" content=\"Lennart Johansson, ledamot i h\u00e4lso- och sjukv\u00e5rdsdelegationen, l\u00e4mnade f\u00f6ljande svar p\u00e5 Sverker \u00c5grens interpellation om psykiatrisk v\u00e5rd som avskr\u00e4cker patienter: Huvudfr\u00e5gan i interpellationen r\u00f6r behovet av slutenv\u00e5rdsplatser, speciellt f\u00f6r barn och ungdomar. Interpellanten tar upp vikten av att barn och ungdomar som drabbas av psykisk sjukdom m\u00e5ste ges ett v\u00e4rdigt omh\u00e4ndertagande i en terapeutisk milj\u00f6 Read More\" \/>\n<meta property=\"og:url\" content=\"https:\/\/wp.kristdemokraterna.se\/vasternorrland\/svar-pa-interpellation-om-psykiatrisk-vard-som-avskracker-patienter\/\" \/>\n<meta property=\"og:site_name\" content=\"KD V\u00e4sternorrland\" \/>\n<meta property=\"article:publisher\" content=\"https:\/\/www.facebook.com\/kdrvn\/\" \/>\n<meta property=\"article:published_time\" content=\"2004-04-28T16:02:53+00:00\" \/>\n<meta property=\"article:modified_time\" content=\"2021-05-10T16:14:19+00:00\" \/>\n<meta name=\"author\" content=\"sendelbach\" \/>\n<meta name=\"twitter:card\" content=\"summary_large_image\" \/>\n<meta name=\"twitter:label1\" content=\"Skriven av\" \/>\n\t<meta name=\"twitter:data1\" content=\"sendelbach\" \/>\n\t<meta name=\"twitter:label2\" content=\"Ber\u00e4knad l\u00e4stid\" \/>\n\t<meta name=\"twitter:data2\" content=\"2 minuter\" \/>\n<script type=\"application\/ld+json\" class=\"yoast-schema-graph\">{\"@context\":\"https:\\\/\\\/schema.org\",\"@graph\":[{\"@type\":\"Article\",\"@id\":\"https:\\\/\\\/wp.kristdemokraterna.se\\\/vasternorrland\\\/svar-pa-interpellation-om-psykiatrisk-vard-som-avskracker-patienter\\\/#article\",\"isPartOf\":{\"@id\":\"https:\\\/\\\/wp.kristdemokraterna.se\\\/vasternorrland\\\/svar-pa-interpellation-om-psykiatrisk-vard-som-avskracker-patienter\\\/\"},\"author\":{\"name\":\"sendelbach\",\"@id\":\"https:\\\/\\\/wp.kristdemokraterna.se\\\/vasternorrland\\\/#\\\/schema\\\/person\\\/c253503d86970574912dff6ec658bf28\"},\"headline\":\"Svar p\u00e5 interpellation om psykiatrisk v\u00e5rd som avskr\u00e4cker patienter\",\"datePublished\":\"2004-04-28T16:02:53+00:00\",\"dateModified\":\"2021-05-10T16:14:19+00:00\",\"mainEntityOfPage\":{\"@id\":\"https:\\\/\\\/wp.kristdemokraterna.se\\\/vasternorrland\\\/svar-pa-interpellation-om-psykiatrisk-vard-som-avskracker-patienter\\\/\"},\"wordCount\":517,\"inLanguage\":\"sv-SE\"},{\"@type\":\"WebPage\",\"@id\":\"https:\\\/\\\/wp.kristdemokraterna.se\\\/vasternorrland\\\/svar-pa-interpellation-om-psykiatrisk-vard-som-avskracker-patienter\\\/\",\"url\":\"https:\\\/\\\/wp.kristdemokraterna.se\\\/vasternorrland\\\/svar-pa-interpellation-om-psykiatrisk-vard-som-avskracker-patienter\\\/\",\"name\":\"Svar p\u00e5 interpellation om psykiatrisk v\u00e5rd som avskr\u00e4cker patienter | KD V\u00e4sternorrland\",\"isPartOf\":{\"@id\":\"https:\\\/\\\/wp.kristdemokraterna.se\\\/vasternorrland\\\/#website\"},\"datePublished\":\"2004-04-28T16:02:53+00:00\",\"dateModified\":\"2021-05-10T16:14:19+00:00\",\"author\":{\"@id\":\"https:\\\/\\\/wp.kristdemokraterna.se\\\/vasternorrland\\\/#\\\/schema\\\/person\\\/c253503d86970574912dff6ec658bf28\"},\"breadcrumb\":{\"@id\":\"https:\\\/\\\/wp.kristdemokraterna.se\\\/vasternorrland\\\/svar-pa-interpellation-om-psykiatrisk-vard-som-avskracker-patienter\\\/#breadcrumb\"},\"inLanguage\":\"sv-SE\",\"potentialAction\":[{\"@type\":\"ReadAction\",\"target\":[\"https:\\\/\\\/wp.kristdemokraterna.se\\\/vasternorrland\\\/svar-pa-interpellation-om-psykiatrisk-vard-som-avskracker-patienter\\\/\"]}]},{\"@type\":\"BreadcrumbList\",\"@id\":\"https:\\\/\\\/wp.kristdemokraterna.se\\\/vasternorrland\\\/svar-pa-interpellation-om-psykiatrisk-vard-som-avskracker-patienter\\\/#breadcrumb\",\"itemListElement\":[{\"@type\":\"ListItem\",\"position\":1,\"name\":\"Hem\",\"item\":\"https:\\\/\\\/wp.kristdemokraterna.se\\\/vasternorrland\\\/\"},{\"@type\":\"ListItem\",\"position\":2,\"name\":\"Svar p\u00e5 interpellation om psykiatrisk v\u00e5rd som avskr\u00e4cker patienter\"}]},{\"@type\":\"WebSite\",\"@id\":\"https:\\\/\\\/wp.kristdemokraterna.se\\\/vasternorrland\\\/#website\",\"url\":\"https:\\\/\\\/wp.kristdemokraterna.se\\\/vasternorrland\\\/\",\"name\":\"KD V\u00e4sternorrland\",\"description\":\"V\u00e5rda v\u00e5rden - utveckla prim\u00e4rv\u00e5rden\",\"inLanguage\":\"sv-SE\"},{\"@type\":\"Person\",\"@id\":\"https:\\\/\\\/wp.kristdemokraterna.se\\\/vasternorrland\\\/#\\\/schema\\\/person\\\/c253503d86970574912dff6ec658bf28\",\"name\":\"sendelbach\",\"image\":{\"@type\":\"ImageObject\",\"inLanguage\":\"sv-SE\",\"@id\":\"https:\\\/\\\/secure.gravatar.com\\\/avatar\\\/0499a666be08fad4eb4333dbfba8681b8ebe23a978ce2e4c44818b2c5e2415b8?s=96&r=g\",\"url\":\"https:\\\/\\\/secure.gravatar.com\\\/avatar\\\/0499a666be08fad4eb4333dbfba8681b8ebe23a978ce2e4c44818b2c5e2415b8?s=96&r=g\",\"contentUrl\":\"https:\\\/\\\/secure.gravatar.com\\\/avatar\\\/0499a666be08fad4eb4333dbfba8681b8ebe23a978ce2e4c44818b2c5e2415b8?s=96&r=g\",\"caption\":\"sendelbach\"},\"url\":\"https:\\\/\\\/wp.kristdemokraterna.se\\\/vasternorrland\\\/author\\\/sendelbach\\\/\"}]}<\/script>\n<!-- \/ Yoast SEO plugin. -->","yoast_head_json":{"title":"Svar p\u00e5 interpellation om psykiatrisk v\u00e5rd som avskr\u00e4cker patienter | KD V\u00e4sternorrland","robots":{"index":"index","follow":"follow","max-snippet":"max-snippet:-1","max-image-preview":"max-image-preview:large","max-video-preview":"max-video-preview:-1"},"canonical":"https:\/\/wp.kristdemokraterna.se\/vasternorrland\/svar-pa-interpellation-om-psykiatrisk-vard-som-avskracker-patienter\/","og_locale":"sv_SE","og_type":"article","og_title":"Svar p\u00e5 interpellation om psykiatrisk v\u00e5rd som avskr\u00e4cker patienter | KD V\u00e4sternorrland","og_description":"Lennart Johansson, ledamot i h\u00e4lso- och sjukv\u00e5rdsdelegationen, l\u00e4mnade f\u00f6ljande svar p\u00e5 Sverker \u00c5grens interpellation om psykiatrisk v\u00e5rd som avskr\u00e4cker patienter: Huvudfr\u00e5gan i interpellationen r\u00f6r behovet av slutenv\u00e5rdsplatser, speciellt f\u00f6r barn och ungdomar. Interpellanten tar upp vikten av att barn och ungdomar som drabbas av psykisk sjukdom m\u00e5ste ges ett v\u00e4rdigt omh\u00e4ndertagande i en terapeutisk milj\u00f6 Read More","og_url":"https:\/\/wp.kristdemokraterna.se\/vasternorrland\/svar-pa-interpellation-om-psykiatrisk-vard-som-avskracker-patienter\/","og_site_name":"KD V\u00e4sternorrland","article_publisher":"https:\/\/www.facebook.com\/kdrvn\/","article_published_time":"2004-04-28T16:02:53+00:00","article_modified_time":"2021-05-10T16:14:19+00:00","author":"sendelbach","twitter_card":"summary_large_image","twitter_misc":{"Skriven av":"sendelbach","Ber\u00e4knad l\u00e4stid":"2 minuter"},"schema":{"@context":"https:\/\/schema.org","@graph":[{"@type":"Article","@id":"https:\/\/wp.kristdemokraterna.se\/vasternorrland\/svar-pa-interpellation-om-psykiatrisk-vard-som-avskracker-patienter\/#article","isPartOf":{"@id":"https:\/\/wp.kristdemokraterna.se\/vasternorrland\/svar-pa-interpellation-om-psykiatrisk-vard-som-avskracker-patienter\/"},"author":{"name":"sendelbach","@id":"https:\/\/wp.kristdemokraterna.se\/vasternorrland\/#\/schema\/person\/c253503d86970574912dff6ec658bf28"},"headline":"Svar p\u00e5 interpellation om psykiatrisk v\u00e5rd som avskr\u00e4cker patienter","datePublished":"2004-04-28T16:02:53+00:00","dateModified":"2021-05-10T16:14:19+00:00","mainEntityOfPage":{"@id":"https:\/\/wp.kristdemokraterna.se\/vasternorrland\/svar-pa-interpellation-om-psykiatrisk-vard-som-avskracker-patienter\/"},"wordCount":517,"inLanguage":"sv-SE"},{"@type":"WebPage","@id":"https:\/\/wp.kristdemokraterna.se\/vasternorrland\/svar-pa-interpellation-om-psykiatrisk-vard-som-avskracker-patienter\/","url":"https:\/\/wp.kristdemokraterna.se\/vasternorrland\/svar-pa-interpellation-om-psykiatrisk-vard-som-avskracker-patienter\/","name":"Svar p\u00e5 interpellation om psykiatrisk v\u00e5rd som avskr\u00e4cker patienter | KD V\u00e4sternorrland","isPartOf":{"@id":"https:\/\/wp.kristdemokraterna.se\/vasternorrland\/#website"},"datePublished":"2004-04-28T16:02:53+00:00","dateModified":"2021-05-10T16:14:19+00:00","author":{"@id":"https:\/\/wp.kristdemokraterna.se\/vasternorrland\/#\/schema\/person\/c253503d86970574912dff6ec658bf28"},"breadcrumb":{"@id":"https:\/\/wp.kristdemokraterna.se\/vasternorrland\/svar-pa-interpellation-om-psykiatrisk-vard-som-avskracker-patienter\/#breadcrumb"},"inLanguage":"sv-SE","potentialAction":[{"@type":"ReadAction","target":["https:\/\/wp.kristdemokraterna.se\/vasternorrland\/svar-pa-interpellation-om-psykiatrisk-vard-som-avskracker-patienter\/"]}]},{"@type":"BreadcrumbList","@id":"https:\/\/wp.kristdemokraterna.se\/vasternorrland\/svar-pa-interpellation-om-psykiatrisk-vard-som-avskracker-patienter\/#breadcrumb","itemListElement":[{"@type":"ListItem","position":1,"name":"Hem","item":"https:\/\/wp.kristdemokraterna.se\/vasternorrland\/"},{"@type":"ListItem","position":2,"name":"Svar p\u00e5 interpellation om psykiatrisk v\u00e5rd som avskr\u00e4cker patienter"}]},{"@type":"WebSite","@id":"https:\/\/wp.kristdemokraterna.se\/vasternorrland\/#website","url":"https:\/\/wp.kristdemokraterna.se\/vasternorrland\/","name":"KD V\u00e4sternorrland","description":"V\u00e5rda v\u00e5rden - utveckla prim\u00e4rv\u00e5rden","inLanguage":"sv-SE"},{"@type":"Person","@id":"https:\/\/wp.kristdemokraterna.se\/vasternorrland\/#\/schema\/person\/c253503d86970574912dff6ec658bf28","name":"sendelbach","image":{"@type":"ImageObject","inLanguage":"sv-SE","@id":"https:\/\/secure.gravatar.com\/avatar\/0499a666be08fad4eb4333dbfba8681b8ebe23a978ce2e4c44818b2c5e2415b8?s=96&r=g","url":"https:\/\/secure.gravatar.com\/avatar\/0499a666be08fad4eb4333dbfba8681b8ebe23a978ce2e4c44818b2c5e2415b8?s=96&r=g","contentUrl":"https:\/\/secure.gravatar.com\/avatar\/0499a666be08fad4eb4333dbfba8681b8ebe23a978ce2e4c44818b2c5e2415b8?s=96&r=g","caption":"sendelbach"},"url":"https:\/\/wp.kristdemokraterna.se\/vasternorrland\/author\/sendelbach\/"}]}},"_links":{"self":[{"href":"https:\/\/wp.kristdemokraterna.se\/vasternorrland\/wp-json\/wp\/v2\/posts\/351835","targetHints":{"allow":["GET"]}}],"collection":[{"href":"https:\/\/wp.kristdemokraterna.se\/vasternorrland\/wp-json\/wp\/v2\/posts"}],"about":[{"href":"https:\/\/wp.kristdemokraterna.se\/vasternorrland\/wp-json\/wp\/v2\/types\/post"}],"author":[{"embeddable":true,"href":"https:\/\/wp.kristdemokraterna.se\/vasternorrland\/wp-json\/wp\/v2\/users\/861"}],"replies":[{"embeddable":true,"href":"https:\/\/wp.kristdemokraterna.se\/vasternorrland\/wp-json\/wp\/v2\/comments?post=351835"}],"version-history":[{"count":1,"href":"https:\/\/wp.kristdemokraterna.se\/vasternorrland\/wp-json\/wp\/v2\/posts\/351835\/revisions"}],"predecessor-version":[{"id":351837,"href":"https:\/\/wp.kristdemokraterna.se\/vasternorrland\/wp-json\/wp\/v2\/posts\/351835\/revisions\/351837"}],"wp:attachment":[{"href":"https:\/\/wp.kristdemokraterna.se\/vasternorrland\/wp-json\/wp\/v2\/media?parent=351835"}],"wp:term":[{"taxonomy":"category","embeddable":true,"href":"https:\/\/wp.kristdemokraterna.se\/vasternorrland\/wp-json\/wp\/v2\/categories?post=351835"},{"taxonomy":"post_tag","embeddable":true,"href":"https:\/\/wp.kristdemokraterna.se\/vasternorrland\/wp-json\/wp\/v2\/tags?post=351835"}],"curies":[{"name":"wp","href":"https:\/\/api.w.org\/{rel}","templated":true}]}}