{"id":351839,"date":"2004-04-29T10:34:25","date_gmt":"2004-04-29T08:34:25","guid":{"rendered":"https:\/\/wp.kristdemokraterna.se\/vasternorrland\/?p=351839"},"modified":"2021-05-11T10:42:21","modified_gmt":"2021-05-11T08:42:21","slug":"svar-pa-interpellation-om-samordningscentralen-i-ange","status":"publish","type":"post","link":"https:\/\/wp.kristdemokraterna.se\/vasternorrland\/svar-pa-interpellation-om-samordningscentralen-i-ange\/","title":{"rendered":"Svar p\u00e5 interpellation om samordningscentralen i \u00c5nge"},"content":{"rendered":"<p>Jan Sj\u00f6din, landstingsstyrelsens ordf\u00f6rande, l\u00e4mnar f\u00f6ljande svar p\u00e5 Sverker \u00c5grens interpellation om samordningscentralen i \u00c5nge:<\/p>\n<p>Landstinget och kommunerna genomf\u00f6rde 2001\/2002 utredningen &#8221;M\u00e5l och visioner f\u00f6r l\u00e4nets kollektivtrafik&#8221;. Syftet med utredningen var, f\u00f6rutom \u00f6versyn av m\u00e5l och visioner f\u00f6r l\u00e4nets kollektivtrafik, att l\u00e4mna f\u00f6rslag till hur en \u00e4ndrad rollf\u00f6rdelning kunde g\u00f6ras tydligare g\u00e4llande ansvar och befogenheter f\u00f6r de enskilda \u00e4garna.<\/p>\n<p>Av svaren fr\u00e5n \u00e4garrepresentanterna vid remissbehandlingen av utredningen framkom inga synpunkter som pekade p\u00e5 att L\u00e4nstrafiken skulle f\u00e5 ett mindre tydligt uppdrag vid \u00f6vertagande av samordningscentralen i \u00c5nge.<\/p>\n<p>L\u00e4nstrafikens uppdrag \u00e4r bl.a. att upphandla samh\u00e4llsbetalda resor, sluta avtal med entrepren\u00f6rer och driva samordningscentralen. Samordningscentralens huvuduppgift \u00e4r att administrera och samordna sjukresor och f\u00e4rdtj\u00e4nst f\u00f6r att uppn\u00e5 s\u00e5 kostnadseffektiva l\u00f6sningar som m\u00f6jligt f\u00f6r landstinget och kommunerna.<\/p>\n<p>Med tanke p\u00e5 att L\u00e4nstrafiken inte har egna fordon som genomf\u00f6r resorna, finns inget saksk\u00e4l som tyder p\u00e5 att uppdraget skulle vara otydligt och splittrat. Landstinget och kommunernas \u00f6vergripande intresse \u00e4r att bibeh\u00e5lla samordningscentralen inom L\u00e4nstrafikens ansvarsomr\u00e5de f\u00f6r att f\u00e5 till st\u00e5nd en s\u00e5 effektiv verksamhet som m\u00f6jligt utifr\u00e5n de villkor och krav som \u00e4garna st\u00e4ller.<\/p>\n<p>En annan f\u00f6rdel med att samordningscentralen ing\u00e5r i L\u00e4nstrafiken \u00e4r att inga tidskr\u00e4vande upphandlingsprocesser i enlighet med lagen om offentlig upphandling kr\u00e4vs n\u00e4r ny entrepren\u00f6r ska upphandlas. Erfarenheter fr\u00e5n andra landsting visar p\u00e5 betydande merarbete vid byte av entrepren\u00f6rer.<\/p>\n<p>Ett argument som talar f\u00f6r att inte l\u00e4gga ut samordningscentralen p\u00e5 entrepren\u00f6r \u00e4r att det samarbete som bedrivs mellan landstingen i norra regionen om sjukresor och \u00e4ven f\u00e4rdtj\u00e4nst kan f\u00f6rsv\u00e5ras. I J\u00e4mtland och V\u00e4sterbotten driver landstingen samordningscentralen. I Norrbotten ing\u00e5r samordningscentralen i L\u00e4nstrafiken.<\/p>\n<p>Mitt svar p\u00e5 Sverker \u00c5grens b\u00e5da fr\u00e5gor \u00e4r s\u00e5ledes nej.<\/p>\n<p>H\u00e4rn\u00f6sand den 29 april 2004<\/p>\n<p>Jan Sj\u00f6din<br \/>\nLandstingsstyrelsens ordf\u00f6rande<\/p>\n<hr \/>\n<p>Utdrag ur landstingsfullm\u00e4ktiges protokoll den 29 april 2004 \u00a7 59<\/p>\n<p>Sverker \u00c5gren tackade f\u00f6r varet.<\/p>\n<p>I detta \u00e4rende yttrade sig Sverker \u00c5gren och Jan Sj\u00f6din.<\/p>\n","protected":false},"excerpt":{"rendered":"<p>Jan Sj\u00f6din, landstingsstyrelsens ordf\u00f6rande, l\u00e4mnar f\u00f6ljande svar p\u00e5 Sverker \u00c5grens interpellation om samordningscentralen i \u00c5nge: Landstinget och kommunerna genomf\u00f6rde 2001\/2002 utredningen &#8221;M\u00e5l och visioner f\u00f6r l\u00e4nets kollektivtrafik&#8221;. Syftet med utredningen var, f\u00f6rutom \u00f6versyn av m\u00e5l och visioner f\u00f6r l\u00e4nets kollektivtrafik, att l\u00e4mna f\u00f6rslag till hur en \u00e4ndrad rollf\u00f6rdelning kunde g\u00f6ras tydligare g\u00e4llande ansvar och befogenheter <a class=\"read-more-link\" href=\"https:\/\/wp.kristdemokraterna.se\/vasternorrland\/svar-pa-interpellation-om-samordningscentralen-i-ange\/\">Read More<\/a><\/p>\n","protected":false},"author":861,"featured_media":0,"comment_status":"closed","ping_status":"closed","sticky":false,"template":"","format":"standard","meta":{"_acf_changed":false,"footnotes":""},"categories":[1],"tags":[],"class_list":["post-351839","post","type-post","status-publish","format-standard","hentry","category-okategoriserade"],"acf":[],"yoast_head":"<!-- This site is optimized with the Yoast SEO plugin v27.5 - https:\/\/yoast.com\/product\/yoast-seo-wordpress\/ -->\n<title>Svar p\u00e5 interpellation om samordningscentralen i \u00c5nge | KD V\u00e4sternorrland<\/title>\n<meta name=\"robots\" content=\"index, follow, max-snippet:-1, max-image-preview:large, max-video-preview:-1\" \/>\n<link rel=\"canonical\" href=\"https:\/\/wp.kristdemokraterna.se\/vasternorrland\/svar-pa-interpellation-om-samordningscentralen-i-ange\/\" \/>\n<meta property=\"og:locale\" content=\"sv_SE\" \/>\n<meta property=\"og:type\" content=\"article\" \/>\n<meta property=\"og:title\" content=\"Svar p\u00e5 interpellation om samordningscentralen i \u00c5nge | KD V\u00e4sternorrland\" \/>\n<meta property=\"og:description\" content=\"Jan Sj\u00f6din, landstingsstyrelsens ordf\u00f6rande, l\u00e4mnar f\u00f6ljande svar p\u00e5 Sverker \u00c5grens interpellation om samordningscentralen i \u00c5nge: Landstinget och kommunerna genomf\u00f6rde 2001\/2002 utredningen &#8221;M\u00e5l och visioner f\u00f6r l\u00e4nets kollektivtrafik&#8221;. Syftet med utredningen var, f\u00f6rutom \u00f6versyn av m\u00e5l och visioner f\u00f6r l\u00e4nets kollektivtrafik, att l\u00e4mna f\u00f6rslag till hur en \u00e4ndrad rollf\u00f6rdelning kunde g\u00f6ras tydligare g\u00e4llande ansvar och befogenheter Read More\" \/>\n<meta property=\"og:url\" content=\"https:\/\/wp.kristdemokraterna.se\/vasternorrland\/svar-pa-interpellation-om-samordningscentralen-i-ange\/\" \/>\n<meta property=\"og:site_name\" content=\"KD V\u00e4sternorrland\" \/>\n<meta property=\"article:publisher\" content=\"https:\/\/www.facebook.com\/kdrvn\/\" \/>\n<meta property=\"article:published_time\" content=\"2004-04-29T08:34:25+00:00\" \/>\n<meta property=\"article:modified_time\" content=\"2021-05-11T08:42:21+00:00\" \/>\n<meta name=\"author\" content=\"sendelbach\" \/>\n<meta name=\"twitter:card\" content=\"summary_large_image\" \/>\n<meta name=\"twitter:label1\" content=\"Skriven av\" \/>\n\t<meta name=\"twitter:data1\" content=\"sendelbach\" \/>\n\t<meta name=\"twitter:label2\" content=\"Ber\u00e4knad l\u00e4stid\" \/>\n\t<meta name=\"twitter:data2\" content=\"2 minuter\" \/>\n<script type=\"application\/ld+json\" class=\"yoast-schema-graph\">{\"@context\":\"https:\\\/\\\/schema.org\",\"@graph\":[{\"@type\":\"Article\",\"@id\":\"https:\\\/\\\/wp.kristdemokraterna.se\\\/vasternorrland\\\/svar-pa-interpellation-om-samordningscentralen-i-ange\\\/#article\",\"isPartOf\":{\"@id\":\"https:\\\/\\\/wp.kristdemokraterna.se\\\/vasternorrland\\\/svar-pa-interpellation-om-samordningscentralen-i-ange\\\/\"},\"author\":{\"name\":\"sendelbach\",\"@id\":\"https:\\\/\\\/wp.kristdemokraterna.se\\\/vasternorrland\\\/#\\\/schema\\\/person\\\/c253503d86970574912dff6ec658bf28\"},\"headline\":\"Svar p\u00e5 interpellation om samordningscentralen i \u00c5nge\",\"datePublished\":\"2004-04-29T08:34:25+00:00\",\"dateModified\":\"2021-05-11T08:42:21+00:00\",\"mainEntityOfPage\":{\"@id\":\"https:\\\/\\\/wp.kristdemokraterna.se\\\/vasternorrland\\\/svar-pa-interpellation-om-samordningscentralen-i-ange\\\/\"},\"wordCount\":377,\"inLanguage\":\"sv-SE\"},{\"@type\":\"WebPage\",\"@id\":\"https:\\\/\\\/wp.kristdemokraterna.se\\\/vasternorrland\\\/svar-pa-interpellation-om-samordningscentralen-i-ange\\\/\",\"url\":\"https:\\\/\\\/wp.kristdemokraterna.se\\\/vasternorrland\\\/svar-pa-interpellation-om-samordningscentralen-i-ange\\\/\",\"name\":\"Svar p\u00e5 interpellation om samordningscentralen i \u00c5nge | KD V\u00e4sternorrland\",\"isPartOf\":{\"@id\":\"https:\\\/\\\/wp.kristdemokraterna.se\\\/vasternorrland\\\/#website\"},\"datePublished\":\"2004-04-29T08:34:25+00:00\",\"dateModified\":\"2021-05-11T08:42:21+00:00\",\"author\":{\"@id\":\"https:\\\/\\\/wp.kristdemokraterna.se\\\/vasternorrland\\\/#\\\/schema\\\/person\\\/c253503d86970574912dff6ec658bf28\"},\"breadcrumb\":{\"@id\":\"https:\\\/\\\/wp.kristdemokraterna.se\\\/vasternorrland\\\/svar-pa-interpellation-om-samordningscentralen-i-ange\\\/#breadcrumb\"},\"inLanguage\":\"sv-SE\",\"potentialAction\":[{\"@type\":\"ReadAction\",\"target\":[\"https:\\\/\\\/wp.kristdemokraterna.se\\\/vasternorrland\\\/svar-pa-interpellation-om-samordningscentralen-i-ange\\\/\"]}]},{\"@type\":\"BreadcrumbList\",\"@id\":\"https:\\\/\\\/wp.kristdemokraterna.se\\\/vasternorrland\\\/svar-pa-interpellation-om-samordningscentralen-i-ange\\\/#breadcrumb\",\"itemListElement\":[{\"@type\":\"ListItem\",\"position\":1,\"name\":\"Hem\",\"item\":\"https:\\\/\\\/wp.kristdemokraterna.se\\\/vasternorrland\\\/\"},{\"@type\":\"ListItem\",\"position\":2,\"name\":\"Svar p\u00e5 interpellation om samordningscentralen i \u00c5nge\"}]},{\"@type\":\"WebSite\",\"@id\":\"https:\\\/\\\/wp.kristdemokraterna.se\\\/vasternorrland\\\/#website\",\"url\":\"https:\\\/\\\/wp.kristdemokraterna.se\\\/vasternorrland\\\/\",\"name\":\"KD V\u00e4sternorrland\",\"description\":\"V\u00e5rda v\u00e5rden - utveckla prim\u00e4rv\u00e5rden\",\"inLanguage\":\"sv-SE\"},{\"@type\":\"Person\",\"@id\":\"https:\\\/\\\/wp.kristdemokraterna.se\\\/vasternorrland\\\/#\\\/schema\\\/person\\\/c253503d86970574912dff6ec658bf28\",\"name\":\"sendelbach\",\"image\":{\"@type\":\"ImageObject\",\"inLanguage\":\"sv-SE\",\"@id\":\"https:\\\/\\\/secure.gravatar.com\\\/avatar\\\/0499a666be08fad4eb4333dbfba8681b8ebe23a978ce2e4c44818b2c5e2415b8?s=96&r=g\",\"url\":\"https:\\\/\\\/secure.gravatar.com\\\/avatar\\\/0499a666be08fad4eb4333dbfba8681b8ebe23a978ce2e4c44818b2c5e2415b8?s=96&r=g\",\"contentUrl\":\"https:\\\/\\\/secure.gravatar.com\\\/avatar\\\/0499a666be08fad4eb4333dbfba8681b8ebe23a978ce2e4c44818b2c5e2415b8?s=96&r=g\",\"caption\":\"sendelbach\"},\"url\":\"https:\\\/\\\/wp.kristdemokraterna.se\\\/vasternorrland\\\/author\\\/sendelbach\\\/\"}]}<\/script>\n<!-- \/ Yoast SEO plugin. -->","yoast_head_json":{"title":"Svar p\u00e5 interpellation om samordningscentralen i \u00c5nge | KD V\u00e4sternorrland","robots":{"index":"index","follow":"follow","max-snippet":"max-snippet:-1","max-image-preview":"max-image-preview:large","max-video-preview":"max-video-preview:-1"},"canonical":"https:\/\/wp.kristdemokraterna.se\/vasternorrland\/svar-pa-interpellation-om-samordningscentralen-i-ange\/","og_locale":"sv_SE","og_type":"article","og_title":"Svar p\u00e5 interpellation om samordningscentralen i \u00c5nge | KD V\u00e4sternorrland","og_description":"Jan Sj\u00f6din, landstingsstyrelsens ordf\u00f6rande, l\u00e4mnar f\u00f6ljande svar p\u00e5 Sverker \u00c5grens interpellation om samordningscentralen i \u00c5nge: Landstinget och kommunerna genomf\u00f6rde 2001\/2002 utredningen &#8221;M\u00e5l och visioner f\u00f6r l\u00e4nets kollektivtrafik&#8221;. Syftet med utredningen var, f\u00f6rutom \u00f6versyn av m\u00e5l och visioner f\u00f6r l\u00e4nets kollektivtrafik, att l\u00e4mna f\u00f6rslag till hur en \u00e4ndrad rollf\u00f6rdelning kunde g\u00f6ras tydligare g\u00e4llande ansvar och befogenheter Read More","og_url":"https:\/\/wp.kristdemokraterna.se\/vasternorrland\/svar-pa-interpellation-om-samordningscentralen-i-ange\/","og_site_name":"KD V\u00e4sternorrland","article_publisher":"https:\/\/www.facebook.com\/kdrvn\/","article_published_time":"2004-04-29T08:34:25+00:00","article_modified_time":"2021-05-11T08:42:21+00:00","author":"sendelbach","twitter_card":"summary_large_image","twitter_misc":{"Skriven av":"sendelbach","Ber\u00e4knad l\u00e4stid":"2 minuter"},"schema":{"@context":"https:\/\/schema.org","@graph":[{"@type":"Article","@id":"https:\/\/wp.kristdemokraterna.se\/vasternorrland\/svar-pa-interpellation-om-samordningscentralen-i-ange\/#article","isPartOf":{"@id":"https:\/\/wp.kristdemokraterna.se\/vasternorrland\/svar-pa-interpellation-om-samordningscentralen-i-ange\/"},"author":{"name":"sendelbach","@id":"https:\/\/wp.kristdemokraterna.se\/vasternorrland\/#\/schema\/person\/c253503d86970574912dff6ec658bf28"},"headline":"Svar p\u00e5 interpellation om samordningscentralen i \u00c5nge","datePublished":"2004-04-29T08:34:25+00:00","dateModified":"2021-05-11T08:42:21+00:00","mainEntityOfPage":{"@id":"https:\/\/wp.kristdemokraterna.se\/vasternorrland\/svar-pa-interpellation-om-samordningscentralen-i-ange\/"},"wordCount":377,"inLanguage":"sv-SE"},{"@type":"WebPage","@id":"https:\/\/wp.kristdemokraterna.se\/vasternorrland\/svar-pa-interpellation-om-samordningscentralen-i-ange\/","url":"https:\/\/wp.kristdemokraterna.se\/vasternorrland\/svar-pa-interpellation-om-samordningscentralen-i-ange\/","name":"Svar p\u00e5 interpellation om samordningscentralen i \u00c5nge | KD V\u00e4sternorrland","isPartOf":{"@id":"https:\/\/wp.kristdemokraterna.se\/vasternorrland\/#website"},"datePublished":"2004-04-29T08:34:25+00:00","dateModified":"2021-05-11T08:42:21+00:00","author":{"@id":"https:\/\/wp.kristdemokraterna.se\/vasternorrland\/#\/schema\/person\/c253503d86970574912dff6ec658bf28"},"breadcrumb":{"@id":"https:\/\/wp.kristdemokraterna.se\/vasternorrland\/svar-pa-interpellation-om-samordningscentralen-i-ange\/#breadcrumb"},"inLanguage":"sv-SE","potentialAction":[{"@type":"ReadAction","target":["https:\/\/wp.kristdemokraterna.se\/vasternorrland\/svar-pa-interpellation-om-samordningscentralen-i-ange\/"]}]},{"@type":"BreadcrumbList","@id":"https:\/\/wp.kristdemokraterna.se\/vasternorrland\/svar-pa-interpellation-om-samordningscentralen-i-ange\/#breadcrumb","itemListElement":[{"@type":"ListItem","position":1,"name":"Hem","item":"https:\/\/wp.kristdemokraterna.se\/vasternorrland\/"},{"@type":"ListItem","position":2,"name":"Svar p\u00e5 interpellation om samordningscentralen i \u00c5nge"}]},{"@type":"WebSite","@id":"https:\/\/wp.kristdemokraterna.se\/vasternorrland\/#website","url":"https:\/\/wp.kristdemokraterna.se\/vasternorrland\/","name":"KD V\u00e4sternorrland","description":"V\u00e5rda v\u00e5rden - utveckla prim\u00e4rv\u00e5rden","inLanguage":"sv-SE"},{"@type":"Person","@id":"https:\/\/wp.kristdemokraterna.se\/vasternorrland\/#\/schema\/person\/c253503d86970574912dff6ec658bf28","name":"sendelbach","image":{"@type":"ImageObject","inLanguage":"sv-SE","@id":"https:\/\/secure.gravatar.com\/avatar\/0499a666be08fad4eb4333dbfba8681b8ebe23a978ce2e4c44818b2c5e2415b8?s=96&r=g","url":"https:\/\/secure.gravatar.com\/avatar\/0499a666be08fad4eb4333dbfba8681b8ebe23a978ce2e4c44818b2c5e2415b8?s=96&r=g","contentUrl":"https:\/\/secure.gravatar.com\/avatar\/0499a666be08fad4eb4333dbfba8681b8ebe23a978ce2e4c44818b2c5e2415b8?s=96&r=g","caption":"sendelbach"},"url":"https:\/\/wp.kristdemokraterna.se\/vasternorrland\/author\/sendelbach\/"}]}},"_links":{"self":[{"href":"https:\/\/wp.kristdemokraterna.se\/vasternorrland\/wp-json\/wp\/v2\/posts\/351839","targetHints":{"allow":["GET"]}}],"collection":[{"href":"https:\/\/wp.kristdemokraterna.se\/vasternorrland\/wp-json\/wp\/v2\/posts"}],"about":[{"href":"https:\/\/wp.kristdemokraterna.se\/vasternorrland\/wp-json\/wp\/v2\/types\/post"}],"author":[{"embeddable":true,"href":"https:\/\/wp.kristdemokraterna.se\/vasternorrland\/wp-json\/wp\/v2\/users\/861"}],"replies":[{"embeddable":true,"href":"https:\/\/wp.kristdemokraterna.se\/vasternorrland\/wp-json\/wp\/v2\/comments?post=351839"}],"version-history":[{"count":1,"href":"https:\/\/wp.kristdemokraterna.se\/vasternorrland\/wp-json\/wp\/v2\/posts\/351839\/revisions"}],"predecessor-version":[{"id":351840,"href":"https:\/\/wp.kristdemokraterna.se\/vasternorrland\/wp-json\/wp\/v2\/posts\/351839\/revisions\/351840"}],"wp:attachment":[{"href":"https:\/\/wp.kristdemokraterna.se\/vasternorrland\/wp-json\/wp\/v2\/media?parent=351839"}],"wp:term":[{"taxonomy":"category","embeddable":true,"href":"https:\/\/wp.kristdemokraterna.se\/vasternorrland\/wp-json\/wp\/v2\/categories?post=351839"},{"taxonomy":"post_tag","embeddable":true,"href":"https:\/\/wp.kristdemokraterna.se\/vasternorrland\/wp-json\/wp\/v2\/tags?post=351839"}],"curies":[{"name":"wp","href":"https:\/\/api.w.org\/{rel}","templated":true}]}}