{"id":351842,"date":"2004-05-03T10:43:27","date_gmt":"2004-05-03T08:43:27","guid":{"rendered":"https:\/\/wp.kristdemokraterna.se\/vasternorrland\/?p=351842"},"modified":"2021-05-11T11:21:51","modified_gmt":"2021-05-11T09:21:51","slug":"tilltro-till-revisorernas-arbete","status":"publish","type":"post","link":"https:\/\/wp.kristdemokraterna.se\/vasternorrland\/tilltro-till-revisorernas-arbete\/","title":{"rendered":"Tilltro till revisorernas arbete"},"content":{"rendered":"<p>Vid senaste fullm\u00e4ktige st\u00e4lldes vi inf\u00f6r att ta beslut om att ge en delegation ansvarsfrihet eller inte. Vi hade fr\u00e5n v\u00e5ra revisorer f\u00e5tt rekommendationen att inte ge delegationen ansvarsfrihet f\u00f6r perioden 2003, den tid som revisionen omfattade. Trots detta fattade en majoritet av landstingsfullm\u00e4ktige beslutet att g\u00e5 emot revisorerna och deras st\u00e4llningstagande.<\/p>\n<p>Detta underk\u00e4nnande resulterade i att revisionskollegiets ordf\u00f6rande Carl Edblom avgick fr\u00e5n sitt uppdrag med omedelbar verkan. Man kan st\u00e4lla sej fr\u00e5gan vilka argument och sakfr\u00e5gor som l\u00e5g till grund f\u00f6r att fullm\u00e4ktige kunde fatta ett annat beslut och ha ett annat st\u00e4llningstagande \u00e4n vad revisionen hade? Revisorerna f\u00f6ljde God revisionssed och dessutom kommunallagen. Fanns det n\u00e5got, som inte revisorerna k\u00e4nde till???<\/p>\n<p>Detta beslut ger mej anledning att st\u00e4lla f\u00f6ljande fr\u00e5gor till Jan Sj\u00f6din:<\/p>\n<ol>\n<li>Ska vi ha tilltro till revisorernas arbete?<\/li>\n<li>Under vilka premisser ska vi underk\u00e4nna deras rapporter?<\/li>\n<li>Vad ska vi ha f\u00f6r policy gentemot v\u00e5ra revisorer i framtiden?<\/li>\n<li>Varf\u00f6r ska vi ha ett revisionskollegium d\u00e5 det \u00e4ndock \u00e4r fullm\u00e4ktige som egenm\u00e4ktigt och oberoende av vad revisorerna kommer fram till fattar det avg\u00f6rande beslutet?<\/li>\n<\/ol>\n<p>\u00d6rnsk\u00f6ldsvik 3 maj 2004<\/p>\n<p>Roger Berg<br \/>\nKristdemokraterna<\/p>\n<hr \/>\n<p>Artikeln \u00e4r en interpellation fr\u00e5n Roger Berg st\u00e4lld till landstingsstyrelsens ordf\u00f6rande.<\/p>\n","protected":false},"excerpt":{"rendered":"<p>Vid senaste fullm\u00e4ktige st\u00e4lldes vi inf\u00f6r att ta beslut om att ge en delegation ansvarsfrihet eller inte. Vi hade fr\u00e5n v\u00e5ra revisorer f\u00e5tt rekommendationen att inte ge delegationen ansvarsfrihet f\u00f6r perioden 2003, den tid som revisionen omfattade. Trots detta fattade en majoritet av landstingsfullm\u00e4ktige beslutet att g\u00e5 emot revisorerna och deras st\u00e4llningstagande. Detta underk\u00e4nnande resulterade <a class=\"read-more-link\" href=\"https:\/\/wp.kristdemokraterna.se\/vasternorrland\/tilltro-till-revisorernas-arbete\/\">Read More<\/a><\/p>\n","protected":false},"author":861,"featured_media":0,"comment_status":"closed","ping_status":"closed","sticky":false,"template":"","format":"standard","meta":{"_acf_changed":false,"footnotes":""},"categories":[1],"tags":[],"class_list":["post-351842","post","type-post","status-publish","format-standard","hentry","category-okategoriserade"],"acf":[],"yoast_head":"<!-- This site is optimized with the Yoast SEO plugin v27.5 - https:\/\/yoast.com\/product\/yoast-seo-wordpress\/ -->\n<title>Tilltro till revisorernas arbete | KD V\u00e4sternorrland<\/title>\n<meta name=\"robots\" content=\"index, follow, max-snippet:-1, max-image-preview:large, max-video-preview:-1\" \/>\n<link rel=\"canonical\" href=\"https:\/\/wp.kristdemokraterna.se\/vasternorrland\/tilltro-till-revisorernas-arbete\/\" \/>\n<meta property=\"og:locale\" content=\"sv_SE\" \/>\n<meta property=\"og:type\" content=\"article\" \/>\n<meta property=\"og:title\" content=\"Tilltro till revisorernas arbete | KD V\u00e4sternorrland\" \/>\n<meta property=\"og:description\" content=\"Vid senaste fullm\u00e4ktige st\u00e4lldes vi inf\u00f6r att ta beslut om att ge en delegation ansvarsfrihet eller inte. Vi hade fr\u00e5n v\u00e5ra revisorer f\u00e5tt rekommendationen att inte ge delegationen ansvarsfrihet f\u00f6r perioden 2003, den tid som revisionen omfattade. Trots detta fattade en majoritet av landstingsfullm\u00e4ktige beslutet att g\u00e5 emot revisorerna och deras st\u00e4llningstagande. Detta underk\u00e4nnande resulterade Read More\" \/>\n<meta property=\"og:url\" content=\"https:\/\/wp.kristdemokraterna.se\/vasternorrland\/tilltro-till-revisorernas-arbete\/\" \/>\n<meta property=\"og:site_name\" content=\"KD V\u00e4sternorrland\" \/>\n<meta property=\"article:publisher\" content=\"https:\/\/www.facebook.com\/kdrvn\/\" \/>\n<meta property=\"article:published_time\" content=\"2004-05-03T08:43:27+00:00\" \/>\n<meta property=\"article:modified_time\" content=\"2021-05-11T09:21:51+00:00\" \/>\n<meta name=\"author\" content=\"sendelbach\" \/>\n<meta name=\"twitter:card\" content=\"summary_large_image\" \/>\n<meta name=\"twitter:label1\" content=\"Skriven av\" \/>\n\t<meta name=\"twitter:data1\" content=\"sendelbach\" \/>\n\t<meta name=\"twitter:label2\" content=\"Ber\u00e4knad l\u00e4stid\" \/>\n\t<meta name=\"twitter:data2\" content=\"1 minut\" \/>\n<script type=\"application\/ld+json\" class=\"yoast-schema-graph\">{\"@context\":\"https:\\\/\\\/schema.org\",\"@graph\":[{\"@type\":\"Article\",\"@id\":\"https:\\\/\\\/wp.kristdemokraterna.se\\\/vasternorrland\\\/tilltro-till-revisorernas-arbete\\\/#article\",\"isPartOf\":{\"@id\":\"https:\\\/\\\/wp.kristdemokraterna.se\\\/vasternorrland\\\/tilltro-till-revisorernas-arbete\\\/\"},\"author\":{\"name\":\"sendelbach\",\"@id\":\"https:\\\/\\\/wp.kristdemokraterna.se\\\/vasternorrland\\\/#\\\/schema\\\/person\\\/c253503d86970574912dff6ec658bf28\"},\"headline\":\"Tilltro till revisorernas arbete\",\"datePublished\":\"2004-05-03T08:43:27+00:00\",\"dateModified\":\"2021-05-11T09:21:51+00:00\",\"mainEntityOfPage\":{\"@id\":\"https:\\\/\\\/wp.kristdemokraterna.se\\\/vasternorrland\\\/tilltro-till-revisorernas-arbete\\\/\"},\"wordCount\":232,\"inLanguage\":\"sv-SE\"},{\"@type\":\"WebPage\",\"@id\":\"https:\\\/\\\/wp.kristdemokraterna.se\\\/vasternorrland\\\/tilltro-till-revisorernas-arbete\\\/\",\"url\":\"https:\\\/\\\/wp.kristdemokraterna.se\\\/vasternorrland\\\/tilltro-till-revisorernas-arbete\\\/\",\"name\":\"Tilltro till revisorernas arbete | KD V\u00e4sternorrland\",\"isPartOf\":{\"@id\":\"https:\\\/\\\/wp.kristdemokraterna.se\\\/vasternorrland\\\/#website\"},\"datePublished\":\"2004-05-03T08:43:27+00:00\",\"dateModified\":\"2021-05-11T09:21:51+00:00\",\"author\":{\"@id\":\"https:\\\/\\\/wp.kristdemokraterna.se\\\/vasternorrland\\\/#\\\/schema\\\/person\\\/c253503d86970574912dff6ec658bf28\"},\"breadcrumb\":{\"@id\":\"https:\\\/\\\/wp.kristdemokraterna.se\\\/vasternorrland\\\/tilltro-till-revisorernas-arbete\\\/#breadcrumb\"},\"inLanguage\":\"sv-SE\",\"potentialAction\":[{\"@type\":\"ReadAction\",\"target\":[\"https:\\\/\\\/wp.kristdemokraterna.se\\\/vasternorrland\\\/tilltro-till-revisorernas-arbete\\\/\"]}]},{\"@type\":\"BreadcrumbList\",\"@id\":\"https:\\\/\\\/wp.kristdemokraterna.se\\\/vasternorrland\\\/tilltro-till-revisorernas-arbete\\\/#breadcrumb\",\"itemListElement\":[{\"@type\":\"ListItem\",\"position\":1,\"name\":\"Hem\",\"item\":\"https:\\\/\\\/wp.kristdemokraterna.se\\\/vasternorrland\\\/\"},{\"@type\":\"ListItem\",\"position\":2,\"name\":\"Tilltro till revisorernas arbete\"}]},{\"@type\":\"WebSite\",\"@id\":\"https:\\\/\\\/wp.kristdemokraterna.se\\\/vasternorrland\\\/#website\",\"url\":\"https:\\\/\\\/wp.kristdemokraterna.se\\\/vasternorrland\\\/\",\"name\":\"KD V\u00e4sternorrland\",\"description\":\"V\u00e5rda v\u00e5rden - utveckla prim\u00e4rv\u00e5rden\",\"inLanguage\":\"sv-SE\"},{\"@type\":\"Person\",\"@id\":\"https:\\\/\\\/wp.kristdemokraterna.se\\\/vasternorrland\\\/#\\\/schema\\\/person\\\/c253503d86970574912dff6ec658bf28\",\"name\":\"sendelbach\",\"image\":{\"@type\":\"ImageObject\",\"inLanguage\":\"sv-SE\",\"@id\":\"https:\\\/\\\/secure.gravatar.com\\\/avatar\\\/0499a666be08fad4eb4333dbfba8681b8ebe23a978ce2e4c44818b2c5e2415b8?s=96&r=g\",\"url\":\"https:\\\/\\\/secure.gravatar.com\\\/avatar\\\/0499a666be08fad4eb4333dbfba8681b8ebe23a978ce2e4c44818b2c5e2415b8?s=96&r=g\",\"contentUrl\":\"https:\\\/\\\/secure.gravatar.com\\\/avatar\\\/0499a666be08fad4eb4333dbfba8681b8ebe23a978ce2e4c44818b2c5e2415b8?s=96&r=g\",\"caption\":\"sendelbach\"},\"url\":\"https:\\\/\\\/wp.kristdemokraterna.se\\\/vasternorrland\\\/author\\\/sendelbach\\\/\"}]}<\/script>\n<!-- \/ Yoast SEO plugin. -->","yoast_head_json":{"title":"Tilltro till revisorernas arbete | KD V\u00e4sternorrland","robots":{"index":"index","follow":"follow","max-snippet":"max-snippet:-1","max-image-preview":"max-image-preview:large","max-video-preview":"max-video-preview:-1"},"canonical":"https:\/\/wp.kristdemokraterna.se\/vasternorrland\/tilltro-till-revisorernas-arbete\/","og_locale":"sv_SE","og_type":"article","og_title":"Tilltro till revisorernas arbete | KD V\u00e4sternorrland","og_description":"Vid senaste fullm\u00e4ktige st\u00e4lldes vi inf\u00f6r att ta beslut om att ge en delegation ansvarsfrihet eller inte. Vi hade fr\u00e5n v\u00e5ra revisorer f\u00e5tt rekommendationen att inte ge delegationen ansvarsfrihet f\u00f6r perioden 2003, den tid som revisionen omfattade. Trots detta fattade en majoritet av landstingsfullm\u00e4ktige beslutet att g\u00e5 emot revisorerna och deras st\u00e4llningstagande. Detta underk\u00e4nnande resulterade Read More","og_url":"https:\/\/wp.kristdemokraterna.se\/vasternorrland\/tilltro-till-revisorernas-arbete\/","og_site_name":"KD V\u00e4sternorrland","article_publisher":"https:\/\/www.facebook.com\/kdrvn\/","article_published_time":"2004-05-03T08:43:27+00:00","article_modified_time":"2021-05-11T09:21:51+00:00","author":"sendelbach","twitter_card":"summary_large_image","twitter_misc":{"Skriven av":"sendelbach","Ber\u00e4knad l\u00e4stid":"1 minut"},"schema":{"@context":"https:\/\/schema.org","@graph":[{"@type":"Article","@id":"https:\/\/wp.kristdemokraterna.se\/vasternorrland\/tilltro-till-revisorernas-arbete\/#article","isPartOf":{"@id":"https:\/\/wp.kristdemokraterna.se\/vasternorrland\/tilltro-till-revisorernas-arbete\/"},"author":{"name":"sendelbach","@id":"https:\/\/wp.kristdemokraterna.se\/vasternorrland\/#\/schema\/person\/c253503d86970574912dff6ec658bf28"},"headline":"Tilltro till revisorernas arbete","datePublished":"2004-05-03T08:43:27+00:00","dateModified":"2021-05-11T09:21:51+00:00","mainEntityOfPage":{"@id":"https:\/\/wp.kristdemokraterna.se\/vasternorrland\/tilltro-till-revisorernas-arbete\/"},"wordCount":232,"inLanguage":"sv-SE"},{"@type":"WebPage","@id":"https:\/\/wp.kristdemokraterna.se\/vasternorrland\/tilltro-till-revisorernas-arbete\/","url":"https:\/\/wp.kristdemokraterna.se\/vasternorrland\/tilltro-till-revisorernas-arbete\/","name":"Tilltro till revisorernas arbete | KD V\u00e4sternorrland","isPartOf":{"@id":"https:\/\/wp.kristdemokraterna.se\/vasternorrland\/#website"},"datePublished":"2004-05-03T08:43:27+00:00","dateModified":"2021-05-11T09:21:51+00:00","author":{"@id":"https:\/\/wp.kristdemokraterna.se\/vasternorrland\/#\/schema\/person\/c253503d86970574912dff6ec658bf28"},"breadcrumb":{"@id":"https:\/\/wp.kristdemokraterna.se\/vasternorrland\/tilltro-till-revisorernas-arbete\/#breadcrumb"},"inLanguage":"sv-SE","potentialAction":[{"@type":"ReadAction","target":["https:\/\/wp.kristdemokraterna.se\/vasternorrland\/tilltro-till-revisorernas-arbete\/"]}]},{"@type":"BreadcrumbList","@id":"https:\/\/wp.kristdemokraterna.se\/vasternorrland\/tilltro-till-revisorernas-arbete\/#breadcrumb","itemListElement":[{"@type":"ListItem","position":1,"name":"Hem","item":"https:\/\/wp.kristdemokraterna.se\/vasternorrland\/"},{"@type":"ListItem","position":2,"name":"Tilltro till revisorernas arbete"}]},{"@type":"WebSite","@id":"https:\/\/wp.kristdemokraterna.se\/vasternorrland\/#website","url":"https:\/\/wp.kristdemokraterna.se\/vasternorrland\/","name":"KD V\u00e4sternorrland","description":"V\u00e5rda v\u00e5rden - utveckla prim\u00e4rv\u00e5rden","inLanguage":"sv-SE"},{"@type":"Person","@id":"https:\/\/wp.kristdemokraterna.se\/vasternorrland\/#\/schema\/person\/c253503d86970574912dff6ec658bf28","name":"sendelbach","image":{"@type":"ImageObject","inLanguage":"sv-SE","@id":"https:\/\/secure.gravatar.com\/avatar\/0499a666be08fad4eb4333dbfba8681b8ebe23a978ce2e4c44818b2c5e2415b8?s=96&r=g","url":"https:\/\/secure.gravatar.com\/avatar\/0499a666be08fad4eb4333dbfba8681b8ebe23a978ce2e4c44818b2c5e2415b8?s=96&r=g","contentUrl":"https:\/\/secure.gravatar.com\/avatar\/0499a666be08fad4eb4333dbfba8681b8ebe23a978ce2e4c44818b2c5e2415b8?s=96&r=g","caption":"sendelbach"},"url":"https:\/\/wp.kristdemokraterna.se\/vasternorrland\/author\/sendelbach\/"}]}},"_links":{"self":[{"href":"https:\/\/wp.kristdemokraterna.se\/vasternorrland\/wp-json\/wp\/v2\/posts\/351842","targetHints":{"allow":["GET"]}}],"collection":[{"href":"https:\/\/wp.kristdemokraterna.se\/vasternorrland\/wp-json\/wp\/v2\/posts"}],"about":[{"href":"https:\/\/wp.kristdemokraterna.se\/vasternorrland\/wp-json\/wp\/v2\/types\/post"}],"author":[{"embeddable":true,"href":"https:\/\/wp.kristdemokraterna.se\/vasternorrland\/wp-json\/wp\/v2\/users\/861"}],"replies":[{"embeddable":true,"href":"https:\/\/wp.kristdemokraterna.se\/vasternorrland\/wp-json\/wp\/v2\/comments?post=351842"}],"version-history":[{"count":1,"href":"https:\/\/wp.kristdemokraterna.se\/vasternorrland\/wp-json\/wp\/v2\/posts\/351842\/revisions"}],"predecessor-version":[{"id":351844,"href":"https:\/\/wp.kristdemokraterna.se\/vasternorrland\/wp-json\/wp\/v2\/posts\/351842\/revisions\/351844"}],"wp:attachment":[{"href":"https:\/\/wp.kristdemokraterna.se\/vasternorrland\/wp-json\/wp\/v2\/media?parent=351842"}],"wp:term":[{"taxonomy":"category","embeddable":true,"href":"https:\/\/wp.kristdemokraterna.se\/vasternorrland\/wp-json\/wp\/v2\/categories?post=351842"},{"taxonomy":"post_tag","embeddable":true,"href":"https:\/\/wp.kristdemokraterna.se\/vasternorrland\/wp-json\/wp\/v2\/tags?post=351842"}],"curies":[{"name":"wp","href":"https:\/\/api.w.org\/{rel}","templated":true}]}}