{"id":351843,"date":"2004-06-02T10:43:38","date_gmt":"2004-06-02T08:43:38","guid":{"rendered":"https:\/\/wp.kristdemokraterna.se\/vasternorrland\/?p=351843"},"modified":"2021-05-11T12:33:43","modified_gmt":"2021-05-11T10:33:43","slug":"varfor-tas-inte-nationella-handlingsplanen-pa-allvar","status":"publish","type":"post","link":"https:\/\/wp.kristdemokraterna.se\/vasternorrland\/varfor-tas-inte-nationella-handlingsplanen-pa-allvar\/","title":{"rendered":"Varf\u00f6r tas inte Nationella handlingsplanen p\u00e5 allvar"},"content":{"rendered":"<p>Socialstyrelsen har nu f\u00f6ljt upp effekterna av den nationella handlingsplanen f\u00f6r h\u00e4lso- och sjukv\u00e5rden (NHP) som riksdagen fattat beslut om. Syftet med planen var bland annat att f\u00f6rb\u00e4ttra tillg\u00e4ngligheten i v\u00e5rden och att \u00f6ka insatserna inom barnpsykiatrin. Enligt ett referat i tidningen Dagens Medicin har landstingen visat mycket skiftande engagemang ifr\u00e5ga om att genomf\u00f6ra NHP:s syfte.<\/p>\n<p>V\u00e5rt eget landsting placerades i botten, vilket jag tycker \u00e4r mycket anm\u00e4rkningsv\u00e4rt. Landstingets politiska majoritet har ofta h\u00e4nvisat till betydelsen av NHP, men i handling har inte mycket h\u00e4nt.<\/p>\n<p>Mot denna bakgrund vill jag fr\u00e5ga:<\/p>\n<ul>\n<li>Av vilken anledning har Landstinget V\u00e4sternorrland inte lyckats b\u00e4ttre med att genomf\u00f6ra NHP?<\/li>\n<li>Vilka politiska beslut ligger till grund f\u00f6r den l\u00e5ga prioriteringen av NHP?<\/li>\n<li>Kommer landstingets politiska ledning att ta n\u00e5gra nya initiativ med anledning av den mycket svaga placeringen i Socialstyrelsens uppf\u00f6ljning?<\/li>\n<\/ul>\n<p>H\u00e4rn\u00f6sand den 2 juni 2004<\/p>\n<p>Sverker \u00c5gren (kd)<\/p>\n<hr \/>\n<p>Artikeln \u00e4r en interpellation fr\u00e5n Sverker \u00c5gren till landstingsr\u00e5det Ewa S\u00f6derberg.<\/p>\n","protected":false},"excerpt":{"rendered":"<p>Socialstyrelsen har nu f\u00f6ljt upp effekterna av den nationella handlingsplanen f\u00f6r h\u00e4lso- och sjukv\u00e5rden (NHP) som riksdagen fattat beslut om. Syftet med planen var bland annat att f\u00f6rb\u00e4ttra tillg\u00e4ngligheten i v\u00e5rden och att \u00f6ka insatserna inom barnpsykiatrin. Enligt ett referat i tidningen Dagens Medicin har landstingen visat mycket skiftande engagemang ifr\u00e5ga om att genomf\u00f6ra NHP:s <a class=\"read-more-link\" href=\"https:\/\/wp.kristdemokraterna.se\/vasternorrland\/varfor-tas-inte-nationella-handlingsplanen-pa-allvar\/\">Read More<\/a><\/p>\n","protected":false},"author":861,"featured_media":0,"comment_status":"closed","ping_status":"closed","sticky":false,"template":"","format":"standard","meta":{"_acf_changed":false,"footnotes":""},"categories":[1],"tags":[],"class_list":["post-351843","post","type-post","status-publish","format-standard","hentry","category-okategoriserade"],"acf":[],"yoast_head":"<!-- This site is optimized with the Yoast SEO plugin v27.5 - https:\/\/yoast.com\/product\/yoast-seo-wordpress\/ -->\n<title>Varf\u00f6r tas inte Nationella handlingsplanen p\u00e5 allvar | KD V\u00e4sternorrland<\/title>\n<meta name=\"robots\" content=\"index, follow, max-snippet:-1, max-image-preview:large, max-video-preview:-1\" \/>\n<link rel=\"canonical\" href=\"https:\/\/wp.kristdemokraterna.se\/vasternorrland\/varfor-tas-inte-nationella-handlingsplanen-pa-allvar\/\" \/>\n<meta property=\"og:locale\" content=\"sv_SE\" \/>\n<meta property=\"og:type\" content=\"article\" \/>\n<meta property=\"og:title\" content=\"Varf\u00f6r tas inte Nationella handlingsplanen p\u00e5 allvar | KD V\u00e4sternorrland\" \/>\n<meta property=\"og:description\" content=\"Socialstyrelsen har nu f\u00f6ljt upp effekterna av den nationella handlingsplanen f\u00f6r h\u00e4lso- och sjukv\u00e5rden (NHP) som riksdagen fattat beslut om. Syftet med planen var bland annat att f\u00f6rb\u00e4ttra tillg\u00e4ngligheten i v\u00e5rden och att \u00f6ka insatserna inom barnpsykiatrin. Enligt ett referat i tidningen Dagens Medicin har landstingen visat mycket skiftande engagemang ifr\u00e5ga om att genomf\u00f6ra NHP:s Read More\" \/>\n<meta property=\"og:url\" content=\"https:\/\/wp.kristdemokraterna.se\/vasternorrland\/varfor-tas-inte-nationella-handlingsplanen-pa-allvar\/\" \/>\n<meta property=\"og:site_name\" content=\"KD V\u00e4sternorrland\" \/>\n<meta property=\"article:publisher\" content=\"https:\/\/www.facebook.com\/kdrvn\/\" \/>\n<meta property=\"article:published_time\" content=\"2004-06-02T08:43:38+00:00\" \/>\n<meta property=\"article:modified_time\" content=\"2021-05-11T10:33:43+00:00\" \/>\n<meta name=\"author\" content=\"sendelbach\" \/>\n<meta name=\"twitter:card\" content=\"summary_large_image\" \/>\n<meta name=\"twitter:label1\" content=\"Skriven av\" \/>\n\t<meta name=\"twitter:data1\" content=\"sendelbach\" \/>\n\t<meta name=\"twitter:label2\" content=\"Ber\u00e4knad l\u00e4stid\" \/>\n\t<meta name=\"twitter:data2\" content=\"1 minut\" \/>\n<script type=\"application\/ld+json\" class=\"yoast-schema-graph\">{\"@context\":\"https:\\\/\\\/schema.org\",\"@graph\":[{\"@type\":\"Article\",\"@id\":\"https:\\\/\\\/wp.kristdemokraterna.se\\\/vasternorrland\\\/varfor-tas-inte-nationella-handlingsplanen-pa-allvar\\\/#article\",\"isPartOf\":{\"@id\":\"https:\\\/\\\/wp.kristdemokraterna.se\\\/vasternorrland\\\/varfor-tas-inte-nationella-handlingsplanen-pa-allvar\\\/\"},\"author\":{\"name\":\"sendelbach\",\"@id\":\"https:\\\/\\\/wp.kristdemokraterna.se\\\/vasternorrland\\\/#\\\/schema\\\/person\\\/c253503d86970574912dff6ec658bf28\"},\"headline\":\"Varf\u00f6r tas inte Nationella handlingsplanen p\u00e5 allvar\",\"datePublished\":\"2004-06-02T08:43:38+00:00\",\"dateModified\":\"2021-05-11T10:33:43+00:00\",\"mainEntityOfPage\":{\"@id\":\"https:\\\/\\\/wp.kristdemokraterna.se\\\/vasternorrland\\\/varfor-tas-inte-nationella-handlingsplanen-pa-allvar\\\/\"},\"wordCount\":189,\"inLanguage\":\"sv-SE\"},{\"@type\":\"WebPage\",\"@id\":\"https:\\\/\\\/wp.kristdemokraterna.se\\\/vasternorrland\\\/varfor-tas-inte-nationella-handlingsplanen-pa-allvar\\\/\",\"url\":\"https:\\\/\\\/wp.kristdemokraterna.se\\\/vasternorrland\\\/varfor-tas-inte-nationella-handlingsplanen-pa-allvar\\\/\",\"name\":\"Varf\u00f6r tas inte Nationella handlingsplanen p\u00e5 allvar | KD V\u00e4sternorrland\",\"isPartOf\":{\"@id\":\"https:\\\/\\\/wp.kristdemokraterna.se\\\/vasternorrland\\\/#website\"},\"datePublished\":\"2004-06-02T08:43:38+00:00\",\"dateModified\":\"2021-05-11T10:33:43+00:00\",\"author\":{\"@id\":\"https:\\\/\\\/wp.kristdemokraterna.se\\\/vasternorrland\\\/#\\\/schema\\\/person\\\/c253503d86970574912dff6ec658bf28\"},\"breadcrumb\":{\"@id\":\"https:\\\/\\\/wp.kristdemokraterna.se\\\/vasternorrland\\\/varfor-tas-inte-nationella-handlingsplanen-pa-allvar\\\/#breadcrumb\"},\"inLanguage\":\"sv-SE\",\"potentialAction\":[{\"@type\":\"ReadAction\",\"target\":[\"https:\\\/\\\/wp.kristdemokraterna.se\\\/vasternorrland\\\/varfor-tas-inte-nationella-handlingsplanen-pa-allvar\\\/\"]}]},{\"@type\":\"BreadcrumbList\",\"@id\":\"https:\\\/\\\/wp.kristdemokraterna.se\\\/vasternorrland\\\/varfor-tas-inte-nationella-handlingsplanen-pa-allvar\\\/#breadcrumb\",\"itemListElement\":[{\"@type\":\"ListItem\",\"position\":1,\"name\":\"Hem\",\"item\":\"https:\\\/\\\/wp.kristdemokraterna.se\\\/vasternorrland\\\/\"},{\"@type\":\"ListItem\",\"position\":2,\"name\":\"Varf\u00f6r tas inte Nationella handlingsplanen p\u00e5 allvar\"}]},{\"@type\":\"WebSite\",\"@id\":\"https:\\\/\\\/wp.kristdemokraterna.se\\\/vasternorrland\\\/#website\",\"url\":\"https:\\\/\\\/wp.kristdemokraterna.se\\\/vasternorrland\\\/\",\"name\":\"KD V\u00e4sternorrland\",\"description\":\"V\u00e5rda v\u00e5rden - utveckla prim\u00e4rv\u00e5rden\",\"inLanguage\":\"sv-SE\"},{\"@type\":\"Person\",\"@id\":\"https:\\\/\\\/wp.kristdemokraterna.se\\\/vasternorrland\\\/#\\\/schema\\\/person\\\/c253503d86970574912dff6ec658bf28\",\"name\":\"sendelbach\",\"image\":{\"@type\":\"ImageObject\",\"inLanguage\":\"sv-SE\",\"@id\":\"https:\\\/\\\/secure.gravatar.com\\\/avatar\\\/0499a666be08fad4eb4333dbfba8681b8ebe23a978ce2e4c44818b2c5e2415b8?s=96&r=g\",\"url\":\"https:\\\/\\\/secure.gravatar.com\\\/avatar\\\/0499a666be08fad4eb4333dbfba8681b8ebe23a978ce2e4c44818b2c5e2415b8?s=96&r=g\",\"contentUrl\":\"https:\\\/\\\/secure.gravatar.com\\\/avatar\\\/0499a666be08fad4eb4333dbfba8681b8ebe23a978ce2e4c44818b2c5e2415b8?s=96&r=g\",\"caption\":\"sendelbach\"},\"url\":\"https:\\\/\\\/wp.kristdemokraterna.se\\\/vasternorrland\\\/author\\\/sendelbach\\\/\"}]}<\/script>\n<!-- \/ Yoast SEO plugin. -->","yoast_head_json":{"title":"Varf\u00f6r tas inte Nationella handlingsplanen p\u00e5 allvar | KD V\u00e4sternorrland","robots":{"index":"index","follow":"follow","max-snippet":"max-snippet:-1","max-image-preview":"max-image-preview:large","max-video-preview":"max-video-preview:-1"},"canonical":"https:\/\/wp.kristdemokraterna.se\/vasternorrland\/varfor-tas-inte-nationella-handlingsplanen-pa-allvar\/","og_locale":"sv_SE","og_type":"article","og_title":"Varf\u00f6r tas inte Nationella handlingsplanen p\u00e5 allvar | KD V\u00e4sternorrland","og_description":"Socialstyrelsen har nu f\u00f6ljt upp effekterna av den nationella handlingsplanen f\u00f6r h\u00e4lso- och sjukv\u00e5rden (NHP) som riksdagen fattat beslut om. Syftet med planen var bland annat att f\u00f6rb\u00e4ttra tillg\u00e4ngligheten i v\u00e5rden och att \u00f6ka insatserna inom barnpsykiatrin. Enligt ett referat i tidningen Dagens Medicin har landstingen visat mycket skiftande engagemang ifr\u00e5ga om att genomf\u00f6ra NHP:s Read More","og_url":"https:\/\/wp.kristdemokraterna.se\/vasternorrland\/varfor-tas-inte-nationella-handlingsplanen-pa-allvar\/","og_site_name":"KD V\u00e4sternorrland","article_publisher":"https:\/\/www.facebook.com\/kdrvn\/","article_published_time":"2004-06-02T08:43:38+00:00","article_modified_time":"2021-05-11T10:33:43+00:00","author":"sendelbach","twitter_card":"summary_large_image","twitter_misc":{"Skriven av":"sendelbach","Ber\u00e4knad l\u00e4stid":"1 minut"},"schema":{"@context":"https:\/\/schema.org","@graph":[{"@type":"Article","@id":"https:\/\/wp.kristdemokraterna.se\/vasternorrland\/varfor-tas-inte-nationella-handlingsplanen-pa-allvar\/#article","isPartOf":{"@id":"https:\/\/wp.kristdemokraterna.se\/vasternorrland\/varfor-tas-inte-nationella-handlingsplanen-pa-allvar\/"},"author":{"name":"sendelbach","@id":"https:\/\/wp.kristdemokraterna.se\/vasternorrland\/#\/schema\/person\/c253503d86970574912dff6ec658bf28"},"headline":"Varf\u00f6r tas inte Nationella handlingsplanen p\u00e5 allvar","datePublished":"2004-06-02T08:43:38+00:00","dateModified":"2021-05-11T10:33:43+00:00","mainEntityOfPage":{"@id":"https:\/\/wp.kristdemokraterna.se\/vasternorrland\/varfor-tas-inte-nationella-handlingsplanen-pa-allvar\/"},"wordCount":189,"inLanguage":"sv-SE"},{"@type":"WebPage","@id":"https:\/\/wp.kristdemokraterna.se\/vasternorrland\/varfor-tas-inte-nationella-handlingsplanen-pa-allvar\/","url":"https:\/\/wp.kristdemokraterna.se\/vasternorrland\/varfor-tas-inte-nationella-handlingsplanen-pa-allvar\/","name":"Varf\u00f6r tas inte Nationella handlingsplanen p\u00e5 allvar | KD V\u00e4sternorrland","isPartOf":{"@id":"https:\/\/wp.kristdemokraterna.se\/vasternorrland\/#website"},"datePublished":"2004-06-02T08:43:38+00:00","dateModified":"2021-05-11T10:33:43+00:00","author":{"@id":"https:\/\/wp.kristdemokraterna.se\/vasternorrland\/#\/schema\/person\/c253503d86970574912dff6ec658bf28"},"breadcrumb":{"@id":"https:\/\/wp.kristdemokraterna.se\/vasternorrland\/varfor-tas-inte-nationella-handlingsplanen-pa-allvar\/#breadcrumb"},"inLanguage":"sv-SE","potentialAction":[{"@type":"ReadAction","target":["https:\/\/wp.kristdemokraterna.se\/vasternorrland\/varfor-tas-inte-nationella-handlingsplanen-pa-allvar\/"]}]},{"@type":"BreadcrumbList","@id":"https:\/\/wp.kristdemokraterna.se\/vasternorrland\/varfor-tas-inte-nationella-handlingsplanen-pa-allvar\/#breadcrumb","itemListElement":[{"@type":"ListItem","position":1,"name":"Hem","item":"https:\/\/wp.kristdemokraterna.se\/vasternorrland\/"},{"@type":"ListItem","position":2,"name":"Varf\u00f6r tas inte Nationella handlingsplanen p\u00e5 allvar"}]},{"@type":"WebSite","@id":"https:\/\/wp.kristdemokraterna.se\/vasternorrland\/#website","url":"https:\/\/wp.kristdemokraterna.se\/vasternorrland\/","name":"KD V\u00e4sternorrland","description":"V\u00e5rda v\u00e5rden - utveckla prim\u00e4rv\u00e5rden","inLanguage":"sv-SE"},{"@type":"Person","@id":"https:\/\/wp.kristdemokraterna.se\/vasternorrland\/#\/schema\/person\/c253503d86970574912dff6ec658bf28","name":"sendelbach","image":{"@type":"ImageObject","inLanguage":"sv-SE","@id":"https:\/\/secure.gravatar.com\/avatar\/0499a666be08fad4eb4333dbfba8681b8ebe23a978ce2e4c44818b2c5e2415b8?s=96&r=g","url":"https:\/\/secure.gravatar.com\/avatar\/0499a666be08fad4eb4333dbfba8681b8ebe23a978ce2e4c44818b2c5e2415b8?s=96&r=g","contentUrl":"https:\/\/secure.gravatar.com\/avatar\/0499a666be08fad4eb4333dbfba8681b8ebe23a978ce2e4c44818b2c5e2415b8?s=96&r=g","caption":"sendelbach"},"url":"https:\/\/wp.kristdemokraterna.se\/vasternorrland\/author\/sendelbach\/"}]}},"_links":{"self":[{"href":"https:\/\/wp.kristdemokraterna.se\/vasternorrland\/wp-json\/wp\/v2\/posts\/351843","targetHints":{"allow":["GET"]}}],"collection":[{"href":"https:\/\/wp.kristdemokraterna.se\/vasternorrland\/wp-json\/wp\/v2\/posts"}],"about":[{"href":"https:\/\/wp.kristdemokraterna.se\/vasternorrland\/wp-json\/wp\/v2\/types\/post"}],"author":[{"embeddable":true,"href":"https:\/\/wp.kristdemokraterna.se\/vasternorrland\/wp-json\/wp\/v2\/users\/861"}],"replies":[{"embeddable":true,"href":"https:\/\/wp.kristdemokraterna.se\/vasternorrland\/wp-json\/wp\/v2\/comments?post=351843"}],"version-history":[{"count":1,"href":"https:\/\/wp.kristdemokraterna.se\/vasternorrland\/wp-json\/wp\/v2\/posts\/351843\/revisions"}],"predecessor-version":[{"id":351848,"href":"https:\/\/wp.kristdemokraterna.se\/vasternorrland\/wp-json\/wp\/v2\/posts\/351843\/revisions\/351848"}],"wp:attachment":[{"href":"https:\/\/wp.kristdemokraterna.se\/vasternorrland\/wp-json\/wp\/v2\/media?parent=351843"}],"wp:term":[{"taxonomy":"category","embeddable":true,"href":"https:\/\/wp.kristdemokraterna.se\/vasternorrland\/wp-json\/wp\/v2\/categories?post=351843"},{"taxonomy":"post_tag","embeddable":true,"href":"https:\/\/wp.kristdemokraterna.se\/vasternorrland\/wp-json\/wp\/v2\/tags?post=351843"}],"curies":[{"name":"wp","href":"https:\/\/api.w.org\/{rel}","templated":true}]}}