{"id":351845,"date":"2004-06-17T11:22:50","date_gmt":"2004-06-17T09:22:50","guid":{"rendered":"https:\/\/wp.kristdemokraterna.se\/vasternorrland\/?p=351845"},"modified":"2021-05-11T11:33:33","modified_gmt":"2021-05-11T09:33:33","slug":"svar-pa-interpellation-om-tilltro-till-revisorernas-arbete","status":"publish","type":"post","link":"https:\/\/wp.kristdemokraterna.se\/vasternorrland\/svar-pa-interpellation-om-tilltro-till-revisorernas-arbete\/","title":{"rendered":"Svar p\u00e5 interpellation om tilltro till revisorernas arbete"},"content":{"rendered":"<p>Jan Sj\u00f6din, landstingsstyrelsens ordf\u00f6rande, l\u00e4mnade f\u00f6ljande svar p\u00e5 Roger Bergs interpellation om tilltro till revisorernas arbete:<\/p>\n<p>Interpellationen \u00e4r st\u00e4lld till mig som landstingsstyrelsens ordf\u00f6rande, men det \u00e4r upp till var och en i landstingsfullm\u00e4ktige att sj\u00e4lv ta st\u00e4llning i de fr\u00e5gor som interpellanten st\u00e4ller.<\/p>\n<p>F\u00f6r min del tar jag mycket seri\u00f6st p\u00e5 revisorernas arbete och har ocks\u00e5 stort f\u00f6rtroende f\u00f6r det arbete som revisorerna g\u00f6r. Det beh\u00f6ver inte betyda att jag alltid delar deras bed\u00f6mningar och st\u00e4llningstaganden. Landstingsstyrelsen har ocks\u00e5 f\u00e5tt i uppdrag att \u00e5tg\u00e4rda de betydande brister som uppvisades inom kultur-, utbildning- och forskningsf\u00f6rvaltningen. En rapport kommer att l\u00e4mnas till landstingsfullm\u00e4ktige.<\/p>\n<p>Sollefte\u00e5 den 17 juni 2004<\/p>\n<p>Jan Sj\u00f6din<br \/>\nLandstingsstyrelsens ordf\u00f6rande<\/p>\n<hr \/>\n<p>Utdrag ur landstingsfullm\u00e4ktiges protokoll 17 juni 2004 \u00a7 97:<\/p>\n<p>Roger Berg tackade f\u00f6r svaret.<\/p>\n<p>I detta \u00e4rende yttrade sig f\u00f6rutom Roger Berg \u00e4ven Roy Resare, Anders Kempe, Jan Sj\u00f6din, Jacomina Beertema, Jarl Str\u00f6mb\u00e4ck, Per-Richard Mol\u00e9n, Lars-Olof Olsson, Tord Sundelin, Rune Danielsson, Sverker \u00c5gren och Magnus Ekwall.<\/p>\n","protected":false},"excerpt":{"rendered":"<p>Jan Sj\u00f6din, landstingsstyrelsens ordf\u00f6rande, l\u00e4mnade f\u00f6ljande svar p\u00e5 Roger Bergs interpellation om tilltro till revisorernas arbete: Interpellationen \u00e4r st\u00e4lld till mig som landstingsstyrelsens ordf\u00f6rande, men det \u00e4r upp till var och en i landstingsfullm\u00e4ktige att sj\u00e4lv ta st\u00e4llning i de fr\u00e5gor som interpellanten st\u00e4ller. F\u00f6r min del tar jag mycket seri\u00f6st p\u00e5 revisorernas arbete och <a class=\"read-more-link\" href=\"https:\/\/wp.kristdemokraterna.se\/vasternorrland\/svar-pa-interpellation-om-tilltro-till-revisorernas-arbete\/\">Read More<\/a><\/p>\n","protected":false},"author":861,"featured_media":0,"comment_status":"closed","ping_status":"closed","sticky":false,"template":"","format":"standard","meta":{"_acf_changed":false,"footnotes":""},"categories":[1],"tags":[],"class_list":["post-351845","post","type-post","status-publish","format-standard","hentry","category-okategoriserade"],"acf":[],"yoast_head":"<!-- This site is optimized with the Yoast SEO plugin v27.5 - https:\/\/yoast.com\/product\/yoast-seo-wordpress\/ -->\n<title>Svar p\u00e5 interpellation om tilltro till revisorernas arbete | KD V\u00e4sternorrland<\/title>\n<meta name=\"robots\" content=\"index, follow, max-snippet:-1, max-image-preview:large, max-video-preview:-1\" \/>\n<link rel=\"canonical\" href=\"https:\/\/wp.kristdemokraterna.se\/vasternorrland\/svar-pa-interpellation-om-tilltro-till-revisorernas-arbete\/\" \/>\n<meta property=\"og:locale\" content=\"sv_SE\" \/>\n<meta property=\"og:type\" content=\"article\" \/>\n<meta property=\"og:title\" content=\"Svar p\u00e5 interpellation om tilltro till revisorernas arbete | KD V\u00e4sternorrland\" \/>\n<meta property=\"og:description\" content=\"Jan Sj\u00f6din, landstingsstyrelsens ordf\u00f6rande, l\u00e4mnade f\u00f6ljande svar p\u00e5 Roger Bergs interpellation om tilltro till revisorernas arbete: Interpellationen \u00e4r st\u00e4lld till mig som landstingsstyrelsens ordf\u00f6rande, men det \u00e4r upp till var och en i landstingsfullm\u00e4ktige att sj\u00e4lv ta st\u00e4llning i de fr\u00e5gor som interpellanten st\u00e4ller. F\u00f6r min del tar jag mycket seri\u00f6st p\u00e5 revisorernas arbete och Read More\" \/>\n<meta property=\"og:url\" content=\"https:\/\/wp.kristdemokraterna.se\/vasternorrland\/svar-pa-interpellation-om-tilltro-till-revisorernas-arbete\/\" \/>\n<meta property=\"og:site_name\" content=\"KD V\u00e4sternorrland\" \/>\n<meta property=\"article:publisher\" content=\"https:\/\/www.facebook.com\/kdrvn\/\" \/>\n<meta property=\"article:published_time\" content=\"2004-06-17T09:22:50+00:00\" \/>\n<meta property=\"article:modified_time\" content=\"2021-05-11T09:33:33+00:00\" \/>\n<meta name=\"author\" content=\"sendelbach\" \/>\n<meta name=\"twitter:card\" content=\"summary_large_image\" \/>\n<meta name=\"twitter:label1\" content=\"Skriven av\" \/>\n\t<meta name=\"twitter:data1\" content=\"sendelbach\" \/>\n\t<meta name=\"twitter:label2\" content=\"Ber\u00e4knad l\u00e4stid\" \/>\n\t<meta name=\"twitter:data2\" content=\"1 minut\" \/>\n<script type=\"application\/ld+json\" class=\"yoast-schema-graph\">{\"@context\":\"https:\\\/\\\/schema.org\",\"@graph\":[{\"@type\":\"Article\",\"@id\":\"https:\\\/\\\/wp.kristdemokraterna.se\\\/vasternorrland\\\/svar-pa-interpellation-om-tilltro-till-revisorernas-arbete\\\/#article\",\"isPartOf\":{\"@id\":\"https:\\\/\\\/wp.kristdemokraterna.se\\\/vasternorrland\\\/svar-pa-interpellation-om-tilltro-till-revisorernas-arbete\\\/\"},\"author\":{\"name\":\"sendelbach\",\"@id\":\"https:\\\/\\\/wp.kristdemokraterna.se\\\/vasternorrland\\\/#\\\/schema\\\/person\\\/c253503d86970574912dff6ec658bf28\"},\"headline\":\"Svar p\u00e5 interpellation om tilltro till revisorernas arbete\",\"datePublished\":\"2004-06-17T09:22:50+00:00\",\"dateModified\":\"2021-05-11T09:33:33+00:00\",\"mainEntityOfPage\":{\"@id\":\"https:\\\/\\\/wp.kristdemokraterna.se\\\/vasternorrland\\\/svar-pa-interpellation-om-tilltro-till-revisorernas-arbete\\\/\"},\"wordCount\":192,\"inLanguage\":\"sv-SE\"},{\"@type\":\"WebPage\",\"@id\":\"https:\\\/\\\/wp.kristdemokraterna.se\\\/vasternorrland\\\/svar-pa-interpellation-om-tilltro-till-revisorernas-arbete\\\/\",\"url\":\"https:\\\/\\\/wp.kristdemokraterna.se\\\/vasternorrland\\\/svar-pa-interpellation-om-tilltro-till-revisorernas-arbete\\\/\",\"name\":\"Svar p\u00e5 interpellation om tilltro till revisorernas arbete | KD V\u00e4sternorrland\",\"isPartOf\":{\"@id\":\"https:\\\/\\\/wp.kristdemokraterna.se\\\/vasternorrland\\\/#website\"},\"datePublished\":\"2004-06-17T09:22:50+00:00\",\"dateModified\":\"2021-05-11T09:33:33+00:00\",\"author\":{\"@id\":\"https:\\\/\\\/wp.kristdemokraterna.se\\\/vasternorrland\\\/#\\\/schema\\\/person\\\/c253503d86970574912dff6ec658bf28\"},\"breadcrumb\":{\"@id\":\"https:\\\/\\\/wp.kristdemokraterna.se\\\/vasternorrland\\\/svar-pa-interpellation-om-tilltro-till-revisorernas-arbete\\\/#breadcrumb\"},\"inLanguage\":\"sv-SE\",\"potentialAction\":[{\"@type\":\"ReadAction\",\"target\":[\"https:\\\/\\\/wp.kristdemokraterna.se\\\/vasternorrland\\\/svar-pa-interpellation-om-tilltro-till-revisorernas-arbete\\\/\"]}]},{\"@type\":\"BreadcrumbList\",\"@id\":\"https:\\\/\\\/wp.kristdemokraterna.se\\\/vasternorrland\\\/svar-pa-interpellation-om-tilltro-till-revisorernas-arbete\\\/#breadcrumb\",\"itemListElement\":[{\"@type\":\"ListItem\",\"position\":1,\"name\":\"Hem\",\"item\":\"https:\\\/\\\/wp.kristdemokraterna.se\\\/vasternorrland\\\/\"},{\"@type\":\"ListItem\",\"position\":2,\"name\":\"Svar p\u00e5 interpellation om tilltro till revisorernas arbete\"}]},{\"@type\":\"WebSite\",\"@id\":\"https:\\\/\\\/wp.kristdemokraterna.se\\\/vasternorrland\\\/#website\",\"url\":\"https:\\\/\\\/wp.kristdemokraterna.se\\\/vasternorrland\\\/\",\"name\":\"KD V\u00e4sternorrland\",\"description\":\"V\u00e5rda v\u00e5rden - utveckla prim\u00e4rv\u00e5rden\",\"inLanguage\":\"sv-SE\"},{\"@type\":\"Person\",\"@id\":\"https:\\\/\\\/wp.kristdemokraterna.se\\\/vasternorrland\\\/#\\\/schema\\\/person\\\/c253503d86970574912dff6ec658bf28\",\"name\":\"sendelbach\",\"image\":{\"@type\":\"ImageObject\",\"inLanguage\":\"sv-SE\",\"@id\":\"https:\\\/\\\/secure.gravatar.com\\\/avatar\\\/0499a666be08fad4eb4333dbfba8681b8ebe23a978ce2e4c44818b2c5e2415b8?s=96&r=g\",\"url\":\"https:\\\/\\\/secure.gravatar.com\\\/avatar\\\/0499a666be08fad4eb4333dbfba8681b8ebe23a978ce2e4c44818b2c5e2415b8?s=96&r=g\",\"contentUrl\":\"https:\\\/\\\/secure.gravatar.com\\\/avatar\\\/0499a666be08fad4eb4333dbfba8681b8ebe23a978ce2e4c44818b2c5e2415b8?s=96&r=g\",\"caption\":\"sendelbach\"},\"url\":\"https:\\\/\\\/wp.kristdemokraterna.se\\\/vasternorrland\\\/author\\\/sendelbach\\\/\"}]}<\/script>\n<!-- \/ Yoast SEO plugin. -->","yoast_head_json":{"title":"Svar p\u00e5 interpellation om tilltro till revisorernas arbete | KD V\u00e4sternorrland","robots":{"index":"index","follow":"follow","max-snippet":"max-snippet:-1","max-image-preview":"max-image-preview:large","max-video-preview":"max-video-preview:-1"},"canonical":"https:\/\/wp.kristdemokraterna.se\/vasternorrland\/svar-pa-interpellation-om-tilltro-till-revisorernas-arbete\/","og_locale":"sv_SE","og_type":"article","og_title":"Svar p\u00e5 interpellation om tilltro till revisorernas arbete | KD V\u00e4sternorrland","og_description":"Jan Sj\u00f6din, landstingsstyrelsens ordf\u00f6rande, l\u00e4mnade f\u00f6ljande svar p\u00e5 Roger Bergs interpellation om tilltro till revisorernas arbete: Interpellationen \u00e4r st\u00e4lld till mig som landstingsstyrelsens ordf\u00f6rande, men det \u00e4r upp till var och en i landstingsfullm\u00e4ktige att sj\u00e4lv ta st\u00e4llning i de fr\u00e5gor som interpellanten st\u00e4ller. F\u00f6r min del tar jag mycket seri\u00f6st p\u00e5 revisorernas arbete och Read More","og_url":"https:\/\/wp.kristdemokraterna.se\/vasternorrland\/svar-pa-interpellation-om-tilltro-till-revisorernas-arbete\/","og_site_name":"KD V\u00e4sternorrland","article_publisher":"https:\/\/www.facebook.com\/kdrvn\/","article_published_time":"2004-06-17T09:22:50+00:00","article_modified_time":"2021-05-11T09:33:33+00:00","author":"sendelbach","twitter_card":"summary_large_image","twitter_misc":{"Skriven av":"sendelbach","Ber\u00e4knad l\u00e4stid":"1 minut"},"schema":{"@context":"https:\/\/schema.org","@graph":[{"@type":"Article","@id":"https:\/\/wp.kristdemokraterna.se\/vasternorrland\/svar-pa-interpellation-om-tilltro-till-revisorernas-arbete\/#article","isPartOf":{"@id":"https:\/\/wp.kristdemokraterna.se\/vasternorrland\/svar-pa-interpellation-om-tilltro-till-revisorernas-arbete\/"},"author":{"name":"sendelbach","@id":"https:\/\/wp.kristdemokraterna.se\/vasternorrland\/#\/schema\/person\/c253503d86970574912dff6ec658bf28"},"headline":"Svar p\u00e5 interpellation om tilltro till revisorernas arbete","datePublished":"2004-06-17T09:22:50+00:00","dateModified":"2021-05-11T09:33:33+00:00","mainEntityOfPage":{"@id":"https:\/\/wp.kristdemokraterna.se\/vasternorrland\/svar-pa-interpellation-om-tilltro-till-revisorernas-arbete\/"},"wordCount":192,"inLanguage":"sv-SE"},{"@type":"WebPage","@id":"https:\/\/wp.kristdemokraterna.se\/vasternorrland\/svar-pa-interpellation-om-tilltro-till-revisorernas-arbete\/","url":"https:\/\/wp.kristdemokraterna.se\/vasternorrland\/svar-pa-interpellation-om-tilltro-till-revisorernas-arbete\/","name":"Svar p\u00e5 interpellation om tilltro till revisorernas arbete | KD V\u00e4sternorrland","isPartOf":{"@id":"https:\/\/wp.kristdemokraterna.se\/vasternorrland\/#website"},"datePublished":"2004-06-17T09:22:50+00:00","dateModified":"2021-05-11T09:33:33+00:00","author":{"@id":"https:\/\/wp.kristdemokraterna.se\/vasternorrland\/#\/schema\/person\/c253503d86970574912dff6ec658bf28"},"breadcrumb":{"@id":"https:\/\/wp.kristdemokraterna.se\/vasternorrland\/svar-pa-interpellation-om-tilltro-till-revisorernas-arbete\/#breadcrumb"},"inLanguage":"sv-SE","potentialAction":[{"@type":"ReadAction","target":["https:\/\/wp.kristdemokraterna.se\/vasternorrland\/svar-pa-interpellation-om-tilltro-till-revisorernas-arbete\/"]}]},{"@type":"BreadcrumbList","@id":"https:\/\/wp.kristdemokraterna.se\/vasternorrland\/svar-pa-interpellation-om-tilltro-till-revisorernas-arbete\/#breadcrumb","itemListElement":[{"@type":"ListItem","position":1,"name":"Hem","item":"https:\/\/wp.kristdemokraterna.se\/vasternorrland\/"},{"@type":"ListItem","position":2,"name":"Svar p\u00e5 interpellation om tilltro till revisorernas arbete"}]},{"@type":"WebSite","@id":"https:\/\/wp.kristdemokraterna.se\/vasternorrland\/#website","url":"https:\/\/wp.kristdemokraterna.se\/vasternorrland\/","name":"KD V\u00e4sternorrland","description":"V\u00e5rda v\u00e5rden - utveckla prim\u00e4rv\u00e5rden","inLanguage":"sv-SE"},{"@type":"Person","@id":"https:\/\/wp.kristdemokraterna.se\/vasternorrland\/#\/schema\/person\/c253503d86970574912dff6ec658bf28","name":"sendelbach","image":{"@type":"ImageObject","inLanguage":"sv-SE","@id":"https:\/\/secure.gravatar.com\/avatar\/0499a666be08fad4eb4333dbfba8681b8ebe23a978ce2e4c44818b2c5e2415b8?s=96&r=g","url":"https:\/\/secure.gravatar.com\/avatar\/0499a666be08fad4eb4333dbfba8681b8ebe23a978ce2e4c44818b2c5e2415b8?s=96&r=g","contentUrl":"https:\/\/secure.gravatar.com\/avatar\/0499a666be08fad4eb4333dbfba8681b8ebe23a978ce2e4c44818b2c5e2415b8?s=96&r=g","caption":"sendelbach"},"url":"https:\/\/wp.kristdemokraterna.se\/vasternorrland\/author\/sendelbach\/"}]}},"_links":{"self":[{"href":"https:\/\/wp.kristdemokraterna.se\/vasternorrland\/wp-json\/wp\/v2\/posts\/351845","targetHints":{"allow":["GET"]}}],"collection":[{"href":"https:\/\/wp.kristdemokraterna.se\/vasternorrland\/wp-json\/wp\/v2\/posts"}],"about":[{"href":"https:\/\/wp.kristdemokraterna.se\/vasternorrland\/wp-json\/wp\/v2\/types\/post"}],"author":[{"embeddable":true,"href":"https:\/\/wp.kristdemokraterna.se\/vasternorrland\/wp-json\/wp\/v2\/users\/861"}],"replies":[{"embeddable":true,"href":"https:\/\/wp.kristdemokraterna.se\/vasternorrland\/wp-json\/wp\/v2\/comments?post=351845"}],"version-history":[{"count":1,"href":"https:\/\/wp.kristdemokraterna.se\/vasternorrland\/wp-json\/wp\/v2\/posts\/351845\/revisions"}],"predecessor-version":[{"id":351846,"href":"https:\/\/wp.kristdemokraterna.se\/vasternorrland\/wp-json\/wp\/v2\/posts\/351845\/revisions\/351846"}],"wp:attachment":[{"href":"https:\/\/wp.kristdemokraterna.se\/vasternorrland\/wp-json\/wp\/v2\/media?parent=351845"}],"wp:term":[{"taxonomy":"category","embeddable":true,"href":"https:\/\/wp.kristdemokraterna.se\/vasternorrland\/wp-json\/wp\/v2\/categories?post=351845"},{"taxonomy":"post_tag","embeddable":true,"href":"https:\/\/wp.kristdemokraterna.se\/vasternorrland\/wp-json\/wp\/v2\/tags?post=351845"}],"curies":[{"name":"wp","href":"https:\/\/api.w.org\/{rel}","templated":true}]}}