{"id":351849,"date":"2004-06-17T12:34:49","date_gmt":"2004-06-17T10:34:49","guid":{"rendered":"https:\/\/wp.kristdemokraterna.se\/vasternorrland\/?p=351849"},"modified":"2021-05-11T16:26:10","modified_gmt":"2021-05-11T14:26:10","slug":"svar-pa-interpellation-om-varfor-nationella-handlingsplanen-inte-tas-pa-allvar","status":"publish","type":"post","link":"https:\/\/wp.kristdemokraterna.se\/vasternorrland\/svar-pa-interpellation-om-varfor-nationella-handlingsplanen-inte-tas-pa-allvar\/","title":{"rendered":"Svar p\u00e5 interpellation om varf\u00f6r Nationella handlingsplanen inte tas p\u00e5 allvar"},"content":{"rendered":"<p>Ewa S\u00f6derberg, ordf\u00f6rande i h\u00e4lso- och sjukv\u00e5rdsdelegationen, l\u00e4mnade f\u00f6ljande svar p\u00e5 Sverker \u00c5grens interpellation om varf\u00f6r Nationella handlingsplanen inte tas p\u00e5 allvar:<\/p>\n<p>Den uppfattning som redovisas i Socialstyrelsens rapport &#8221;Vision, v\u00e4gval och verklighet&#8221; att den nationella handlingsplanen har svag. Det p\u00e5g\u00e5r f\u00f6r\u00e4ndringar inom prim\u00e4rv\u00e5rden samt psykiatrin som \u00e4r helt i linje med intentionerna i Nationella handlingsplanen, \u00e4ven om vi inte lyckats genomf\u00f6ra samtliga inriktningsm\u00e5l i den Lokala handlingsplanen.<\/p>\n<p>Det vi g\u00f6r i V\u00e4sternorrland har inte bara den Nationella handlingsplanen som utg\u00e5ngspunkt, utan vi menar att detta \u00e4nd\u00e5 skulle ha gjorts inom ramen f\u00f6r st\u00e4ndiga f\u00f6r\u00e4ndringar och f\u00f6rb\u00e4ttringar. Planen har d\u00e4rmed inte f\u00e5tt ett eget uttalat fokus. Ett exempel p\u00e5 en stor f\u00f6r\u00e4ndring som p\u00e5g\u00e5r \u00e4r paradigmskiftet fr\u00e5n anslag till kapitering och listning inom prim\u00e4rv\u00e5rden med syftet att bl.a. \u00e5stadkomma b\u00e4ttre tillg\u00e4nglighet. \u00d6kad tillg\u00e4nglighet \u00e4r ju ett av huvudm\u00e5len i Nationella handlingsplanen. I uppf\u00f6ljningen av Lokala handlingsplanen, som har redovisats till landstingsstyrelsen den 27 mars 2003 (\u00a7 66) och vidare till Socialstyrelsen samt den senaste uppf\u00f6ljningen som inom kort kommer att redovisas f\u00f6r\u00a0 landstingsstyrelsen, framg\u00e5r at ett stort antal f\u00f6r\u00e4ndringar och f\u00f6rb\u00e4ttringar har vidtagits. Exempel p\u00e5 s\u00e5dana \u00e4r f\u00f6rb\u00e4ttrad telefontillg\u00e4nglighet, \u00f6kad sjukv\u00e5rdsupplysning, l\u00e4karinsatser vid kommunernas \u00e4ldreboende, l\u00e4kemedelsgenomg\u00e5ngar, \u00f6kad m\u00e5ngfald genom ytterligare tv\u00e5 entreprenader i prim\u00e4rv\u00e5rden, programarbete om depression m m.<\/p>\n<p>Att Landstinget V\u00e4sternorrland tillsammans med Dalarna och Stockholms l\u00e4ns landsting inte har uppgivit att n\u00e5got helhetsgrepp fr\u00e5n \u00f6vergripande ledning har tagits, kan f\u00f6r v\u00e5r del f\u00f6rklaras med att ansvaret f\u00f6r den inriktning och de aktiviteter som planen anger lades direkt p\u00e5 respektive h\u00e4lso- och sjukv\u00e5rdsf\u00f6rvaltning. H\u00e4lso- och sjukv\u00e5rdsdelegationen tog f\u00f6ljdriktigt som sitt beslut den 27 mars 2001 att uppdra till sjukhusdirekt\u00f6rerna att beakta vad som anf\u00f6rts i Nationella handlingsplanen i samband med verksamhetsplaneringen f\u00f6r \u00e5ren 2002-2004.<\/p>\n<p>Som en f\u00f6ljd av detta valde Landstinget V\u00e4sternorrland att f\u00f6rdela den resursf\u00f6rst\u00e4rkning som landstinget fick 2001 t.o.m. 2004, n\u00e4mligen 18, 18, 38 resp 56 miljoner direkt till de tre h\u00e4lso- och sjukv\u00e5rdsf\u00f6rvaltningarna enligt samma grund som budgeten i \u00f6vrigt, vilket innebar 20 % till prim\u00e4rv\u00e5rden och 80 % till \u00f6vrig h\u00e4lso- och sjukv\u00e5rd d\u00e4r psykiatrin ing\u00e5r. Inga s\u00e4rskilda medel har dock &#8221;\u00f6ronm\u00e4rkts&#8221; f\u00f6r psykiatrin.<\/p>\n<p>Jag vill dessutom peka p\u00e5 att prim\u00e4rv\u00e5rden i Landstinget V\u00e4sternorrland redan sedan tidigare anv\u00e4nder mer medel per inv\u00e5nare \u00e4n andra landsting. N\u00e4r det g\u00e4ller psykiatrin har en f\u00f6r\u00e4ndring skett mot en f\u00f6rdelning av medel som ligger i niv\u00e5 med vad \u00f6vriga skogsl\u00e4n \u00e5stadkommit.<\/p>\n<p>Sollefte\u00e5 den 17 juni 2004<\/p>\n<p>Ewa S\u00f6derberg<br \/>\nOrdf\u00f6rande i h\u00e4lso- och sjukv\u00e5rdsdelegationen<\/p>\n<hr \/>\n<p>Utdrag ur landstingsfullm\u00e4ktiges protokoll 17 juni \u00a7 107:<\/p>\n<p>Sverker \u00c5gren tackade f\u00f6r svaret.<\/p>\n<p>I detta \u00e4rende yttrade sig Sverker \u00c5gren och Ewa S\u00f6derberg.<\/p>\n","protected":false},"excerpt":{"rendered":"<p>Ewa S\u00f6derberg, ordf\u00f6rande i h\u00e4lso- och sjukv\u00e5rdsdelegationen, l\u00e4mnade f\u00f6ljande svar p\u00e5 Sverker \u00c5grens interpellation om varf\u00f6r Nationella handlingsplanen inte tas p\u00e5 allvar: Den uppfattning som redovisas i Socialstyrelsens rapport &#8221;Vision, v\u00e4gval och verklighet&#8221; att den nationella handlingsplanen har svag. Det p\u00e5g\u00e5r f\u00f6r\u00e4ndringar inom prim\u00e4rv\u00e5rden samt psykiatrin som \u00e4r helt i linje med intentionerna i Nationella <a class=\"read-more-link\" href=\"https:\/\/wp.kristdemokraterna.se\/vasternorrland\/svar-pa-interpellation-om-varfor-nationella-handlingsplanen-inte-tas-pa-allvar\/\">Read More<\/a><\/p>\n","protected":false},"author":861,"featured_media":0,"comment_status":"closed","ping_status":"closed","sticky":false,"template":"","format":"standard","meta":{"_acf_changed":false,"footnotes":""},"categories":[1],"tags":[],"class_list":["post-351849","post","type-post","status-publish","format-standard","hentry","category-okategoriserade"],"acf":[],"yoast_head":"<!-- This site is optimized with the Yoast SEO plugin v27.5 - https:\/\/yoast.com\/product\/yoast-seo-wordpress\/ -->\n<title>Svar p\u00e5 interpellation om varf\u00f6r Nationella handlingsplanen inte tas p\u00e5 allvar | KD V\u00e4sternorrland<\/title>\n<meta name=\"robots\" content=\"index, follow, max-snippet:-1, max-image-preview:large, max-video-preview:-1\" \/>\n<link rel=\"canonical\" href=\"https:\/\/wp.kristdemokraterna.se\/vasternorrland\/svar-pa-interpellation-om-varfor-nationella-handlingsplanen-inte-tas-pa-allvar\/\" \/>\n<meta property=\"og:locale\" content=\"sv_SE\" \/>\n<meta property=\"og:type\" content=\"article\" \/>\n<meta property=\"og:title\" content=\"Svar p\u00e5 interpellation om varf\u00f6r Nationella handlingsplanen inte tas p\u00e5 allvar | KD V\u00e4sternorrland\" \/>\n<meta property=\"og:description\" content=\"Ewa S\u00f6derberg, ordf\u00f6rande i h\u00e4lso- och sjukv\u00e5rdsdelegationen, l\u00e4mnade f\u00f6ljande svar p\u00e5 Sverker \u00c5grens interpellation om varf\u00f6r Nationella handlingsplanen inte tas p\u00e5 allvar: Den uppfattning som redovisas i Socialstyrelsens rapport &#8221;Vision, v\u00e4gval och verklighet&#8221; att den nationella handlingsplanen har svag. Det p\u00e5g\u00e5r f\u00f6r\u00e4ndringar inom prim\u00e4rv\u00e5rden samt psykiatrin som \u00e4r helt i linje med intentionerna i Nationella Read More\" \/>\n<meta property=\"og:url\" content=\"https:\/\/wp.kristdemokraterna.se\/vasternorrland\/svar-pa-interpellation-om-varfor-nationella-handlingsplanen-inte-tas-pa-allvar\/\" \/>\n<meta property=\"og:site_name\" content=\"KD V\u00e4sternorrland\" \/>\n<meta property=\"article:publisher\" content=\"https:\/\/www.facebook.com\/kdrvn\/\" \/>\n<meta property=\"article:published_time\" content=\"2004-06-17T10:34:49+00:00\" \/>\n<meta property=\"article:modified_time\" content=\"2021-05-11T14:26:10+00:00\" \/>\n<meta name=\"author\" content=\"sendelbach\" \/>\n<meta name=\"twitter:card\" content=\"summary_large_image\" \/>\n<meta name=\"twitter:label1\" content=\"Skriven av\" \/>\n\t<meta name=\"twitter:data1\" content=\"sendelbach\" \/>\n\t<meta name=\"twitter:label2\" content=\"Ber\u00e4knad l\u00e4stid\" \/>\n\t<meta name=\"twitter:data2\" content=\"2 minuter\" \/>\n<script type=\"application\/ld+json\" class=\"yoast-schema-graph\">{\"@context\":\"https:\\\/\\\/schema.org\",\"@graph\":[{\"@type\":\"Article\",\"@id\":\"https:\\\/\\\/wp.kristdemokraterna.se\\\/vasternorrland\\\/svar-pa-interpellation-om-varfor-nationella-handlingsplanen-inte-tas-pa-allvar\\\/#article\",\"isPartOf\":{\"@id\":\"https:\\\/\\\/wp.kristdemokraterna.se\\\/vasternorrland\\\/svar-pa-interpellation-om-varfor-nationella-handlingsplanen-inte-tas-pa-allvar\\\/\"},\"author\":{\"name\":\"sendelbach\",\"@id\":\"https:\\\/\\\/wp.kristdemokraterna.se\\\/vasternorrland\\\/#\\\/schema\\\/person\\\/c253503d86970574912dff6ec658bf28\"},\"headline\":\"Svar p\u00e5 interpellation om varf\u00f6r Nationella handlingsplanen inte tas p\u00e5 allvar\",\"datePublished\":\"2004-06-17T10:34:49+00:00\",\"dateModified\":\"2021-05-11T14:26:10+00:00\",\"mainEntityOfPage\":{\"@id\":\"https:\\\/\\\/wp.kristdemokraterna.se\\\/vasternorrland\\\/svar-pa-interpellation-om-varfor-nationella-handlingsplanen-inte-tas-pa-allvar\\\/\"},\"wordCount\":531,\"inLanguage\":\"sv-SE\"},{\"@type\":\"WebPage\",\"@id\":\"https:\\\/\\\/wp.kristdemokraterna.se\\\/vasternorrland\\\/svar-pa-interpellation-om-varfor-nationella-handlingsplanen-inte-tas-pa-allvar\\\/\",\"url\":\"https:\\\/\\\/wp.kristdemokraterna.se\\\/vasternorrland\\\/svar-pa-interpellation-om-varfor-nationella-handlingsplanen-inte-tas-pa-allvar\\\/\",\"name\":\"Svar p\u00e5 interpellation om varf\u00f6r Nationella handlingsplanen inte tas p\u00e5 allvar | KD V\u00e4sternorrland\",\"isPartOf\":{\"@id\":\"https:\\\/\\\/wp.kristdemokraterna.se\\\/vasternorrland\\\/#website\"},\"datePublished\":\"2004-06-17T10:34:49+00:00\",\"dateModified\":\"2021-05-11T14:26:10+00:00\",\"author\":{\"@id\":\"https:\\\/\\\/wp.kristdemokraterna.se\\\/vasternorrland\\\/#\\\/schema\\\/person\\\/c253503d86970574912dff6ec658bf28\"},\"breadcrumb\":{\"@id\":\"https:\\\/\\\/wp.kristdemokraterna.se\\\/vasternorrland\\\/svar-pa-interpellation-om-varfor-nationella-handlingsplanen-inte-tas-pa-allvar\\\/#breadcrumb\"},\"inLanguage\":\"sv-SE\",\"potentialAction\":[{\"@type\":\"ReadAction\",\"target\":[\"https:\\\/\\\/wp.kristdemokraterna.se\\\/vasternorrland\\\/svar-pa-interpellation-om-varfor-nationella-handlingsplanen-inte-tas-pa-allvar\\\/\"]}]},{\"@type\":\"BreadcrumbList\",\"@id\":\"https:\\\/\\\/wp.kristdemokraterna.se\\\/vasternorrland\\\/svar-pa-interpellation-om-varfor-nationella-handlingsplanen-inte-tas-pa-allvar\\\/#breadcrumb\",\"itemListElement\":[{\"@type\":\"ListItem\",\"position\":1,\"name\":\"Hem\",\"item\":\"https:\\\/\\\/wp.kristdemokraterna.se\\\/vasternorrland\\\/\"},{\"@type\":\"ListItem\",\"position\":2,\"name\":\"Svar p\u00e5 interpellation om varf\u00f6r Nationella handlingsplanen inte tas p\u00e5 allvar\"}]},{\"@type\":\"WebSite\",\"@id\":\"https:\\\/\\\/wp.kristdemokraterna.se\\\/vasternorrland\\\/#website\",\"url\":\"https:\\\/\\\/wp.kristdemokraterna.se\\\/vasternorrland\\\/\",\"name\":\"KD V\u00e4sternorrland\",\"description\":\"V\u00e5rda v\u00e5rden - utveckla prim\u00e4rv\u00e5rden\",\"inLanguage\":\"sv-SE\"},{\"@type\":\"Person\",\"@id\":\"https:\\\/\\\/wp.kristdemokraterna.se\\\/vasternorrland\\\/#\\\/schema\\\/person\\\/c253503d86970574912dff6ec658bf28\",\"name\":\"sendelbach\",\"image\":{\"@type\":\"ImageObject\",\"inLanguage\":\"sv-SE\",\"@id\":\"https:\\\/\\\/secure.gravatar.com\\\/avatar\\\/0499a666be08fad4eb4333dbfba8681b8ebe23a978ce2e4c44818b2c5e2415b8?s=96&r=g\",\"url\":\"https:\\\/\\\/secure.gravatar.com\\\/avatar\\\/0499a666be08fad4eb4333dbfba8681b8ebe23a978ce2e4c44818b2c5e2415b8?s=96&r=g\",\"contentUrl\":\"https:\\\/\\\/secure.gravatar.com\\\/avatar\\\/0499a666be08fad4eb4333dbfba8681b8ebe23a978ce2e4c44818b2c5e2415b8?s=96&r=g\",\"caption\":\"sendelbach\"},\"url\":\"https:\\\/\\\/wp.kristdemokraterna.se\\\/vasternorrland\\\/author\\\/sendelbach\\\/\"}]}<\/script>\n<!-- \/ Yoast SEO plugin. -->","yoast_head_json":{"title":"Svar p\u00e5 interpellation om varf\u00f6r Nationella handlingsplanen inte tas p\u00e5 allvar | KD V\u00e4sternorrland","robots":{"index":"index","follow":"follow","max-snippet":"max-snippet:-1","max-image-preview":"max-image-preview:large","max-video-preview":"max-video-preview:-1"},"canonical":"https:\/\/wp.kristdemokraterna.se\/vasternorrland\/svar-pa-interpellation-om-varfor-nationella-handlingsplanen-inte-tas-pa-allvar\/","og_locale":"sv_SE","og_type":"article","og_title":"Svar p\u00e5 interpellation om varf\u00f6r Nationella handlingsplanen inte tas p\u00e5 allvar | KD V\u00e4sternorrland","og_description":"Ewa S\u00f6derberg, ordf\u00f6rande i h\u00e4lso- och sjukv\u00e5rdsdelegationen, l\u00e4mnade f\u00f6ljande svar p\u00e5 Sverker \u00c5grens interpellation om varf\u00f6r Nationella handlingsplanen inte tas p\u00e5 allvar: Den uppfattning som redovisas i Socialstyrelsens rapport &#8221;Vision, v\u00e4gval och verklighet&#8221; att den nationella handlingsplanen har svag. Det p\u00e5g\u00e5r f\u00f6r\u00e4ndringar inom prim\u00e4rv\u00e5rden samt psykiatrin som \u00e4r helt i linje med intentionerna i Nationella Read More","og_url":"https:\/\/wp.kristdemokraterna.se\/vasternorrland\/svar-pa-interpellation-om-varfor-nationella-handlingsplanen-inte-tas-pa-allvar\/","og_site_name":"KD V\u00e4sternorrland","article_publisher":"https:\/\/www.facebook.com\/kdrvn\/","article_published_time":"2004-06-17T10:34:49+00:00","article_modified_time":"2021-05-11T14:26:10+00:00","author":"sendelbach","twitter_card":"summary_large_image","twitter_misc":{"Skriven av":"sendelbach","Ber\u00e4knad l\u00e4stid":"2 minuter"},"schema":{"@context":"https:\/\/schema.org","@graph":[{"@type":"Article","@id":"https:\/\/wp.kristdemokraterna.se\/vasternorrland\/svar-pa-interpellation-om-varfor-nationella-handlingsplanen-inte-tas-pa-allvar\/#article","isPartOf":{"@id":"https:\/\/wp.kristdemokraterna.se\/vasternorrland\/svar-pa-interpellation-om-varfor-nationella-handlingsplanen-inte-tas-pa-allvar\/"},"author":{"name":"sendelbach","@id":"https:\/\/wp.kristdemokraterna.se\/vasternorrland\/#\/schema\/person\/c253503d86970574912dff6ec658bf28"},"headline":"Svar p\u00e5 interpellation om varf\u00f6r Nationella handlingsplanen inte tas p\u00e5 allvar","datePublished":"2004-06-17T10:34:49+00:00","dateModified":"2021-05-11T14:26:10+00:00","mainEntityOfPage":{"@id":"https:\/\/wp.kristdemokraterna.se\/vasternorrland\/svar-pa-interpellation-om-varfor-nationella-handlingsplanen-inte-tas-pa-allvar\/"},"wordCount":531,"inLanguage":"sv-SE"},{"@type":"WebPage","@id":"https:\/\/wp.kristdemokraterna.se\/vasternorrland\/svar-pa-interpellation-om-varfor-nationella-handlingsplanen-inte-tas-pa-allvar\/","url":"https:\/\/wp.kristdemokraterna.se\/vasternorrland\/svar-pa-interpellation-om-varfor-nationella-handlingsplanen-inte-tas-pa-allvar\/","name":"Svar p\u00e5 interpellation om varf\u00f6r Nationella handlingsplanen inte tas p\u00e5 allvar | KD V\u00e4sternorrland","isPartOf":{"@id":"https:\/\/wp.kristdemokraterna.se\/vasternorrland\/#website"},"datePublished":"2004-06-17T10:34:49+00:00","dateModified":"2021-05-11T14:26:10+00:00","author":{"@id":"https:\/\/wp.kristdemokraterna.se\/vasternorrland\/#\/schema\/person\/c253503d86970574912dff6ec658bf28"},"breadcrumb":{"@id":"https:\/\/wp.kristdemokraterna.se\/vasternorrland\/svar-pa-interpellation-om-varfor-nationella-handlingsplanen-inte-tas-pa-allvar\/#breadcrumb"},"inLanguage":"sv-SE","potentialAction":[{"@type":"ReadAction","target":["https:\/\/wp.kristdemokraterna.se\/vasternorrland\/svar-pa-interpellation-om-varfor-nationella-handlingsplanen-inte-tas-pa-allvar\/"]}]},{"@type":"BreadcrumbList","@id":"https:\/\/wp.kristdemokraterna.se\/vasternorrland\/svar-pa-interpellation-om-varfor-nationella-handlingsplanen-inte-tas-pa-allvar\/#breadcrumb","itemListElement":[{"@type":"ListItem","position":1,"name":"Hem","item":"https:\/\/wp.kristdemokraterna.se\/vasternorrland\/"},{"@type":"ListItem","position":2,"name":"Svar p\u00e5 interpellation om varf\u00f6r Nationella handlingsplanen inte tas p\u00e5 allvar"}]},{"@type":"WebSite","@id":"https:\/\/wp.kristdemokraterna.se\/vasternorrland\/#website","url":"https:\/\/wp.kristdemokraterna.se\/vasternorrland\/","name":"KD V\u00e4sternorrland","description":"V\u00e5rda v\u00e5rden - utveckla prim\u00e4rv\u00e5rden","inLanguage":"sv-SE"},{"@type":"Person","@id":"https:\/\/wp.kristdemokraterna.se\/vasternorrland\/#\/schema\/person\/c253503d86970574912dff6ec658bf28","name":"sendelbach","image":{"@type":"ImageObject","inLanguage":"sv-SE","@id":"https:\/\/secure.gravatar.com\/avatar\/0499a666be08fad4eb4333dbfba8681b8ebe23a978ce2e4c44818b2c5e2415b8?s=96&r=g","url":"https:\/\/secure.gravatar.com\/avatar\/0499a666be08fad4eb4333dbfba8681b8ebe23a978ce2e4c44818b2c5e2415b8?s=96&r=g","contentUrl":"https:\/\/secure.gravatar.com\/avatar\/0499a666be08fad4eb4333dbfba8681b8ebe23a978ce2e4c44818b2c5e2415b8?s=96&r=g","caption":"sendelbach"},"url":"https:\/\/wp.kristdemokraterna.se\/vasternorrland\/author\/sendelbach\/"}]}},"_links":{"self":[{"href":"https:\/\/wp.kristdemokraterna.se\/vasternorrland\/wp-json\/wp\/v2\/posts\/351849","targetHints":{"allow":["GET"]}}],"collection":[{"href":"https:\/\/wp.kristdemokraterna.se\/vasternorrland\/wp-json\/wp\/v2\/posts"}],"about":[{"href":"https:\/\/wp.kristdemokraterna.se\/vasternorrland\/wp-json\/wp\/v2\/types\/post"}],"author":[{"embeddable":true,"href":"https:\/\/wp.kristdemokraterna.se\/vasternorrland\/wp-json\/wp\/v2\/users\/861"}],"replies":[{"embeddable":true,"href":"https:\/\/wp.kristdemokraterna.se\/vasternorrland\/wp-json\/wp\/v2\/comments?post=351849"}],"version-history":[{"count":1,"href":"https:\/\/wp.kristdemokraterna.se\/vasternorrland\/wp-json\/wp\/v2\/posts\/351849\/revisions"}],"predecessor-version":[{"id":351850,"href":"https:\/\/wp.kristdemokraterna.se\/vasternorrland\/wp-json\/wp\/v2\/posts\/351849\/revisions\/351850"}],"wp:attachment":[{"href":"https:\/\/wp.kristdemokraterna.se\/vasternorrland\/wp-json\/wp\/v2\/media?parent=351849"}],"wp:term":[{"taxonomy":"category","embeddable":true,"href":"https:\/\/wp.kristdemokraterna.se\/vasternorrland\/wp-json\/wp\/v2\/categories?post=351849"},{"taxonomy":"post_tag","embeddable":true,"href":"https:\/\/wp.kristdemokraterna.se\/vasternorrland\/wp-json\/wp\/v2\/tags?post=351849"}],"curies":[{"name":"wp","href":"https:\/\/api.w.org\/{rel}","templated":true}]}}