{"id":351989,"date":"2021-06-08T10:30:58","date_gmt":"2021-06-08T08:30:58","guid":{"rendered":"https:\/\/wp.kristdemokraterna.se\/vasternorrland\/?p=351989"},"modified":"2021-08-25T14:31:18","modified_gmt":"2021-08-25T12:31:18","slug":"kaos-pa-presidiekonferensen-i-regionen","status":"publish","type":"post","link":"https:\/\/wp.kristdemokraterna.se\/vasternorrland\/kaos-pa-presidiekonferensen-i-regionen\/","title":{"rendered":"Kaos p\u00e5 presidiekonferensen i regionen"},"content":{"rendered":"<p>En helt vanlig dag i regionpolitikens V\u00e4sternorrland. Just idag, den 8 juni 2021, \u00e4r det presidiekonferens. Presidiekonferensen \u00e4r ett m\u00f6te d\u00e4r fullm\u00e4ktiges ordf\u00f6rande m\u00f6ter gruppledarna f\u00f6r regionens 8 partier. Konferensen \u00e4r till f\u00f6r att partierna gemensamt ska planera och f\u00f6lja upp fullm\u00e4ktigem\u00f6tena.<\/p>\n<p>Det blev \u00e4nnu en presidiekonferens d\u00e4r Socialdemokraterna strular p\u00e5 om att man till varje pris m\u00e5ste ha ett fysiskt regionfullm\u00e4ktigem\u00f6te.<\/p>\n<p>Vi har sedan augusti f\u00f6rra \u00e5ret haft m\u00f6ten digitalt och det har fungerat bra. Tredje v\u00e5gen av pandemin \u00e4r inte slut och h\u00e4lften av befolkningen har \u00e4nnu inte vaccinerats. Det \u00e4r d\u00e4rf\u00f6r fullt naturligt att vi forts\u00e4tter \u00e4nnu en tid med helt digitala fullm\u00e4ktigem\u00f6ten. Det sparar dessutom pengar!<\/p>\n<p>Mitt under detta helknasiga m\u00f6te kommer S med det heltokiga motf\u00f6rslaget att man kan ha m\u00f6tet digitalt en och en halv dag och en dag fysiskt. Men sluta, s\u00e4ger vi, och n\u00e4r en majoritet av partierna s\u00e4ger emot s\u00e5 b\u00f6rjar S hota att s\u00e4ger ni nej ja d\u00e5 blir det ett fysiskt m\u00f6te.<\/p>\n<p>S vill allts\u00e5 k\u00f6ra \u00f6ver \u00f6vriga partier fullst\u00e4ndigt. Demokrati \u00e4r inte Socialdemokraternas starka sida kan vi konstatera. Hela po\u00e4ngen med att man har en presidiekonferens \u00e4r att man tillsammans i koncensus ska komma fram till hur man l\u00e4gger upp fullm\u00e4ktige och se vad som var bra och d\u00e5ligt p\u00e5 f\u00f6rra m\u00f6tet. Vi kan krasst konstatera det alla redan vet: Det fungerar inte n\u00e4r Socialdemokraterna har ledarskapet i regionen.<\/p>\n<hr \/>\n<p><em>Bilden \u00f6verst av <a href=\"https:\/\/pixabay.com\/sv\/users\/gregmontani-1014946\/?utm_source=link-attribution&amp;utm_medium=referral&amp;utm_campaign=image&amp;utm_content=4003342\">Greg Montani \/a&gt; fr\u00e5n <a href=\"https:\/\/pixabay.com\/sv\/photos\/interi\u00f6r-villa-rendering-1026447\/\">Pixabay<\/a> (<a href=\"https:\/\/pixabay.com\/sv\/service\/license\/\">Pixabay License<\/a>).<\/em><\/p>\n<hr \/>\n<p><a href=\"http:\/\/wp.kristdemokraterna.se\/vasternorrland\/kategorier\/ledning-styrning\/\">Ledning\/styrning<\/a> | <a href=\"http:\/\/wp.kristdemokraterna.se\/vasternorrland\/etiketter\/demokrati\/\">demokrati<\/a> \u00b7 <a href=\"http:\/\/wp.kristdemokraterna.se\/vasternorrland\/etiketter\/kaos\/\">kaos<\/a> \u00b7 <a href=\"http:\/\/wp.kristdemokraterna.se\/vasternorrland\/etiketter\/ledarskap\/\">ledarskap<\/a> \u00b7 <a href=\"http:\/\/wp.kristdemokraterna.se\/vasternorrland\/etiketter\/presidiekonferensen\/\">presidiekonferensen<\/a> \u00b7 <a href=\"http:\/\/wp.kristdemokraterna.se\/vasternorrland\/etiketter\/socialdemokraterna\/\">Socialdemokraterna<\/a><\/p>\n","protected":false},"excerpt":{"rendered":"<p>En helt vanlig dag i regionpolitikens V\u00e4sternorrland. Just idag, den 8 juni 2021, \u00e4r det presidiekonferens. Presidiekonferensen \u00e4r ett m\u00f6te d\u00e4r fullm\u00e4ktiges ordf\u00f6rande m\u00f6ter gruppledarna f\u00f6r regionens 8 partier. Konferensen \u00e4r till f\u00f6r att partierna gemensamt ska planera och f\u00f6lja upp fullm\u00e4ktigem\u00f6tena. Det blev \u00e4nnu en presidiekonferens d\u00e4r Socialdemokraterna strular p\u00e5 om att man till <a class=\"read-more-link\" href=\"https:\/\/wp.kristdemokraterna.se\/vasternorrland\/kaos-pa-presidiekonferensen-i-regionen\/\">Read More<\/a><\/p>\n","protected":false},"author":861,"featured_media":0,"comment_status":"closed","ping_status":"closed","sticky":false,"template":"","format":"standard","meta":{"_acf_changed":false,"footnotes":""},"categories":[787,727],"tags":[543,61,1319,138,799,1320,877],"class_list":["post-351989","post","type-post","status-publish","format-standard","hentry","category-ledning-styrning","category-nyheter","tag-alla-inlagg","tag-demokrati","tag-kaos","tag-ledarskap","tag-ledning-styrning","tag-presidiekonferensen","tag-socialdemokraterna"],"acf":[],"yoast_head":"<!-- This site is optimized with the Yoast SEO plugin v27.4 - https:\/\/yoast.com\/product\/yoast-seo-wordpress\/ -->\n<title>Kaos p\u00e5 presidiekonferensen i regionen | KD V\u00e4sternorrland<\/title>\n<meta name=\"robots\" content=\"index, follow, max-snippet:-1, max-image-preview:large, max-video-preview:-1\" \/>\n<link rel=\"canonical\" href=\"https:\/\/wp.kristdemokraterna.se\/vasternorrland\/kaos-pa-presidiekonferensen-i-regionen\/\" \/>\n<meta property=\"og:locale\" content=\"sv_SE\" \/>\n<meta property=\"og:type\" content=\"article\" \/>\n<meta property=\"og:title\" content=\"Kaos p\u00e5 presidiekonferensen i regionen | KD V\u00e4sternorrland\" \/>\n<meta property=\"og:description\" content=\"En helt vanlig dag i regionpolitikens V\u00e4sternorrland. Just idag, den 8 juni 2021, \u00e4r det presidiekonferens. Presidiekonferensen \u00e4r ett m\u00f6te d\u00e4r fullm\u00e4ktiges ordf\u00f6rande m\u00f6ter gruppledarna f\u00f6r regionens 8 partier. Konferensen \u00e4r till f\u00f6r att partierna gemensamt ska planera och f\u00f6lja upp fullm\u00e4ktigem\u00f6tena. Det blev \u00e4nnu en presidiekonferens d\u00e4r Socialdemokraterna strular p\u00e5 om att man till Read More\" \/>\n<meta property=\"og:url\" content=\"https:\/\/wp.kristdemokraterna.se\/vasternorrland\/kaos-pa-presidiekonferensen-i-regionen\/\" \/>\n<meta property=\"og:site_name\" content=\"KD V\u00e4sternorrland\" \/>\n<meta property=\"article:publisher\" content=\"https:\/\/www.facebook.com\/kdrvn\/\" \/>\n<meta property=\"article:published_time\" content=\"2021-06-08T08:30:58+00:00\" \/>\n<meta property=\"article:modified_time\" content=\"2021-08-25T12:31:18+00:00\" \/>\n<meta property=\"og:image\" content=\"https:\/\/wp.kristdemokraterna.se\/vasternorrland\/files\/2021\/06\/traffic-4003342_1920-e1629537362171.jpg\" \/>\n\t<meta property=\"og:image:width\" content=\"1920\" \/>\n\t<meta property=\"og:image:height\" content=\"1080\" \/>\n\t<meta property=\"og:image:type\" content=\"image\/jpeg\" \/>\n<meta name=\"author\" content=\"sendelbach\" \/>\n<meta name=\"twitter:card\" content=\"summary_large_image\" \/>\n<meta name=\"twitter:label1\" content=\"Skriven av\" \/>\n\t<meta name=\"twitter:data1\" content=\"sendelbach\" \/>\n\t<meta name=\"twitter:label2\" content=\"Ber\u00e4knad l\u00e4stid\" \/>\n\t<meta name=\"twitter:data2\" content=\"1 minut\" \/>\n<script type=\"application\/ld+json\" class=\"yoast-schema-graph\">{\"@context\":\"https:\\\/\\\/schema.org\",\"@graph\":[{\"@type\":\"Article\",\"@id\":\"https:\\\/\\\/wp.kristdemokraterna.se\\\/vasternorrland\\\/kaos-pa-presidiekonferensen-i-regionen\\\/#article\",\"isPartOf\":{\"@id\":\"https:\\\/\\\/wp.kristdemokraterna.se\\\/vasternorrland\\\/kaos-pa-presidiekonferensen-i-regionen\\\/\"},\"author\":{\"name\":\"sendelbach\",\"@id\":\"https:\\\/\\\/wp.kristdemokraterna.se\\\/vasternorrland\\\/#\\\/schema\\\/person\\\/c253503d86970574912dff6ec658bf28\"},\"headline\":\"Kaos p\u00e5 presidiekonferensen i regionen\",\"datePublished\":\"2021-06-08T08:30:58+00:00\",\"dateModified\":\"2021-08-25T12:31:18+00:00\",\"mainEntityOfPage\":{\"@id\":\"https:\\\/\\\/wp.kristdemokraterna.se\\\/vasternorrland\\\/kaos-pa-presidiekonferensen-i-regionen\\\/\"},\"wordCount\":294,\"keywords\":[\"alla inl\u00e4gg\",\"demokrati\",\"kaos\",\"ledarskap\",\"ledning\\\/styrning\",\"presidiekonferensen\",\"Socialdemokraterna\"],\"articleSection\":[\"Ledning\\\/styrning\",\"Nyheter\"],\"inLanguage\":\"sv-SE\"},{\"@type\":\"WebPage\",\"@id\":\"https:\\\/\\\/wp.kristdemokraterna.se\\\/vasternorrland\\\/kaos-pa-presidiekonferensen-i-regionen\\\/\",\"url\":\"https:\\\/\\\/wp.kristdemokraterna.se\\\/vasternorrland\\\/kaos-pa-presidiekonferensen-i-regionen\\\/\",\"name\":\"Kaos p\u00e5 presidiekonferensen i regionen | KD V\u00e4sternorrland\",\"isPartOf\":{\"@id\":\"https:\\\/\\\/wp.kristdemokraterna.se\\\/vasternorrland\\\/#website\"},\"datePublished\":\"2021-06-08T08:30:58+00:00\",\"dateModified\":\"2021-08-25T12:31:18+00:00\",\"author\":{\"@id\":\"https:\\\/\\\/wp.kristdemokraterna.se\\\/vasternorrland\\\/#\\\/schema\\\/person\\\/c253503d86970574912dff6ec658bf28\"},\"breadcrumb\":{\"@id\":\"https:\\\/\\\/wp.kristdemokraterna.se\\\/vasternorrland\\\/kaos-pa-presidiekonferensen-i-regionen\\\/#breadcrumb\"},\"inLanguage\":\"sv-SE\",\"potentialAction\":[{\"@type\":\"ReadAction\",\"target\":[\"https:\\\/\\\/wp.kristdemokraterna.se\\\/vasternorrland\\\/kaos-pa-presidiekonferensen-i-regionen\\\/\"]}]},{\"@type\":\"BreadcrumbList\",\"@id\":\"https:\\\/\\\/wp.kristdemokraterna.se\\\/vasternorrland\\\/kaos-pa-presidiekonferensen-i-regionen\\\/#breadcrumb\",\"itemListElement\":[{\"@type\":\"ListItem\",\"position\":1,\"name\":\"Hem\",\"item\":\"https:\\\/\\\/wp.kristdemokraterna.se\\\/vasternorrland\\\/\"},{\"@type\":\"ListItem\",\"position\":2,\"name\":\"Kaos p\u00e5 presidiekonferensen i regionen\"}]},{\"@type\":\"WebSite\",\"@id\":\"https:\\\/\\\/wp.kristdemokraterna.se\\\/vasternorrland\\\/#website\",\"url\":\"https:\\\/\\\/wp.kristdemokraterna.se\\\/vasternorrland\\\/\",\"name\":\"KD V\u00e4sternorrland\",\"description\":\"V\u00e5rda v\u00e5rden - utveckla prim\u00e4rv\u00e5rden\",\"inLanguage\":\"sv-SE\"},{\"@type\":\"Person\",\"@id\":\"https:\\\/\\\/wp.kristdemokraterna.se\\\/vasternorrland\\\/#\\\/schema\\\/person\\\/c253503d86970574912dff6ec658bf28\",\"name\":\"sendelbach\",\"image\":{\"@type\":\"ImageObject\",\"inLanguage\":\"sv-SE\",\"@id\":\"https:\\\/\\\/secure.gravatar.com\\\/avatar\\\/0499a666be08fad4eb4333dbfba8681b8ebe23a978ce2e4c44818b2c5e2415b8?s=96&r=g\",\"url\":\"https:\\\/\\\/secure.gravatar.com\\\/avatar\\\/0499a666be08fad4eb4333dbfba8681b8ebe23a978ce2e4c44818b2c5e2415b8?s=96&r=g\",\"contentUrl\":\"https:\\\/\\\/secure.gravatar.com\\\/avatar\\\/0499a666be08fad4eb4333dbfba8681b8ebe23a978ce2e4c44818b2c5e2415b8?s=96&r=g\",\"caption\":\"sendelbach\"},\"url\":\"https:\\\/\\\/wp.kristdemokraterna.se\\\/vasternorrland\\\/author\\\/sendelbach\\\/\"}]}<\/script>\n<!-- \/ Yoast SEO plugin. -->","yoast_head_json":{"title":"Kaos p\u00e5 presidiekonferensen i regionen | KD V\u00e4sternorrland","robots":{"index":"index","follow":"follow","max-snippet":"max-snippet:-1","max-image-preview":"max-image-preview:large","max-video-preview":"max-video-preview:-1"},"canonical":"https:\/\/wp.kristdemokraterna.se\/vasternorrland\/kaos-pa-presidiekonferensen-i-regionen\/","og_locale":"sv_SE","og_type":"article","og_title":"Kaos p\u00e5 presidiekonferensen i regionen | KD V\u00e4sternorrland","og_description":"En helt vanlig dag i regionpolitikens V\u00e4sternorrland. Just idag, den 8 juni 2021, \u00e4r det presidiekonferens. Presidiekonferensen \u00e4r ett m\u00f6te d\u00e4r fullm\u00e4ktiges ordf\u00f6rande m\u00f6ter gruppledarna f\u00f6r regionens 8 partier. Konferensen \u00e4r till f\u00f6r att partierna gemensamt ska planera och f\u00f6lja upp fullm\u00e4ktigem\u00f6tena. Det blev \u00e4nnu en presidiekonferens d\u00e4r Socialdemokraterna strular p\u00e5 om att man till Read More","og_url":"https:\/\/wp.kristdemokraterna.se\/vasternorrland\/kaos-pa-presidiekonferensen-i-regionen\/","og_site_name":"KD V\u00e4sternorrland","article_publisher":"https:\/\/www.facebook.com\/kdrvn\/","article_published_time":"2021-06-08T08:30:58+00:00","article_modified_time":"2021-08-25T12:31:18+00:00","og_image":[{"width":1920,"height":1080,"url":"https:\/\/wp.kristdemokraterna.se\/vasternorrland\/files\/2021\/06\/traffic-4003342_1920-e1629537362171.jpg","type":"image\/jpeg"}],"author":"sendelbach","twitter_card":"summary_large_image","twitter_misc":{"Skriven av":"sendelbach","Ber\u00e4knad l\u00e4stid":"1 minut"},"schema":{"@context":"https:\/\/schema.org","@graph":[{"@type":"Article","@id":"https:\/\/wp.kristdemokraterna.se\/vasternorrland\/kaos-pa-presidiekonferensen-i-regionen\/#article","isPartOf":{"@id":"https:\/\/wp.kristdemokraterna.se\/vasternorrland\/kaos-pa-presidiekonferensen-i-regionen\/"},"author":{"name":"sendelbach","@id":"https:\/\/wp.kristdemokraterna.se\/vasternorrland\/#\/schema\/person\/c253503d86970574912dff6ec658bf28"},"headline":"Kaos p\u00e5 presidiekonferensen i regionen","datePublished":"2021-06-08T08:30:58+00:00","dateModified":"2021-08-25T12:31:18+00:00","mainEntityOfPage":{"@id":"https:\/\/wp.kristdemokraterna.se\/vasternorrland\/kaos-pa-presidiekonferensen-i-regionen\/"},"wordCount":294,"keywords":["alla inl\u00e4gg","demokrati","kaos","ledarskap","ledning\/styrning","presidiekonferensen","Socialdemokraterna"],"articleSection":["Ledning\/styrning","Nyheter"],"inLanguage":"sv-SE"},{"@type":"WebPage","@id":"https:\/\/wp.kristdemokraterna.se\/vasternorrland\/kaos-pa-presidiekonferensen-i-regionen\/","url":"https:\/\/wp.kristdemokraterna.se\/vasternorrland\/kaos-pa-presidiekonferensen-i-regionen\/","name":"Kaos p\u00e5 presidiekonferensen i regionen | KD V\u00e4sternorrland","isPartOf":{"@id":"https:\/\/wp.kristdemokraterna.se\/vasternorrland\/#website"},"datePublished":"2021-06-08T08:30:58+00:00","dateModified":"2021-08-25T12:31:18+00:00","author":{"@id":"https:\/\/wp.kristdemokraterna.se\/vasternorrland\/#\/schema\/person\/c253503d86970574912dff6ec658bf28"},"breadcrumb":{"@id":"https:\/\/wp.kristdemokraterna.se\/vasternorrland\/kaos-pa-presidiekonferensen-i-regionen\/#breadcrumb"},"inLanguage":"sv-SE","potentialAction":[{"@type":"ReadAction","target":["https:\/\/wp.kristdemokraterna.se\/vasternorrland\/kaos-pa-presidiekonferensen-i-regionen\/"]}]},{"@type":"BreadcrumbList","@id":"https:\/\/wp.kristdemokraterna.se\/vasternorrland\/kaos-pa-presidiekonferensen-i-regionen\/#breadcrumb","itemListElement":[{"@type":"ListItem","position":1,"name":"Hem","item":"https:\/\/wp.kristdemokraterna.se\/vasternorrland\/"},{"@type":"ListItem","position":2,"name":"Kaos p\u00e5 presidiekonferensen i regionen"}]},{"@type":"WebSite","@id":"https:\/\/wp.kristdemokraterna.se\/vasternorrland\/#website","url":"https:\/\/wp.kristdemokraterna.se\/vasternorrland\/","name":"KD V\u00e4sternorrland","description":"V\u00e5rda v\u00e5rden - utveckla prim\u00e4rv\u00e5rden","inLanguage":"sv-SE"},{"@type":"Person","@id":"https:\/\/wp.kristdemokraterna.se\/vasternorrland\/#\/schema\/person\/c253503d86970574912dff6ec658bf28","name":"sendelbach","image":{"@type":"ImageObject","inLanguage":"sv-SE","@id":"https:\/\/secure.gravatar.com\/avatar\/0499a666be08fad4eb4333dbfba8681b8ebe23a978ce2e4c44818b2c5e2415b8?s=96&r=g","url":"https:\/\/secure.gravatar.com\/avatar\/0499a666be08fad4eb4333dbfba8681b8ebe23a978ce2e4c44818b2c5e2415b8?s=96&r=g","contentUrl":"https:\/\/secure.gravatar.com\/avatar\/0499a666be08fad4eb4333dbfba8681b8ebe23a978ce2e4c44818b2c5e2415b8?s=96&r=g","caption":"sendelbach"},"url":"https:\/\/wp.kristdemokraterna.se\/vasternorrland\/author\/sendelbach\/"}]}},"_links":{"self":[{"href":"https:\/\/wp.kristdemokraterna.se\/vasternorrland\/wp-json\/wp\/v2\/posts\/351989","targetHints":{"allow":["GET"]}}],"collection":[{"href":"https:\/\/wp.kristdemokraterna.se\/vasternorrland\/wp-json\/wp\/v2\/posts"}],"about":[{"href":"https:\/\/wp.kristdemokraterna.se\/vasternorrland\/wp-json\/wp\/v2\/types\/post"}],"author":[{"embeddable":true,"href":"https:\/\/wp.kristdemokraterna.se\/vasternorrland\/wp-json\/wp\/v2\/users\/861"}],"replies":[{"embeddable":true,"href":"https:\/\/wp.kristdemokraterna.se\/vasternorrland\/wp-json\/wp\/v2\/comments?post=351989"}],"version-history":[{"count":4,"href":"https:\/\/wp.kristdemokraterna.se\/vasternorrland\/wp-json\/wp\/v2\/posts\/351989\/revisions"}],"predecessor-version":[{"id":351998,"href":"https:\/\/wp.kristdemokraterna.se\/vasternorrland\/wp-json\/wp\/v2\/posts\/351989\/revisions\/351998"}],"wp:attachment":[{"href":"https:\/\/wp.kristdemokraterna.se\/vasternorrland\/wp-json\/wp\/v2\/media?parent=351989"}],"wp:term":[{"taxonomy":"category","embeddable":true,"href":"https:\/\/wp.kristdemokraterna.se\/vasternorrland\/wp-json\/wp\/v2\/categories?post=351989"},{"taxonomy":"post_tag","embeddable":true,"href":"https:\/\/wp.kristdemokraterna.se\/vasternorrland\/wp-json\/wp\/v2\/tags?post=351989"}],"curies":[{"name":"wp","href":"https:\/\/api.w.org\/{rel}","templated":true}]}}