{"id":352098,"date":"2021-10-20T10:57:50","date_gmt":"2021-10-20T08:57:50","guid":{"rendered":"https:\/\/wp.kristdemokraterna.se\/vasternorrland\/?p=352098"},"modified":"2021-10-20T21:04:28","modified_gmt":"2021-10-20T19:04:28","slug":"motion-utvardera-beslutet-att-stanga-bb-med-mera-vid-sjukhuset-i-solleftea","status":"publish","type":"post","link":"https:\/\/wp.kristdemokraterna.se\/vasternorrland\/motion-utvardera-beslutet-att-stanga-bb-med-mera-vid-sjukhuset-i-solleftea\/","title":{"rendered":"Motion: Utv\u00e4rdera beslutet att st\u00e4nga BB med mera vid sjukhuset i Sollefte\u00e5"},"content":{"rendered":"<p>2017 st\u00e4ngde BB, f\u00f6rlossning samt akut gynekologi och gynekologiska operationer vid sjukhuset i Sollefte\u00e5, efter beslut av d\u00e5varande Landstingsfullm\u00e4ktige 26 &#8211; 27 oktober 2016, \u00a7 173.<\/p>\n<p>I underlaget till beslutet framg\u00e5r exempelvis f\u00f6ljande, att ber\u00e4knad nettobesparing ska vara 15,8 &#8211; 15,4 mkr och att s\u00e5dan st\u00e4ngning kan genomf\u00f6ras utan st\u00f6rre f\u00f6r\u00e4ndring av l\u00e4nsklinikens verksamhet p\u00e5 andra arbetsplatser.<\/p>\n<p>Hittills har ingen utv\u00e4rdering gjorts. Samtidigt ser vi att BB, f\u00f6rlossnings- och kvinnosjukv\u00e5rden har en mycket pressad situation i V\u00e4sternorrland. Vi vet ocks\u00e5 att oron bland blivande f\u00f6r\u00e4ldrar i Sollefte\u00e5\/\u00c5dalen-omr\u00e5det har skjutit i h\u00f6jden.<\/p>\n<p>Vad har egentligen blivit det konkreta resultaten och konsekvenserna av fullm\u00e4ktiges beslut 2016?<\/p>\n<p>Mot bakgrund av detta yrkar vi p\u00e5:<\/p>\n<ul>\n<li><strong><u>att<\/u><\/strong> det snarast genomf\u00f6rs en extern utv\u00e4rdering av vilka konkreta resultat och konsekvenser fullm\u00e4ktigebeslutet inneburit utifr\u00e5n f\u00f6ljande fyra perspektiv. Det ekonomiska perspektivet, personalens perspektiv, patientens perspektiv och klimatperspektivet.<\/li>\n<\/ul>\n<p>2021-10-19<\/p>\n<p>Jonny Lundin (C), Nina Orefj\u00e4rd (V),\u00a0Pia Lundin (SJVP), Henrik Sendelbach (KD)<\/p>\n<hr \/>\n<p><a href=\"http:\/\/wp.kristdemokraterna.se\/vasternorrland\/kategorier\/specialistvard\/\">Specialistv\u00e5rd<\/a> | <a href=\"http:\/\/wp.kristdemokraterna.se\/vasternorrland\/etiketter\/bb\/\">BB<\/a> \u00b7 <a href=\"http:\/\/wp.kristdemokraterna.se\/vasternorrland\/etiketter\/gynekologi\/\">gynekologi<\/a> \u00b7 <a href=\"http:\/\/wp.kristdemokraterna.se\/vasternorrland\/etiketter\/henrik-sendelbach\/\">Henrik Sendelbach<\/a> \u00b7 <a href=\"http:\/\/wp.kristdemokraterna.se\/vasternorrland\/etiketter\/interpellation\/\">motion<\/a> \u00b7 <a href=\"http:\/\/wp.kristdemokraterna.se\/vasternorrland\/etiketter\/kvinnosjukvard\/\">kvinnosjukv\u00e5rd<\/a><\/p>\n","protected":false},"excerpt":{"rendered":"<p>2017 st\u00e4ngde BB, f\u00f6rlossning samt akut gynekologi och gynekologiska operationer vid sjukhuset i Sollefte\u00e5, efter beslut av d\u00e5varande Landstingsfullm\u00e4ktige 26 &#8211; 27 oktober 2016, \u00a7 173. I underlaget till beslutet framg\u00e5r exempelvis f\u00f6ljande, att ber\u00e4knad nettobesparing ska vara 15,8 &#8211; 15,4 mkr och att s\u00e5dan st\u00e4ngning kan genomf\u00f6ras utan st\u00f6rre f\u00f6r\u00e4ndring av l\u00e4nsklinikens verksamhet p\u00e5 <a class=\"read-more-link\" href=\"https:\/\/wp.kristdemokraterna.se\/vasternorrland\/motion-utvardera-beslutet-att-stanga-bb-med-mera-vid-sjukhuset-i-solleftea\/\">Read More<\/a><\/p>\n","protected":false},"author":861,"featured_media":0,"comment_status":"closed","ping_status":"closed","sticky":false,"template":"","format":"standard","meta":{"_acf_changed":false,"footnotes":""},"categories":[816,1100,727,101],"tags":[543,52,1335,448,282,32,676,540],"class_list":["post-352098","post","type-post","status-publish","format-standard","hentry","category-bb","category-kvinnosjukvard","category-nyheter","category-specialistvard","tag-alla-inlagg","tag-bb","tag-gynekologi","tag-henrik-sendelbach","tag-kvinnosjukvard","tag-motion","tag-solleftea-sjukhus","tag-specialistvard"],"acf":[],"yoast_head":"<!-- This site is optimized with the Yoast SEO plugin v27.4 - https:\/\/yoast.com\/product\/yoast-seo-wordpress\/ -->\n<title>Motion: Utv\u00e4rdera beslutet att st\u00e4nga BB med mera vid sjukhuset i Sollefte\u00e5 | KD V\u00e4sternorrland<\/title>\n<meta name=\"robots\" content=\"index, follow, max-snippet:-1, max-image-preview:large, max-video-preview:-1\" \/>\n<link rel=\"canonical\" href=\"https:\/\/wp.kristdemokraterna.se\/vasternorrland\/motion-utvardera-beslutet-att-stanga-bb-med-mera-vid-sjukhuset-i-solleftea\/\" \/>\n<meta property=\"og:locale\" content=\"sv_SE\" \/>\n<meta property=\"og:type\" content=\"article\" \/>\n<meta property=\"og:title\" content=\"Motion: Utv\u00e4rdera beslutet att st\u00e4nga BB med mera vid sjukhuset i Sollefte\u00e5 | KD V\u00e4sternorrland\" \/>\n<meta property=\"og:description\" content=\"2017 st\u00e4ngde BB, f\u00f6rlossning samt akut gynekologi och gynekologiska operationer vid sjukhuset i Sollefte\u00e5, efter beslut av d\u00e5varande Landstingsfullm\u00e4ktige 26 &#8211; 27 oktober 2016, \u00a7 173. I underlaget till beslutet framg\u00e5r exempelvis f\u00f6ljande, att ber\u00e4knad nettobesparing ska vara 15,8 &#8211; 15,4 mkr och att s\u00e5dan st\u00e4ngning kan genomf\u00f6ras utan st\u00f6rre f\u00f6r\u00e4ndring av l\u00e4nsklinikens verksamhet p\u00e5 Read More\" \/>\n<meta property=\"og:url\" content=\"https:\/\/wp.kristdemokraterna.se\/vasternorrland\/motion-utvardera-beslutet-att-stanga-bb-med-mera-vid-sjukhuset-i-solleftea\/\" \/>\n<meta property=\"og:site_name\" content=\"KD V\u00e4sternorrland\" \/>\n<meta property=\"article:publisher\" content=\"https:\/\/www.facebook.com\/kdrvn\/\" \/>\n<meta property=\"article:published_time\" content=\"2021-10-20T08:57:50+00:00\" \/>\n<meta property=\"article:modified_time\" content=\"2021-10-20T19:04:28+00:00\" \/>\n<meta name=\"author\" content=\"sendelbach\" \/>\n<meta name=\"twitter:card\" content=\"summary_large_image\" \/>\n<meta name=\"twitter:label1\" content=\"Skriven av\" \/>\n\t<meta name=\"twitter:data1\" content=\"sendelbach\" \/>\n\t<meta name=\"twitter:label2\" content=\"Ber\u00e4knad l\u00e4stid\" \/>\n\t<meta name=\"twitter:data2\" content=\"1 minut\" \/>\n<script type=\"application\/ld+json\" class=\"yoast-schema-graph\">{\"@context\":\"https:\\\/\\\/schema.org\",\"@graph\":[{\"@type\":\"Article\",\"@id\":\"https:\\\/\\\/wp.kristdemokraterna.se\\\/vasternorrland\\\/motion-utvardera-beslutet-att-stanga-bb-med-mera-vid-sjukhuset-i-solleftea\\\/#article\",\"isPartOf\":{\"@id\":\"https:\\\/\\\/wp.kristdemokraterna.se\\\/vasternorrland\\\/motion-utvardera-beslutet-att-stanga-bb-med-mera-vid-sjukhuset-i-solleftea\\\/\"},\"author\":{\"name\":\"sendelbach\",\"@id\":\"https:\\\/\\\/wp.kristdemokraterna.se\\\/vasternorrland\\\/#\\\/schema\\\/person\\\/c253503d86970574912dff6ec658bf28\"},\"headline\":\"Motion: Utv\u00e4rdera beslutet att st\u00e4nga BB med mera vid sjukhuset i Sollefte\u00e5\",\"datePublished\":\"2021-10-20T08:57:50+00:00\",\"dateModified\":\"2021-10-20T19:04:28+00:00\",\"mainEntityOfPage\":{\"@id\":\"https:\\\/\\\/wp.kristdemokraterna.se\\\/vasternorrland\\\/motion-utvardera-beslutet-att-stanga-bb-med-mera-vid-sjukhuset-i-solleftea\\\/\"},\"wordCount\":197,\"keywords\":[\"alla inl\u00e4gg\",\"BB\",\"gynekologi\",\"Henrik Sendelbach\",\"kvinnosjukv\u00e5rd\",\"motion\",\"Sollefte\u00e5 sjukhus\",\"specialistv\u00e5rd\"],\"articleSection\":[\"BB\",\"Kvinnosjukv\u00e5rd\",\"Nyheter\",\"Specialistv\u00e5rd\"],\"inLanguage\":\"sv-SE\"},{\"@type\":\"WebPage\",\"@id\":\"https:\\\/\\\/wp.kristdemokraterna.se\\\/vasternorrland\\\/motion-utvardera-beslutet-att-stanga-bb-med-mera-vid-sjukhuset-i-solleftea\\\/\",\"url\":\"https:\\\/\\\/wp.kristdemokraterna.se\\\/vasternorrland\\\/motion-utvardera-beslutet-att-stanga-bb-med-mera-vid-sjukhuset-i-solleftea\\\/\",\"name\":\"Motion: Utv\u00e4rdera beslutet att st\u00e4nga BB med mera vid sjukhuset i Sollefte\u00e5 | KD V\u00e4sternorrland\",\"isPartOf\":{\"@id\":\"https:\\\/\\\/wp.kristdemokraterna.se\\\/vasternorrland\\\/#website\"},\"datePublished\":\"2021-10-20T08:57:50+00:00\",\"dateModified\":\"2021-10-20T19:04:28+00:00\",\"author\":{\"@id\":\"https:\\\/\\\/wp.kristdemokraterna.se\\\/vasternorrland\\\/#\\\/schema\\\/person\\\/c253503d86970574912dff6ec658bf28\"},\"breadcrumb\":{\"@id\":\"https:\\\/\\\/wp.kristdemokraterna.se\\\/vasternorrland\\\/motion-utvardera-beslutet-att-stanga-bb-med-mera-vid-sjukhuset-i-solleftea\\\/#breadcrumb\"},\"inLanguage\":\"sv-SE\",\"potentialAction\":[{\"@type\":\"ReadAction\",\"target\":[\"https:\\\/\\\/wp.kristdemokraterna.se\\\/vasternorrland\\\/motion-utvardera-beslutet-att-stanga-bb-med-mera-vid-sjukhuset-i-solleftea\\\/\"]}]},{\"@type\":\"BreadcrumbList\",\"@id\":\"https:\\\/\\\/wp.kristdemokraterna.se\\\/vasternorrland\\\/motion-utvardera-beslutet-att-stanga-bb-med-mera-vid-sjukhuset-i-solleftea\\\/#breadcrumb\",\"itemListElement\":[{\"@type\":\"ListItem\",\"position\":1,\"name\":\"Hem\",\"item\":\"https:\\\/\\\/wp.kristdemokraterna.se\\\/vasternorrland\\\/\"},{\"@type\":\"ListItem\",\"position\":2,\"name\":\"Motion: Utv\u00e4rdera beslutet att st\u00e4nga BB med mera vid sjukhuset i Sollefte\u00e5\"}]},{\"@type\":\"WebSite\",\"@id\":\"https:\\\/\\\/wp.kristdemokraterna.se\\\/vasternorrland\\\/#website\",\"url\":\"https:\\\/\\\/wp.kristdemokraterna.se\\\/vasternorrland\\\/\",\"name\":\"KD V\u00e4sternorrland\",\"description\":\"V\u00e5rda v\u00e5rden - utveckla prim\u00e4rv\u00e5rden\",\"inLanguage\":\"sv-SE\"},{\"@type\":\"Person\",\"@id\":\"https:\\\/\\\/wp.kristdemokraterna.se\\\/vasternorrland\\\/#\\\/schema\\\/person\\\/c253503d86970574912dff6ec658bf28\",\"name\":\"sendelbach\",\"image\":{\"@type\":\"ImageObject\",\"inLanguage\":\"sv-SE\",\"@id\":\"https:\\\/\\\/secure.gravatar.com\\\/avatar\\\/0499a666be08fad4eb4333dbfba8681b8ebe23a978ce2e4c44818b2c5e2415b8?s=96&r=g\",\"url\":\"https:\\\/\\\/secure.gravatar.com\\\/avatar\\\/0499a666be08fad4eb4333dbfba8681b8ebe23a978ce2e4c44818b2c5e2415b8?s=96&r=g\",\"contentUrl\":\"https:\\\/\\\/secure.gravatar.com\\\/avatar\\\/0499a666be08fad4eb4333dbfba8681b8ebe23a978ce2e4c44818b2c5e2415b8?s=96&r=g\",\"caption\":\"sendelbach\"},\"url\":\"https:\\\/\\\/wp.kristdemokraterna.se\\\/vasternorrland\\\/author\\\/sendelbach\\\/\"}]}<\/script>\n<!-- \/ Yoast SEO plugin. -->","yoast_head_json":{"title":"Motion: Utv\u00e4rdera beslutet att st\u00e4nga BB med mera vid sjukhuset i Sollefte\u00e5 | KD V\u00e4sternorrland","robots":{"index":"index","follow":"follow","max-snippet":"max-snippet:-1","max-image-preview":"max-image-preview:large","max-video-preview":"max-video-preview:-1"},"canonical":"https:\/\/wp.kristdemokraterna.se\/vasternorrland\/motion-utvardera-beslutet-att-stanga-bb-med-mera-vid-sjukhuset-i-solleftea\/","og_locale":"sv_SE","og_type":"article","og_title":"Motion: Utv\u00e4rdera beslutet att st\u00e4nga BB med mera vid sjukhuset i Sollefte\u00e5 | KD V\u00e4sternorrland","og_description":"2017 st\u00e4ngde BB, f\u00f6rlossning samt akut gynekologi och gynekologiska operationer vid sjukhuset i Sollefte\u00e5, efter beslut av d\u00e5varande Landstingsfullm\u00e4ktige 26 &#8211; 27 oktober 2016, \u00a7 173. I underlaget till beslutet framg\u00e5r exempelvis f\u00f6ljande, att ber\u00e4knad nettobesparing ska vara 15,8 &#8211; 15,4 mkr och att s\u00e5dan st\u00e4ngning kan genomf\u00f6ras utan st\u00f6rre f\u00f6r\u00e4ndring av l\u00e4nsklinikens verksamhet p\u00e5 Read More","og_url":"https:\/\/wp.kristdemokraterna.se\/vasternorrland\/motion-utvardera-beslutet-att-stanga-bb-med-mera-vid-sjukhuset-i-solleftea\/","og_site_name":"KD V\u00e4sternorrland","article_publisher":"https:\/\/www.facebook.com\/kdrvn\/","article_published_time":"2021-10-20T08:57:50+00:00","article_modified_time":"2021-10-20T19:04:28+00:00","author":"sendelbach","twitter_card":"summary_large_image","twitter_misc":{"Skriven av":"sendelbach","Ber\u00e4knad l\u00e4stid":"1 minut"},"schema":{"@context":"https:\/\/schema.org","@graph":[{"@type":"Article","@id":"https:\/\/wp.kristdemokraterna.se\/vasternorrland\/motion-utvardera-beslutet-att-stanga-bb-med-mera-vid-sjukhuset-i-solleftea\/#article","isPartOf":{"@id":"https:\/\/wp.kristdemokraterna.se\/vasternorrland\/motion-utvardera-beslutet-att-stanga-bb-med-mera-vid-sjukhuset-i-solleftea\/"},"author":{"name":"sendelbach","@id":"https:\/\/wp.kristdemokraterna.se\/vasternorrland\/#\/schema\/person\/c253503d86970574912dff6ec658bf28"},"headline":"Motion: Utv\u00e4rdera beslutet att st\u00e4nga BB med mera vid sjukhuset i Sollefte\u00e5","datePublished":"2021-10-20T08:57:50+00:00","dateModified":"2021-10-20T19:04:28+00:00","mainEntityOfPage":{"@id":"https:\/\/wp.kristdemokraterna.se\/vasternorrland\/motion-utvardera-beslutet-att-stanga-bb-med-mera-vid-sjukhuset-i-solleftea\/"},"wordCount":197,"keywords":["alla inl\u00e4gg","BB","gynekologi","Henrik Sendelbach","kvinnosjukv\u00e5rd","motion","Sollefte\u00e5 sjukhus","specialistv\u00e5rd"],"articleSection":["BB","Kvinnosjukv\u00e5rd","Nyheter","Specialistv\u00e5rd"],"inLanguage":"sv-SE"},{"@type":"WebPage","@id":"https:\/\/wp.kristdemokraterna.se\/vasternorrland\/motion-utvardera-beslutet-att-stanga-bb-med-mera-vid-sjukhuset-i-solleftea\/","url":"https:\/\/wp.kristdemokraterna.se\/vasternorrland\/motion-utvardera-beslutet-att-stanga-bb-med-mera-vid-sjukhuset-i-solleftea\/","name":"Motion: Utv\u00e4rdera beslutet att st\u00e4nga BB med mera vid sjukhuset i Sollefte\u00e5 | KD V\u00e4sternorrland","isPartOf":{"@id":"https:\/\/wp.kristdemokraterna.se\/vasternorrland\/#website"},"datePublished":"2021-10-20T08:57:50+00:00","dateModified":"2021-10-20T19:04:28+00:00","author":{"@id":"https:\/\/wp.kristdemokraterna.se\/vasternorrland\/#\/schema\/person\/c253503d86970574912dff6ec658bf28"},"breadcrumb":{"@id":"https:\/\/wp.kristdemokraterna.se\/vasternorrland\/motion-utvardera-beslutet-att-stanga-bb-med-mera-vid-sjukhuset-i-solleftea\/#breadcrumb"},"inLanguage":"sv-SE","potentialAction":[{"@type":"ReadAction","target":["https:\/\/wp.kristdemokraterna.se\/vasternorrland\/motion-utvardera-beslutet-att-stanga-bb-med-mera-vid-sjukhuset-i-solleftea\/"]}]},{"@type":"BreadcrumbList","@id":"https:\/\/wp.kristdemokraterna.se\/vasternorrland\/motion-utvardera-beslutet-att-stanga-bb-med-mera-vid-sjukhuset-i-solleftea\/#breadcrumb","itemListElement":[{"@type":"ListItem","position":1,"name":"Hem","item":"https:\/\/wp.kristdemokraterna.se\/vasternorrland\/"},{"@type":"ListItem","position":2,"name":"Motion: Utv\u00e4rdera beslutet att st\u00e4nga BB med mera vid sjukhuset i Sollefte\u00e5"}]},{"@type":"WebSite","@id":"https:\/\/wp.kristdemokraterna.se\/vasternorrland\/#website","url":"https:\/\/wp.kristdemokraterna.se\/vasternorrland\/","name":"KD V\u00e4sternorrland","description":"V\u00e5rda v\u00e5rden - utveckla prim\u00e4rv\u00e5rden","inLanguage":"sv-SE"},{"@type":"Person","@id":"https:\/\/wp.kristdemokraterna.se\/vasternorrland\/#\/schema\/person\/c253503d86970574912dff6ec658bf28","name":"sendelbach","image":{"@type":"ImageObject","inLanguage":"sv-SE","@id":"https:\/\/secure.gravatar.com\/avatar\/0499a666be08fad4eb4333dbfba8681b8ebe23a978ce2e4c44818b2c5e2415b8?s=96&r=g","url":"https:\/\/secure.gravatar.com\/avatar\/0499a666be08fad4eb4333dbfba8681b8ebe23a978ce2e4c44818b2c5e2415b8?s=96&r=g","contentUrl":"https:\/\/secure.gravatar.com\/avatar\/0499a666be08fad4eb4333dbfba8681b8ebe23a978ce2e4c44818b2c5e2415b8?s=96&r=g","caption":"sendelbach"},"url":"https:\/\/wp.kristdemokraterna.se\/vasternorrland\/author\/sendelbach\/"}]}},"_links":{"self":[{"href":"https:\/\/wp.kristdemokraterna.se\/vasternorrland\/wp-json\/wp\/v2\/posts\/352098","targetHints":{"allow":["GET"]}}],"collection":[{"href":"https:\/\/wp.kristdemokraterna.se\/vasternorrland\/wp-json\/wp\/v2\/posts"}],"about":[{"href":"https:\/\/wp.kristdemokraterna.se\/vasternorrland\/wp-json\/wp\/v2\/types\/post"}],"author":[{"embeddable":true,"href":"https:\/\/wp.kristdemokraterna.se\/vasternorrland\/wp-json\/wp\/v2\/users\/861"}],"replies":[{"embeddable":true,"href":"https:\/\/wp.kristdemokraterna.se\/vasternorrland\/wp-json\/wp\/v2\/comments?post=352098"}],"version-history":[{"count":1,"href":"https:\/\/wp.kristdemokraterna.se\/vasternorrland\/wp-json\/wp\/v2\/posts\/352098\/revisions"}],"predecessor-version":[{"id":352100,"href":"https:\/\/wp.kristdemokraterna.se\/vasternorrland\/wp-json\/wp\/v2\/posts\/352098\/revisions\/352100"}],"wp:attachment":[{"href":"https:\/\/wp.kristdemokraterna.se\/vasternorrland\/wp-json\/wp\/v2\/media?parent=352098"}],"wp:term":[{"taxonomy":"category","embeddable":true,"href":"https:\/\/wp.kristdemokraterna.se\/vasternorrland\/wp-json\/wp\/v2\/categories?post=352098"},{"taxonomy":"post_tag","embeddable":true,"href":"https:\/\/wp.kristdemokraterna.se\/vasternorrland\/wp-json\/wp\/v2\/tags?post=352098"}],"curies":[{"name":"wp","href":"https:\/\/api.w.org\/{rel}","templated":true}]}}