{"id":352118,"date":"2018-11-29T16:23:52","date_gmt":"2018-11-29T15:23:52","guid":{"rendered":"https:\/\/wp.kristdemokraterna.se\/vasternorrland\/?p=352118"},"modified":"2021-10-22T16:53:22","modified_gmt":"2021-10-22T14:53:22","slug":"interpellationssvar-om-trygg-och-saker-in-och-utskrivning","status":"publish","type":"post","link":"https:\/\/wp.kristdemokraterna.se\/vasternorrland\/interpellationssvar-om-trygg-och-saker-in-och-utskrivning\/","title":{"rendered":"Interpellationssvar: Om trygg och s\u00e4ker in- och utskrivning"},"content":{"rendered":"<p><strong>Fr\u00e5ga 1:<\/strong><br \/>\nHur har samverkan mellan regionen och kommunerna utvecklats under \u00e5ret?<\/p>\n<p><strong>Svar:<\/strong><br \/>\nUnder \u00e5ret har samverkan skett mellan regionen och kommunerna i v\u00e4sentlig st\u00f6rre omfattning \u00e4n tidigare \u00e5r. Varje kommun och tillh\u00f6rande h\u00e4lsocentraler samt repr. fr\u00e5n specialistv\u00e5rden har haft planerade m\u00f6ten f\u00f6r att skapa delaktighet och samsyn kring processen vid utskrivning fr\u00e5n sjukhus.<\/p>\n<p>V\u00e4sternorrland har under projekttiden \u00e4ven haft en l\u00e4nsgemensam grupp best\u00e5ende av repr. fr\u00e5n specialistv\u00e5rden, prim\u00e4rv\u00e5rden och n\u00e5gra kommuner. Sj\u00e4lva projektet, d\u00e4r samverkansrutiner togs fram avslutades under april 2018, men gruppen har \u00e5teraktiverats under ledning av Kommunf\u00f6rbundet i l\u00e4net.<br \/>\nUppdraget g\u00e4ller nu att revidera den samverkansrutin som togs fram under projekttiden, beakta de avvikelser och bestridanden som inkommit under 2018. M\u00e5let \u00e4r att tydligg\u00f6ra processfl\u00f6det och att f\u00f6renkla m\u00f6jligheten till f\u00f6ljsamhet med fokus p\u00e5 att denna lag \u00e4r en samverkanslag.<\/p>\n<p><strong>Fr\u00e5ga 2:<\/strong><br \/>\nHar alla kommuner i l\u00e4net inf\u00f6rt hemtagningsteam eller har de valt n\u00e5gon annan modell?<\/p>\n<p>Svar:<br \/>\nAlla kommuner har inte inr\u00e4ttat hemtagningsteam. Varje kommun har sin egen interna organisation, som dock har att f\u00f6lja de gemensamma riktlinjerna och rutinerna. N\u00e5gra kommuner har ett mera utvecklat arbete med att bevilja insatser f\u00f6r att m\u00f6jligg\u00f6ra hemg\u00e5ng och att planera fortsatta insatser efter att personen varit hemma n\u00e5gra dagar.<\/p>\n<p>H\u00e4rn\u00f6sand den 29 november 2018<\/p>\n<p>Ewa Back (S)<br \/>\nH\u00e4lso- och sjukv\u00e5rdsn\u00e4mndens ordf\u00f6rande<\/p>\n<hr \/>\n<p>Ovanst\u00e5ende \u00e4r ett svar p\u00e5 interpellationen <a href=\"https:\/\/wp.kristdemokraterna.se\/vasternorrland\/trygg-och-saker-hemtagning\/\"><em>Trygg och s\u00e4ker in- och utskrivning<\/em><\/a>.<\/p>\n","protected":false},"excerpt":{"rendered":"<p>Fr\u00e5ga 1: Hur har samverkan mellan regionen och kommunerna utvecklats under \u00e5ret? Svar: Under \u00e5ret har samverkan skett mellan regionen och kommunerna i v\u00e4sentlig st\u00f6rre omfattning \u00e4n tidigare \u00e5r. Varje kommun och tillh\u00f6rande h\u00e4lsocentraler samt repr. fr\u00e5n specialistv\u00e5rden har haft planerade m\u00f6ten f\u00f6r att skapa delaktighet och samsyn kring processen vid utskrivning fr\u00e5n sjukhus. V\u00e4sternorrland <a class=\"read-more-link\" href=\"https:\/\/wp.kristdemokraterna.se\/vasternorrland\/interpellationssvar-om-trygg-och-saker-in-och-utskrivning\/\">Read More<\/a><\/p>\n","protected":false},"author":861,"featured_media":0,"comment_status":"closed","ping_status":"closed","sticky":false,"template":"","format":"standard","meta":{"_acf_changed":false,"footnotes":""},"categories":[130],"tags":[543,410,81,126],"class_list":["post-352118","post","type-post","status-publish","format-standard","hentry","category-samverkan","tag-alla-inlagg","tag-hemtagningsteam","tag-interpellationssvar","tag-samverkan"],"acf":[],"yoast_head":"<!-- This site is optimized with the Yoast SEO plugin v27.5 - https:\/\/yoast.com\/product\/yoast-seo-wordpress\/ -->\n<title>Interpellationssvar: Om trygg och s\u00e4ker in- och utskrivning | KD V\u00e4sternorrland<\/title>\n<meta name=\"robots\" content=\"index, follow, max-snippet:-1, max-image-preview:large, max-video-preview:-1\" \/>\n<link rel=\"canonical\" href=\"https:\/\/wp.kristdemokraterna.se\/vasternorrland\/interpellationssvar-om-trygg-och-saker-in-och-utskrivning\/\" \/>\n<meta property=\"og:locale\" content=\"sv_SE\" \/>\n<meta property=\"og:type\" content=\"article\" \/>\n<meta property=\"og:title\" content=\"Interpellationssvar: Om trygg och s\u00e4ker in- och utskrivning | KD V\u00e4sternorrland\" \/>\n<meta property=\"og:description\" content=\"Fr\u00e5ga 1: Hur har samverkan mellan regionen och kommunerna utvecklats under \u00e5ret? Svar: Under \u00e5ret har samverkan skett mellan regionen och kommunerna i v\u00e4sentlig st\u00f6rre omfattning \u00e4n tidigare \u00e5r. Varje kommun och tillh\u00f6rande h\u00e4lsocentraler samt repr. fr\u00e5n specialistv\u00e5rden har haft planerade m\u00f6ten f\u00f6r att skapa delaktighet och samsyn kring processen vid utskrivning fr\u00e5n sjukhus. V\u00e4sternorrland Read More\" \/>\n<meta property=\"og:url\" content=\"https:\/\/wp.kristdemokraterna.se\/vasternorrland\/interpellationssvar-om-trygg-och-saker-in-och-utskrivning\/\" \/>\n<meta property=\"og:site_name\" content=\"KD V\u00e4sternorrland\" \/>\n<meta property=\"article:publisher\" content=\"https:\/\/www.facebook.com\/kdrvn\/\" \/>\n<meta property=\"article:published_time\" content=\"2018-11-29T15:23:52+00:00\" \/>\n<meta property=\"article:modified_time\" content=\"2021-10-22T14:53:22+00:00\" \/>\n<meta name=\"author\" content=\"sendelbach\" \/>\n<meta name=\"twitter:card\" content=\"summary_large_image\" \/>\n<meta name=\"twitter:label1\" content=\"Skriven av\" \/>\n\t<meta name=\"twitter:data1\" content=\"sendelbach\" \/>\n\t<meta name=\"twitter:label2\" content=\"Ber\u00e4knad l\u00e4stid\" \/>\n\t<meta name=\"twitter:data2\" content=\"1 minut\" \/>\n<script type=\"application\/ld+json\" class=\"yoast-schema-graph\">{\"@context\":\"https:\\\/\\\/schema.org\",\"@graph\":[{\"@type\":\"Article\",\"@id\":\"https:\\\/\\\/wp.kristdemokraterna.se\\\/vasternorrland\\\/interpellationssvar-om-trygg-och-saker-in-och-utskrivning\\\/#article\",\"isPartOf\":{\"@id\":\"https:\\\/\\\/wp.kristdemokraterna.se\\\/vasternorrland\\\/interpellationssvar-om-trygg-och-saker-in-och-utskrivning\\\/\"},\"author\":{\"name\":\"sendelbach\",\"@id\":\"https:\\\/\\\/wp.kristdemokraterna.se\\\/vasternorrland\\\/#\\\/schema\\\/person\\\/c253503d86970574912dff6ec658bf28\"},\"headline\":\"Interpellationssvar: Om trygg och s\u00e4ker in- och utskrivning\",\"datePublished\":\"2018-11-29T15:23:52+00:00\",\"dateModified\":\"2021-10-22T14:53:22+00:00\",\"mainEntityOfPage\":{\"@id\":\"https:\\\/\\\/wp.kristdemokraterna.se\\\/vasternorrland\\\/interpellationssvar-om-trygg-och-saker-in-och-utskrivning\\\/\"},\"wordCount\":276,\"keywords\":[\"alla inl\u00e4gg\",\"hemtagningsteam\",\"interpellationssvar\",\"samverkan\"],\"articleSection\":[\"Samverkan\"],\"inLanguage\":\"sv-SE\"},{\"@type\":\"WebPage\",\"@id\":\"https:\\\/\\\/wp.kristdemokraterna.se\\\/vasternorrland\\\/interpellationssvar-om-trygg-och-saker-in-och-utskrivning\\\/\",\"url\":\"https:\\\/\\\/wp.kristdemokraterna.se\\\/vasternorrland\\\/interpellationssvar-om-trygg-och-saker-in-och-utskrivning\\\/\",\"name\":\"Interpellationssvar: Om trygg och s\u00e4ker in- och utskrivning | KD V\u00e4sternorrland\",\"isPartOf\":{\"@id\":\"https:\\\/\\\/wp.kristdemokraterna.se\\\/vasternorrland\\\/#website\"},\"datePublished\":\"2018-11-29T15:23:52+00:00\",\"dateModified\":\"2021-10-22T14:53:22+00:00\",\"author\":{\"@id\":\"https:\\\/\\\/wp.kristdemokraterna.se\\\/vasternorrland\\\/#\\\/schema\\\/person\\\/c253503d86970574912dff6ec658bf28\"},\"breadcrumb\":{\"@id\":\"https:\\\/\\\/wp.kristdemokraterna.se\\\/vasternorrland\\\/interpellationssvar-om-trygg-och-saker-in-och-utskrivning\\\/#breadcrumb\"},\"inLanguage\":\"sv-SE\",\"potentialAction\":[{\"@type\":\"ReadAction\",\"target\":[\"https:\\\/\\\/wp.kristdemokraterna.se\\\/vasternorrland\\\/interpellationssvar-om-trygg-och-saker-in-och-utskrivning\\\/\"]}]},{\"@type\":\"BreadcrumbList\",\"@id\":\"https:\\\/\\\/wp.kristdemokraterna.se\\\/vasternorrland\\\/interpellationssvar-om-trygg-och-saker-in-och-utskrivning\\\/#breadcrumb\",\"itemListElement\":[{\"@type\":\"ListItem\",\"position\":1,\"name\":\"Hem\",\"item\":\"https:\\\/\\\/wp.kristdemokraterna.se\\\/vasternorrland\\\/\"},{\"@type\":\"ListItem\",\"position\":2,\"name\":\"Interpellationssvar: Om trygg och s\u00e4ker in- och utskrivning\"}]},{\"@type\":\"WebSite\",\"@id\":\"https:\\\/\\\/wp.kristdemokraterna.se\\\/vasternorrland\\\/#website\",\"url\":\"https:\\\/\\\/wp.kristdemokraterna.se\\\/vasternorrland\\\/\",\"name\":\"KD V\u00e4sternorrland\",\"description\":\"V\u00e5rda v\u00e5rden - utveckla prim\u00e4rv\u00e5rden\",\"inLanguage\":\"sv-SE\"},{\"@type\":\"Person\",\"@id\":\"https:\\\/\\\/wp.kristdemokraterna.se\\\/vasternorrland\\\/#\\\/schema\\\/person\\\/c253503d86970574912dff6ec658bf28\",\"name\":\"sendelbach\",\"image\":{\"@type\":\"ImageObject\",\"inLanguage\":\"sv-SE\",\"@id\":\"https:\\\/\\\/secure.gravatar.com\\\/avatar\\\/0499a666be08fad4eb4333dbfba8681b8ebe23a978ce2e4c44818b2c5e2415b8?s=96&r=g\",\"url\":\"https:\\\/\\\/secure.gravatar.com\\\/avatar\\\/0499a666be08fad4eb4333dbfba8681b8ebe23a978ce2e4c44818b2c5e2415b8?s=96&r=g\",\"contentUrl\":\"https:\\\/\\\/secure.gravatar.com\\\/avatar\\\/0499a666be08fad4eb4333dbfba8681b8ebe23a978ce2e4c44818b2c5e2415b8?s=96&r=g\",\"caption\":\"sendelbach\"},\"url\":\"https:\\\/\\\/wp.kristdemokraterna.se\\\/vasternorrland\\\/author\\\/sendelbach\\\/\"}]}<\/script>\n<!-- \/ Yoast SEO plugin. -->","yoast_head_json":{"title":"Interpellationssvar: Om trygg och s\u00e4ker in- och utskrivning | KD V\u00e4sternorrland","robots":{"index":"index","follow":"follow","max-snippet":"max-snippet:-1","max-image-preview":"max-image-preview:large","max-video-preview":"max-video-preview:-1"},"canonical":"https:\/\/wp.kristdemokraterna.se\/vasternorrland\/interpellationssvar-om-trygg-och-saker-in-och-utskrivning\/","og_locale":"sv_SE","og_type":"article","og_title":"Interpellationssvar: Om trygg och s\u00e4ker in- och utskrivning | KD V\u00e4sternorrland","og_description":"Fr\u00e5ga 1: Hur har samverkan mellan regionen och kommunerna utvecklats under \u00e5ret? Svar: Under \u00e5ret har samverkan skett mellan regionen och kommunerna i v\u00e4sentlig st\u00f6rre omfattning \u00e4n tidigare \u00e5r. Varje kommun och tillh\u00f6rande h\u00e4lsocentraler samt repr. fr\u00e5n specialistv\u00e5rden har haft planerade m\u00f6ten f\u00f6r att skapa delaktighet och samsyn kring processen vid utskrivning fr\u00e5n sjukhus. V\u00e4sternorrland Read More","og_url":"https:\/\/wp.kristdemokraterna.se\/vasternorrland\/interpellationssvar-om-trygg-och-saker-in-och-utskrivning\/","og_site_name":"KD V\u00e4sternorrland","article_publisher":"https:\/\/www.facebook.com\/kdrvn\/","article_published_time":"2018-11-29T15:23:52+00:00","article_modified_time":"2021-10-22T14:53:22+00:00","author":"sendelbach","twitter_card":"summary_large_image","twitter_misc":{"Skriven av":"sendelbach","Ber\u00e4knad l\u00e4stid":"1 minut"},"schema":{"@context":"https:\/\/schema.org","@graph":[{"@type":"Article","@id":"https:\/\/wp.kristdemokraterna.se\/vasternorrland\/interpellationssvar-om-trygg-och-saker-in-och-utskrivning\/#article","isPartOf":{"@id":"https:\/\/wp.kristdemokraterna.se\/vasternorrland\/interpellationssvar-om-trygg-och-saker-in-och-utskrivning\/"},"author":{"name":"sendelbach","@id":"https:\/\/wp.kristdemokraterna.se\/vasternorrland\/#\/schema\/person\/c253503d86970574912dff6ec658bf28"},"headline":"Interpellationssvar: Om trygg och s\u00e4ker in- och utskrivning","datePublished":"2018-11-29T15:23:52+00:00","dateModified":"2021-10-22T14:53:22+00:00","mainEntityOfPage":{"@id":"https:\/\/wp.kristdemokraterna.se\/vasternorrland\/interpellationssvar-om-trygg-och-saker-in-och-utskrivning\/"},"wordCount":276,"keywords":["alla inl\u00e4gg","hemtagningsteam","interpellationssvar","samverkan"],"articleSection":["Samverkan"],"inLanguage":"sv-SE"},{"@type":"WebPage","@id":"https:\/\/wp.kristdemokraterna.se\/vasternorrland\/interpellationssvar-om-trygg-och-saker-in-och-utskrivning\/","url":"https:\/\/wp.kristdemokraterna.se\/vasternorrland\/interpellationssvar-om-trygg-och-saker-in-och-utskrivning\/","name":"Interpellationssvar: Om trygg och s\u00e4ker in- och utskrivning | KD V\u00e4sternorrland","isPartOf":{"@id":"https:\/\/wp.kristdemokraterna.se\/vasternorrland\/#website"},"datePublished":"2018-11-29T15:23:52+00:00","dateModified":"2021-10-22T14:53:22+00:00","author":{"@id":"https:\/\/wp.kristdemokraterna.se\/vasternorrland\/#\/schema\/person\/c253503d86970574912dff6ec658bf28"},"breadcrumb":{"@id":"https:\/\/wp.kristdemokraterna.se\/vasternorrland\/interpellationssvar-om-trygg-och-saker-in-och-utskrivning\/#breadcrumb"},"inLanguage":"sv-SE","potentialAction":[{"@type":"ReadAction","target":["https:\/\/wp.kristdemokraterna.se\/vasternorrland\/interpellationssvar-om-trygg-och-saker-in-och-utskrivning\/"]}]},{"@type":"BreadcrumbList","@id":"https:\/\/wp.kristdemokraterna.se\/vasternorrland\/interpellationssvar-om-trygg-och-saker-in-och-utskrivning\/#breadcrumb","itemListElement":[{"@type":"ListItem","position":1,"name":"Hem","item":"https:\/\/wp.kristdemokraterna.se\/vasternorrland\/"},{"@type":"ListItem","position":2,"name":"Interpellationssvar: Om trygg och s\u00e4ker in- och utskrivning"}]},{"@type":"WebSite","@id":"https:\/\/wp.kristdemokraterna.se\/vasternorrland\/#website","url":"https:\/\/wp.kristdemokraterna.se\/vasternorrland\/","name":"KD V\u00e4sternorrland","description":"V\u00e5rda v\u00e5rden - utveckla prim\u00e4rv\u00e5rden","inLanguage":"sv-SE"},{"@type":"Person","@id":"https:\/\/wp.kristdemokraterna.se\/vasternorrland\/#\/schema\/person\/c253503d86970574912dff6ec658bf28","name":"sendelbach","image":{"@type":"ImageObject","inLanguage":"sv-SE","@id":"https:\/\/secure.gravatar.com\/avatar\/0499a666be08fad4eb4333dbfba8681b8ebe23a978ce2e4c44818b2c5e2415b8?s=96&r=g","url":"https:\/\/secure.gravatar.com\/avatar\/0499a666be08fad4eb4333dbfba8681b8ebe23a978ce2e4c44818b2c5e2415b8?s=96&r=g","contentUrl":"https:\/\/secure.gravatar.com\/avatar\/0499a666be08fad4eb4333dbfba8681b8ebe23a978ce2e4c44818b2c5e2415b8?s=96&r=g","caption":"sendelbach"},"url":"https:\/\/wp.kristdemokraterna.se\/vasternorrland\/author\/sendelbach\/"}]}},"_links":{"self":[{"href":"https:\/\/wp.kristdemokraterna.se\/vasternorrland\/wp-json\/wp\/v2\/posts\/352118","targetHints":{"allow":["GET"]}}],"collection":[{"href":"https:\/\/wp.kristdemokraterna.se\/vasternorrland\/wp-json\/wp\/v2\/posts"}],"about":[{"href":"https:\/\/wp.kristdemokraterna.se\/vasternorrland\/wp-json\/wp\/v2\/types\/post"}],"author":[{"embeddable":true,"href":"https:\/\/wp.kristdemokraterna.se\/vasternorrland\/wp-json\/wp\/v2\/users\/861"}],"replies":[{"embeddable":true,"href":"https:\/\/wp.kristdemokraterna.se\/vasternorrland\/wp-json\/wp\/v2\/comments?post=352118"}],"version-history":[{"count":1,"href":"https:\/\/wp.kristdemokraterna.se\/vasternorrland\/wp-json\/wp\/v2\/posts\/352118\/revisions"}],"predecessor-version":[{"id":352119,"href":"https:\/\/wp.kristdemokraterna.se\/vasternorrland\/wp-json\/wp\/v2\/posts\/352118\/revisions\/352119"}],"wp:attachment":[{"href":"https:\/\/wp.kristdemokraterna.se\/vasternorrland\/wp-json\/wp\/v2\/media?parent=352118"}],"wp:term":[{"taxonomy":"category","embeddable":true,"href":"https:\/\/wp.kristdemokraterna.se\/vasternorrland\/wp-json\/wp\/v2\/categories?post=352118"},{"taxonomy":"post_tag","embeddable":true,"href":"https:\/\/wp.kristdemokraterna.se\/vasternorrland\/wp-json\/wp\/v2\/tags?post=352118"}],"curies":[{"name":"wp","href":"https:\/\/api.w.org\/{rel}","templated":true}]}}