{"id":352257,"date":"2022-03-08T09:00:14","date_gmt":"2022-03-08T08:00:14","guid":{"rendered":"https:\/\/wp.kristdemokraterna.se\/vasternorrland\/?p=352257"},"modified":"2022-07-03T16:29:31","modified_gmt":"2022-07-03T14:29:31","slug":"kvinnors-halsa-och-vard-maste-flyttas-hogre-upp-pa-agendan","status":"publish","type":"post","link":"https:\/\/wp.kristdemokraterna.se\/vasternorrland\/kvinnors-halsa-och-vard-maste-flyttas-hogre-upp-pa-agendan\/","title":{"rendered":"Kvinnors h\u00e4lsa och v\u00e5rd m\u00e5ste flyttas h\u00f6gre upp p\u00e5 agendan"},"content":{"rendered":"<p>Sm\u00e4rta, obehag, lidande och r\u00e4dsla. Det \u00e4r vardag f\u00f6r m\u00e5nga kvinnor runt om i Sverige. Det beror p\u00e5 att kvinnosjukdomar och andra \u00e5kommor som fr\u00e4mst drabbar kvinnor, l\u00e4nge har varit underbeforskade, underdiagnostiserade och underbehandlade. Dessutom \u00e4r det fr\u00e4mst bland kvinnor och flickor som den psykiska oh\u00e4lsan har \u00f6kat de senaste \u00e5ren, \u00e4ven bland flickor s\u00e5 unga som tolv \u00e5r.<\/p>\n<p>Den sammantagna slutsatsen av allt detta \u00e4r att kvinnors h\u00e4lsa och v\u00e5rd m\u00e5ste flyttas h\u00f6gre upp p\u00e5 agendan. Den r\u00e5dande situationen \u00e4r dyr f\u00f6r samh\u00e4llet och outh\u00e4rdlig f\u00f6r or\u00e4kneliga kvinnor.<\/p>\n<p>Sveriges sjukv\u00e5rd ska vara behovsstyrd, god, l\u00e4ttillg\u00e4nglig, j\u00e4mlik och j\u00e4mst\u00e4lld. D\u00e4rf\u00f6r g\u00e5r vi som enda parti till val med sjukv\u00e5rden som huvudfr\u00e5ga.<\/p>\n<p>Livmoderhalscancer drabbar m\u00e5nga och \u00e5rligen mister omkring 150 kvinnor livet i sjukdomen. Men Sverige kan bli det f\u00f6rsta landet i v\u00e4rlden som lyckas utrota sjukdomen. D\u00e4rf\u00f6r har vi drivit p\u00e5 f\u00f6r mer och b\u00e4ttre screening och att vaccin mot HPV-viruset som orsakar livmoderhalscancer erbjuds direkt i samband med den f\u00f6rsta screeningen. Dessutom vill vi att \u00e4ven kvinnor \u00f6ver 64 ska erbjudas screening med cellprov och HPV.<\/p>\n<p>\u00c4ven inom forskningen och uppf\u00f6ljningen m\u00e5ste Sverige bli betydligt b\u00e4ttre p\u00e5 att se kvinnors situation i v\u00e5rden. I dag f\u00e5r en kvinna med endometrios v\u00e4nta i genomsnitt sju \u00e5r p\u00e5 diagnos. Och trots att sju av tio kvinnor i \u00e5ldern 47\u201356 \u00e5r lider av klimakteriebesv\u00e4r s\u00e5 \u00e4r det oklart vilka insatser som g\u00f6rs i prim\u00e4rv\u00e5rden och vilken kunskap som finns. Dessutom \u00e4r skillnaderna stora mellan olika delar av landet. D\u00e4rf\u00f6r vill Kristdemokraterna inr\u00e4tta ett nationellt forskningsprogram p\u00e5 kvinnors h\u00e4lsa och kvinnosjukdomar och \u00f6ka resurserna till prim\u00e4rv\u00e5rden.<\/p>\n<p>Ett land som Sverige ska sj\u00e4lvklart erbjuda trygg f\u00f6rlossningsv\u00e5rd. Os\u00e4kerhet om var man kommer f\u00e5 f\u00f6rlossningsplats orsakar stress f\u00f6r b\u00e5de kvinnan och f\u00f6r v\u00e5rdpersonalen, vilket i sin tur orsakar on\u00f6diga f\u00f6rlossningsskador. Dessutom vill vi att alla nyblivna mammor ska erbjudas en mamma-rehab-check som kan anv\u00e4ndas hos fysioterapeuter med s\u00e4rskilt fokus p\u00e5 graviditet och f\u00f6rlossning.<\/p>\n<p>Till sist: Sverige beh\u00f6ver g\u00f6ra en rej\u00e4l nationell uppf\u00f6ljning av hela v\u00e5rden ur ett j\u00e4mst\u00e4lldhetsperspektiv. Sjukv\u00e5rden m\u00e5ste behandla kvinnor och m\u00e4n b\u00e5de j\u00e4mlikt och olika, helt enkelt f\u00f6r att det finns biologiska och fysiologiska skillnader mellan kvinnor och m\u00e4n. V\u00e5rd som bygger p\u00e5 kunskaper om m\u00e4n l\u00f6per stor risk att missa kvinnors behov och f\u00f6ruts\u00e4ttningar. Sveriges kvinnor ska kunna lita p\u00e5 sjukv\u00e5rden.<\/p>\n<p>Ebba Busch (KD), partiledare<br \/>\nLiza-Maria Norlin (KD), toppkandidat riksdagen<br \/>\nRonja Strid (KD), toppkandidat kommunfullm\u00e4ktige<br \/>\nMona Hammarstedt (KD), gruppledare regionfullm\u00e4ktige<\/p>\n<hr \/>\n<p><a href=\"http:\/\/wp.kristdemokraterna.se\/vasternorrland\/kategorier\/etik-och-jamlikhet\/\">Etik och j\u00e4mlikhet<\/a> \u00b7 <a href=\"http:\/\/wp.kristdemokraterna.se\/vasternorrland\/kategorier\/specialistvard\/\">Specialistv\u00e5rd<\/a> | <a href=\"http:\/\/wp.kristdemokraterna.se\/vasternorrland\/etiketter\/ebba-busch\/\">Ebba Busch<\/a> \u00b7 <a href=\"http:\/\/wp.kristdemokraterna.se\/vasternorrland\/etiketter\/endometrios\/\">endometrios<\/a> \u00b7 <a href=\"http:\/\/wp.kristdemokraterna.se\/vasternorrland\/etiketter\/fysioterapeut\/\">fysioterapeut<\/a> \u00b7 <a href=\"http:\/\/wp.kristdemokraterna.se\/vasternorrland\/etiketter\/forlossning\/\">f\u00f6rlossning<\/a> \u00b7 <a href=\"http:\/\/wp.kristdemokraterna.se\/vasternorrland\/etiketter\/hpv\/\">HPV<\/a> \u00b7 <a href=\"http:\/\/wp.kristdemokraterna.se\/vasternorrland\/etiketter\/jamlik-vard\/\">j\u00e4mlik v\u00e5rd<\/a> \u00b7 <a href=\"http:\/\/wp.kristdemokraterna.se\/vasternorrland\/etiketter\/klimakterie\/\">klimakterie<\/a> \u00b7 <a href=\"http:\/\/wp.kristdemokraterna.se\/vasternorrland\/etiketter\/kvinnosjukvard\/\">kvinnosjukv\u00e5rd<\/a> \u00b7 <a href=\"http:\/\/wp.kristdemokraterna.se\/vasternorrland\/etiketter\/livmoderhalscancer\/\">livmoderhalscancer<\/a> \u00b7 <a href=\"http:\/\/wp.kristdemokraterna.se\/vasternorrland\/etiketter\/liza-maria-norlin\/\">Liza-Maria Norlin<\/a> \u00b7 <a href=\"http:\/\/wp.kristdemokraterna.se\/vasternorrland\/etiketter\/mona-hammarstedt\/\">Mona Hammarstedt<\/a> \u00b7 <a href=\"http:\/\/wp.kristdemokraterna.se\/vasternorrland\/etiketter\/ronja-strid\/\">Ronja Strid<\/a> \u00b7 <a href=\"http:\/\/wp.kristdemokraterna.se\/vasternorrland\/etiketter\/screening\/\">screening<\/a> \u00b7 <a href=\"http:\/\/wp.kristdemokraterna.se\/vasternorrland\/etiketter\/specialistvard\/\">specialistv\u00e5rd<\/a><\/p>\n","protected":false},"excerpt":{"rendered":"<p>Sm\u00e4rta, obehag, lidande och r\u00e4dsla. Det \u00e4r vardag f\u00f6r m\u00e5nga kvinnor runt om i Sverige. Det beror p\u00e5 att kvinnosjukdomar och andra \u00e5kommor som fr\u00e4mst drabbar kvinnor, l\u00e4nge har varit underbeforskade, underdiagnostiserade och underbehandlade. Dessutom \u00e4r det fr\u00e4mst bland kvinnor och flickor som den psykiska oh\u00e4lsan har \u00f6kat de senaste \u00e5ren, \u00e4ven bland flickor s\u00e5 <a class=\"read-more-link\" href=\"https:\/\/wp.kristdemokraterna.se\/vasternorrland\/kvinnors-halsa-och-vard-maste-flyttas-hogre-upp-pa-agendan\/\">Read More<\/a><\/p>\n","protected":false},"author":861,"featured_media":0,"comment_status":"closed","ping_status":"closed","sticky":false,"template":"","format":"standard","meta":{"_acf_changed":false,"footnotes":""},"categories":[641,903,891,1100,727,101],"tags":[543,157,663,893,1382,395,33,56,1383,282,1108,49,16,442,166,540],"class_list":["post-352257","post","type-post","status-publish","format-standard","hentry","category-etik-och-jamlikhet","category-jamlik-vard","category-jamstalldhet","category-kvinnosjukvard","category-nyheter","category-specialistvard","tag-alla-inlagg","tag-ebba-busch","tag-endometrios","tag-etik-och-jamlikhet","tag-forlossning","tag-fysioterapeut","tag-hpv","tag-jamlik-vard","tag-klimakterie","tag-kvinnosjukvard","tag-livmoderhalscancer","tag-liza-maria-norlin","tag-mona-hammarstedt","tag-ronja-strid","tag-screening","tag-specialistvard"],"acf":[],"yoast_head":"<!-- This site is optimized with the Yoast SEO plugin v27.4 - https:\/\/yoast.com\/product\/yoast-seo-wordpress\/ -->\n<title>Kvinnors h\u00e4lsa och v\u00e5rd m\u00e5ste flyttas h\u00f6gre upp p\u00e5 agendan | KD V\u00e4sternorrland<\/title>\n<meta name=\"robots\" content=\"index, follow, max-snippet:-1, max-image-preview:large, max-video-preview:-1\" \/>\n<link rel=\"canonical\" href=\"https:\/\/wp.kristdemokraterna.se\/vasternorrland\/kvinnors-halsa-och-vard-maste-flyttas-hogre-upp-pa-agendan\/\" \/>\n<meta property=\"og:locale\" content=\"sv_SE\" \/>\n<meta property=\"og:type\" content=\"article\" \/>\n<meta property=\"og:title\" content=\"Kvinnors h\u00e4lsa och v\u00e5rd m\u00e5ste flyttas h\u00f6gre upp p\u00e5 agendan | KD V\u00e4sternorrland\" \/>\n<meta property=\"og:description\" content=\"Sm\u00e4rta, obehag, lidande och r\u00e4dsla. Det \u00e4r vardag f\u00f6r m\u00e5nga kvinnor runt om i Sverige. Det beror p\u00e5 att kvinnosjukdomar och andra \u00e5kommor som fr\u00e4mst drabbar kvinnor, l\u00e4nge har varit underbeforskade, underdiagnostiserade och underbehandlade. Dessutom \u00e4r det fr\u00e4mst bland kvinnor och flickor som den psykiska oh\u00e4lsan har \u00f6kat de senaste \u00e5ren, \u00e4ven bland flickor s\u00e5 Read More\" \/>\n<meta property=\"og:url\" content=\"https:\/\/wp.kristdemokraterna.se\/vasternorrland\/kvinnors-halsa-och-vard-maste-flyttas-hogre-upp-pa-agendan\/\" \/>\n<meta property=\"og:site_name\" content=\"KD V\u00e4sternorrland\" \/>\n<meta property=\"article:publisher\" content=\"https:\/\/www.facebook.com\/kdrvn\/\" \/>\n<meta property=\"article:published_time\" content=\"2022-03-08T08:00:14+00:00\" \/>\n<meta property=\"article:modified_time\" content=\"2022-07-03T14:29:31+00:00\" \/>\n<meta name=\"author\" content=\"sendelbach\" \/>\n<meta name=\"twitter:card\" content=\"summary_large_image\" \/>\n<meta name=\"twitter:label1\" content=\"Skriven av\" \/>\n\t<meta name=\"twitter:data1\" content=\"sendelbach\" \/>\n\t<meta name=\"twitter:label2\" content=\"Ber\u00e4knad l\u00e4stid\" \/>\n\t<meta name=\"twitter:data2\" content=\"3 minuter\" \/>\n<script type=\"application\/ld+json\" class=\"yoast-schema-graph\">{\"@context\":\"https:\\\/\\\/schema.org\",\"@graph\":[{\"@type\":\"Article\",\"@id\":\"https:\\\/\\\/wp.kristdemokraterna.se\\\/vasternorrland\\\/kvinnors-halsa-och-vard-maste-flyttas-hogre-upp-pa-agendan\\\/#article\",\"isPartOf\":{\"@id\":\"https:\\\/\\\/wp.kristdemokraterna.se\\\/vasternorrland\\\/kvinnors-halsa-och-vard-maste-flyttas-hogre-upp-pa-agendan\\\/\"},\"author\":{\"name\":\"sendelbach\",\"@id\":\"https:\\\/\\\/wp.kristdemokraterna.se\\\/vasternorrland\\\/#\\\/schema\\\/person\\\/c253503d86970574912dff6ec658bf28\"},\"headline\":\"Kvinnors h\u00e4lsa och v\u00e5rd m\u00e5ste flyttas h\u00f6gre upp p\u00e5 agendan\",\"datePublished\":\"2022-03-08T08:00:14+00:00\",\"dateModified\":\"2022-07-03T14:29:31+00:00\",\"mainEntityOfPage\":{\"@id\":\"https:\\\/\\\/wp.kristdemokraterna.se\\\/vasternorrland\\\/kvinnors-halsa-och-vard-maste-flyttas-hogre-upp-pa-agendan\\\/\"},\"wordCount\":528,\"keywords\":[\"alla inl\u00e4gg\",\"Ebba Busch\",\"endometrios\",\"etik och j\u00e4mlikhet\",\"f\u00f6rlossning\",\"fysioterapeut\",\"HPV\",\"j\u00e4mlik v\u00e5rd\",\"klimakterie\",\"kvinnosjukv\u00e5rd\",\"livmoderhalscancer\",\"Liza-Maria Norlin\",\"Mona Hammarstedt\",\"Ronja Strid\",\"screening\",\"specialistv\u00e5rd\"],\"articleSection\":[\"Etik och j\u00e4mlikhet\",\"J\u00e4mlik v\u00e5rd\",\"J\u00e4mst\u00e4lldhet\",\"Kvinnosjukv\u00e5rd\",\"Nyheter\",\"Specialistv\u00e5rd\"],\"inLanguage\":\"sv-SE\"},{\"@type\":\"WebPage\",\"@id\":\"https:\\\/\\\/wp.kristdemokraterna.se\\\/vasternorrland\\\/kvinnors-halsa-och-vard-maste-flyttas-hogre-upp-pa-agendan\\\/\",\"url\":\"https:\\\/\\\/wp.kristdemokraterna.se\\\/vasternorrland\\\/kvinnors-halsa-och-vard-maste-flyttas-hogre-upp-pa-agendan\\\/\",\"name\":\"Kvinnors h\u00e4lsa och v\u00e5rd m\u00e5ste flyttas h\u00f6gre upp p\u00e5 agendan | KD V\u00e4sternorrland\",\"isPartOf\":{\"@id\":\"https:\\\/\\\/wp.kristdemokraterna.se\\\/vasternorrland\\\/#website\"},\"datePublished\":\"2022-03-08T08:00:14+00:00\",\"dateModified\":\"2022-07-03T14:29:31+00:00\",\"author\":{\"@id\":\"https:\\\/\\\/wp.kristdemokraterna.se\\\/vasternorrland\\\/#\\\/schema\\\/person\\\/c253503d86970574912dff6ec658bf28\"},\"breadcrumb\":{\"@id\":\"https:\\\/\\\/wp.kristdemokraterna.se\\\/vasternorrland\\\/kvinnors-halsa-och-vard-maste-flyttas-hogre-upp-pa-agendan\\\/#breadcrumb\"},\"inLanguage\":\"sv-SE\",\"potentialAction\":[{\"@type\":\"ReadAction\",\"target\":[\"https:\\\/\\\/wp.kristdemokraterna.se\\\/vasternorrland\\\/kvinnors-halsa-och-vard-maste-flyttas-hogre-upp-pa-agendan\\\/\"]}]},{\"@type\":\"BreadcrumbList\",\"@id\":\"https:\\\/\\\/wp.kristdemokraterna.se\\\/vasternorrland\\\/kvinnors-halsa-och-vard-maste-flyttas-hogre-upp-pa-agendan\\\/#breadcrumb\",\"itemListElement\":[{\"@type\":\"ListItem\",\"position\":1,\"name\":\"Hem\",\"item\":\"https:\\\/\\\/wp.kristdemokraterna.se\\\/vasternorrland\\\/\"},{\"@type\":\"ListItem\",\"position\":2,\"name\":\"Kvinnors h\u00e4lsa och v\u00e5rd m\u00e5ste flyttas h\u00f6gre upp p\u00e5 agendan\"}]},{\"@type\":\"WebSite\",\"@id\":\"https:\\\/\\\/wp.kristdemokraterna.se\\\/vasternorrland\\\/#website\",\"url\":\"https:\\\/\\\/wp.kristdemokraterna.se\\\/vasternorrland\\\/\",\"name\":\"KD V\u00e4sternorrland\",\"description\":\"V\u00e5rda v\u00e5rden - utveckla prim\u00e4rv\u00e5rden\",\"inLanguage\":\"sv-SE\"},{\"@type\":\"Person\",\"@id\":\"https:\\\/\\\/wp.kristdemokraterna.se\\\/vasternorrland\\\/#\\\/schema\\\/person\\\/c253503d86970574912dff6ec658bf28\",\"name\":\"sendelbach\",\"image\":{\"@type\":\"ImageObject\",\"inLanguage\":\"sv-SE\",\"@id\":\"https:\\\/\\\/secure.gravatar.com\\\/avatar\\\/0499a666be08fad4eb4333dbfba8681b8ebe23a978ce2e4c44818b2c5e2415b8?s=96&r=g\",\"url\":\"https:\\\/\\\/secure.gravatar.com\\\/avatar\\\/0499a666be08fad4eb4333dbfba8681b8ebe23a978ce2e4c44818b2c5e2415b8?s=96&r=g\",\"contentUrl\":\"https:\\\/\\\/secure.gravatar.com\\\/avatar\\\/0499a666be08fad4eb4333dbfba8681b8ebe23a978ce2e4c44818b2c5e2415b8?s=96&r=g\",\"caption\":\"sendelbach\"},\"url\":\"https:\\\/\\\/wp.kristdemokraterna.se\\\/vasternorrland\\\/author\\\/sendelbach\\\/\"}]}<\/script>\n<!-- \/ Yoast SEO plugin. -->","yoast_head_json":{"title":"Kvinnors h\u00e4lsa och v\u00e5rd m\u00e5ste flyttas h\u00f6gre upp p\u00e5 agendan | KD V\u00e4sternorrland","robots":{"index":"index","follow":"follow","max-snippet":"max-snippet:-1","max-image-preview":"max-image-preview:large","max-video-preview":"max-video-preview:-1"},"canonical":"https:\/\/wp.kristdemokraterna.se\/vasternorrland\/kvinnors-halsa-och-vard-maste-flyttas-hogre-upp-pa-agendan\/","og_locale":"sv_SE","og_type":"article","og_title":"Kvinnors h\u00e4lsa och v\u00e5rd m\u00e5ste flyttas h\u00f6gre upp p\u00e5 agendan | KD V\u00e4sternorrland","og_description":"Sm\u00e4rta, obehag, lidande och r\u00e4dsla. Det \u00e4r vardag f\u00f6r m\u00e5nga kvinnor runt om i Sverige. Det beror p\u00e5 att kvinnosjukdomar och andra \u00e5kommor som fr\u00e4mst drabbar kvinnor, l\u00e4nge har varit underbeforskade, underdiagnostiserade och underbehandlade. Dessutom \u00e4r det fr\u00e4mst bland kvinnor och flickor som den psykiska oh\u00e4lsan har \u00f6kat de senaste \u00e5ren, \u00e4ven bland flickor s\u00e5 Read More","og_url":"https:\/\/wp.kristdemokraterna.se\/vasternorrland\/kvinnors-halsa-och-vard-maste-flyttas-hogre-upp-pa-agendan\/","og_site_name":"KD V\u00e4sternorrland","article_publisher":"https:\/\/www.facebook.com\/kdrvn\/","article_published_time":"2022-03-08T08:00:14+00:00","article_modified_time":"2022-07-03T14:29:31+00:00","author":"sendelbach","twitter_card":"summary_large_image","twitter_misc":{"Skriven av":"sendelbach","Ber\u00e4knad l\u00e4stid":"3 minuter"},"schema":{"@context":"https:\/\/schema.org","@graph":[{"@type":"Article","@id":"https:\/\/wp.kristdemokraterna.se\/vasternorrland\/kvinnors-halsa-och-vard-maste-flyttas-hogre-upp-pa-agendan\/#article","isPartOf":{"@id":"https:\/\/wp.kristdemokraterna.se\/vasternorrland\/kvinnors-halsa-och-vard-maste-flyttas-hogre-upp-pa-agendan\/"},"author":{"name":"sendelbach","@id":"https:\/\/wp.kristdemokraterna.se\/vasternorrland\/#\/schema\/person\/c253503d86970574912dff6ec658bf28"},"headline":"Kvinnors h\u00e4lsa och v\u00e5rd m\u00e5ste flyttas h\u00f6gre upp p\u00e5 agendan","datePublished":"2022-03-08T08:00:14+00:00","dateModified":"2022-07-03T14:29:31+00:00","mainEntityOfPage":{"@id":"https:\/\/wp.kristdemokraterna.se\/vasternorrland\/kvinnors-halsa-och-vard-maste-flyttas-hogre-upp-pa-agendan\/"},"wordCount":528,"keywords":["alla inl\u00e4gg","Ebba Busch","endometrios","etik och j\u00e4mlikhet","f\u00f6rlossning","fysioterapeut","HPV","j\u00e4mlik v\u00e5rd","klimakterie","kvinnosjukv\u00e5rd","livmoderhalscancer","Liza-Maria Norlin","Mona Hammarstedt","Ronja Strid","screening","specialistv\u00e5rd"],"articleSection":["Etik och j\u00e4mlikhet","J\u00e4mlik v\u00e5rd","J\u00e4mst\u00e4lldhet","Kvinnosjukv\u00e5rd","Nyheter","Specialistv\u00e5rd"],"inLanguage":"sv-SE"},{"@type":"WebPage","@id":"https:\/\/wp.kristdemokraterna.se\/vasternorrland\/kvinnors-halsa-och-vard-maste-flyttas-hogre-upp-pa-agendan\/","url":"https:\/\/wp.kristdemokraterna.se\/vasternorrland\/kvinnors-halsa-och-vard-maste-flyttas-hogre-upp-pa-agendan\/","name":"Kvinnors h\u00e4lsa och v\u00e5rd m\u00e5ste flyttas h\u00f6gre upp p\u00e5 agendan | KD V\u00e4sternorrland","isPartOf":{"@id":"https:\/\/wp.kristdemokraterna.se\/vasternorrland\/#website"},"datePublished":"2022-03-08T08:00:14+00:00","dateModified":"2022-07-03T14:29:31+00:00","author":{"@id":"https:\/\/wp.kristdemokraterna.se\/vasternorrland\/#\/schema\/person\/c253503d86970574912dff6ec658bf28"},"breadcrumb":{"@id":"https:\/\/wp.kristdemokraterna.se\/vasternorrland\/kvinnors-halsa-och-vard-maste-flyttas-hogre-upp-pa-agendan\/#breadcrumb"},"inLanguage":"sv-SE","potentialAction":[{"@type":"ReadAction","target":["https:\/\/wp.kristdemokraterna.se\/vasternorrland\/kvinnors-halsa-och-vard-maste-flyttas-hogre-upp-pa-agendan\/"]}]},{"@type":"BreadcrumbList","@id":"https:\/\/wp.kristdemokraterna.se\/vasternorrland\/kvinnors-halsa-och-vard-maste-flyttas-hogre-upp-pa-agendan\/#breadcrumb","itemListElement":[{"@type":"ListItem","position":1,"name":"Hem","item":"https:\/\/wp.kristdemokraterna.se\/vasternorrland\/"},{"@type":"ListItem","position":2,"name":"Kvinnors h\u00e4lsa och v\u00e5rd m\u00e5ste flyttas h\u00f6gre upp p\u00e5 agendan"}]},{"@type":"WebSite","@id":"https:\/\/wp.kristdemokraterna.se\/vasternorrland\/#website","url":"https:\/\/wp.kristdemokraterna.se\/vasternorrland\/","name":"KD V\u00e4sternorrland","description":"V\u00e5rda v\u00e5rden - utveckla prim\u00e4rv\u00e5rden","inLanguage":"sv-SE"},{"@type":"Person","@id":"https:\/\/wp.kristdemokraterna.se\/vasternorrland\/#\/schema\/person\/c253503d86970574912dff6ec658bf28","name":"sendelbach","image":{"@type":"ImageObject","inLanguage":"sv-SE","@id":"https:\/\/secure.gravatar.com\/avatar\/0499a666be08fad4eb4333dbfba8681b8ebe23a978ce2e4c44818b2c5e2415b8?s=96&r=g","url":"https:\/\/secure.gravatar.com\/avatar\/0499a666be08fad4eb4333dbfba8681b8ebe23a978ce2e4c44818b2c5e2415b8?s=96&r=g","contentUrl":"https:\/\/secure.gravatar.com\/avatar\/0499a666be08fad4eb4333dbfba8681b8ebe23a978ce2e4c44818b2c5e2415b8?s=96&r=g","caption":"sendelbach"},"url":"https:\/\/wp.kristdemokraterna.se\/vasternorrland\/author\/sendelbach\/"}]}},"_links":{"self":[{"href":"https:\/\/wp.kristdemokraterna.se\/vasternorrland\/wp-json\/wp\/v2\/posts\/352257","targetHints":{"allow":["GET"]}}],"collection":[{"href":"https:\/\/wp.kristdemokraterna.se\/vasternorrland\/wp-json\/wp\/v2\/posts"}],"about":[{"href":"https:\/\/wp.kristdemokraterna.se\/vasternorrland\/wp-json\/wp\/v2\/types\/post"}],"author":[{"embeddable":true,"href":"https:\/\/wp.kristdemokraterna.se\/vasternorrland\/wp-json\/wp\/v2\/users\/861"}],"replies":[{"embeddable":true,"href":"https:\/\/wp.kristdemokraterna.se\/vasternorrland\/wp-json\/wp\/v2\/comments?post=352257"}],"version-history":[{"count":3,"href":"https:\/\/wp.kristdemokraterna.se\/vasternorrland\/wp-json\/wp\/v2\/posts\/352257\/revisions"}],"predecessor-version":[{"id":352315,"href":"https:\/\/wp.kristdemokraterna.se\/vasternorrland\/wp-json\/wp\/v2\/posts\/352257\/revisions\/352315"}],"wp:attachment":[{"href":"https:\/\/wp.kristdemokraterna.se\/vasternorrland\/wp-json\/wp\/v2\/media?parent=352257"}],"wp:term":[{"taxonomy":"category","embeddable":true,"href":"https:\/\/wp.kristdemokraterna.se\/vasternorrland\/wp-json\/wp\/v2\/categories?post=352257"},{"taxonomy":"post_tag","embeddable":true,"href":"https:\/\/wp.kristdemokraterna.se\/vasternorrland\/wp-json\/wp\/v2\/tags?post=352257"}],"curies":[{"name":"wp","href":"https:\/\/api.w.org\/{rel}","templated":true}]}}