{"id":352339,"date":"2022-08-09T12:53:30","date_gmt":"2022-08-09T10:53:30","guid":{"rendered":"https:\/\/wp.kristdemokraterna.se\/vasternorrland\/?p=352339"},"modified":"2023-11-23T11:09:56","modified_gmt":"2023-11-23T10:09:56","slug":"kd-vi-ar-enda-parti-som-alltid-rostat-emot-nedlaggningar","status":"publish","type":"post","link":"https:\/\/wp.kristdemokraterna.se\/vasternorrland\/kd-vi-ar-enda-parti-som-alltid-rostat-emot-nedlaggningar\/","title":{"rendered":"Alltid st\u00e5tt upp f\u00f6r akutsjukhusen i l\u00e4net"},"content":{"rendered":"<p>Nu i valtider blir det m\u00e5nga debatter och k\u00e4bbel mellan partierna, speciellt inom regionen. Det \u00e4r inte sv\u00e5rt att f\u00f6rst\u00e5 att v\u00e4ljarna har sv\u00e5rt att veta var de ska l\u00e4gga sin r\u00f6st. D\u00e4rf\u00f6r tycker vi det \u00e4r extra viktigt att informera sakligt hur det faktiskt r\u00f6stats i fullm\u00e4ktige under \u00e5ren.<\/p>\n<p>Vi kristdemokrater har alltid st\u00e5tt upp f\u00f6r tre akutsjukhus och alltid r\u00f6stat enh\u00e4lligt emot nedl\u00e4ggningar.<\/p>\n<p>S\u00e5 r\u00f6stade vi 2014-2018 (S, MP i majoritet).<\/p>\n<p>F\u00f6rslag att l\u00e4gga ner:<\/p>\n<ul>\n<li>Akut kirurgi Sollefte\u00e5 \u2013 KD, M, C, L enh\u00e4lligt emot<\/li>\n<li>Akut ortopedi Sollefte\u00e5 \u2013 Endast KD enh\u00e4lligt emot<\/li>\n<li>BB och kvinnosjukv\u00e5rden \u2013 KD, M, C och SD enh\u00e4lligt emot<\/li>\n<li>Rehabmedicin H\u00e4rn\u00f6sand \u2013 Endast KD enh\u00e4lligt emot<\/li>\n<li>Avveckling avd 61 \u00d6vik \u2013 C, V, KD, SJVP enh\u00e4lligt emot<\/li>\n<li>S\u00e5 r\u00f6stade vi 2018-2022 (S, M och L i majoritet), samt SJVP in och MP ut.<\/li>\n<\/ul>\n<p>F\u00f6rslag att l\u00e4gga ner:<\/p>\n<ul>\n<li>Avveckling avd 61 \u00d6vik \u2013 C, V, KD, SJVP enh\u00e4lligt emot<\/li>\n<li>Avveckling Avd 26 A Sundsvall \u2013 KD, V, SD, C, SJVP enh\u00e4lligt emot<\/li>\n<li>Nedl\u00e4ggning av CRRT och invasiv ventilatorbehandling i Sollefte\u00e5 (\u00f6verf\u00f6ring till \u00d6rnsk\u00f6ldsvik) \u2013 V, SD, C, SJVP och KD emot.<\/li>\n<\/ul>\n<p>Med denna givna fakta blir det tydligt och klart att KD st\u00e5r upp f\u00f6r v\u00e5rden, alltid st\u00e5tt upp f\u00f6r v\u00e5rden och vill satsa p\u00e5 v\u00e5rden.<\/p>\n<p>Henrik Sendelbach (KD), politisk sekreterare\/vice gruppledare Region V\u00e4sternorrland<br \/>\nMaria Borgehammar (KD), Region V\u00e4sternorrland<\/p>\n<hr \/>\n<p><a href=\"http:\/\/wp.kristdemokraterna.se\/vasternorrland\/kategorier\/specialistvard\/\">Specialistv\u00e5rd<\/a> | <a href=\"http:\/\/wp.kristdemokraterna.se\/vasternorrland\/etiketter\/akut-kirurgi\/\">akut kirurgi<\/a> \u00b7 <a href=\"http:\/\/wp.kristdemokraterna.se\/vasternorrland\/etiketter\/akutsjukhus\/\">akutsjukhus<\/a> \u00b7 <a href=\"http:\/\/wp.kristdemokraterna.se\/vasternorrland\/etiketter\/bb\/\">BB<\/a> \u00b7 <a href=\"http:\/\/wp.kristdemokraterna.se\/vasternorrland\/etiketter\/henrik-sendelbach\/\">Henrik Sendelbach<\/a> \u00b7 <a href=\"http:\/\/wp.kristdemokraterna.se\/vasternorrland\/etiketter\/kvinnosjukvard\/\">kvinnosjukv\u00e5rd<\/a> \u00b7 <a href=\"http:\/\/wp.kristdemokraterna.se\/vasternorrland\/etiketter\/maria-borgehammar\/\">Maria Borgehammar<\/a> \u00b7 <a href=\"http:\/\/wp.kristdemokraterna.se\/vasternorrland\/etiketter\/ortopedi\/\">ortopedi<\/a> \u00b7 <a href=\"http:\/\/wp.kristdemokraterna.se\/vasternorrland\/etiketter\/rehabilitering\/\">rehabilitering<\/a> \u00b7 <a href=\"http:\/\/wp.kristdemokraterna.se\/vasternorrland\/etiketter\/utbudsforandring\/\">utbudsf\u00f6r\u00e4ndring<\/a><\/p>\n","protected":false},"excerpt":{"rendered":"<p>Nu i valtider blir det m\u00e5nga debatter och k\u00e4bbel mellan partierna, speciellt inom regionen. Det \u00e4r inte sv\u00e5rt att f\u00f6rst\u00e5 att v\u00e4ljarna har sv\u00e5rt att veta var de ska l\u00e4gga sin r\u00f6st. D\u00e4rf\u00f6r tycker vi det \u00e4r extra viktigt att informera sakligt hur det faktiskt r\u00f6stats i fullm\u00e4ktige under \u00e5ren. Vi kristdemokrater har alltid st\u00e5tt <a class=\"read-more-link\" href=\"https:\/\/wp.kristdemokraterna.se\/vasternorrland\/kd-vi-ar-enda-parti-som-alltid-rostat-emot-nedlaggningar\/\">Read More<\/a><\/p>\n","protected":false},"author":861,"featured_media":0,"comment_status":"closed","ping_status":"closed","sticky":false,"template":"","format":"standard","meta":{"_acf_changed":false,"footnotes":""},"categories":[1409,1102,1100,727,815,101],"tags":[533,462,543,52,282,231,618,831],"class_list":["post-352339","post","type-post","status-publish","format-standard","hentry","category-forlossning","category-kirurgi","category-kvinnosjukvard","category-nyheter","category-ortopedi","category-specialistvard","tag-akut-kirurgi","tag-akutsjukhus","tag-alla-inlagg","tag-bb","tag-kvinnosjukvard","tag-ortopedi","tag-rehabilitering","tag-utbudsforandring"],"acf":[],"yoast_head":"<!-- This site is optimized with the Yoast SEO plugin v27.4 - https:\/\/yoast.com\/product\/yoast-seo-wordpress\/ -->\n<title>Alltid st\u00e5tt upp f\u00f6r akutsjukhusen i l\u00e4net | KD V\u00e4sternorrland<\/title>\n<meta name=\"robots\" content=\"index, follow, max-snippet:-1, max-image-preview:large, max-video-preview:-1\" \/>\n<link rel=\"canonical\" href=\"https:\/\/wp.kristdemokraterna.se\/vasternorrland\/kd-vi-ar-enda-parti-som-alltid-rostat-emot-nedlaggningar\/\" \/>\n<meta property=\"og:locale\" content=\"sv_SE\" \/>\n<meta property=\"og:type\" content=\"article\" \/>\n<meta property=\"og:title\" content=\"Alltid st\u00e5tt upp f\u00f6r akutsjukhusen i l\u00e4net | KD V\u00e4sternorrland\" \/>\n<meta property=\"og:description\" content=\"Nu i valtider blir det m\u00e5nga debatter och k\u00e4bbel mellan partierna, speciellt inom regionen. Det \u00e4r inte sv\u00e5rt att f\u00f6rst\u00e5 att v\u00e4ljarna har sv\u00e5rt att veta var de ska l\u00e4gga sin r\u00f6st. D\u00e4rf\u00f6r tycker vi det \u00e4r extra viktigt att informera sakligt hur det faktiskt r\u00f6stats i fullm\u00e4ktige under \u00e5ren. Vi kristdemokrater har alltid st\u00e5tt Read More\" \/>\n<meta property=\"og:url\" content=\"https:\/\/wp.kristdemokraterna.se\/vasternorrland\/kd-vi-ar-enda-parti-som-alltid-rostat-emot-nedlaggningar\/\" \/>\n<meta property=\"og:site_name\" content=\"KD V\u00e4sternorrland\" \/>\n<meta property=\"article:publisher\" content=\"https:\/\/www.facebook.com\/kdrvn\/\" \/>\n<meta property=\"article:published_time\" content=\"2022-08-09T10:53:30+00:00\" \/>\n<meta property=\"article:modified_time\" content=\"2023-11-23T10:09:56+00:00\" \/>\n<meta name=\"author\" content=\"sendelbach\" \/>\n<meta name=\"twitter:card\" content=\"summary_large_image\" \/>\n<meta name=\"twitter:label1\" content=\"Skriven av\" \/>\n\t<meta name=\"twitter:data1\" content=\"sendelbach\" \/>\n\t<meta name=\"twitter:label2\" content=\"Ber\u00e4knad l\u00e4stid\" \/>\n\t<meta name=\"twitter:data2\" content=\"2 minuter\" \/>\n<script type=\"application\/ld+json\" class=\"yoast-schema-graph\">{\"@context\":\"https:\\\/\\\/schema.org\",\"@graph\":[{\"@type\":\"Article\",\"@id\":\"https:\\\/\\\/wp.kristdemokraterna.se\\\/vasternorrland\\\/kd-vi-ar-enda-parti-som-alltid-rostat-emot-nedlaggningar\\\/#article\",\"isPartOf\":{\"@id\":\"https:\\\/\\\/wp.kristdemokraterna.se\\\/vasternorrland\\\/kd-vi-ar-enda-parti-som-alltid-rostat-emot-nedlaggningar\\\/\"},\"author\":{\"name\":\"sendelbach\",\"@id\":\"https:\\\/\\\/wp.kristdemokraterna.se\\\/vasternorrland\\\/#\\\/schema\\\/person\\\/c253503d86970574912dff6ec658bf28\"},\"headline\":\"Alltid st\u00e5tt upp f\u00f6r akutsjukhusen i l\u00e4net\",\"datePublished\":\"2022-08-09T10:53:30+00:00\",\"dateModified\":\"2023-11-23T10:09:56+00:00\",\"mainEntityOfPage\":{\"@id\":\"https:\\\/\\\/wp.kristdemokraterna.se\\\/vasternorrland\\\/kd-vi-ar-enda-parti-som-alltid-rostat-emot-nedlaggningar\\\/\"},\"wordCount\":287,\"keywords\":[\"akut kirurgi\",\"akutsjukhus\",\"alla inl\u00e4gg\",\"BB\",\"kvinnosjukv\u00e5rd\",\"ortopedi\",\"rehabilitering\",\"utbudsf\u00f6r\u00e4ndring\"],\"articleSection\":[\"F\u00f6rlossning\",\"Kirurgi\\\/Operation\",\"Kvinnosjukv\u00e5rd\",\"Nyheter\",\"Ortopedi\",\"Specialistv\u00e5rd\"],\"inLanguage\":\"sv-SE\"},{\"@type\":\"WebPage\",\"@id\":\"https:\\\/\\\/wp.kristdemokraterna.se\\\/vasternorrland\\\/kd-vi-ar-enda-parti-som-alltid-rostat-emot-nedlaggningar\\\/\",\"url\":\"https:\\\/\\\/wp.kristdemokraterna.se\\\/vasternorrland\\\/kd-vi-ar-enda-parti-som-alltid-rostat-emot-nedlaggningar\\\/\",\"name\":\"Alltid st\u00e5tt upp f\u00f6r akutsjukhusen i l\u00e4net | KD V\u00e4sternorrland\",\"isPartOf\":{\"@id\":\"https:\\\/\\\/wp.kristdemokraterna.se\\\/vasternorrland\\\/#website\"},\"datePublished\":\"2022-08-09T10:53:30+00:00\",\"dateModified\":\"2023-11-23T10:09:56+00:00\",\"author\":{\"@id\":\"https:\\\/\\\/wp.kristdemokraterna.se\\\/vasternorrland\\\/#\\\/schema\\\/person\\\/c253503d86970574912dff6ec658bf28\"},\"breadcrumb\":{\"@id\":\"https:\\\/\\\/wp.kristdemokraterna.se\\\/vasternorrland\\\/kd-vi-ar-enda-parti-som-alltid-rostat-emot-nedlaggningar\\\/#breadcrumb\"},\"inLanguage\":\"sv-SE\",\"potentialAction\":[{\"@type\":\"ReadAction\",\"target\":[\"https:\\\/\\\/wp.kristdemokraterna.se\\\/vasternorrland\\\/kd-vi-ar-enda-parti-som-alltid-rostat-emot-nedlaggningar\\\/\"]}]},{\"@type\":\"BreadcrumbList\",\"@id\":\"https:\\\/\\\/wp.kristdemokraterna.se\\\/vasternorrland\\\/kd-vi-ar-enda-parti-som-alltid-rostat-emot-nedlaggningar\\\/#breadcrumb\",\"itemListElement\":[{\"@type\":\"ListItem\",\"position\":1,\"name\":\"Hem\",\"item\":\"https:\\\/\\\/wp.kristdemokraterna.se\\\/vasternorrland\\\/\"},{\"@type\":\"ListItem\",\"position\":2,\"name\":\"Alltid st\u00e5tt upp f\u00f6r akutsjukhusen i l\u00e4net\"}]},{\"@type\":\"WebSite\",\"@id\":\"https:\\\/\\\/wp.kristdemokraterna.se\\\/vasternorrland\\\/#website\",\"url\":\"https:\\\/\\\/wp.kristdemokraterna.se\\\/vasternorrland\\\/\",\"name\":\"KD V\u00e4sternorrland\",\"description\":\"V\u00e5rda v\u00e5rden - utveckla prim\u00e4rv\u00e5rden\",\"inLanguage\":\"sv-SE\"},{\"@type\":\"Person\",\"@id\":\"https:\\\/\\\/wp.kristdemokraterna.se\\\/vasternorrland\\\/#\\\/schema\\\/person\\\/c253503d86970574912dff6ec658bf28\",\"name\":\"sendelbach\",\"image\":{\"@type\":\"ImageObject\",\"inLanguage\":\"sv-SE\",\"@id\":\"https:\\\/\\\/secure.gravatar.com\\\/avatar\\\/0499a666be08fad4eb4333dbfba8681b8ebe23a978ce2e4c44818b2c5e2415b8?s=96&r=g\",\"url\":\"https:\\\/\\\/secure.gravatar.com\\\/avatar\\\/0499a666be08fad4eb4333dbfba8681b8ebe23a978ce2e4c44818b2c5e2415b8?s=96&r=g\",\"contentUrl\":\"https:\\\/\\\/secure.gravatar.com\\\/avatar\\\/0499a666be08fad4eb4333dbfba8681b8ebe23a978ce2e4c44818b2c5e2415b8?s=96&r=g\",\"caption\":\"sendelbach\"},\"url\":\"https:\\\/\\\/wp.kristdemokraterna.se\\\/vasternorrland\\\/author\\\/sendelbach\\\/\"}]}<\/script>\n<!-- \/ Yoast SEO plugin. -->","yoast_head_json":{"title":"Alltid st\u00e5tt upp f\u00f6r akutsjukhusen i l\u00e4net | KD V\u00e4sternorrland","robots":{"index":"index","follow":"follow","max-snippet":"max-snippet:-1","max-image-preview":"max-image-preview:large","max-video-preview":"max-video-preview:-1"},"canonical":"https:\/\/wp.kristdemokraterna.se\/vasternorrland\/kd-vi-ar-enda-parti-som-alltid-rostat-emot-nedlaggningar\/","og_locale":"sv_SE","og_type":"article","og_title":"Alltid st\u00e5tt upp f\u00f6r akutsjukhusen i l\u00e4net | KD V\u00e4sternorrland","og_description":"Nu i valtider blir det m\u00e5nga debatter och k\u00e4bbel mellan partierna, speciellt inom regionen. Det \u00e4r inte sv\u00e5rt att f\u00f6rst\u00e5 att v\u00e4ljarna har sv\u00e5rt att veta var de ska l\u00e4gga sin r\u00f6st. D\u00e4rf\u00f6r tycker vi det \u00e4r extra viktigt att informera sakligt hur det faktiskt r\u00f6stats i fullm\u00e4ktige under \u00e5ren. Vi kristdemokrater har alltid st\u00e5tt Read More","og_url":"https:\/\/wp.kristdemokraterna.se\/vasternorrland\/kd-vi-ar-enda-parti-som-alltid-rostat-emot-nedlaggningar\/","og_site_name":"KD V\u00e4sternorrland","article_publisher":"https:\/\/www.facebook.com\/kdrvn\/","article_published_time":"2022-08-09T10:53:30+00:00","article_modified_time":"2023-11-23T10:09:56+00:00","author":"sendelbach","twitter_card":"summary_large_image","twitter_misc":{"Skriven av":"sendelbach","Ber\u00e4knad l\u00e4stid":"2 minuter"},"schema":{"@context":"https:\/\/schema.org","@graph":[{"@type":"Article","@id":"https:\/\/wp.kristdemokraterna.se\/vasternorrland\/kd-vi-ar-enda-parti-som-alltid-rostat-emot-nedlaggningar\/#article","isPartOf":{"@id":"https:\/\/wp.kristdemokraterna.se\/vasternorrland\/kd-vi-ar-enda-parti-som-alltid-rostat-emot-nedlaggningar\/"},"author":{"name":"sendelbach","@id":"https:\/\/wp.kristdemokraterna.se\/vasternorrland\/#\/schema\/person\/c253503d86970574912dff6ec658bf28"},"headline":"Alltid st\u00e5tt upp f\u00f6r akutsjukhusen i l\u00e4net","datePublished":"2022-08-09T10:53:30+00:00","dateModified":"2023-11-23T10:09:56+00:00","mainEntityOfPage":{"@id":"https:\/\/wp.kristdemokraterna.se\/vasternorrland\/kd-vi-ar-enda-parti-som-alltid-rostat-emot-nedlaggningar\/"},"wordCount":287,"keywords":["akut kirurgi","akutsjukhus","alla inl\u00e4gg","BB","kvinnosjukv\u00e5rd","ortopedi","rehabilitering","utbudsf\u00f6r\u00e4ndring"],"articleSection":["F\u00f6rlossning","Kirurgi\/Operation","Kvinnosjukv\u00e5rd","Nyheter","Ortopedi","Specialistv\u00e5rd"],"inLanguage":"sv-SE"},{"@type":"WebPage","@id":"https:\/\/wp.kristdemokraterna.se\/vasternorrland\/kd-vi-ar-enda-parti-som-alltid-rostat-emot-nedlaggningar\/","url":"https:\/\/wp.kristdemokraterna.se\/vasternorrland\/kd-vi-ar-enda-parti-som-alltid-rostat-emot-nedlaggningar\/","name":"Alltid st\u00e5tt upp f\u00f6r akutsjukhusen i l\u00e4net | KD V\u00e4sternorrland","isPartOf":{"@id":"https:\/\/wp.kristdemokraterna.se\/vasternorrland\/#website"},"datePublished":"2022-08-09T10:53:30+00:00","dateModified":"2023-11-23T10:09:56+00:00","author":{"@id":"https:\/\/wp.kristdemokraterna.se\/vasternorrland\/#\/schema\/person\/c253503d86970574912dff6ec658bf28"},"breadcrumb":{"@id":"https:\/\/wp.kristdemokraterna.se\/vasternorrland\/kd-vi-ar-enda-parti-som-alltid-rostat-emot-nedlaggningar\/#breadcrumb"},"inLanguage":"sv-SE","potentialAction":[{"@type":"ReadAction","target":["https:\/\/wp.kristdemokraterna.se\/vasternorrland\/kd-vi-ar-enda-parti-som-alltid-rostat-emot-nedlaggningar\/"]}]},{"@type":"BreadcrumbList","@id":"https:\/\/wp.kristdemokraterna.se\/vasternorrland\/kd-vi-ar-enda-parti-som-alltid-rostat-emot-nedlaggningar\/#breadcrumb","itemListElement":[{"@type":"ListItem","position":1,"name":"Hem","item":"https:\/\/wp.kristdemokraterna.se\/vasternorrland\/"},{"@type":"ListItem","position":2,"name":"Alltid st\u00e5tt upp f\u00f6r akutsjukhusen i l\u00e4net"}]},{"@type":"WebSite","@id":"https:\/\/wp.kristdemokraterna.se\/vasternorrland\/#website","url":"https:\/\/wp.kristdemokraterna.se\/vasternorrland\/","name":"KD V\u00e4sternorrland","description":"V\u00e5rda v\u00e5rden - utveckla prim\u00e4rv\u00e5rden","inLanguage":"sv-SE"},{"@type":"Person","@id":"https:\/\/wp.kristdemokraterna.se\/vasternorrland\/#\/schema\/person\/c253503d86970574912dff6ec658bf28","name":"sendelbach","image":{"@type":"ImageObject","inLanguage":"sv-SE","@id":"https:\/\/secure.gravatar.com\/avatar\/0499a666be08fad4eb4333dbfba8681b8ebe23a978ce2e4c44818b2c5e2415b8?s=96&r=g","url":"https:\/\/secure.gravatar.com\/avatar\/0499a666be08fad4eb4333dbfba8681b8ebe23a978ce2e4c44818b2c5e2415b8?s=96&r=g","contentUrl":"https:\/\/secure.gravatar.com\/avatar\/0499a666be08fad4eb4333dbfba8681b8ebe23a978ce2e4c44818b2c5e2415b8?s=96&r=g","caption":"sendelbach"},"url":"https:\/\/wp.kristdemokraterna.se\/vasternorrland\/author\/sendelbach\/"}]}},"_links":{"self":[{"href":"https:\/\/wp.kristdemokraterna.se\/vasternorrland\/wp-json\/wp\/v2\/posts\/352339","targetHints":{"allow":["GET"]}}],"collection":[{"href":"https:\/\/wp.kristdemokraterna.se\/vasternorrland\/wp-json\/wp\/v2\/posts"}],"about":[{"href":"https:\/\/wp.kristdemokraterna.se\/vasternorrland\/wp-json\/wp\/v2\/types\/post"}],"author":[{"embeddable":true,"href":"https:\/\/wp.kristdemokraterna.se\/vasternorrland\/wp-json\/wp\/v2\/users\/861"}],"replies":[{"embeddable":true,"href":"https:\/\/wp.kristdemokraterna.se\/vasternorrland\/wp-json\/wp\/v2\/comments?post=352339"}],"version-history":[{"count":7,"href":"https:\/\/wp.kristdemokraterna.se\/vasternorrland\/wp-json\/wp\/v2\/posts\/352339\/revisions"}],"predecessor-version":[{"id":352455,"href":"https:\/\/wp.kristdemokraterna.se\/vasternorrland\/wp-json\/wp\/v2\/posts\/352339\/revisions\/352455"}],"wp:attachment":[{"href":"https:\/\/wp.kristdemokraterna.se\/vasternorrland\/wp-json\/wp\/v2\/media?parent=352339"}],"wp:term":[{"taxonomy":"category","embeddable":true,"href":"https:\/\/wp.kristdemokraterna.se\/vasternorrland\/wp-json\/wp\/v2\/categories?post=352339"},{"taxonomy":"post_tag","embeddable":true,"href":"https:\/\/wp.kristdemokraterna.se\/vasternorrland\/wp-json\/wp\/v2\/tags?post=352339"}],"curies":[{"name":"wp","href":"https:\/\/api.w.org\/{rel}","templated":true}]}}