{"id":352361,"date":"2022-05-06T09:02:02","date_gmt":"2022-05-06T07:02:02","guid":{"rendered":"https:\/\/wp.kristdemokraterna.se\/vasternorrland\/?p=352361"},"modified":"2022-12-05T14:06:39","modified_gmt":"2022-12-05T13:06:39","slug":"sjukvardspartiet-och-kristdemokraterna-kraver-jonny-lundin-c-avgang-som-oppositionsrad","status":"publish","type":"post","link":"https:\/\/wp.kristdemokraterna.se\/vasternorrland\/sjukvardspartiet-och-kristdemokraterna-kraver-jonny-lundin-c-avgang-som-oppositionsrad\/","title":{"rendered":"Sjukv\u00e5rdspartiet och Kristdemokraterna kr\u00e4ver Jonny Lundin (C) avg\u00e5ng som oppositionsr\u00e5d"},"content":{"rendered":"<p>Efter att vi har tagit del av Centerpartiets debattartikel i ST (2\/5) d\u00e4r Centerpartiet blir garanten f\u00f6r fortsatt Socialdemokratiskt och liberalt maktinnehav fram till valdagen i Region V\u00e4sternorrland kr\u00e4ver Sjukv\u00e5rdspartiet och Kristdemokraterna att Centerpartiet l\u00e4mnar sina oppositionsplatser.<\/p>\n<p>&#8211; Man kan inte \u00e4ta kakan och ha den kvar som Centerpartiet f\u00f6rs\u00f6ker sig p\u00e5. Man l\u00e5tsas vara i opposition med arvoderade poster samtidigt som man \u00e4r garanten f\u00f6r fortsatt maktinnehav f\u00f6r S, L och Per Wahlberg. Det \u00e4r respektl\u00f6st mot det demokratiska systemet och ytterst v\u00e4ljarna s\u00e4ger Robert Thunfors, gruppledare f\u00f6r Sjukv\u00e5rdspartiet.<\/p>\n<p>Sjukv\u00e5rdspartiet och Kristdemokraterna kr\u00e4ver att Jonny Lundin (C) avg\u00e5r som 2:e vice ordf\u00f6rande i regionstyrelsen tillika Regionr\u00e5d i opposition samt Kjell Bergqvist (C) som 2:e vice ordf\u00f6rande i regionfullm\u00e4ktige.<\/p>\n<p>&#8211; Genom att bli ett st\u00f6dparti till Socialdemokraterna och Liberalerna och den katastrofala personalpolitik som dessa har f\u00f6rt under mandatperioden ser vi det som orimligt att Centerpartiets Jonny Lundin (C) kan sitta kvar som oppositionsr\u00e5d s\u00e4ger Henrik Sendelbach, vice gruppledare f\u00f6r Kristdemokraterna.<\/p>\n<p>Centerpartiet, Sjukv\u00e5rdspartiet och Kristdemokraterna har varit det st\u00f6rsta oppositionsblocket under denna mandatperiod. Genom att vi sedan tidigare har sagt upp det politiska samarbetet i samband med omr\u00f6stningen av 50-miljonerspaketet s\u00e5 avslutar vi idag det valtekniska samarbetet. Det inneb\u00e4r att Centerpartiet i praktiken \u00e4r det minsta partiet om de forts\u00e4tter att h\u00e4vda att de \u00e4r i opposition.<\/p>\n<p>&#8211; Centerpartiet har r\u00f6stat f\u00f6r ett l\u00f6nesatsningspaket p\u00e5 50 miljoner som inte kommer att r\u00e4cka p\u00e5 l\u00e5nga v\u00e4gar. De valde att g\u00e5 emot oppositionspartierna Sjukv\u00e5rdspartiets, Kristdemokraterna, Sverigedemokraterna, V\u00e4nsterpartiets och Moderaternas gemensamma f\u00f6rslag p\u00e5 250 miljoner och d\u00e5 \u00e4r det rimligt att de g\u00e5r in i majoriteten och tar ansvar f\u00f6r den politik de har r\u00f6stat f\u00f6r och visar p\u00e5 det politiska ledarskap som de sj\u00e4lv har efterfr\u00e5gat avslutar Robert Thunfors.<\/p>\n<p>Robert Thunfors (SJVP), gruppledare f\u00f6r Sjukv\u00e5rdspartiet<br \/>\nHenrik Sendelbach (KD), vice gruppledare f\u00f6r Kristdemokraterna<\/p>\n","protected":false},"excerpt":{"rendered":"<p>Efter att vi har tagit del av Centerpartiets debattartikel i ST (2\/5) d\u00e4r Centerpartiet blir garanten f\u00f6r fortsatt Socialdemokratiskt och liberalt maktinnehav fram till valdagen i Region V\u00e4sternorrland kr\u00e4ver Sjukv\u00e5rdspartiet och Kristdemokraterna att Centerpartiet l\u00e4mnar sina oppositionsplatser. &#8211; Man kan inte \u00e4ta kakan och ha den kvar som Centerpartiet f\u00f6rs\u00f6ker sig p\u00e5. Man l\u00e5tsas vara <a class=\"read-more-link\" href=\"https:\/\/wp.kristdemokraterna.se\/vasternorrland\/sjukvardspartiet-och-kristdemokraterna-kraver-jonny-lundin-c-avgang-som-oppositionsrad\/\">Read More<\/a><\/p>\n","protected":false},"author":861,"featured_media":0,"comment_status":"closed","ping_status":"closed","sticky":false,"template":"","format":"standard","meta":{"_acf_changed":false,"footnotes":""},"categories":[727,110],"tags":[1399,543,879,448,882,1377,881,523,98,170,878,877,1178,1398],"class_list":["post-352361","post","type-post","status-publish","format-standard","hentry","category-nyheter","category-personal","tag-alla","tag-alla-inlagg","tag-centerpartiet","tag-henrik-sendelbach","tag-liberalerna","tag-lonesatsning","tag-moderaterna","tag-oppositionsrad","tag-personal","tag-pressmeddelande","tag-sjukvardspartiet-vasternorrland","tag-socialdemokraterna","tag-sverigedemokraterna","tag-vansterpartiet"],"acf":[],"yoast_head":"<!-- This site is optimized with the Yoast SEO plugin v27.5 - https:\/\/yoast.com\/product\/yoast-seo-wordpress\/ -->\n<title>Sjukv\u00e5rdspartiet och Kristdemokraterna kr\u00e4ver Jonny Lundin (C) avg\u00e5ng som oppositionsr\u00e5d | KD V\u00e4sternorrland<\/title>\n<meta name=\"robots\" content=\"index, follow, max-snippet:-1, max-image-preview:large, max-video-preview:-1\" \/>\n<link rel=\"canonical\" href=\"https:\/\/wp.kristdemokraterna.se\/vasternorrland\/sjukvardspartiet-och-kristdemokraterna-kraver-jonny-lundin-c-avgang-som-oppositionsrad\/\" \/>\n<meta property=\"og:locale\" content=\"sv_SE\" \/>\n<meta property=\"og:type\" content=\"article\" \/>\n<meta property=\"og:title\" content=\"Sjukv\u00e5rdspartiet och Kristdemokraterna kr\u00e4ver Jonny Lundin (C) avg\u00e5ng som oppositionsr\u00e5d | KD V\u00e4sternorrland\" \/>\n<meta property=\"og:description\" content=\"Efter att vi har tagit del av Centerpartiets debattartikel i ST (2\/5) d\u00e4r Centerpartiet blir garanten f\u00f6r fortsatt Socialdemokratiskt och liberalt maktinnehav fram till valdagen i Region V\u00e4sternorrland kr\u00e4ver Sjukv\u00e5rdspartiet och Kristdemokraterna att Centerpartiet l\u00e4mnar sina oppositionsplatser. &#8211; Man kan inte \u00e4ta kakan och ha den kvar som Centerpartiet f\u00f6rs\u00f6ker sig p\u00e5. Man l\u00e5tsas vara Read More\" \/>\n<meta property=\"og:url\" content=\"https:\/\/wp.kristdemokraterna.se\/vasternorrland\/sjukvardspartiet-och-kristdemokraterna-kraver-jonny-lundin-c-avgang-som-oppositionsrad\/\" \/>\n<meta property=\"og:site_name\" content=\"KD V\u00e4sternorrland\" \/>\n<meta property=\"article:publisher\" content=\"https:\/\/www.facebook.com\/kdrvn\/\" \/>\n<meta property=\"article:published_time\" content=\"2022-05-06T07:02:02+00:00\" \/>\n<meta property=\"article:modified_time\" content=\"2022-12-05T13:06:39+00:00\" \/>\n<meta name=\"author\" content=\"sendelbach\" \/>\n<meta name=\"twitter:card\" content=\"summary_large_image\" \/>\n<meta name=\"twitter:label1\" content=\"Skriven av\" \/>\n\t<meta name=\"twitter:data1\" content=\"sendelbach\" \/>\n\t<meta name=\"twitter:label2\" content=\"Ber\u00e4knad l\u00e4stid\" \/>\n\t<meta name=\"twitter:data2\" content=\"2 minuter\" \/>\n<script type=\"application\/ld+json\" class=\"yoast-schema-graph\">{\"@context\":\"https:\\\/\\\/schema.org\",\"@graph\":[{\"@type\":\"Article\",\"@id\":\"https:\\\/\\\/wp.kristdemokraterna.se\\\/vasternorrland\\\/sjukvardspartiet-och-kristdemokraterna-kraver-jonny-lundin-c-avgang-som-oppositionsrad\\\/#article\",\"isPartOf\":{\"@id\":\"https:\\\/\\\/wp.kristdemokraterna.se\\\/vasternorrland\\\/sjukvardspartiet-och-kristdemokraterna-kraver-jonny-lundin-c-avgang-som-oppositionsrad\\\/\"},\"author\":{\"name\":\"sendelbach\",\"@id\":\"https:\\\/\\\/wp.kristdemokraterna.se\\\/vasternorrland\\\/#\\\/schema\\\/person\\\/c253503d86970574912dff6ec658bf28\"},\"headline\":\"Sjukv\u00e5rdspartiet och Kristdemokraterna kr\u00e4ver Jonny Lundin (C) avg\u00e5ng som oppositionsr\u00e5d\",\"datePublished\":\"2022-05-06T07:02:02+00:00\",\"dateModified\":\"2022-12-05T13:06:39+00:00\",\"mainEntityOfPage\":{\"@id\":\"https:\\\/\\\/wp.kristdemokraterna.se\\\/vasternorrland\\\/sjukvardspartiet-och-kristdemokraterna-kraver-jonny-lundin-c-avgang-som-oppositionsrad\\\/\"},\"wordCount\":363,\"keywords\":[\"alla\",\"alla inl\u00e4gg\",\"Centerpartiet\",\"Henrik Sendelbach\",\"Liberalerna\",\"l\u00f6nesatsning\",\"Moderaterna\",\"oppositionsr\u00e5d\",\"personal\",\"pressmeddelande\",\"Sjukv\u00e5rdspartiet V\u00e4sternorrland\",\"Socialdemokraterna\",\"Sverigedemokraterna\",\"V\u00e4nsterpartiet\"],\"articleSection\":[\"Nyheter\",\"Personal\"],\"inLanguage\":\"sv-SE\"},{\"@type\":\"WebPage\",\"@id\":\"https:\\\/\\\/wp.kristdemokraterna.se\\\/vasternorrland\\\/sjukvardspartiet-och-kristdemokraterna-kraver-jonny-lundin-c-avgang-som-oppositionsrad\\\/\",\"url\":\"https:\\\/\\\/wp.kristdemokraterna.se\\\/vasternorrland\\\/sjukvardspartiet-och-kristdemokraterna-kraver-jonny-lundin-c-avgang-som-oppositionsrad\\\/\",\"name\":\"Sjukv\u00e5rdspartiet och Kristdemokraterna kr\u00e4ver Jonny Lundin (C) avg\u00e5ng som oppositionsr\u00e5d | KD V\u00e4sternorrland\",\"isPartOf\":{\"@id\":\"https:\\\/\\\/wp.kristdemokraterna.se\\\/vasternorrland\\\/#website\"},\"datePublished\":\"2022-05-06T07:02:02+00:00\",\"dateModified\":\"2022-12-05T13:06:39+00:00\",\"author\":{\"@id\":\"https:\\\/\\\/wp.kristdemokraterna.se\\\/vasternorrland\\\/#\\\/schema\\\/person\\\/c253503d86970574912dff6ec658bf28\"},\"breadcrumb\":{\"@id\":\"https:\\\/\\\/wp.kristdemokraterna.se\\\/vasternorrland\\\/sjukvardspartiet-och-kristdemokraterna-kraver-jonny-lundin-c-avgang-som-oppositionsrad\\\/#breadcrumb\"},\"inLanguage\":\"sv-SE\",\"potentialAction\":[{\"@type\":\"ReadAction\",\"target\":[\"https:\\\/\\\/wp.kristdemokraterna.se\\\/vasternorrland\\\/sjukvardspartiet-och-kristdemokraterna-kraver-jonny-lundin-c-avgang-som-oppositionsrad\\\/\"]}]},{\"@type\":\"BreadcrumbList\",\"@id\":\"https:\\\/\\\/wp.kristdemokraterna.se\\\/vasternorrland\\\/sjukvardspartiet-och-kristdemokraterna-kraver-jonny-lundin-c-avgang-som-oppositionsrad\\\/#breadcrumb\",\"itemListElement\":[{\"@type\":\"ListItem\",\"position\":1,\"name\":\"Hem\",\"item\":\"https:\\\/\\\/wp.kristdemokraterna.se\\\/vasternorrland\\\/\"},{\"@type\":\"ListItem\",\"position\":2,\"name\":\"Sjukv\u00e5rdspartiet och Kristdemokraterna kr\u00e4ver Jonny Lundin (C) avg\u00e5ng som oppositionsr\u00e5d\"}]},{\"@type\":\"WebSite\",\"@id\":\"https:\\\/\\\/wp.kristdemokraterna.se\\\/vasternorrland\\\/#website\",\"url\":\"https:\\\/\\\/wp.kristdemokraterna.se\\\/vasternorrland\\\/\",\"name\":\"KD V\u00e4sternorrland\",\"description\":\"V\u00e5rda v\u00e5rden - utveckla prim\u00e4rv\u00e5rden\",\"inLanguage\":\"sv-SE\"},{\"@type\":\"Person\",\"@id\":\"https:\\\/\\\/wp.kristdemokraterna.se\\\/vasternorrland\\\/#\\\/schema\\\/person\\\/c253503d86970574912dff6ec658bf28\",\"name\":\"sendelbach\",\"image\":{\"@type\":\"ImageObject\",\"inLanguage\":\"sv-SE\",\"@id\":\"https:\\\/\\\/secure.gravatar.com\\\/avatar\\\/0499a666be08fad4eb4333dbfba8681b8ebe23a978ce2e4c44818b2c5e2415b8?s=96&r=g\",\"url\":\"https:\\\/\\\/secure.gravatar.com\\\/avatar\\\/0499a666be08fad4eb4333dbfba8681b8ebe23a978ce2e4c44818b2c5e2415b8?s=96&r=g\",\"contentUrl\":\"https:\\\/\\\/secure.gravatar.com\\\/avatar\\\/0499a666be08fad4eb4333dbfba8681b8ebe23a978ce2e4c44818b2c5e2415b8?s=96&r=g\",\"caption\":\"sendelbach\"},\"url\":\"https:\\\/\\\/wp.kristdemokraterna.se\\\/vasternorrland\\\/author\\\/sendelbach\\\/\"}]}<\/script>\n<!-- \/ Yoast SEO plugin. -->","yoast_head_json":{"title":"Sjukv\u00e5rdspartiet och Kristdemokraterna kr\u00e4ver Jonny Lundin (C) avg\u00e5ng som oppositionsr\u00e5d | KD V\u00e4sternorrland","robots":{"index":"index","follow":"follow","max-snippet":"max-snippet:-1","max-image-preview":"max-image-preview:large","max-video-preview":"max-video-preview:-1"},"canonical":"https:\/\/wp.kristdemokraterna.se\/vasternorrland\/sjukvardspartiet-och-kristdemokraterna-kraver-jonny-lundin-c-avgang-som-oppositionsrad\/","og_locale":"sv_SE","og_type":"article","og_title":"Sjukv\u00e5rdspartiet och Kristdemokraterna kr\u00e4ver Jonny Lundin (C) avg\u00e5ng som oppositionsr\u00e5d | KD V\u00e4sternorrland","og_description":"Efter att vi har tagit del av Centerpartiets debattartikel i ST (2\/5) d\u00e4r Centerpartiet blir garanten f\u00f6r fortsatt Socialdemokratiskt och liberalt maktinnehav fram till valdagen i Region V\u00e4sternorrland kr\u00e4ver Sjukv\u00e5rdspartiet och Kristdemokraterna att Centerpartiet l\u00e4mnar sina oppositionsplatser. &#8211; Man kan inte \u00e4ta kakan och ha den kvar som Centerpartiet f\u00f6rs\u00f6ker sig p\u00e5. Man l\u00e5tsas vara Read More","og_url":"https:\/\/wp.kristdemokraterna.se\/vasternorrland\/sjukvardspartiet-och-kristdemokraterna-kraver-jonny-lundin-c-avgang-som-oppositionsrad\/","og_site_name":"KD V\u00e4sternorrland","article_publisher":"https:\/\/www.facebook.com\/kdrvn\/","article_published_time":"2022-05-06T07:02:02+00:00","article_modified_time":"2022-12-05T13:06:39+00:00","author":"sendelbach","twitter_card":"summary_large_image","twitter_misc":{"Skriven av":"sendelbach","Ber\u00e4knad l\u00e4stid":"2 minuter"},"schema":{"@context":"https:\/\/schema.org","@graph":[{"@type":"Article","@id":"https:\/\/wp.kristdemokraterna.se\/vasternorrland\/sjukvardspartiet-och-kristdemokraterna-kraver-jonny-lundin-c-avgang-som-oppositionsrad\/#article","isPartOf":{"@id":"https:\/\/wp.kristdemokraterna.se\/vasternorrland\/sjukvardspartiet-och-kristdemokraterna-kraver-jonny-lundin-c-avgang-som-oppositionsrad\/"},"author":{"name":"sendelbach","@id":"https:\/\/wp.kristdemokraterna.se\/vasternorrland\/#\/schema\/person\/c253503d86970574912dff6ec658bf28"},"headline":"Sjukv\u00e5rdspartiet och Kristdemokraterna kr\u00e4ver Jonny Lundin (C) avg\u00e5ng som oppositionsr\u00e5d","datePublished":"2022-05-06T07:02:02+00:00","dateModified":"2022-12-05T13:06:39+00:00","mainEntityOfPage":{"@id":"https:\/\/wp.kristdemokraterna.se\/vasternorrland\/sjukvardspartiet-och-kristdemokraterna-kraver-jonny-lundin-c-avgang-som-oppositionsrad\/"},"wordCount":363,"keywords":["alla","alla inl\u00e4gg","Centerpartiet","Henrik Sendelbach","Liberalerna","l\u00f6nesatsning","Moderaterna","oppositionsr\u00e5d","personal","pressmeddelande","Sjukv\u00e5rdspartiet V\u00e4sternorrland","Socialdemokraterna","Sverigedemokraterna","V\u00e4nsterpartiet"],"articleSection":["Nyheter","Personal"],"inLanguage":"sv-SE"},{"@type":"WebPage","@id":"https:\/\/wp.kristdemokraterna.se\/vasternorrland\/sjukvardspartiet-och-kristdemokraterna-kraver-jonny-lundin-c-avgang-som-oppositionsrad\/","url":"https:\/\/wp.kristdemokraterna.se\/vasternorrland\/sjukvardspartiet-och-kristdemokraterna-kraver-jonny-lundin-c-avgang-som-oppositionsrad\/","name":"Sjukv\u00e5rdspartiet och Kristdemokraterna kr\u00e4ver Jonny Lundin (C) avg\u00e5ng som oppositionsr\u00e5d | KD V\u00e4sternorrland","isPartOf":{"@id":"https:\/\/wp.kristdemokraterna.se\/vasternorrland\/#website"},"datePublished":"2022-05-06T07:02:02+00:00","dateModified":"2022-12-05T13:06:39+00:00","author":{"@id":"https:\/\/wp.kristdemokraterna.se\/vasternorrland\/#\/schema\/person\/c253503d86970574912dff6ec658bf28"},"breadcrumb":{"@id":"https:\/\/wp.kristdemokraterna.se\/vasternorrland\/sjukvardspartiet-och-kristdemokraterna-kraver-jonny-lundin-c-avgang-som-oppositionsrad\/#breadcrumb"},"inLanguage":"sv-SE","potentialAction":[{"@type":"ReadAction","target":["https:\/\/wp.kristdemokraterna.se\/vasternorrland\/sjukvardspartiet-och-kristdemokraterna-kraver-jonny-lundin-c-avgang-som-oppositionsrad\/"]}]},{"@type":"BreadcrumbList","@id":"https:\/\/wp.kristdemokraterna.se\/vasternorrland\/sjukvardspartiet-och-kristdemokraterna-kraver-jonny-lundin-c-avgang-som-oppositionsrad\/#breadcrumb","itemListElement":[{"@type":"ListItem","position":1,"name":"Hem","item":"https:\/\/wp.kristdemokraterna.se\/vasternorrland\/"},{"@type":"ListItem","position":2,"name":"Sjukv\u00e5rdspartiet och Kristdemokraterna kr\u00e4ver Jonny Lundin (C) avg\u00e5ng som oppositionsr\u00e5d"}]},{"@type":"WebSite","@id":"https:\/\/wp.kristdemokraterna.se\/vasternorrland\/#website","url":"https:\/\/wp.kristdemokraterna.se\/vasternorrland\/","name":"KD V\u00e4sternorrland","description":"V\u00e5rda v\u00e5rden - utveckla prim\u00e4rv\u00e5rden","inLanguage":"sv-SE"},{"@type":"Person","@id":"https:\/\/wp.kristdemokraterna.se\/vasternorrland\/#\/schema\/person\/c253503d86970574912dff6ec658bf28","name":"sendelbach","image":{"@type":"ImageObject","inLanguage":"sv-SE","@id":"https:\/\/secure.gravatar.com\/avatar\/0499a666be08fad4eb4333dbfba8681b8ebe23a978ce2e4c44818b2c5e2415b8?s=96&r=g","url":"https:\/\/secure.gravatar.com\/avatar\/0499a666be08fad4eb4333dbfba8681b8ebe23a978ce2e4c44818b2c5e2415b8?s=96&r=g","contentUrl":"https:\/\/secure.gravatar.com\/avatar\/0499a666be08fad4eb4333dbfba8681b8ebe23a978ce2e4c44818b2c5e2415b8?s=96&r=g","caption":"sendelbach"},"url":"https:\/\/wp.kristdemokraterna.se\/vasternorrland\/author\/sendelbach\/"}]}},"_links":{"self":[{"href":"https:\/\/wp.kristdemokraterna.se\/vasternorrland\/wp-json\/wp\/v2\/posts\/352361","targetHints":{"allow":["GET"]}}],"collection":[{"href":"https:\/\/wp.kristdemokraterna.se\/vasternorrland\/wp-json\/wp\/v2\/posts"}],"about":[{"href":"https:\/\/wp.kristdemokraterna.se\/vasternorrland\/wp-json\/wp\/v2\/types\/post"}],"author":[{"embeddable":true,"href":"https:\/\/wp.kristdemokraterna.se\/vasternorrland\/wp-json\/wp\/v2\/users\/861"}],"replies":[{"embeddable":true,"href":"https:\/\/wp.kristdemokraterna.se\/vasternorrland\/wp-json\/wp\/v2\/comments?post=352361"}],"version-history":[{"count":1,"href":"https:\/\/wp.kristdemokraterna.se\/vasternorrland\/wp-json\/wp\/v2\/posts\/352361\/revisions"}],"predecessor-version":[{"id":352362,"href":"https:\/\/wp.kristdemokraterna.se\/vasternorrland\/wp-json\/wp\/v2\/posts\/352361\/revisions\/352362"}],"wp:attachment":[{"href":"https:\/\/wp.kristdemokraterna.se\/vasternorrland\/wp-json\/wp\/v2\/media?parent=352361"}],"wp:term":[{"taxonomy":"category","embeddable":true,"href":"https:\/\/wp.kristdemokraterna.se\/vasternorrland\/wp-json\/wp\/v2\/categories?post=352361"},{"taxonomy":"post_tag","embeddable":true,"href":"https:\/\/wp.kristdemokraterna.se\/vasternorrland\/wp-json\/wp\/v2\/tags?post=352361"}],"curies":[{"name":"wp","href":"https:\/\/api.w.org\/{rel}","templated":true}]}}