{"id":352365,"date":"2022-11-25T08:11:27","date_gmt":"2022-11-25T07:11:27","guid":{"rendered":"https:\/\/wp.kristdemokraterna.se\/vasternorrland\/?p=352365"},"modified":"2022-12-05T14:13:21","modified_gmt":"2022-12-05T13:13:21","slug":"sjukvardspartiet-sverigedemokraterna-kristdemokraterna-presenterar-oppositionslagsuppstallningen","status":"publish","type":"post","link":"https:\/\/wp.kristdemokraterna.se\/vasternorrland\/sjukvardspartiet-sverigedemokraterna-kristdemokraterna-presenterar-oppositionslagsuppstallningen\/","title":{"rendered":"Sjukv\u00e5rdspartiet, Sverigedemokraterna, Kristdemokraterna presenterar oppositionslagsuppst\u00e4llningen"},"content":{"rendered":"<p>Sjukv\u00e5rdspartiet, Sverigedemokraterna och Kristdemokraterna bjuder in media till Fullm\u00e4ktigesalen vid Regionens hus, H\u00e4rn\u00f6sand kl. 12:00 f\u00f6r presstr\u00e4ff.<\/p>\n<p>P\u00e5 presstr\u00e4ffen presenteras de Regionr\u00e5d som oppositionen har r\u00e4tt att utse samt ytterligare kommenterar om S, C och M:s \u201dNystart Region V\u00e4sternorrland\u201d.<\/p>\n<p>Robert Thunfors (SJVP), Mats Hellhoff (SD), Henrik Sendelbach (KD)<\/p>\n","protected":false},"excerpt":{"rendered":"<p>Sjukv\u00e5rdspartiet, Sverigedemokraterna och Kristdemokraterna bjuder in media till Fullm\u00e4ktigesalen vid Regionens hus, H\u00e4rn\u00f6sand kl. 12:00 f\u00f6r presstr\u00e4ff. P\u00e5 presstr\u00e4ffen presenteras de Regionr\u00e5d som oppositionen har r\u00e4tt att utse samt ytterligare kommenterar om S, C och M:s \u201dNystart Region V\u00e4sternorrland\u201d. Robert Thunfors (SJVP), Mats Hellhoff (SD), Henrik Sendelbach (KD)<\/p>\n","protected":false},"author":861,"featured_media":0,"comment_status":"closed","ping_status":"closed","sticky":false,"template":"","format":"standard","meta":{"_acf_changed":false,"footnotes":""},"categories":[727,1158],"tags":[543,448,1402,512,170,1343],"class_list":["post-352365","post","type-post","status-publish","format-standard","hentry","category-nyheter","category-val-2022","tag-alla-inlagg","tag-henrik-sendelbach","tag-nystart","tag-oppositionen","tag-pressmeddelande","tag-val-2022"],"acf":[],"yoast_head":"<!-- This site is optimized with the Yoast SEO plugin v27.5 - https:\/\/yoast.com\/product\/yoast-seo-wordpress\/ -->\n<title>Sjukv\u00e5rdspartiet, Sverigedemokraterna, Kristdemokraterna presenterar oppositionslagsuppst\u00e4llningen | KD V\u00e4sternorrland<\/title>\n<meta name=\"robots\" content=\"index, follow, max-snippet:-1, max-image-preview:large, max-video-preview:-1\" \/>\n<link rel=\"canonical\" href=\"https:\/\/wp.kristdemokraterna.se\/vasternorrland\/sjukvardspartiet-sverigedemokraterna-kristdemokraterna-presenterar-oppositionslagsuppstallningen\/\" \/>\n<meta property=\"og:locale\" content=\"sv_SE\" \/>\n<meta property=\"og:type\" content=\"article\" \/>\n<meta property=\"og:title\" content=\"Sjukv\u00e5rdspartiet, Sverigedemokraterna, Kristdemokraterna presenterar oppositionslagsuppst\u00e4llningen | KD V\u00e4sternorrland\" \/>\n<meta property=\"og:description\" content=\"Sjukv\u00e5rdspartiet, Sverigedemokraterna och Kristdemokraterna bjuder in media till Fullm\u00e4ktigesalen vid Regionens hus, H\u00e4rn\u00f6sand kl. 12:00 f\u00f6r presstr\u00e4ff. P\u00e5 presstr\u00e4ffen presenteras de Regionr\u00e5d som oppositionen har r\u00e4tt att utse samt ytterligare kommenterar om S, C och M:s \u201dNystart Region V\u00e4sternorrland\u201d. Robert Thunfors (SJVP), Mats Hellhoff (SD), Henrik Sendelbach (KD)\" \/>\n<meta property=\"og:url\" content=\"https:\/\/wp.kristdemokraterna.se\/vasternorrland\/sjukvardspartiet-sverigedemokraterna-kristdemokraterna-presenterar-oppositionslagsuppstallningen\/\" \/>\n<meta property=\"og:site_name\" content=\"KD V\u00e4sternorrland\" \/>\n<meta property=\"article:publisher\" content=\"https:\/\/www.facebook.com\/kdrvn\/\" \/>\n<meta property=\"article:published_time\" content=\"2022-11-25T07:11:27+00:00\" \/>\n<meta property=\"article:modified_time\" content=\"2022-12-05T13:13:21+00:00\" \/>\n<meta name=\"author\" content=\"sendelbach\" \/>\n<meta name=\"twitter:card\" content=\"summary_large_image\" \/>\n<meta name=\"twitter:label1\" content=\"Skriven av\" \/>\n\t<meta name=\"twitter:data1\" content=\"sendelbach\" \/>\n\t<meta name=\"twitter:label2\" content=\"Ber\u00e4knad l\u00e4stid\" \/>\n\t<meta name=\"twitter:data2\" content=\"1 minut\" \/>\n<script type=\"application\/ld+json\" class=\"yoast-schema-graph\">{\"@context\":\"https:\\\/\\\/schema.org\",\"@graph\":[{\"@type\":\"Article\",\"@id\":\"https:\\\/\\\/wp.kristdemokraterna.se\\\/vasternorrland\\\/sjukvardspartiet-sverigedemokraterna-kristdemokraterna-presenterar-oppositionslagsuppstallningen\\\/#article\",\"isPartOf\":{\"@id\":\"https:\\\/\\\/wp.kristdemokraterna.se\\\/vasternorrland\\\/sjukvardspartiet-sverigedemokraterna-kristdemokraterna-presenterar-oppositionslagsuppstallningen\\\/\"},\"author\":{\"name\":\"sendelbach\",\"@id\":\"https:\\\/\\\/wp.kristdemokraterna.se\\\/vasternorrland\\\/#\\\/schema\\\/person\\\/c253503d86970574912dff6ec658bf28\"},\"headline\":\"Sjukv\u00e5rdspartiet, Sverigedemokraterna, Kristdemokraterna presenterar oppositionslagsuppst\u00e4llningen\",\"datePublished\":\"2022-11-25T07:11:27+00:00\",\"dateModified\":\"2022-12-05T13:13:21+00:00\",\"mainEntityOfPage\":{\"@id\":\"https:\\\/\\\/wp.kristdemokraterna.se\\\/vasternorrland\\\/sjukvardspartiet-sverigedemokraterna-kristdemokraterna-presenterar-oppositionslagsuppstallningen\\\/\"},\"wordCount\":65,\"keywords\":[\"alla inl\u00e4gg\",\"Henrik Sendelbach\",\"nystart\",\"oppositionen\",\"pressmeddelande\",\"val 2022\"],\"articleSection\":[\"Nyheter\",\"Val 2022\"],\"inLanguage\":\"sv-SE\"},{\"@type\":\"WebPage\",\"@id\":\"https:\\\/\\\/wp.kristdemokraterna.se\\\/vasternorrland\\\/sjukvardspartiet-sverigedemokraterna-kristdemokraterna-presenterar-oppositionslagsuppstallningen\\\/\",\"url\":\"https:\\\/\\\/wp.kristdemokraterna.se\\\/vasternorrland\\\/sjukvardspartiet-sverigedemokraterna-kristdemokraterna-presenterar-oppositionslagsuppstallningen\\\/\",\"name\":\"Sjukv\u00e5rdspartiet, Sverigedemokraterna, Kristdemokraterna presenterar oppositionslagsuppst\u00e4llningen | KD V\u00e4sternorrland\",\"isPartOf\":{\"@id\":\"https:\\\/\\\/wp.kristdemokraterna.se\\\/vasternorrland\\\/#website\"},\"datePublished\":\"2022-11-25T07:11:27+00:00\",\"dateModified\":\"2022-12-05T13:13:21+00:00\",\"author\":{\"@id\":\"https:\\\/\\\/wp.kristdemokraterna.se\\\/vasternorrland\\\/#\\\/schema\\\/person\\\/c253503d86970574912dff6ec658bf28\"},\"breadcrumb\":{\"@id\":\"https:\\\/\\\/wp.kristdemokraterna.se\\\/vasternorrland\\\/sjukvardspartiet-sverigedemokraterna-kristdemokraterna-presenterar-oppositionslagsuppstallningen\\\/#breadcrumb\"},\"inLanguage\":\"sv-SE\",\"potentialAction\":[{\"@type\":\"ReadAction\",\"target\":[\"https:\\\/\\\/wp.kristdemokraterna.se\\\/vasternorrland\\\/sjukvardspartiet-sverigedemokraterna-kristdemokraterna-presenterar-oppositionslagsuppstallningen\\\/\"]}]},{\"@type\":\"BreadcrumbList\",\"@id\":\"https:\\\/\\\/wp.kristdemokraterna.se\\\/vasternorrland\\\/sjukvardspartiet-sverigedemokraterna-kristdemokraterna-presenterar-oppositionslagsuppstallningen\\\/#breadcrumb\",\"itemListElement\":[{\"@type\":\"ListItem\",\"position\":1,\"name\":\"Hem\",\"item\":\"https:\\\/\\\/wp.kristdemokraterna.se\\\/vasternorrland\\\/\"},{\"@type\":\"ListItem\",\"position\":2,\"name\":\"Sjukv\u00e5rdspartiet, Sverigedemokraterna, Kristdemokraterna presenterar oppositionslagsuppst\u00e4llningen\"}]},{\"@type\":\"WebSite\",\"@id\":\"https:\\\/\\\/wp.kristdemokraterna.se\\\/vasternorrland\\\/#website\",\"url\":\"https:\\\/\\\/wp.kristdemokraterna.se\\\/vasternorrland\\\/\",\"name\":\"KD V\u00e4sternorrland\",\"description\":\"V\u00e5rda v\u00e5rden - utveckla prim\u00e4rv\u00e5rden\",\"inLanguage\":\"sv-SE\"},{\"@type\":\"Person\",\"@id\":\"https:\\\/\\\/wp.kristdemokraterna.se\\\/vasternorrland\\\/#\\\/schema\\\/person\\\/c253503d86970574912dff6ec658bf28\",\"name\":\"sendelbach\",\"image\":{\"@type\":\"ImageObject\",\"inLanguage\":\"sv-SE\",\"@id\":\"https:\\\/\\\/secure.gravatar.com\\\/avatar\\\/0499a666be08fad4eb4333dbfba8681b8ebe23a978ce2e4c44818b2c5e2415b8?s=96&r=g\",\"url\":\"https:\\\/\\\/secure.gravatar.com\\\/avatar\\\/0499a666be08fad4eb4333dbfba8681b8ebe23a978ce2e4c44818b2c5e2415b8?s=96&r=g\",\"contentUrl\":\"https:\\\/\\\/secure.gravatar.com\\\/avatar\\\/0499a666be08fad4eb4333dbfba8681b8ebe23a978ce2e4c44818b2c5e2415b8?s=96&r=g\",\"caption\":\"sendelbach\"},\"url\":\"https:\\\/\\\/wp.kristdemokraterna.se\\\/vasternorrland\\\/author\\\/sendelbach\\\/\"}]}<\/script>\n<!-- \/ Yoast SEO plugin. -->","yoast_head_json":{"title":"Sjukv\u00e5rdspartiet, Sverigedemokraterna, Kristdemokraterna presenterar oppositionslagsuppst\u00e4llningen | KD V\u00e4sternorrland","robots":{"index":"index","follow":"follow","max-snippet":"max-snippet:-1","max-image-preview":"max-image-preview:large","max-video-preview":"max-video-preview:-1"},"canonical":"https:\/\/wp.kristdemokraterna.se\/vasternorrland\/sjukvardspartiet-sverigedemokraterna-kristdemokraterna-presenterar-oppositionslagsuppstallningen\/","og_locale":"sv_SE","og_type":"article","og_title":"Sjukv\u00e5rdspartiet, Sverigedemokraterna, Kristdemokraterna presenterar oppositionslagsuppst\u00e4llningen | KD V\u00e4sternorrland","og_description":"Sjukv\u00e5rdspartiet, Sverigedemokraterna och Kristdemokraterna bjuder in media till Fullm\u00e4ktigesalen vid Regionens hus, H\u00e4rn\u00f6sand kl. 12:00 f\u00f6r presstr\u00e4ff. P\u00e5 presstr\u00e4ffen presenteras de Regionr\u00e5d som oppositionen har r\u00e4tt att utse samt ytterligare kommenterar om S, C och M:s \u201dNystart Region V\u00e4sternorrland\u201d. Robert Thunfors (SJVP), Mats Hellhoff (SD), Henrik Sendelbach (KD)","og_url":"https:\/\/wp.kristdemokraterna.se\/vasternorrland\/sjukvardspartiet-sverigedemokraterna-kristdemokraterna-presenterar-oppositionslagsuppstallningen\/","og_site_name":"KD V\u00e4sternorrland","article_publisher":"https:\/\/www.facebook.com\/kdrvn\/","article_published_time":"2022-11-25T07:11:27+00:00","article_modified_time":"2022-12-05T13:13:21+00:00","author":"sendelbach","twitter_card":"summary_large_image","twitter_misc":{"Skriven av":"sendelbach","Ber\u00e4knad l\u00e4stid":"1 minut"},"schema":{"@context":"https:\/\/schema.org","@graph":[{"@type":"Article","@id":"https:\/\/wp.kristdemokraterna.se\/vasternorrland\/sjukvardspartiet-sverigedemokraterna-kristdemokraterna-presenterar-oppositionslagsuppstallningen\/#article","isPartOf":{"@id":"https:\/\/wp.kristdemokraterna.se\/vasternorrland\/sjukvardspartiet-sverigedemokraterna-kristdemokraterna-presenterar-oppositionslagsuppstallningen\/"},"author":{"name":"sendelbach","@id":"https:\/\/wp.kristdemokraterna.se\/vasternorrland\/#\/schema\/person\/c253503d86970574912dff6ec658bf28"},"headline":"Sjukv\u00e5rdspartiet, Sverigedemokraterna, Kristdemokraterna presenterar oppositionslagsuppst\u00e4llningen","datePublished":"2022-11-25T07:11:27+00:00","dateModified":"2022-12-05T13:13:21+00:00","mainEntityOfPage":{"@id":"https:\/\/wp.kristdemokraterna.se\/vasternorrland\/sjukvardspartiet-sverigedemokraterna-kristdemokraterna-presenterar-oppositionslagsuppstallningen\/"},"wordCount":65,"keywords":["alla inl\u00e4gg","Henrik Sendelbach","nystart","oppositionen","pressmeddelande","val 2022"],"articleSection":["Nyheter","Val 2022"],"inLanguage":"sv-SE"},{"@type":"WebPage","@id":"https:\/\/wp.kristdemokraterna.se\/vasternorrland\/sjukvardspartiet-sverigedemokraterna-kristdemokraterna-presenterar-oppositionslagsuppstallningen\/","url":"https:\/\/wp.kristdemokraterna.se\/vasternorrland\/sjukvardspartiet-sverigedemokraterna-kristdemokraterna-presenterar-oppositionslagsuppstallningen\/","name":"Sjukv\u00e5rdspartiet, Sverigedemokraterna, Kristdemokraterna presenterar oppositionslagsuppst\u00e4llningen | KD V\u00e4sternorrland","isPartOf":{"@id":"https:\/\/wp.kristdemokraterna.se\/vasternorrland\/#website"},"datePublished":"2022-11-25T07:11:27+00:00","dateModified":"2022-12-05T13:13:21+00:00","author":{"@id":"https:\/\/wp.kristdemokraterna.se\/vasternorrland\/#\/schema\/person\/c253503d86970574912dff6ec658bf28"},"breadcrumb":{"@id":"https:\/\/wp.kristdemokraterna.se\/vasternorrland\/sjukvardspartiet-sverigedemokraterna-kristdemokraterna-presenterar-oppositionslagsuppstallningen\/#breadcrumb"},"inLanguage":"sv-SE","potentialAction":[{"@type":"ReadAction","target":["https:\/\/wp.kristdemokraterna.se\/vasternorrland\/sjukvardspartiet-sverigedemokraterna-kristdemokraterna-presenterar-oppositionslagsuppstallningen\/"]}]},{"@type":"BreadcrumbList","@id":"https:\/\/wp.kristdemokraterna.se\/vasternorrland\/sjukvardspartiet-sverigedemokraterna-kristdemokraterna-presenterar-oppositionslagsuppstallningen\/#breadcrumb","itemListElement":[{"@type":"ListItem","position":1,"name":"Hem","item":"https:\/\/wp.kristdemokraterna.se\/vasternorrland\/"},{"@type":"ListItem","position":2,"name":"Sjukv\u00e5rdspartiet, Sverigedemokraterna, Kristdemokraterna presenterar oppositionslagsuppst\u00e4llningen"}]},{"@type":"WebSite","@id":"https:\/\/wp.kristdemokraterna.se\/vasternorrland\/#website","url":"https:\/\/wp.kristdemokraterna.se\/vasternorrland\/","name":"KD V\u00e4sternorrland","description":"V\u00e5rda v\u00e5rden - utveckla prim\u00e4rv\u00e5rden","inLanguage":"sv-SE"},{"@type":"Person","@id":"https:\/\/wp.kristdemokraterna.se\/vasternorrland\/#\/schema\/person\/c253503d86970574912dff6ec658bf28","name":"sendelbach","image":{"@type":"ImageObject","inLanguage":"sv-SE","@id":"https:\/\/secure.gravatar.com\/avatar\/0499a666be08fad4eb4333dbfba8681b8ebe23a978ce2e4c44818b2c5e2415b8?s=96&r=g","url":"https:\/\/secure.gravatar.com\/avatar\/0499a666be08fad4eb4333dbfba8681b8ebe23a978ce2e4c44818b2c5e2415b8?s=96&r=g","contentUrl":"https:\/\/secure.gravatar.com\/avatar\/0499a666be08fad4eb4333dbfba8681b8ebe23a978ce2e4c44818b2c5e2415b8?s=96&r=g","caption":"sendelbach"},"url":"https:\/\/wp.kristdemokraterna.se\/vasternorrland\/author\/sendelbach\/"}]}},"_links":{"self":[{"href":"https:\/\/wp.kristdemokraterna.se\/vasternorrland\/wp-json\/wp\/v2\/posts\/352365","targetHints":{"allow":["GET"]}}],"collection":[{"href":"https:\/\/wp.kristdemokraterna.se\/vasternorrland\/wp-json\/wp\/v2\/posts"}],"about":[{"href":"https:\/\/wp.kristdemokraterna.se\/vasternorrland\/wp-json\/wp\/v2\/types\/post"}],"author":[{"embeddable":true,"href":"https:\/\/wp.kristdemokraterna.se\/vasternorrland\/wp-json\/wp\/v2\/users\/861"}],"replies":[{"embeddable":true,"href":"https:\/\/wp.kristdemokraterna.se\/vasternorrland\/wp-json\/wp\/v2\/comments?post=352365"}],"version-history":[{"count":1,"href":"https:\/\/wp.kristdemokraterna.se\/vasternorrland\/wp-json\/wp\/v2\/posts\/352365\/revisions"}],"predecessor-version":[{"id":352366,"href":"https:\/\/wp.kristdemokraterna.se\/vasternorrland\/wp-json\/wp\/v2\/posts\/352365\/revisions\/352366"}],"wp:attachment":[{"href":"https:\/\/wp.kristdemokraterna.se\/vasternorrland\/wp-json\/wp\/v2\/media?parent=352365"}],"wp:term":[{"taxonomy":"category","embeddable":true,"href":"https:\/\/wp.kristdemokraterna.se\/vasternorrland\/wp-json\/wp\/v2\/categories?post=352365"},{"taxonomy":"post_tag","embeddable":true,"href":"https:\/\/wp.kristdemokraterna.se\/vasternorrland\/wp-json\/wp\/v2\/tags?post=352365"}],"curies":[{"name":"wp","href":"https:\/\/api.w.org\/{rel}","templated":true}]}}