{"id":352420,"date":"2023-05-30T11:14:13","date_gmt":"2023-05-30T09:14:13","guid":{"rendered":"https:\/\/wp.kristdemokraterna.se\/vasternorrland\/?p=352420"},"modified":"2023-11-23T10:31:25","modified_gmt":"2023-11-23T09:31:25","slug":"interpellation-okad-stafettnota-jamte-produktion-och-vardkoer","status":"publish","type":"post","link":"https:\/\/wp.kristdemokraterna.se\/vasternorrland\/interpellation-okad-stafettnota-jamte-produktion-och-vardkoer\/","title":{"rendered":"Interpellation: \u00d6kad stafettnota j\u00e4mte produktion och v\u00e5rdk\u00f6er"},"content":{"rendered":"<p>Interpellation till H\u00e4lso- och sjukv\u00e5rdsn\u00e4mndens ordf\u00f6rande<\/p>\n<p>Enligt prognos fr\u00e5n h\u00e4lso- och sjukv\u00e5rdsn\u00e4mndens del\u00e5rsrapport f\u00f6r januari &#8211; mars f\u00f6rv\u00e4ntas regionens stafettnota f\u00f6r v\u00e5rdpersonal n\u00e5 upp till 585,2 miljoner kronor i \u00e5r. Detta \u00e4r en \u00f6kning med 118 miljoner j\u00e4mf\u00f6rt med i fjol.<\/p>\n<p>Fr\u00e5gan jag st\u00e4ller till Elina Backlund Arab \u00e4r: Har produktionen \u00f6kat och v\u00e5rdk\u00f6erna minskat i och med \u00f6kade kostnaden? <\/p>\n<p>2023-05-30<br \/>\nMona Hammarstedt KD<\/p>\n<hr \/>\n<p><a href=\"http:\/\/wp.kristdemokraterna.se\/vasternorrland\/kategorier\/personal\/\">Personal<\/a> | <a href=\"http:\/\/wp.kristdemokraterna.se\/vasternorrland\/etiketter\/bemanning\/\">bemanning<\/a> \u00b7 <a href=\"http:\/\/wp.kristdemokraterna.se\/vasternorrland\/etiketter\/hyrpersonal\/\">hyrpersonal<\/a> \u00b7 <a href=\"http:\/\/wp.kristdemokraterna.se\/vasternorrland\/etiketter\/interpellation\/\">interpellation<\/a> \u00b7 <a href=\"http:\/\/wp.kristdemokraterna.se\/vasternorrland\/etiketter\/mona-hammarstedt\/\">Mona Hammarstedt<\/a> \u00b7 <a href=\"http:\/\/wp.kristdemokraterna.se\/vasternorrland\/etiketter\/v\u00e5rdk\u00f6er\/\">V\u00e5rdk\u00f6er<\/a><\/p>\n","protected":false},"excerpt":{"rendered":"<p>Interpellation till H\u00e4lso- och sjukv\u00e5rdsn\u00e4mndens ordf\u00f6rande Enligt prognos fr\u00e5n h\u00e4lso- och sjukv\u00e5rdsn\u00e4mndens del\u00e5rsrapport f\u00f6r januari &#8211; mars f\u00f6rv\u00e4ntas regionens stafettnota f\u00f6r v\u00e5rdpersonal n\u00e5 upp till 585,2 miljoner kronor i \u00e5r. Detta \u00e4r en \u00f6kning med 118 miljoner j\u00e4mf\u00f6rt med i fjol. Fr\u00e5gan jag st\u00e4ller till Elina Backlund Arab \u00e4r: Har produktionen \u00f6kat och v\u00e5rdk\u00f6erna minskat <a class=\"read-more-link\" href=\"https:\/\/wp.kristdemokraterna.se\/vasternorrland\/interpellation-okad-stafettnota-jamte-produktion-och-vardkoer\/\">Read More<\/a><\/p>\n","protected":false},"author":861,"featured_media":0,"comment_status":"closed","ping_status":"closed","sticky":false,"template":"","format":"standard","meta":{"_acf_changed":false,"footnotes":""},"categories":[824,727,110],"tags":[543,673,39,16,1421,122],"class_list":["post-352420","post","type-post","status-publish","format-standard","hentry","category-bemanning","category-nyheter","category-personal","tag-alla-inlagg","tag-hyrpersonal","tag-interpellation","tag-mona-hammarstedt","tag-staf","tag-vardkoer"],"acf":[],"yoast_head":"<!-- This site is optimized with the Yoast SEO plugin v27.4 - https:\/\/yoast.com\/product\/yoast-seo-wordpress\/ -->\n<title>Interpellation: \u00d6kad stafettnota j\u00e4mte produktion och v\u00e5rdk\u00f6er | KD V\u00e4sternorrland<\/title>\n<meta name=\"robots\" content=\"index, follow, max-snippet:-1, max-image-preview:large, max-video-preview:-1\" \/>\n<link rel=\"canonical\" href=\"https:\/\/wp.kristdemokraterna.se\/vasternorrland\/interpellation-okad-stafettnota-jamte-produktion-och-vardkoer\/\" \/>\n<meta property=\"og:locale\" content=\"sv_SE\" \/>\n<meta property=\"og:type\" content=\"article\" \/>\n<meta property=\"og:title\" content=\"Interpellation: \u00d6kad stafettnota j\u00e4mte produktion och v\u00e5rdk\u00f6er | KD V\u00e4sternorrland\" \/>\n<meta property=\"og:description\" content=\"Interpellation till H\u00e4lso- och sjukv\u00e5rdsn\u00e4mndens ordf\u00f6rande Enligt prognos fr\u00e5n h\u00e4lso- och sjukv\u00e5rdsn\u00e4mndens del\u00e5rsrapport f\u00f6r januari &#8211; mars f\u00f6rv\u00e4ntas regionens stafettnota f\u00f6r v\u00e5rdpersonal n\u00e5 upp till 585,2 miljoner kronor i \u00e5r. Detta \u00e4r en \u00f6kning med 118 miljoner j\u00e4mf\u00f6rt med i fjol. Fr\u00e5gan jag st\u00e4ller till Elina Backlund Arab \u00e4r: Har produktionen \u00f6kat och v\u00e5rdk\u00f6erna minskat Read More\" \/>\n<meta property=\"og:url\" content=\"https:\/\/wp.kristdemokraterna.se\/vasternorrland\/interpellation-okad-stafettnota-jamte-produktion-och-vardkoer\/\" \/>\n<meta property=\"og:site_name\" content=\"KD V\u00e4sternorrland\" \/>\n<meta property=\"article:publisher\" content=\"https:\/\/www.facebook.com\/kdrvn\/\" \/>\n<meta property=\"article:published_time\" content=\"2023-05-30T09:14:13+00:00\" \/>\n<meta property=\"article:modified_time\" content=\"2023-11-23T09:31:25+00:00\" \/>\n<meta name=\"author\" content=\"sendelbach\" \/>\n<meta name=\"twitter:card\" content=\"summary_large_image\" \/>\n<meta name=\"twitter:label1\" content=\"Skriven av\" \/>\n\t<meta name=\"twitter:data1\" content=\"sendelbach\" \/>\n\t<meta name=\"twitter:label2\" content=\"Ber\u00e4knad l\u00e4stid\" \/>\n\t<meta name=\"twitter:data2\" content=\"1 minut\" \/>\n<script type=\"application\/ld+json\" class=\"yoast-schema-graph\">{\"@context\":\"https:\\\/\\\/schema.org\",\"@graph\":[{\"@type\":\"Article\",\"@id\":\"https:\\\/\\\/wp.kristdemokraterna.se\\\/vasternorrland\\\/interpellation-okad-stafettnota-jamte-produktion-och-vardkoer\\\/#article\",\"isPartOf\":{\"@id\":\"https:\\\/\\\/wp.kristdemokraterna.se\\\/vasternorrland\\\/interpellation-okad-stafettnota-jamte-produktion-och-vardkoer\\\/\"},\"author\":{\"name\":\"sendelbach\",\"@id\":\"https:\\\/\\\/wp.kristdemokraterna.se\\\/vasternorrland\\\/#\\\/schema\\\/person\\\/c253503d86970574912dff6ec658bf28\"},\"headline\":\"Interpellation: \u00d6kad stafettnota j\u00e4mte produktion och v\u00e5rdk\u00f6er\",\"datePublished\":\"2023-05-30T09:14:13+00:00\",\"dateModified\":\"2023-11-23T09:31:25+00:00\",\"mainEntityOfPage\":{\"@id\":\"https:\\\/\\\/wp.kristdemokraterna.se\\\/vasternorrland\\\/interpellation-okad-stafettnota-jamte-produktion-och-vardkoer\\\/\"},\"wordCount\":102,\"keywords\":[\"alla inl\u00e4gg\",\"hyrpersonal\",\"interpellation\",\"Mona Hammarstedt\",\"staf\",\"v\u00e5rdk\u00f6er\"],\"articleSection\":[\"Bemanning\",\"Nyheter\",\"Personal\"],\"inLanguage\":\"sv-SE\"},{\"@type\":\"WebPage\",\"@id\":\"https:\\\/\\\/wp.kristdemokraterna.se\\\/vasternorrland\\\/interpellation-okad-stafettnota-jamte-produktion-och-vardkoer\\\/\",\"url\":\"https:\\\/\\\/wp.kristdemokraterna.se\\\/vasternorrland\\\/interpellation-okad-stafettnota-jamte-produktion-och-vardkoer\\\/\",\"name\":\"Interpellation: \u00d6kad stafettnota j\u00e4mte produktion och v\u00e5rdk\u00f6er | KD V\u00e4sternorrland\",\"isPartOf\":{\"@id\":\"https:\\\/\\\/wp.kristdemokraterna.se\\\/vasternorrland\\\/#website\"},\"datePublished\":\"2023-05-30T09:14:13+00:00\",\"dateModified\":\"2023-11-23T09:31:25+00:00\",\"author\":{\"@id\":\"https:\\\/\\\/wp.kristdemokraterna.se\\\/vasternorrland\\\/#\\\/schema\\\/person\\\/c253503d86970574912dff6ec658bf28\"},\"breadcrumb\":{\"@id\":\"https:\\\/\\\/wp.kristdemokraterna.se\\\/vasternorrland\\\/interpellation-okad-stafettnota-jamte-produktion-och-vardkoer\\\/#breadcrumb\"},\"inLanguage\":\"sv-SE\",\"potentialAction\":[{\"@type\":\"ReadAction\",\"target\":[\"https:\\\/\\\/wp.kristdemokraterna.se\\\/vasternorrland\\\/interpellation-okad-stafettnota-jamte-produktion-och-vardkoer\\\/\"]}]},{\"@type\":\"BreadcrumbList\",\"@id\":\"https:\\\/\\\/wp.kristdemokraterna.se\\\/vasternorrland\\\/interpellation-okad-stafettnota-jamte-produktion-och-vardkoer\\\/#breadcrumb\",\"itemListElement\":[{\"@type\":\"ListItem\",\"position\":1,\"name\":\"Hem\",\"item\":\"https:\\\/\\\/wp.kristdemokraterna.se\\\/vasternorrland\\\/\"},{\"@type\":\"ListItem\",\"position\":2,\"name\":\"Interpellation: \u00d6kad stafettnota j\u00e4mte produktion och v\u00e5rdk\u00f6er\"}]},{\"@type\":\"WebSite\",\"@id\":\"https:\\\/\\\/wp.kristdemokraterna.se\\\/vasternorrland\\\/#website\",\"url\":\"https:\\\/\\\/wp.kristdemokraterna.se\\\/vasternorrland\\\/\",\"name\":\"KD V\u00e4sternorrland\",\"description\":\"V\u00e5rda v\u00e5rden - utveckla prim\u00e4rv\u00e5rden\",\"inLanguage\":\"sv-SE\"},{\"@type\":\"Person\",\"@id\":\"https:\\\/\\\/wp.kristdemokraterna.se\\\/vasternorrland\\\/#\\\/schema\\\/person\\\/c253503d86970574912dff6ec658bf28\",\"name\":\"sendelbach\",\"image\":{\"@type\":\"ImageObject\",\"inLanguage\":\"sv-SE\",\"@id\":\"https:\\\/\\\/secure.gravatar.com\\\/avatar\\\/0499a666be08fad4eb4333dbfba8681b8ebe23a978ce2e4c44818b2c5e2415b8?s=96&r=g\",\"url\":\"https:\\\/\\\/secure.gravatar.com\\\/avatar\\\/0499a666be08fad4eb4333dbfba8681b8ebe23a978ce2e4c44818b2c5e2415b8?s=96&r=g\",\"contentUrl\":\"https:\\\/\\\/secure.gravatar.com\\\/avatar\\\/0499a666be08fad4eb4333dbfba8681b8ebe23a978ce2e4c44818b2c5e2415b8?s=96&r=g\",\"caption\":\"sendelbach\"},\"url\":\"https:\\\/\\\/wp.kristdemokraterna.se\\\/vasternorrland\\\/author\\\/sendelbach\\\/\"}]}<\/script>\n<!-- \/ Yoast SEO plugin. -->","yoast_head_json":{"title":"Interpellation: \u00d6kad stafettnota j\u00e4mte produktion och v\u00e5rdk\u00f6er | KD V\u00e4sternorrland","robots":{"index":"index","follow":"follow","max-snippet":"max-snippet:-1","max-image-preview":"max-image-preview:large","max-video-preview":"max-video-preview:-1"},"canonical":"https:\/\/wp.kristdemokraterna.se\/vasternorrland\/interpellation-okad-stafettnota-jamte-produktion-och-vardkoer\/","og_locale":"sv_SE","og_type":"article","og_title":"Interpellation: \u00d6kad stafettnota j\u00e4mte produktion och v\u00e5rdk\u00f6er | KD V\u00e4sternorrland","og_description":"Interpellation till H\u00e4lso- och sjukv\u00e5rdsn\u00e4mndens ordf\u00f6rande Enligt prognos fr\u00e5n h\u00e4lso- och sjukv\u00e5rdsn\u00e4mndens del\u00e5rsrapport f\u00f6r januari &#8211; mars f\u00f6rv\u00e4ntas regionens stafettnota f\u00f6r v\u00e5rdpersonal n\u00e5 upp till 585,2 miljoner kronor i \u00e5r. Detta \u00e4r en \u00f6kning med 118 miljoner j\u00e4mf\u00f6rt med i fjol. Fr\u00e5gan jag st\u00e4ller till Elina Backlund Arab \u00e4r: Har produktionen \u00f6kat och v\u00e5rdk\u00f6erna minskat Read More","og_url":"https:\/\/wp.kristdemokraterna.se\/vasternorrland\/interpellation-okad-stafettnota-jamte-produktion-och-vardkoer\/","og_site_name":"KD V\u00e4sternorrland","article_publisher":"https:\/\/www.facebook.com\/kdrvn\/","article_published_time":"2023-05-30T09:14:13+00:00","article_modified_time":"2023-11-23T09:31:25+00:00","author":"sendelbach","twitter_card":"summary_large_image","twitter_misc":{"Skriven av":"sendelbach","Ber\u00e4knad l\u00e4stid":"1 minut"},"schema":{"@context":"https:\/\/schema.org","@graph":[{"@type":"Article","@id":"https:\/\/wp.kristdemokraterna.se\/vasternorrland\/interpellation-okad-stafettnota-jamte-produktion-och-vardkoer\/#article","isPartOf":{"@id":"https:\/\/wp.kristdemokraterna.se\/vasternorrland\/interpellation-okad-stafettnota-jamte-produktion-och-vardkoer\/"},"author":{"name":"sendelbach","@id":"https:\/\/wp.kristdemokraterna.se\/vasternorrland\/#\/schema\/person\/c253503d86970574912dff6ec658bf28"},"headline":"Interpellation: \u00d6kad stafettnota j\u00e4mte produktion och v\u00e5rdk\u00f6er","datePublished":"2023-05-30T09:14:13+00:00","dateModified":"2023-11-23T09:31:25+00:00","mainEntityOfPage":{"@id":"https:\/\/wp.kristdemokraterna.se\/vasternorrland\/interpellation-okad-stafettnota-jamte-produktion-och-vardkoer\/"},"wordCount":102,"keywords":["alla inl\u00e4gg","hyrpersonal","interpellation","Mona Hammarstedt","staf","v\u00e5rdk\u00f6er"],"articleSection":["Bemanning","Nyheter","Personal"],"inLanguage":"sv-SE"},{"@type":"WebPage","@id":"https:\/\/wp.kristdemokraterna.se\/vasternorrland\/interpellation-okad-stafettnota-jamte-produktion-och-vardkoer\/","url":"https:\/\/wp.kristdemokraterna.se\/vasternorrland\/interpellation-okad-stafettnota-jamte-produktion-och-vardkoer\/","name":"Interpellation: \u00d6kad stafettnota j\u00e4mte produktion och v\u00e5rdk\u00f6er | KD V\u00e4sternorrland","isPartOf":{"@id":"https:\/\/wp.kristdemokraterna.se\/vasternorrland\/#website"},"datePublished":"2023-05-30T09:14:13+00:00","dateModified":"2023-11-23T09:31:25+00:00","author":{"@id":"https:\/\/wp.kristdemokraterna.se\/vasternorrland\/#\/schema\/person\/c253503d86970574912dff6ec658bf28"},"breadcrumb":{"@id":"https:\/\/wp.kristdemokraterna.se\/vasternorrland\/interpellation-okad-stafettnota-jamte-produktion-och-vardkoer\/#breadcrumb"},"inLanguage":"sv-SE","potentialAction":[{"@type":"ReadAction","target":["https:\/\/wp.kristdemokraterna.se\/vasternorrland\/interpellation-okad-stafettnota-jamte-produktion-och-vardkoer\/"]}]},{"@type":"BreadcrumbList","@id":"https:\/\/wp.kristdemokraterna.se\/vasternorrland\/interpellation-okad-stafettnota-jamte-produktion-och-vardkoer\/#breadcrumb","itemListElement":[{"@type":"ListItem","position":1,"name":"Hem","item":"https:\/\/wp.kristdemokraterna.se\/vasternorrland\/"},{"@type":"ListItem","position":2,"name":"Interpellation: \u00d6kad stafettnota j\u00e4mte produktion och v\u00e5rdk\u00f6er"}]},{"@type":"WebSite","@id":"https:\/\/wp.kristdemokraterna.se\/vasternorrland\/#website","url":"https:\/\/wp.kristdemokraterna.se\/vasternorrland\/","name":"KD V\u00e4sternorrland","description":"V\u00e5rda v\u00e5rden - utveckla prim\u00e4rv\u00e5rden","inLanguage":"sv-SE"},{"@type":"Person","@id":"https:\/\/wp.kristdemokraterna.se\/vasternorrland\/#\/schema\/person\/c253503d86970574912dff6ec658bf28","name":"sendelbach","image":{"@type":"ImageObject","inLanguage":"sv-SE","@id":"https:\/\/secure.gravatar.com\/avatar\/0499a666be08fad4eb4333dbfba8681b8ebe23a978ce2e4c44818b2c5e2415b8?s=96&r=g","url":"https:\/\/secure.gravatar.com\/avatar\/0499a666be08fad4eb4333dbfba8681b8ebe23a978ce2e4c44818b2c5e2415b8?s=96&r=g","contentUrl":"https:\/\/secure.gravatar.com\/avatar\/0499a666be08fad4eb4333dbfba8681b8ebe23a978ce2e4c44818b2c5e2415b8?s=96&r=g","caption":"sendelbach"},"url":"https:\/\/wp.kristdemokraterna.se\/vasternorrland\/author\/sendelbach\/"}]}},"_links":{"self":[{"href":"https:\/\/wp.kristdemokraterna.se\/vasternorrland\/wp-json\/wp\/v2\/posts\/352420","targetHints":{"allow":["GET"]}}],"collection":[{"href":"https:\/\/wp.kristdemokraterna.se\/vasternorrland\/wp-json\/wp\/v2\/posts"}],"about":[{"href":"https:\/\/wp.kristdemokraterna.se\/vasternorrland\/wp-json\/wp\/v2\/types\/post"}],"author":[{"embeddable":true,"href":"https:\/\/wp.kristdemokraterna.se\/vasternorrland\/wp-json\/wp\/v2\/users\/861"}],"replies":[{"embeddable":true,"href":"https:\/\/wp.kristdemokraterna.se\/vasternorrland\/wp-json\/wp\/v2\/comments?post=352420"}],"version-history":[{"count":3,"href":"https:\/\/wp.kristdemokraterna.se\/vasternorrland\/wp-json\/wp\/v2\/posts\/352420\/revisions"}],"predecessor-version":[{"id":352435,"href":"https:\/\/wp.kristdemokraterna.se\/vasternorrland\/wp-json\/wp\/v2\/posts\/352420\/revisions\/352435"}],"wp:attachment":[{"href":"https:\/\/wp.kristdemokraterna.se\/vasternorrland\/wp-json\/wp\/v2\/media?parent=352420"}],"wp:term":[{"taxonomy":"category","embeddable":true,"href":"https:\/\/wp.kristdemokraterna.se\/vasternorrland\/wp-json\/wp\/v2\/categories?post=352420"},{"taxonomy":"post_tag","embeddable":true,"href":"https:\/\/wp.kristdemokraterna.se\/vasternorrland\/wp-json\/wp\/v2\/tags?post=352420"}],"curies":[{"name":"wp","href":"https:\/\/api.w.org\/{rel}","templated":true}]}}