{"id":352511,"date":"2024-06-18T10:11:10","date_gmt":"2024-06-18T08:11:10","guid":{"rendered":"https:\/\/wp.kristdemokraterna.se\/vasternorrland\/?p=352511"},"modified":"2024-12-18T11:01:57","modified_gmt":"2024-12-18T10:01:57","slug":"en-efterfragad-belysning-av-region-vasternorrlands-ransoneringsverktyg","status":"publish","type":"post","link":"https:\/\/wp.kristdemokraterna.se\/vasternorrland\/en-efterfragad-belysning-av-region-vasternorrlands-ransoneringsverktyg\/","title":{"rendered":"En efterfr\u00e5gad belysning av Region V\u00e4sternorrlands Ransoneringsverktyg"},"content":{"rendered":"<p>Motivering till interpellationen I artikel (<a href=\"https:\/\/www.allehanda.se\/2024-05-25\/o-viks-sjukhus-saknar-personal\/\">https:\/\/www.allehanda.se\/2024-05-25\/o-viks-sjukhus-saknar-personal\/<\/a>) framg\u00e5r att Emma Furberg, ordf\u00f6rande i \u00c5ngermanlands l\u00e4karf\u00f6rening, uttrycker att bemanningsl\u00e4get k\u00e4nns orov\u00e4ckande inf\u00f6r sommaren. Vidare framg\u00e5r att Emma Furberg och hennes kollegor, p\u00e5 ett m\u00f6te f\u00e5tt information, om att Regionen tagit fram ett ransoneringsverktyg. Detta verktyg, kan vi l\u00e4sa, ska vara ett st\u00f6d till personalen om de beh\u00f6ver g\u00f6ra avsteg fr\u00e5n de prioriteringar som vanligtvis g\u00f6rs. Artikeln avslutas med f\u00f6ljande citat:<\/p>\n<p>\u2013 Vi ser ett behov av att grundligt analysera konsekvenserna f\u00f6r medarbetarnas arbetsmilj\u00f6 och f\u00f6r patients\u00e4kerheten innan ett s\u00e5dant verktyg implementeras, s\u00e4ger Emma Furberg.<\/p>\n<p>Med h\u00e4nvisning till ovanst\u00e5ende \u00f6nskas svar p\u00e5 f\u00f6ljande fr\u00e5gor<\/p>\n<ul>\n<li>N\u00e4r och var, \u00e4r tanken att detta ransoneringsverktyg skall implementeras?<\/li>\n<li>Har personalen f\u00e5tt veta vad det inneb\u00e4r i praktiken?<\/li>\n<li>Kommer en grundlig risk och konsekvensanalys att g\u00f6ras f\u00f6re implementeringen av detta ransoneringsverktyget?<\/li>\n<\/ul>\n<p>Ledamot f\u00f6r Kristdemokraterna Region V\u00e4sternorrland<br \/>\nMaria Borgehammar<\/p>\n<hr \/>\n<p><a href=\"http:\/\/wp.kristdemokraterna.se\/vasternorrland\/kategorier\/personal\/\">Personal<\/a> | <a href=\"http:\/\/wp.kristdemokraterna.se\/vasternorrland\/etiketter\/arbetsmiljo\/\">arbetsmilj\u00f6<\/a> \u00b7 <a href=\"http:\/\/wp.kristdemokraterna.se\/vasternorrland\/etiketter\/bemanning\/\">bemanning<\/a> \u00b7 <a href=\"http:\/\/wp.kristdemokraterna.se\/vasternorrland\/etiketter\/interpellation\/\">interpellation<\/a> \u00b7 <a href=\"http:\/\/wp.kristdemokraterna.se\/vasternorrland\/etiketter\/maria-borgehammar\/\">Maria Borgehammar<\/a> \u00b7 <a href=\"http:\/\/wp.kristdemokraterna.se\/vasternorrland\/etiketter\/patientsakerhet\/\">patients\u00e4kerhet<\/a> \u00b7 <a href=\"http:\/\/wp.kristdemokraterna.se\/vasternorrland\/etiketter\/ransoneringsverktyg\/\">ransoneringsverktyg<\/a><\/p>\n","protected":false},"excerpt":{"rendered":"<p>Motivering till interpellationen I artikel (https:\/\/www.allehanda.se\/2024-05-25\/o-viks-sjukhus-saknar-personal\/) framg\u00e5r att Emma Furberg, ordf\u00f6rande i \u00c5ngermanlands l\u00e4karf\u00f6rening, uttrycker att bemanningsl\u00e4get k\u00e4nns orov\u00e4ckande inf\u00f6r sommaren. Vidare framg\u00e5r att Emma Furberg och hennes kollegor, p\u00e5 ett m\u00f6te f\u00e5tt information, om att Regionen tagit fram ett ransoneringsverktyg. Detta verktyg, kan vi l\u00e4sa, ska vara ett st\u00f6d till personalen om de beh\u00f6ver <a class=\"read-more-link\" href=\"https:\/\/wp.kristdemokraterna.se\/vasternorrland\/en-efterfragad-belysning-av-region-vasternorrlands-ransoneringsverktyg\/\">Read More<\/a><\/p>\n","protected":false},"author":861,"featured_media":0,"comment_status":"closed","ping_status":"closed","sticky":false,"template":"","format":"standard","meta":{"_acf_changed":false,"footnotes":""},"categories":[824,727,110],"tags":[543,732,392,39,1308,209,98,1433],"class_list":["post-352511","post","type-post","status-publish","format-standard","hentry","category-bemanning","category-nyheter","category-personal","tag-alla-inlagg","tag-arbetsmiljo","tag-bemanning","tag-interpellation","tag-maria-borgehammar","tag-patientsakerhet","tag-personal","tag-ransoneringsverktyg"],"acf":[],"yoast_head":"<!-- This site is optimized with the Yoast SEO plugin v27.4 - https:\/\/yoast.com\/product\/yoast-seo-wordpress\/ -->\n<title>En efterfr\u00e5gad belysning av Region V\u00e4sternorrlands Ransoneringsverktyg | KD V\u00e4sternorrland<\/title>\n<meta name=\"robots\" content=\"index, follow, max-snippet:-1, max-image-preview:large, max-video-preview:-1\" \/>\n<link rel=\"canonical\" href=\"https:\/\/wp.kristdemokraterna.se\/vasternorrland\/en-efterfragad-belysning-av-region-vasternorrlands-ransoneringsverktyg\/\" \/>\n<meta property=\"og:locale\" content=\"sv_SE\" \/>\n<meta property=\"og:type\" content=\"article\" \/>\n<meta property=\"og:title\" content=\"En efterfr\u00e5gad belysning av Region V\u00e4sternorrlands Ransoneringsverktyg | KD V\u00e4sternorrland\" \/>\n<meta property=\"og:description\" content=\"Motivering till interpellationen I artikel (https:\/\/www.allehanda.se\/2024-05-25\/o-viks-sjukhus-saknar-personal\/) framg\u00e5r att Emma Furberg, ordf\u00f6rande i \u00c5ngermanlands l\u00e4karf\u00f6rening, uttrycker att bemanningsl\u00e4get k\u00e4nns orov\u00e4ckande inf\u00f6r sommaren. Vidare framg\u00e5r att Emma Furberg och hennes kollegor, p\u00e5 ett m\u00f6te f\u00e5tt information, om att Regionen tagit fram ett ransoneringsverktyg. Detta verktyg, kan vi l\u00e4sa, ska vara ett st\u00f6d till personalen om de beh\u00f6ver Read More\" \/>\n<meta property=\"og:url\" content=\"https:\/\/wp.kristdemokraterna.se\/vasternorrland\/en-efterfragad-belysning-av-region-vasternorrlands-ransoneringsverktyg\/\" \/>\n<meta property=\"og:site_name\" content=\"KD V\u00e4sternorrland\" \/>\n<meta property=\"article:publisher\" content=\"https:\/\/www.facebook.com\/kdrvn\/\" \/>\n<meta property=\"article:published_time\" content=\"2024-06-18T08:11:10+00:00\" \/>\n<meta property=\"article:modified_time\" content=\"2024-12-18T10:01:57+00:00\" \/>\n<meta name=\"author\" content=\"sendelbach\" \/>\n<meta name=\"twitter:card\" content=\"summary_large_image\" \/>\n<meta name=\"twitter:label1\" content=\"Skriven av\" \/>\n\t<meta name=\"twitter:data1\" content=\"sendelbach\" \/>\n\t<meta name=\"twitter:label2\" content=\"Ber\u00e4knad l\u00e4stid\" \/>\n\t<meta name=\"twitter:data2\" content=\"1 minut\" \/>\n<script type=\"application\/ld+json\" class=\"yoast-schema-graph\">{\"@context\":\"https:\\\/\\\/schema.org\",\"@graph\":[{\"@type\":\"Article\",\"@id\":\"https:\\\/\\\/wp.kristdemokraterna.se\\\/vasternorrland\\\/en-efterfragad-belysning-av-region-vasternorrlands-ransoneringsverktyg\\\/#article\",\"isPartOf\":{\"@id\":\"https:\\\/\\\/wp.kristdemokraterna.se\\\/vasternorrland\\\/en-efterfragad-belysning-av-region-vasternorrlands-ransoneringsverktyg\\\/\"},\"author\":{\"name\":\"sendelbach\",\"@id\":\"https:\\\/\\\/wp.kristdemokraterna.se\\\/vasternorrland\\\/#\\\/schema\\\/person\\\/c253503d86970574912dff6ec658bf28\"},\"headline\":\"En efterfr\u00e5gad belysning av Region V\u00e4sternorrlands Ransoneringsverktyg\",\"datePublished\":\"2024-06-18T08:11:10+00:00\",\"dateModified\":\"2024-12-18T10:01:57+00:00\",\"mainEntityOfPage\":{\"@id\":\"https:\\\/\\\/wp.kristdemokraterna.se\\\/vasternorrland\\\/en-efterfragad-belysning-av-region-vasternorrlands-ransoneringsverktyg\\\/\"},\"wordCount\":197,\"keywords\":[\"alla inl\u00e4gg\",\"arbetsmilj\u00f6\",\"bemanning\",\"interpellation\",\"Maria Borgehammar\",\"patients\u00e4kerhet\",\"personal\",\"ransoneringsverktyg\"],\"articleSection\":[\"Bemanning\",\"Nyheter\",\"Personal\"],\"inLanguage\":\"sv-SE\"},{\"@type\":\"WebPage\",\"@id\":\"https:\\\/\\\/wp.kristdemokraterna.se\\\/vasternorrland\\\/en-efterfragad-belysning-av-region-vasternorrlands-ransoneringsverktyg\\\/\",\"url\":\"https:\\\/\\\/wp.kristdemokraterna.se\\\/vasternorrland\\\/en-efterfragad-belysning-av-region-vasternorrlands-ransoneringsverktyg\\\/\",\"name\":\"En efterfr\u00e5gad belysning av Region V\u00e4sternorrlands Ransoneringsverktyg | KD V\u00e4sternorrland\",\"isPartOf\":{\"@id\":\"https:\\\/\\\/wp.kristdemokraterna.se\\\/vasternorrland\\\/#website\"},\"datePublished\":\"2024-06-18T08:11:10+00:00\",\"dateModified\":\"2024-12-18T10:01:57+00:00\",\"author\":{\"@id\":\"https:\\\/\\\/wp.kristdemokraterna.se\\\/vasternorrland\\\/#\\\/schema\\\/person\\\/c253503d86970574912dff6ec658bf28\"},\"breadcrumb\":{\"@id\":\"https:\\\/\\\/wp.kristdemokraterna.se\\\/vasternorrland\\\/en-efterfragad-belysning-av-region-vasternorrlands-ransoneringsverktyg\\\/#breadcrumb\"},\"inLanguage\":\"sv-SE\",\"potentialAction\":[{\"@type\":\"ReadAction\",\"target\":[\"https:\\\/\\\/wp.kristdemokraterna.se\\\/vasternorrland\\\/en-efterfragad-belysning-av-region-vasternorrlands-ransoneringsverktyg\\\/\"]}]},{\"@type\":\"BreadcrumbList\",\"@id\":\"https:\\\/\\\/wp.kristdemokraterna.se\\\/vasternorrland\\\/en-efterfragad-belysning-av-region-vasternorrlands-ransoneringsverktyg\\\/#breadcrumb\",\"itemListElement\":[{\"@type\":\"ListItem\",\"position\":1,\"name\":\"Hem\",\"item\":\"https:\\\/\\\/wp.kristdemokraterna.se\\\/vasternorrland\\\/\"},{\"@type\":\"ListItem\",\"position\":2,\"name\":\"En efterfr\u00e5gad belysning av Region V\u00e4sternorrlands Ransoneringsverktyg\"}]},{\"@type\":\"WebSite\",\"@id\":\"https:\\\/\\\/wp.kristdemokraterna.se\\\/vasternorrland\\\/#website\",\"url\":\"https:\\\/\\\/wp.kristdemokraterna.se\\\/vasternorrland\\\/\",\"name\":\"KD V\u00e4sternorrland\",\"description\":\"V\u00e5rda v\u00e5rden - utveckla prim\u00e4rv\u00e5rden\",\"inLanguage\":\"sv-SE\"},{\"@type\":\"Person\",\"@id\":\"https:\\\/\\\/wp.kristdemokraterna.se\\\/vasternorrland\\\/#\\\/schema\\\/person\\\/c253503d86970574912dff6ec658bf28\",\"name\":\"sendelbach\",\"image\":{\"@type\":\"ImageObject\",\"inLanguage\":\"sv-SE\",\"@id\":\"https:\\\/\\\/secure.gravatar.com\\\/avatar\\\/0499a666be08fad4eb4333dbfba8681b8ebe23a978ce2e4c44818b2c5e2415b8?s=96&r=g\",\"url\":\"https:\\\/\\\/secure.gravatar.com\\\/avatar\\\/0499a666be08fad4eb4333dbfba8681b8ebe23a978ce2e4c44818b2c5e2415b8?s=96&r=g\",\"contentUrl\":\"https:\\\/\\\/secure.gravatar.com\\\/avatar\\\/0499a666be08fad4eb4333dbfba8681b8ebe23a978ce2e4c44818b2c5e2415b8?s=96&r=g\",\"caption\":\"sendelbach\"},\"url\":\"https:\\\/\\\/wp.kristdemokraterna.se\\\/vasternorrland\\\/author\\\/sendelbach\\\/\"}]}<\/script>\n<!-- \/ Yoast SEO plugin. -->","yoast_head_json":{"title":"En efterfr\u00e5gad belysning av Region V\u00e4sternorrlands Ransoneringsverktyg | KD V\u00e4sternorrland","robots":{"index":"index","follow":"follow","max-snippet":"max-snippet:-1","max-image-preview":"max-image-preview:large","max-video-preview":"max-video-preview:-1"},"canonical":"https:\/\/wp.kristdemokraterna.se\/vasternorrland\/en-efterfragad-belysning-av-region-vasternorrlands-ransoneringsverktyg\/","og_locale":"sv_SE","og_type":"article","og_title":"En efterfr\u00e5gad belysning av Region V\u00e4sternorrlands Ransoneringsverktyg | KD V\u00e4sternorrland","og_description":"Motivering till interpellationen I artikel (https:\/\/www.allehanda.se\/2024-05-25\/o-viks-sjukhus-saknar-personal\/) framg\u00e5r att Emma Furberg, ordf\u00f6rande i \u00c5ngermanlands l\u00e4karf\u00f6rening, uttrycker att bemanningsl\u00e4get k\u00e4nns orov\u00e4ckande inf\u00f6r sommaren. Vidare framg\u00e5r att Emma Furberg och hennes kollegor, p\u00e5 ett m\u00f6te f\u00e5tt information, om att Regionen tagit fram ett ransoneringsverktyg. Detta verktyg, kan vi l\u00e4sa, ska vara ett st\u00f6d till personalen om de beh\u00f6ver Read More","og_url":"https:\/\/wp.kristdemokraterna.se\/vasternorrland\/en-efterfragad-belysning-av-region-vasternorrlands-ransoneringsverktyg\/","og_site_name":"KD V\u00e4sternorrland","article_publisher":"https:\/\/www.facebook.com\/kdrvn\/","article_published_time":"2024-06-18T08:11:10+00:00","article_modified_time":"2024-12-18T10:01:57+00:00","author":"sendelbach","twitter_card":"summary_large_image","twitter_misc":{"Skriven av":"sendelbach","Ber\u00e4knad l\u00e4stid":"1 minut"},"schema":{"@context":"https:\/\/schema.org","@graph":[{"@type":"Article","@id":"https:\/\/wp.kristdemokraterna.se\/vasternorrland\/en-efterfragad-belysning-av-region-vasternorrlands-ransoneringsverktyg\/#article","isPartOf":{"@id":"https:\/\/wp.kristdemokraterna.se\/vasternorrland\/en-efterfragad-belysning-av-region-vasternorrlands-ransoneringsverktyg\/"},"author":{"name":"sendelbach","@id":"https:\/\/wp.kristdemokraterna.se\/vasternorrland\/#\/schema\/person\/c253503d86970574912dff6ec658bf28"},"headline":"En efterfr\u00e5gad belysning av Region V\u00e4sternorrlands Ransoneringsverktyg","datePublished":"2024-06-18T08:11:10+00:00","dateModified":"2024-12-18T10:01:57+00:00","mainEntityOfPage":{"@id":"https:\/\/wp.kristdemokraterna.se\/vasternorrland\/en-efterfragad-belysning-av-region-vasternorrlands-ransoneringsverktyg\/"},"wordCount":197,"keywords":["alla inl\u00e4gg","arbetsmilj\u00f6","bemanning","interpellation","Maria Borgehammar","patients\u00e4kerhet","personal","ransoneringsverktyg"],"articleSection":["Bemanning","Nyheter","Personal"],"inLanguage":"sv-SE"},{"@type":"WebPage","@id":"https:\/\/wp.kristdemokraterna.se\/vasternorrland\/en-efterfragad-belysning-av-region-vasternorrlands-ransoneringsverktyg\/","url":"https:\/\/wp.kristdemokraterna.se\/vasternorrland\/en-efterfragad-belysning-av-region-vasternorrlands-ransoneringsverktyg\/","name":"En efterfr\u00e5gad belysning av Region V\u00e4sternorrlands Ransoneringsverktyg | KD V\u00e4sternorrland","isPartOf":{"@id":"https:\/\/wp.kristdemokraterna.se\/vasternorrland\/#website"},"datePublished":"2024-06-18T08:11:10+00:00","dateModified":"2024-12-18T10:01:57+00:00","author":{"@id":"https:\/\/wp.kristdemokraterna.se\/vasternorrland\/#\/schema\/person\/c253503d86970574912dff6ec658bf28"},"breadcrumb":{"@id":"https:\/\/wp.kristdemokraterna.se\/vasternorrland\/en-efterfragad-belysning-av-region-vasternorrlands-ransoneringsverktyg\/#breadcrumb"},"inLanguage":"sv-SE","potentialAction":[{"@type":"ReadAction","target":["https:\/\/wp.kristdemokraterna.se\/vasternorrland\/en-efterfragad-belysning-av-region-vasternorrlands-ransoneringsverktyg\/"]}]},{"@type":"BreadcrumbList","@id":"https:\/\/wp.kristdemokraterna.se\/vasternorrland\/en-efterfragad-belysning-av-region-vasternorrlands-ransoneringsverktyg\/#breadcrumb","itemListElement":[{"@type":"ListItem","position":1,"name":"Hem","item":"https:\/\/wp.kristdemokraterna.se\/vasternorrland\/"},{"@type":"ListItem","position":2,"name":"En efterfr\u00e5gad belysning av Region V\u00e4sternorrlands Ransoneringsverktyg"}]},{"@type":"WebSite","@id":"https:\/\/wp.kristdemokraterna.se\/vasternorrland\/#website","url":"https:\/\/wp.kristdemokraterna.se\/vasternorrland\/","name":"KD V\u00e4sternorrland","description":"V\u00e5rda v\u00e5rden - utveckla prim\u00e4rv\u00e5rden","inLanguage":"sv-SE"},{"@type":"Person","@id":"https:\/\/wp.kristdemokraterna.se\/vasternorrland\/#\/schema\/person\/c253503d86970574912dff6ec658bf28","name":"sendelbach","image":{"@type":"ImageObject","inLanguage":"sv-SE","@id":"https:\/\/secure.gravatar.com\/avatar\/0499a666be08fad4eb4333dbfba8681b8ebe23a978ce2e4c44818b2c5e2415b8?s=96&r=g","url":"https:\/\/secure.gravatar.com\/avatar\/0499a666be08fad4eb4333dbfba8681b8ebe23a978ce2e4c44818b2c5e2415b8?s=96&r=g","contentUrl":"https:\/\/secure.gravatar.com\/avatar\/0499a666be08fad4eb4333dbfba8681b8ebe23a978ce2e4c44818b2c5e2415b8?s=96&r=g","caption":"sendelbach"},"url":"https:\/\/wp.kristdemokraterna.se\/vasternorrland\/author\/sendelbach\/"}]}},"_links":{"self":[{"href":"https:\/\/wp.kristdemokraterna.se\/vasternorrland\/wp-json\/wp\/v2\/posts\/352511","targetHints":{"allow":["GET"]}}],"collection":[{"href":"https:\/\/wp.kristdemokraterna.se\/vasternorrland\/wp-json\/wp\/v2\/posts"}],"about":[{"href":"https:\/\/wp.kristdemokraterna.se\/vasternorrland\/wp-json\/wp\/v2\/types\/post"}],"author":[{"embeddable":true,"href":"https:\/\/wp.kristdemokraterna.se\/vasternorrland\/wp-json\/wp\/v2\/users\/861"}],"replies":[{"embeddable":true,"href":"https:\/\/wp.kristdemokraterna.se\/vasternorrland\/wp-json\/wp\/v2\/comments?post=352511"}],"version-history":[{"count":3,"href":"https:\/\/wp.kristdemokraterna.se\/vasternorrland\/wp-json\/wp\/v2\/posts\/352511\/revisions"}],"predecessor-version":[{"id":352524,"href":"https:\/\/wp.kristdemokraterna.se\/vasternorrland\/wp-json\/wp\/v2\/posts\/352511\/revisions\/352524"}],"wp:attachment":[{"href":"https:\/\/wp.kristdemokraterna.se\/vasternorrland\/wp-json\/wp\/v2\/media?parent=352511"}],"wp:term":[{"taxonomy":"category","embeddable":true,"href":"https:\/\/wp.kristdemokraterna.se\/vasternorrland\/wp-json\/wp\/v2\/categories?post=352511"},{"taxonomy":"post_tag","embeddable":true,"href":"https:\/\/wp.kristdemokraterna.se\/vasternorrland\/wp-json\/wp\/v2\/tags?post=352511"}],"curies":[{"name":"wp","href":"https:\/\/api.w.org\/{rel}","templated":true}]}}