{"id":420,"date":"2016-06-29T17:42:54","date_gmt":"2016-06-29T15:42:54","guid":{"rendered":"http:\/\/wp.kristdemokraterna.se\/vasternorrland\/?p=420"},"modified":"2020-06-23T10:04:11","modified_gmt":"2020-06-23T08:04:11","slug":"ett-lvn-beslut-pa-losa-grunder","status":"publish","type":"post","link":"https:\/\/wp.kristdemokraterna.se\/vasternorrland\/ett-lvn-beslut-pa-losa-grunder\/","title":{"rendered":"Ett beslut p\u00e5 l\u00f6sa grunder"},"content":{"rendered":"<p>I landstinget V\u00e4sternorrland \u00e4r det nu dags att ta beslut om verksamhetsf\u00f6r\u00e4ndringar i Sollefte\u00e5 och H\u00e4rn\u00f6sand.<\/p>\n<p>Vi politiker ska ha\u00a0omr\u00f6stning om att ta bort den akuta ortopedin i Sollefte\u00e5 och nedl\u00e4ggningen av Medicinsk rehab i H\u00e4rn\u00f6sand.<\/p>\n<p><em>\u201d- Alla kan nog konstatera att strukturf\u00f6r\u00e4ndringsprocessen har varit under all kritik. Den sittande majoriteten har struntat i medborgarnas och personalens engagemang och dialog. Omtaget blev det inget av och dialog, ja vet man nog inte ens vad det \u00e4r. Majoriteten har blundat f\u00f6r oppositionens \u00e5terkommande krav om att f\u00e5 se ett helhetsperspektiv med risk- och konsekvensbed\u00f6mningar f\u00f6r alla verksamheter som p\u00e5verkas av f\u00f6r\u00e4ndringarna.\u201d<\/em><\/p>\n<p>Det s\u00e4ger Mona Hammarstedt, gruppledare f\u00f6r Kristdemokraterna i landstinget.<\/p>\n<p>F\u00f6r att seri\u00f6st fatta beslut om f\u00f6r\u00e4ndringar m\u00e5ste det finnas kvalitetss\u00e4krade underlag. Det g\u00e4ller s\u00e5v\u00e4l ekonomiska kalkyler och riskanalyser och bed\u00f6mningar av hur verksamheter som f\u00e5r ut\u00f6kat ansvar p\u00e5verkas exempelvis prim\u00e4rv\u00e5rden och operationscentrum i Sollefte\u00e5. Vi har heller inte f\u00e5tt svar p\u00e5 v\u00e5ra fr\u00e5gor hur ambulansen p\u00e5verkas av \u00f6kade transporter b\u00e5de vad g\u00e4ller patientrisker och \u00f6kade kostnader.<\/p>\n<p>Kristdemokraterna st\u00e4ller inte upp p\u00e5 att man genomf\u00f6r f\u00f6r\u00e4ndringar utan att man f\u00f6rst\u00e5r konsekvenserna av dem. D\u00e4rf\u00f6r har partiet landat i ett nej till b\u00e5de f\u00f6rslaget om att ta bort den akuta ortopedin fr\u00e5n Sollefte\u00e5 s\u00e5v\u00e4l som nedl\u00e4ggningen av Medicinsk rehab i H\u00e4rn\u00f6sand.<\/p>\n<p>Kristdemokraternas landstingsgrupp<\/p>\n<hr \/>\n<p><em>Bilden \u00f6verst av <a href=\"https:\/\/pixabay.com\/sv\/users\/paulbr75-2938186\/?utm_source=link-attribution&amp;utm_medium=referral&amp;utm_campaign=image&amp;utm_content=2857982\">Paul Brennan<\/a> fr\u00e5n Pixabay (<a href=\"https:\/\/pixabay.com\/sv\/service\/license\/\">Pixabay License<\/a>).<\/em><\/p>\n<hr \/>\n<p><a href=\"http:\/\/wp.kristdemokraterna.se\/vasternorrland\/kategorier\/specialistvard\/\">Specialistv\u00e5rd<\/a> | <a href=\"http:\/\/wp.kristdemokraterna.se\/vasternorrland\/etiketter\/akut-ortopedi\/\">akut ortopedi<\/a> \u00b7 <a href=\"http:\/\/wp.kristdemokraterna.se\/vasternorrland\/etiketter\/harnosand\/\">H\u00e4rn\u00f6sand<\/a> \u00b7 <a href=\"http:\/\/wp.kristdemokraterna.se\/vasternorrland\/etiketter\/mona-hammarstedt\/\">Mona Hammarstedt<\/a> \u00b7 <a href=\"http:\/\/wp.kristdemokraterna.se\/vasternorrland\/etiketter\/pressmeddelande\/\">pressmeddelande<\/a> \u00b7 <a href=\"http:\/\/wp.kristdemokraterna.se\/vasternorrland\/etiketter\/solleftea\/\">Sollefte\u00e5<\/a><\/p>\n","protected":false},"excerpt":{"rendered":"<p>I landstinget V\u00e4sternorrland \u00e4r det nu dags att ta beslut om verksamhetsf\u00f6r\u00e4ndringar i Sollefte\u00e5 och H\u00e4rn\u00f6sand. Vi politiker ska ha\u00a0omr\u00f6stning om att ta bort den akuta ortopedin i Sollefte\u00e5 och nedl\u00e4ggningen av Medicinsk rehab i H\u00e4rn\u00f6sand. \u201d- Alla kan nog konstatera att strukturf\u00f6r\u00e4ndringsprocessen har varit under all kritik. Den sittande majoriteten har struntat i medborgarnas <a class=\"read-more-link\" href=\"https:\/\/wp.kristdemokraterna.se\/vasternorrland\/ett-lvn-beslut-pa-losa-grunder\/\">Read More<\/a><\/p>\n","protected":false},"author":407,"featured_media":0,"comment_status":"closed","ping_status":"closed","sticky":false,"template":"","format":"standard","meta":{"_acf_changed":false,"footnotes":""},"categories":[815,101],"tags":[543,14,16,231,170,13],"class_list":["post-420","post","type-post","status-publish","format-standard","hentry","category-ortopedi","category-specialistvard","tag-alla-inlagg","tag-harnosand","tag-mona-hammarstedt","tag-ortopedi","tag-pressmeddelande","tag-solleftea"],"acf":[],"yoast_head":"<!-- This site is optimized with the Yoast SEO plugin v27.4 - https:\/\/yoast.com\/product\/yoast-seo-wordpress\/ -->\n<title>Ett beslut p\u00e5 l\u00f6sa grunder | KD V\u00e4sternorrland<\/title>\n<meta name=\"robots\" content=\"index, follow, max-snippet:-1, max-image-preview:large, max-video-preview:-1\" \/>\n<link rel=\"canonical\" href=\"https:\/\/wp.kristdemokraterna.se\/vasternorrland\/ett-lvn-beslut-pa-losa-grunder\/\" \/>\n<meta property=\"og:locale\" content=\"sv_SE\" \/>\n<meta property=\"og:type\" content=\"article\" \/>\n<meta property=\"og:title\" content=\"Ett beslut p\u00e5 l\u00f6sa grunder | KD V\u00e4sternorrland\" \/>\n<meta property=\"og:description\" content=\"I landstinget V\u00e4sternorrland \u00e4r det nu dags att ta beslut om verksamhetsf\u00f6r\u00e4ndringar i Sollefte\u00e5 och H\u00e4rn\u00f6sand. Vi politiker ska ha\u00a0omr\u00f6stning om att ta bort den akuta ortopedin i Sollefte\u00e5 och nedl\u00e4ggningen av Medicinsk rehab i H\u00e4rn\u00f6sand. \u201d- Alla kan nog konstatera att strukturf\u00f6r\u00e4ndringsprocessen har varit under all kritik. Den sittande majoriteten har struntat i medborgarnas Read More\" \/>\n<meta property=\"og:url\" content=\"https:\/\/wp.kristdemokraterna.se\/vasternorrland\/ett-lvn-beslut-pa-losa-grunder\/\" \/>\n<meta property=\"og:site_name\" content=\"KD V\u00e4sternorrland\" \/>\n<meta property=\"article:publisher\" content=\"https:\/\/www.facebook.com\/kdrvn\/\" \/>\n<meta property=\"article:published_time\" content=\"2016-06-29T15:42:54+00:00\" \/>\n<meta property=\"article:modified_time\" content=\"2020-06-23T08:04:11+00:00\" \/>\n<meta name=\"author\" content=\"vasternorrland\" \/>\n<meta name=\"twitter:card\" content=\"summary_large_image\" \/>\n<meta name=\"twitter:label1\" content=\"Skriven av\" \/>\n\t<meta name=\"twitter:data1\" content=\"vasternorrland\" \/>\n\t<meta name=\"twitter:label2\" content=\"Ber\u00e4knad l\u00e4stid\" \/>\n\t<meta name=\"twitter:data2\" content=\"1 minut\" \/>\n<script type=\"application\/ld+json\" class=\"yoast-schema-graph\">{\"@context\":\"https:\\\/\\\/schema.org\",\"@graph\":[{\"@type\":\"Article\",\"@id\":\"https:\\\/\\\/wp.kristdemokraterna.se\\\/vasternorrland\\\/ett-lvn-beslut-pa-losa-grunder\\\/#article\",\"isPartOf\":{\"@id\":\"https:\\\/\\\/wp.kristdemokraterna.se\\\/vasternorrland\\\/ett-lvn-beslut-pa-losa-grunder\\\/\"},\"author\":{\"name\":\"vasternorrland\",\"@id\":\"https:\\\/\\\/wp.kristdemokraterna.se\\\/vasternorrland\\\/#\\\/schema\\\/person\\\/3781ad071d5fbd6a1da361a146253f94\"},\"headline\":\"Ett beslut p\u00e5 l\u00f6sa grunder\",\"datePublished\":\"2016-06-29T15:42:54+00:00\",\"dateModified\":\"2020-06-23T08:04:11+00:00\",\"mainEntityOfPage\":{\"@id\":\"https:\\\/\\\/wp.kristdemokraterna.se\\\/vasternorrland\\\/ett-lvn-beslut-pa-losa-grunder\\\/\"},\"wordCount\":295,\"keywords\":[\"alla inl\u00e4gg\",\"h\u00e4rn\u00f6sand\",\"Mona Hammarstedt\",\"ortopedi\",\"pressmeddelande\",\"Sollefte\u00e5\"],\"articleSection\":[\"Ortopedi\",\"Specialistv\u00e5rd\"],\"inLanguage\":\"sv-SE\"},{\"@type\":\"WebPage\",\"@id\":\"https:\\\/\\\/wp.kristdemokraterna.se\\\/vasternorrland\\\/ett-lvn-beslut-pa-losa-grunder\\\/\",\"url\":\"https:\\\/\\\/wp.kristdemokraterna.se\\\/vasternorrland\\\/ett-lvn-beslut-pa-losa-grunder\\\/\",\"name\":\"Ett beslut p\u00e5 l\u00f6sa grunder | KD V\u00e4sternorrland\",\"isPartOf\":{\"@id\":\"https:\\\/\\\/wp.kristdemokraterna.se\\\/vasternorrland\\\/#website\"},\"datePublished\":\"2016-06-29T15:42:54+00:00\",\"dateModified\":\"2020-06-23T08:04:11+00:00\",\"author\":{\"@id\":\"https:\\\/\\\/wp.kristdemokraterna.se\\\/vasternorrland\\\/#\\\/schema\\\/person\\\/3781ad071d5fbd6a1da361a146253f94\"},\"breadcrumb\":{\"@id\":\"https:\\\/\\\/wp.kristdemokraterna.se\\\/vasternorrland\\\/ett-lvn-beslut-pa-losa-grunder\\\/#breadcrumb\"},\"inLanguage\":\"sv-SE\",\"potentialAction\":[{\"@type\":\"ReadAction\",\"target\":[\"https:\\\/\\\/wp.kristdemokraterna.se\\\/vasternorrland\\\/ett-lvn-beslut-pa-losa-grunder\\\/\"]}]},{\"@type\":\"BreadcrumbList\",\"@id\":\"https:\\\/\\\/wp.kristdemokraterna.se\\\/vasternorrland\\\/ett-lvn-beslut-pa-losa-grunder\\\/#breadcrumb\",\"itemListElement\":[{\"@type\":\"ListItem\",\"position\":1,\"name\":\"Hem\",\"item\":\"https:\\\/\\\/wp.kristdemokraterna.se\\\/vasternorrland\\\/\"},{\"@type\":\"ListItem\",\"position\":2,\"name\":\"Ett beslut p\u00e5 l\u00f6sa grunder\"}]},{\"@type\":\"WebSite\",\"@id\":\"https:\\\/\\\/wp.kristdemokraterna.se\\\/vasternorrland\\\/#website\",\"url\":\"https:\\\/\\\/wp.kristdemokraterna.se\\\/vasternorrland\\\/\",\"name\":\"KD V\u00e4sternorrland\",\"description\":\"V\u00e5rda v\u00e5rden - utveckla prim\u00e4rv\u00e5rden\",\"inLanguage\":\"sv-SE\"},{\"@type\":\"Person\",\"@id\":\"https:\\\/\\\/wp.kristdemokraterna.se\\\/vasternorrland\\\/#\\\/schema\\\/person\\\/3781ad071d5fbd6a1da361a146253f94\",\"name\":\"vasternorrland\",\"image\":{\"@type\":\"ImageObject\",\"inLanguage\":\"sv-SE\",\"@id\":\"https:\\\/\\\/secure.gravatar.com\\\/avatar\\\/a8349bd7947007d80ac33c6ecdc7ebe34255acf84e89bbf4196e73439d771999?s=96&r=g\",\"url\":\"https:\\\/\\\/secure.gravatar.com\\\/avatar\\\/a8349bd7947007d80ac33c6ecdc7ebe34255acf84e89bbf4196e73439d771999?s=96&r=g\",\"contentUrl\":\"https:\\\/\\\/secure.gravatar.com\\\/avatar\\\/a8349bd7947007d80ac33c6ecdc7ebe34255acf84e89bbf4196e73439d771999?s=96&r=g\",\"caption\":\"vasternorrland\"},\"sameAs\":[\"http:\\\/\\\/www.vasternorrland.kristdemokraterna.se\"],\"url\":\"https:\\\/\\\/wp.kristdemokraterna.se\\\/vasternorrland\\\/author\\\/vasternorrland\\\/\"}]}<\/script>\n<!-- \/ Yoast SEO plugin. -->","yoast_head_json":{"title":"Ett beslut p\u00e5 l\u00f6sa grunder | KD V\u00e4sternorrland","robots":{"index":"index","follow":"follow","max-snippet":"max-snippet:-1","max-image-preview":"max-image-preview:large","max-video-preview":"max-video-preview:-1"},"canonical":"https:\/\/wp.kristdemokraterna.se\/vasternorrland\/ett-lvn-beslut-pa-losa-grunder\/","og_locale":"sv_SE","og_type":"article","og_title":"Ett beslut p\u00e5 l\u00f6sa grunder | KD V\u00e4sternorrland","og_description":"I landstinget V\u00e4sternorrland \u00e4r det nu dags att ta beslut om verksamhetsf\u00f6r\u00e4ndringar i Sollefte\u00e5 och H\u00e4rn\u00f6sand. Vi politiker ska ha\u00a0omr\u00f6stning om att ta bort den akuta ortopedin i Sollefte\u00e5 och nedl\u00e4ggningen av Medicinsk rehab i H\u00e4rn\u00f6sand. \u201d- Alla kan nog konstatera att strukturf\u00f6r\u00e4ndringsprocessen har varit under all kritik. Den sittande majoriteten har struntat i medborgarnas Read More","og_url":"https:\/\/wp.kristdemokraterna.se\/vasternorrland\/ett-lvn-beslut-pa-losa-grunder\/","og_site_name":"KD V\u00e4sternorrland","article_publisher":"https:\/\/www.facebook.com\/kdrvn\/","article_published_time":"2016-06-29T15:42:54+00:00","article_modified_time":"2020-06-23T08:04:11+00:00","author":"vasternorrland","twitter_card":"summary_large_image","twitter_misc":{"Skriven av":"vasternorrland","Ber\u00e4knad l\u00e4stid":"1 minut"},"schema":{"@context":"https:\/\/schema.org","@graph":[{"@type":"Article","@id":"https:\/\/wp.kristdemokraterna.se\/vasternorrland\/ett-lvn-beslut-pa-losa-grunder\/#article","isPartOf":{"@id":"https:\/\/wp.kristdemokraterna.se\/vasternorrland\/ett-lvn-beslut-pa-losa-grunder\/"},"author":{"name":"vasternorrland","@id":"https:\/\/wp.kristdemokraterna.se\/vasternorrland\/#\/schema\/person\/3781ad071d5fbd6a1da361a146253f94"},"headline":"Ett beslut p\u00e5 l\u00f6sa grunder","datePublished":"2016-06-29T15:42:54+00:00","dateModified":"2020-06-23T08:04:11+00:00","mainEntityOfPage":{"@id":"https:\/\/wp.kristdemokraterna.se\/vasternorrland\/ett-lvn-beslut-pa-losa-grunder\/"},"wordCount":295,"keywords":["alla inl\u00e4gg","h\u00e4rn\u00f6sand","Mona Hammarstedt","ortopedi","pressmeddelande","Sollefte\u00e5"],"articleSection":["Ortopedi","Specialistv\u00e5rd"],"inLanguage":"sv-SE"},{"@type":"WebPage","@id":"https:\/\/wp.kristdemokraterna.se\/vasternorrland\/ett-lvn-beslut-pa-losa-grunder\/","url":"https:\/\/wp.kristdemokraterna.se\/vasternorrland\/ett-lvn-beslut-pa-losa-grunder\/","name":"Ett beslut p\u00e5 l\u00f6sa grunder | KD V\u00e4sternorrland","isPartOf":{"@id":"https:\/\/wp.kristdemokraterna.se\/vasternorrland\/#website"},"datePublished":"2016-06-29T15:42:54+00:00","dateModified":"2020-06-23T08:04:11+00:00","author":{"@id":"https:\/\/wp.kristdemokraterna.se\/vasternorrland\/#\/schema\/person\/3781ad071d5fbd6a1da361a146253f94"},"breadcrumb":{"@id":"https:\/\/wp.kristdemokraterna.se\/vasternorrland\/ett-lvn-beslut-pa-losa-grunder\/#breadcrumb"},"inLanguage":"sv-SE","potentialAction":[{"@type":"ReadAction","target":["https:\/\/wp.kristdemokraterna.se\/vasternorrland\/ett-lvn-beslut-pa-losa-grunder\/"]}]},{"@type":"BreadcrumbList","@id":"https:\/\/wp.kristdemokraterna.se\/vasternorrland\/ett-lvn-beslut-pa-losa-grunder\/#breadcrumb","itemListElement":[{"@type":"ListItem","position":1,"name":"Hem","item":"https:\/\/wp.kristdemokraterna.se\/vasternorrland\/"},{"@type":"ListItem","position":2,"name":"Ett beslut p\u00e5 l\u00f6sa grunder"}]},{"@type":"WebSite","@id":"https:\/\/wp.kristdemokraterna.se\/vasternorrland\/#website","url":"https:\/\/wp.kristdemokraterna.se\/vasternorrland\/","name":"KD V\u00e4sternorrland","description":"V\u00e5rda v\u00e5rden - utveckla prim\u00e4rv\u00e5rden","inLanguage":"sv-SE"},{"@type":"Person","@id":"https:\/\/wp.kristdemokraterna.se\/vasternorrland\/#\/schema\/person\/3781ad071d5fbd6a1da361a146253f94","name":"vasternorrland","image":{"@type":"ImageObject","inLanguage":"sv-SE","@id":"https:\/\/secure.gravatar.com\/avatar\/a8349bd7947007d80ac33c6ecdc7ebe34255acf84e89bbf4196e73439d771999?s=96&r=g","url":"https:\/\/secure.gravatar.com\/avatar\/a8349bd7947007d80ac33c6ecdc7ebe34255acf84e89bbf4196e73439d771999?s=96&r=g","contentUrl":"https:\/\/secure.gravatar.com\/avatar\/a8349bd7947007d80ac33c6ecdc7ebe34255acf84e89bbf4196e73439d771999?s=96&r=g","caption":"vasternorrland"},"sameAs":["http:\/\/www.vasternorrland.kristdemokraterna.se"],"url":"https:\/\/wp.kristdemokraterna.se\/vasternorrland\/author\/vasternorrland\/"}]}},"_links":{"self":[{"href":"https:\/\/wp.kristdemokraterna.se\/vasternorrland\/wp-json\/wp\/v2\/posts\/420","targetHints":{"allow":["GET"]}}],"collection":[{"href":"https:\/\/wp.kristdemokraterna.se\/vasternorrland\/wp-json\/wp\/v2\/posts"}],"about":[{"href":"https:\/\/wp.kristdemokraterna.se\/vasternorrland\/wp-json\/wp\/v2\/types\/post"}],"author":[{"embeddable":true,"href":"https:\/\/wp.kristdemokraterna.se\/vasternorrland\/wp-json\/wp\/v2\/users\/407"}],"replies":[{"embeddable":true,"href":"https:\/\/wp.kristdemokraterna.se\/vasternorrland\/wp-json\/wp\/v2\/comments?post=420"}],"version-history":[{"count":5,"href":"https:\/\/wp.kristdemokraterna.se\/vasternorrland\/wp-json\/wp\/v2\/posts\/420\/revisions"}],"predecessor-version":[{"id":288868,"href":"https:\/\/wp.kristdemokraterna.se\/vasternorrland\/wp-json\/wp\/v2\/posts\/420\/revisions\/288868"}],"wp:attachment":[{"href":"https:\/\/wp.kristdemokraterna.se\/vasternorrland\/wp-json\/wp\/v2\/media?parent=420"}],"wp:term":[{"taxonomy":"category","embeddable":true,"href":"https:\/\/wp.kristdemokraterna.se\/vasternorrland\/wp-json\/wp\/v2\/categories?post=420"},{"taxonomy":"post_tag","embeddable":true,"href":"https:\/\/wp.kristdemokraterna.se\/vasternorrland\/wp-json\/wp\/v2\/tags?post=420"}],"curies":[{"name":"wp","href":"https:\/\/api.w.org\/{rel}","templated":true}]}}