{"id":89,"date":"2013-05-12T10:40:27","date_gmt":"2013-05-12T08:40:27","guid":{"rendered":"http:\/\/wp.kristdemokraterna.se\/vasternorrland\/?p=89"},"modified":"2018-08-05T14:27:09","modified_gmt":"2018-08-05T12:27:09","slug":"89","status":"publish","type":"post","link":"https:\/\/wp.kristdemokraterna.se\/vasternorrland\/89\/","title":{"rendered":"Kom och lyssna p\u00e5 David Lega!"},"content":{"rendered":"<div align=\"left\"><a href=\"http:\/\/wp.kristdemokraterna.se\/vasternorrland\/files\/2013\/05\/davidlega-2.jpg\"><img loading=\"lazy\" decoding=\"async\" class=\"alignright\" src=\"http:\/\/wp.kristdemokraterna.se\/vasternorrland\/files\/2013\/05\/davidlega-2-198x300.jpg\" alt=\"Bidl p\u00e5 David Lega\" width=\"198\" height=\"300\" \/><\/a><\/div>\n<p>Vi bjuder in till f\u00f6rel\u00e4sning med en flerfaldig v\u00e4rldsm\u00e4stare och v\u00e4rldsrekordh\u00e5llare, entrepren\u00f6r, f\u00f6rel\u00e4sare och kommunalr\u00e5d f\u00f6r Kristdemokraterna i G\u00f6teborg<\/p>\n<ul>\n<li>Torsdag 14 mars klockan 18:30<\/li>\n<li>Hedbergskaskolans aula, Sundsvall<\/li>\n<\/ul>\n<p>Du som medlem \u00e4r \u00e4ven v\u00e4lkommen att delta vid mingel och ytterliggare samtal med David Lega. Mellan klockan 20:00 och 21:00 tr\u00e4ffas vi Kristdemokrater i Hedbergskaskolans matsal, den ligger i n\u00e4ra anslutning till aulan.<\/p>\n<h2>V\u00e4lkommen! Fri entr\u00e9.<\/h2>\n<p>Arrang\u00f6r: Kristdemokraterna Sundsvall<\/p>\n","protected":false},"excerpt":{"rendered":"<p>Vi bjuder in till f\u00f6rel\u00e4sning med en flerfaldig v\u00e4rldsm\u00e4stare och v\u00e4rldsrekordh\u00e5llare, entrepren\u00f6r, f\u00f6rel\u00e4sare och kommunalr\u00e5d f\u00f6r Kristdemokraterna i G\u00f6teborg Torsdag 14 mars klockan 18:30 Hedbergskaskolans aula, Sundsvall Du som medlem \u00e4r \u00e4ven v\u00e4lkommen att delta vid mingel och ytterliggare samtal med David Lega. Mellan klockan 20:00 och 21:00 tr\u00e4ffas vi Kristdemokrater i Hedbergskaskolans matsal, den <a class=\"read-more-link\" href=\"https:\/\/wp.kristdemokraterna.se\/vasternorrland\/89\/\">Read More<\/a><\/p>\n","protected":false},"author":407,"featured_media":0,"comment_status":"closed","ping_status":"closed","sticky":false,"template":"","format":"standard","meta":{"_acf_changed":false,"footnotes":""},"categories":[69],"tags":[176,178,177],"class_list":["post-89","post","type-post","status-publish","format-standard","hentry","category-partidistriktet","tag-david-lega","tag-forelasning","tag-medlemsmote"],"acf":[],"yoast_head":"<!-- This site is optimized with the Yoast SEO plugin v27.4 - https:\/\/yoast.com\/product\/yoast-seo-wordpress\/ -->\n<title>Kom och lyssna p\u00e5 David Lega! | KD V\u00e4sternorrland<\/title>\n<meta name=\"robots\" content=\"index, follow, max-snippet:-1, max-image-preview:large, max-video-preview:-1\" \/>\n<link rel=\"canonical\" href=\"https:\/\/wp.kristdemokraterna.se\/vasternorrland\/89\/\" \/>\n<meta property=\"og:locale\" content=\"sv_SE\" \/>\n<meta property=\"og:type\" content=\"article\" \/>\n<meta property=\"og:title\" content=\"Kom och lyssna p\u00e5 David Lega! | KD V\u00e4sternorrland\" \/>\n<meta property=\"og:description\" content=\"Vi bjuder in till f\u00f6rel\u00e4sning med en flerfaldig v\u00e4rldsm\u00e4stare och v\u00e4rldsrekordh\u00e5llare, entrepren\u00f6r, f\u00f6rel\u00e4sare och kommunalr\u00e5d f\u00f6r Kristdemokraterna i G\u00f6teborg Torsdag 14 mars klockan 18:30 Hedbergskaskolans aula, Sundsvall Du som medlem \u00e4r \u00e4ven v\u00e4lkommen att delta vid mingel och ytterliggare samtal med David Lega. Mellan klockan 20:00 och 21:00 tr\u00e4ffas vi Kristdemokrater i Hedbergskaskolans matsal, den Read More\" \/>\n<meta property=\"og:url\" content=\"https:\/\/wp.kristdemokraterna.se\/vasternorrland\/89\/\" \/>\n<meta property=\"og:site_name\" content=\"KD V\u00e4sternorrland\" \/>\n<meta property=\"article:publisher\" content=\"https:\/\/www.facebook.com\/kdrvn\/\" \/>\n<meta property=\"article:published_time\" content=\"2013-05-12T08:40:27+00:00\" \/>\n<meta property=\"article:modified_time\" content=\"2018-08-05T12:27:09+00:00\" \/>\n<meta property=\"og:image\" content=\"http:\/\/wp.kristdemokraterna.se\/vasternorrland\/files\/2013\/05\/davidlega-2-198x300.jpg\" \/>\n<meta name=\"author\" content=\"vasternorrland\" \/>\n<meta name=\"twitter:card\" content=\"summary_large_image\" \/>\n<meta name=\"twitter:label1\" content=\"Skriven av\" \/>\n\t<meta name=\"twitter:data1\" content=\"vasternorrland\" \/>\n<script type=\"application\/ld+json\" class=\"yoast-schema-graph\">{\"@context\":\"https:\\\/\\\/schema.org\",\"@graph\":[{\"@type\":\"Article\",\"@id\":\"https:\\\/\\\/wp.kristdemokraterna.se\\\/vasternorrland\\\/89\\\/#article\",\"isPartOf\":{\"@id\":\"https:\\\/\\\/wp.kristdemokraterna.se\\\/vasternorrland\\\/89\\\/\"},\"author\":{\"name\":\"vasternorrland\",\"@id\":\"https:\\\/\\\/wp.kristdemokraterna.se\\\/vasternorrland\\\/#\\\/schema\\\/person\\\/3781ad071d5fbd6a1da361a146253f94\"},\"headline\":\"Kom och lyssna p\u00e5 David Lega!\",\"datePublished\":\"2013-05-12T08:40:27+00:00\",\"dateModified\":\"2018-08-05T12:27:09+00:00\",\"mainEntityOfPage\":{\"@id\":\"https:\\\/\\\/wp.kristdemokraterna.se\\\/vasternorrland\\\/89\\\/\"},\"wordCount\":86,\"image\":{\"@id\":\"https:\\\/\\\/wp.kristdemokraterna.se\\\/vasternorrland\\\/89\\\/#primaryimage\"},\"thumbnailUrl\":\"http:\\\/\\\/wp.kristdemokraterna.se\\\/vasternorrland\\\/files\\\/2013\\\/05\\\/davidlega-2-198x300.jpg\",\"keywords\":[\"David Lega\",\"f\u00f6rel\u00e4sning\",\"medlemsm\u00f6te\"],\"articleSection\":[\"Partidistriktet\"],\"inLanguage\":\"sv-SE\"},{\"@type\":\"WebPage\",\"@id\":\"https:\\\/\\\/wp.kristdemokraterna.se\\\/vasternorrland\\\/89\\\/\",\"url\":\"https:\\\/\\\/wp.kristdemokraterna.se\\\/vasternorrland\\\/89\\\/\",\"name\":\"Kom och lyssna p\u00e5 David Lega! | KD V\u00e4sternorrland\",\"isPartOf\":{\"@id\":\"https:\\\/\\\/wp.kristdemokraterna.se\\\/vasternorrland\\\/#website\"},\"primaryImageOfPage\":{\"@id\":\"https:\\\/\\\/wp.kristdemokraterna.se\\\/vasternorrland\\\/89\\\/#primaryimage\"},\"image\":{\"@id\":\"https:\\\/\\\/wp.kristdemokraterna.se\\\/vasternorrland\\\/89\\\/#primaryimage\"},\"thumbnailUrl\":\"http:\\\/\\\/wp.kristdemokraterna.se\\\/vasternorrland\\\/files\\\/2013\\\/05\\\/davidlega-2-198x300.jpg\",\"datePublished\":\"2013-05-12T08:40:27+00:00\",\"dateModified\":\"2018-08-05T12:27:09+00:00\",\"author\":{\"@id\":\"https:\\\/\\\/wp.kristdemokraterna.se\\\/vasternorrland\\\/#\\\/schema\\\/person\\\/3781ad071d5fbd6a1da361a146253f94\"},\"breadcrumb\":{\"@id\":\"https:\\\/\\\/wp.kristdemokraterna.se\\\/vasternorrland\\\/89\\\/#breadcrumb\"},\"inLanguage\":\"sv-SE\",\"potentialAction\":[{\"@type\":\"ReadAction\",\"target\":[\"https:\\\/\\\/wp.kristdemokraterna.se\\\/vasternorrland\\\/89\\\/\"]}]},{\"@type\":\"ImageObject\",\"inLanguage\":\"sv-SE\",\"@id\":\"https:\\\/\\\/wp.kristdemokraterna.se\\\/vasternorrland\\\/89\\\/#primaryimage\",\"url\":\"https:\\\/\\\/wp.kristdemokraterna.se\\\/vasternorrland\\\/files\\\/2013\\\/05\\\/davidlega-2.jpg\",\"contentUrl\":\"https:\\\/\\\/wp.kristdemokraterna.se\\\/vasternorrland\\\/files\\\/2013\\\/05\\\/davidlega-2.jpg\",\"width\":2347,\"height\":3543,\"caption\":\"Bidl p\u00e5 David Lega\"},{\"@type\":\"BreadcrumbList\",\"@id\":\"https:\\\/\\\/wp.kristdemokraterna.se\\\/vasternorrland\\\/89\\\/#breadcrumb\",\"itemListElement\":[{\"@type\":\"ListItem\",\"position\":1,\"name\":\"Hem\",\"item\":\"https:\\\/\\\/wp.kristdemokraterna.se\\\/vasternorrland\\\/\"},{\"@type\":\"ListItem\",\"position\":2,\"name\":\"Kom och lyssna p\u00e5 David Lega!\"}]},{\"@type\":\"WebSite\",\"@id\":\"https:\\\/\\\/wp.kristdemokraterna.se\\\/vasternorrland\\\/#website\",\"url\":\"https:\\\/\\\/wp.kristdemokraterna.se\\\/vasternorrland\\\/\",\"name\":\"KD V\u00e4sternorrland\",\"description\":\"V\u00e5rda v\u00e5rden - utveckla prim\u00e4rv\u00e5rden\",\"inLanguage\":\"sv-SE\"},{\"@type\":\"Person\",\"@id\":\"https:\\\/\\\/wp.kristdemokraterna.se\\\/vasternorrland\\\/#\\\/schema\\\/person\\\/3781ad071d5fbd6a1da361a146253f94\",\"name\":\"vasternorrland\",\"image\":{\"@type\":\"ImageObject\",\"inLanguage\":\"sv-SE\",\"@id\":\"https:\\\/\\\/secure.gravatar.com\\\/avatar\\\/a8349bd7947007d80ac33c6ecdc7ebe34255acf84e89bbf4196e73439d771999?s=96&r=g\",\"url\":\"https:\\\/\\\/secure.gravatar.com\\\/avatar\\\/a8349bd7947007d80ac33c6ecdc7ebe34255acf84e89bbf4196e73439d771999?s=96&r=g\",\"contentUrl\":\"https:\\\/\\\/secure.gravatar.com\\\/avatar\\\/a8349bd7947007d80ac33c6ecdc7ebe34255acf84e89bbf4196e73439d771999?s=96&r=g\",\"caption\":\"vasternorrland\"},\"sameAs\":[\"http:\\\/\\\/www.vasternorrland.kristdemokraterna.se\"],\"url\":\"https:\\\/\\\/wp.kristdemokraterna.se\\\/vasternorrland\\\/author\\\/vasternorrland\\\/\"}]}<\/script>\n<!-- \/ Yoast SEO plugin. -->","yoast_head_json":{"title":"Kom och lyssna p\u00e5 David Lega! | KD V\u00e4sternorrland","robots":{"index":"index","follow":"follow","max-snippet":"max-snippet:-1","max-image-preview":"max-image-preview:large","max-video-preview":"max-video-preview:-1"},"canonical":"https:\/\/wp.kristdemokraterna.se\/vasternorrland\/89\/","og_locale":"sv_SE","og_type":"article","og_title":"Kom och lyssna p\u00e5 David Lega! | KD V\u00e4sternorrland","og_description":"Vi bjuder in till f\u00f6rel\u00e4sning med en flerfaldig v\u00e4rldsm\u00e4stare och v\u00e4rldsrekordh\u00e5llare, entrepren\u00f6r, f\u00f6rel\u00e4sare och kommunalr\u00e5d f\u00f6r Kristdemokraterna i G\u00f6teborg Torsdag 14 mars klockan 18:30 Hedbergskaskolans aula, Sundsvall Du som medlem \u00e4r \u00e4ven v\u00e4lkommen att delta vid mingel och ytterliggare samtal med David Lega. Mellan klockan 20:00 och 21:00 tr\u00e4ffas vi Kristdemokrater i Hedbergskaskolans matsal, den Read More","og_url":"https:\/\/wp.kristdemokraterna.se\/vasternorrland\/89\/","og_site_name":"KD V\u00e4sternorrland","article_publisher":"https:\/\/www.facebook.com\/kdrvn\/","article_published_time":"2013-05-12T08:40:27+00:00","article_modified_time":"2018-08-05T12:27:09+00:00","og_image":[{"url":"http:\/\/wp.kristdemokraterna.se\/vasternorrland\/files\/2013\/05\/davidlega-2-198x300.jpg","type":"","width":"","height":""}],"author":"vasternorrland","twitter_card":"summary_large_image","twitter_misc":{"Skriven av":"vasternorrland"},"schema":{"@context":"https:\/\/schema.org","@graph":[{"@type":"Article","@id":"https:\/\/wp.kristdemokraterna.se\/vasternorrland\/89\/#article","isPartOf":{"@id":"https:\/\/wp.kristdemokraterna.se\/vasternorrland\/89\/"},"author":{"name":"vasternorrland","@id":"https:\/\/wp.kristdemokraterna.se\/vasternorrland\/#\/schema\/person\/3781ad071d5fbd6a1da361a146253f94"},"headline":"Kom och lyssna p\u00e5 David Lega!","datePublished":"2013-05-12T08:40:27+00:00","dateModified":"2018-08-05T12:27:09+00:00","mainEntityOfPage":{"@id":"https:\/\/wp.kristdemokraterna.se\/vasternorrland\/89\/"},"wordCount":86,"image":{"@id":"https:\/\/wp.kristdemokraterna.se\/vasternorrland\/89\/#primaryimage"},"thumbnailUrl":"http:\/\/wp.kristdemokraterna.se\/vasternorrland\/files\/2013\/05\/davidlega-2-198x300.jpg","keywords":["David Lega","f\u00f6rel\u00e4sning","medlemsm\u00f6te"],"articleSection":["Partidistriktet"],"inLanguage":"sv-SE"},{"@type":"WebPage","@id":"https:\/\/wp.kristdemokraterna.se\/vasternorrland\/89\/","url":"https:\/\/wp.kristdemokraterna.se\/vasternorrland\/89\/","name":"Kom och lyssna p\u00e5 David Lega! | KD V\u00e4sternorrland","isPartOf":{"@id":"https:\/\/wp.kristdemokraterna.se\/vasternorrland\/#website"},"primaryImageOfPage":{"@id":"https:\/\/wp.kristdemokraterna.se\/vasternorrland\/89\/#primaryimage"},"image":{"@id":"https:\/\/wp.kristdemokraterna.se\/vasternorrland\/89\/#primaryimage"},"thumbnailUrl":"http:\/\/wp.kristdemokraterna.se\/vasternorrland\/files\/2013\/05\/davidlega-2-198x300.jpg","datePublished":"2013-05-12T08:40:27+00:00","dateModified":"2018-08-05T12:27:09+00:00","author":{"@id":"https:\/\/wp.kristdemokraterna.se\/vasternorrland\/#\/schema\/person\/3781ad071d5fbd6a1da361a146253f94"},"breadcrumb":{"@id":"https:\/\/wp.kristdemokraterna.se\/vasternorrland\/89\/#breadcrumb"},"inLanguage":"sv-SE","potentialAction":[{"@type":"ReadAction","target":["https:\/\/wp.kristdemokraterna.se\/vasternorrland\/89\/"]}]},{"@type":"ImageObject","inLanguage":"sv-SE","@id":"https:\/\/wp.kristdemokraterna.se\/vasternorrland\/89\/#primaryimage","url":"https:\/\/wp.kristdemokraterna.se\/vasternorrland\/files\/2013\/05\/davidlega-2.jpg","contentUrl":"https:\/\/wp.kristdemokraterna.se\/vasternorrland\/files\/2013\/05\/davidlega-2.jpg","width":2347,"height":3543,"caption":"Bidl p\u00e5 David Lega"},{"@type":"BreadcrumbList","@id":"https:\/\/wp.kristdemokraterna.se\/vasternorrland\/89\/#breadcrumb","itemListElement":[{"@type":"ListItem","position":1,"name":"Hem","item":"https:\/\/wp.kristdemokraterna.se\/vasternorrland\/"},{"@type":"ListItem","position":2,"name":"Kom och lyssna p\u00e5 David Lega!"}]},{"@type":"WebSite","@id":"https:\/\/wp.kristdemokraterna.se\/vasternorrland\/#website","url":"https:\/\/wp.kristdemokraterna.se\/vasternorrland\/","name":"KD V\u00e4sternorrland","description":"V\u00e5rda v\u00e5rden - utveckla prim\u00e4rv\u00e5rden","inLanguage":"sv-SE"},{"@type":"Person","@id":"https:\/\/wp.kristdemokraterna.se\/vasternorrland\/#\/schema\/person\/3781ad071d5fbd6a1da361a146253f94","name":"vasternorrland","image":{"@type":"ImageObject","inLanguage":"sv-SE","@id":"https:\/\/secure.gravatar.com\/avatar\/a8349bd7947007d80ac33c6ecdc7ebe34255acf84e89bbf4196e73439d771999?s=96&r=g","url":"https:\/\/secure.gravatar.com\/avatar\/a8349bd7947007d80ac33c6ecdc7ebe34255acf84e89bbf4196e73439d771999?s=96&r=g","contentUrl":"https:\/\/secure.gravatar.com\/avatar\/a8349bd7947007d80ac33c6ecdc7ebe34255acf84e89bbf4196e73439d771999?s=96&r=g","caption":"vasternorrland"},"sameAs":["http:\/\/www.vasternorrland.kristdemokraterna.se"],"url":"https:\/\/wp.kristdemokraterna.se\/vasternorrland\/author\/vasternorrland\/"}]}},"_links":{"self":[{"href":"https:\/\/wp.kristdemokraterna.se\/vasternorrland\/wp-json\/wp\/v2\/posts\/89","targetHints":{"allow":["GET"]}}],"collection":[{"href":"https:\/\/wp.kristdemokraterna.se\/vasternorrland\/wp-json\/wp\/v2\/posts"}],"about":[{"href":"https:\/\/wp.kristdemokraterna.se\/vasternorrland\/wp-json\/wp\/v2\/types\/post"}],"author":[{"embeddable":true,"href":"https:\/\/wp.kristdemokraterna.se\/vasternorrland\/wp-json\/wp\/v2\/users\/407"}],"replies":[{"embeddable":true,"href":"https:\/\/wp.kristdemokraterna.se\/vasternorrland\/wp-json\/wp\/v2\/comments?post=89"}],"version-history":[{"count":6,"href":"https:\/\/wp.kristdemokraterna.se\/vasternorrland\/wp-json\/wp\/v2\/posts\/89\/revisions"}],"predecessor-version":[{"id":120113,"href":"https:\/\/wp.kristdemokraterna.se\/vasternorrland\/wp-json\/wp\/v2\/posts\/89\/revisions\/120113"}],"wp:attachment":[{"href":"https:\/\/wp.kristdemokraterna.se\/vasternorrland\/wp-json\/wp\/v2\/media?parent=89"}],"wp:term":[{"taxonomy":"category","embeddable":true,"href":"https:\/\/wp.kristdemokraterna.se\/vasternorrland\/wp-json\/wp\/v2\/categories?post=89"},{"taxonomy":"post_tag","embeddable":true,"href":"https:\/\/wp.kristdemokraterna.se\/vasternorrland\/wp-json\/wp\/v2\/tags?post=89"}],"curies":[{"name":"wp","href":"https:\/\/api.w.org\/{rel}","templated":true}]}}