{"id":587,"date":"2024-12-19T14:53:30","date_gmt":"2024-12-19T13:53:30","guid":{"rendered":"https:\/\/wp.kristdemokraterna.se\/vastervik\/?p=587"},"modified":"2024-12-19T15:05:01","modified_gmt":"2024-12-19T14:05:01","slug":"det-gangna-aret-viktiga-steg-for-sverige","status":"publish","type":"post","link":"https:\/\/wp.kristdemokraterna.se\/vastervik\/det-gangna-aret-viktiga-steg-for-sverige\/","title":{"rendered":"Det g\u00e5ngna \u00e5ret \u2013 viktiga steg f\u00f6r Sverige"},"content":{"rendered":"<div class=\"flex-shrink-0 flex flex-col relative items-end\">\n<div>\n<div class=\"pt-0\">\n<div class=\"gizmo-bot-avatar flex h-8 w-8 items-center justify-center overflow-hidden rounded-full\">\n<div class=\"relative p-1 rounded-sm flex items-center justify-center bg-token-main-surface-primary text-token-text-primary h-8 w-8\">Under det senaste \u00e5ret har Kristdemokraterna arbetat f\u00f6r att skapa ett tryggare och starkare Sverige. Vi \u00e4r stolta \u00f6ver vad som hittills har \u00e5stadkommits. H\u00e4r \u00e4r n\u00e5gra av de viktigaste besluten vi har varit med och drivit igenom under mandatperioden:<\/div>\n<\/div>\n<\/div>\n<\/div>\n<\/div>\n<div class=\"group\/conversation-turn relative flex w-full min-w-0 flex-col agent-turn\">\n<div class=\"flex-col gap-1 md:gap-3\">\n<div class=\"flex max-w-full flex-col flex-grow\">\n<div class=\"min-h-8 text-message flex w-full flex-col items-end gap-2 whitespace-normal break-words text-start [.text-message+&amp;]:mt-5\" dir=\"auto\" data-message-author-role=\"assistant\" data-message-id=\"4494b5bf-125e-4738-a2f9-1de8bf8694c9\" data-message-model-slug=\"gpt-4o\">\n<div class=\"flex w-full flex-col gap-1 empty:hidden first:pt-[3px]\">\n<div class=\"markdown prose w-full break-words dark:prose-invert dark\">\n<p>\u2705 <strong>Fler poliser i hela landet<\/strong><br \/>\nTrygghet ska finnas \u00f6verallt \u2013 inte bara i storst\u00e4derna. D\u00e4rf\u00f6r har vi satsat p\u00e5 \u00f6kad polist\u00e4thet f\u00f6r att s\u00e4kerst\u00e4lla att alla f\u00e5r den trygghet de f\u00f6rtj\u00e4nar.<\/p>\n<p>\u2705 <strong>L\u00e4gre drivmedelsskatt<\/strong><br \/>\nF\u00f6r oss \u00e4r det viktigt att m\u00e4nniskor ska kunna ta sig till jobbet, skjutsa barnen till skolan och leva sina liv utan att oroa sig f\u00f6r h\u00f6ga br\u00e4nslekostnader.<\/p>\n<p>\u2705 <strong>Mer flexibilitet f\u00f6r familjer<\/strong><br \/>\nFamiljen ska st\u00e5 i fokus, oavsett hur den ser ut. Nu \u00e4r det m\u00f6jligt f\u00f6r n\u00e4rst\u00e5ende att anv\u00e4nda f\u00f6r\u00e4ldradagarna, och vi har ocks\u00e5 \u00f6kat antalet dubbeldagar. F\u00f6r\u00e4ldrar ska kunna finnas d\u00e4r f\u00f6r sina barn \u2013 och varandra.<\/p>\n<p>\u2705 <strong>En historisk infrastruktursatsning<\/strong><br \/>\nMed 1200 miljarder kronor investerar vi i framtiden. B\u00e4ttre v\u00e4gar, j\u00e4rnv\u00e4gar och kommunikationer skapar ett Sverige som h\u00e5ller ihop.<\/p>\n<p>\u2705 <strong>Fritidskort f\u00f6r barn och unga<\/strong><br \/>\nAlla barn och unga ska ha m\u00f6jlighet att delta i aktiviteter och utvecklas. D\u00e4rf\u00f6r kommer vi att inf\u00f6ra ett fritidskort laddat med ekonomiskt st\u00f6d.<\/p>\n<p>\u2705 <strong>Skogspolitik som tar tillvara p\u00e5 resurser<\/strong><br \/>\nSkogen \u00e4r en av v\u00e5ra viktigaste tillg\u00e5ngar. Vi ser den som en resurs f\u00f6r b\u00e5de milj\u00f6n och ekonomin, och vi vill att skogs\u00e4gare ska kunna forts\u00e4tta bruka och v\u00e5rda sin mark.<\/p>\n<p>Kristdemokraterna \u00e4r partiet som s\u00e4tter m\u00e4nniskan i centrum. Tillsammans bygger vi ett Sverige d\u00e4r trygghet, frihet och framtidstro g\u00e5r hand i hand. Tack f\u00f6r att du \u00e4r med p\u00e5 resan!<\/p>\n<\/div>\n<\/div>\n<\/div>\n<\/div>\n<\/div>\n<\/div>\n","protected":false},"excerpt":{"rendered":"<p>Under det senaste \u00e5ret har Kristdemokraterna arbetat f\u00f6r att skapa ett tryggare och starkare Sverige. Vi \u00e4r stolta \u00f6ver vad som hittills har \u00e5stadkommits. H\u00e4r \u00e4r n\u00e5gra av de viktigaste besluten vi har varit med och drivit igenom under mandatperioden: \u2705 Fler poliser i hela landet Trygghet ska finnas \u00f6verallt \u2013 inte bara i storst\u00e4derna. <a class=\"read-more-link\" href=\"https:\/\/wp.kristdemokraterna.se\/vastervik\/det-gangna-aret-viktiga-steg-for-sverige\/\">L\u00e4s mer<\/a><\/p>\n","protected":false},"author":1084,"featured_media":0,"comment_status":"closed","ping_status":"closed","sticky":false,"template":"","format":"standard","meta":{"_acf_changed":false,"footnotes":""},"categories":[15],"tags":[],"class_list":["post-587","post","type-post","status-publish","format-standard","hentry","category-riks"],"acf":[],"yoast_head":"<!-- This site is optimized with the Yoast SEO plugin v27.4 - https:\/\/yoast.com\/product\/yoast-seo-wordpress\/ -->\n<title>Det g\u00e5ngna \u00e5ret \u2013 viktiga steg f\u00f6r Sverige - Kristdemokraterna | V\u00e4stervik<\/title>\n<meta name=\"robots\" content=\"index, follow, max-snippet:-1, max-image-preview:large, max-video-preview:-1\" \/>\n<link rel=\"canonical\" href=\"https:\/\/wp.kristdemokraterna.se\/vastervik\/det-gangna-aret-viktiga-steg-for-sverige\/\" \/>\n<meta property=\"og:locale\" content=\"sv_SE\" \/>\n<meta property=\"og:type\" content=\"article\" \/>\n<meta property=\"og:title\" content=\"Det g\u00e5ngna \u00e5ret \u2013 viktiga steg f\u00f6r Sverige - Kristdemokraterna | V\u00e4stervik\" \/>\n<meta property=\"og:description\" content=\"Under det senaste \u00e5ret har Kristdemokraterna arbetat f\u00f6r att skapa ett tryggare och starkare Sverige. Vi \u00e4r stolta \u00f6ver vad som hittills har \u00e5stadkommits. H\u00e4r \u00e4r n\u00e5gra av de viktigaste besluten vi har varit med och drivit igenom under mandatperioden: \u2705 Fler poliser i hela landet Trygghet ska finnas \u00f6verallt \u2013 inte bara i storst\u00e4derna. L\u00e4s mer\" \/>\n<meta property=\"og:url\" content=\"https:\/\/wp.kristdemokraterna.se\/vastervik\/det-gangna-aret-viktiga-steg-for-sverige\/\" \/>\n<meta property=\"og:site_name\" content=\"Kristdemokraterna | V\u00e4stervik\" \/>\n<meta property=\"article:published_time\" content=\"2024-12-19T13:53:30+00:00\" \/>\n<meta property=\"article:modified_time\" content=\"2024-12-19T14:05:01+00:00\" \/>\n<meta name=\"author\" content=\"Maud \u00c4rlebrant\" \/>\n<meta name=\"twitter:card\" content=\"summary_large_image\" \/>\n<meta name=\"twitter:label1\" content=\"Skriven av\" \/>\n\t<meta name=\"twitter:data1\" content=\"Maud \u00c4rlebrant\" \/>\n\t<meta name=\"twitter:label2\" content=\"Ber\u00e4knad l\u00e4stid\" \/>\n\t<meta name=\"twitter:data2\" content=\"2 minuter\" \/>\n<script type=\"application\/ld+json\" class=\"yoast-schema-graph\">{\"@context\":\"https:\\\/\\\/schema.org\",\"@graph\":[{\"@type\":\"Article\",\"@id\":\"https:\\\/\\\/wp.kristdemokraterna.se\\\/vastervik\\\/det-gangna-aret-viktiga-steg-for-sverige\\\/#article\",\"isPartOf\":{\"@id\":\"https:\\\/\\\/wp.kristdemokraterna.se\\\/vastervik\\\/det-gangna-aret-viktiga-steg-for-sverige\\\/\"},\"author\":{\"name\":\"Maud \u00c4rlebrant\",\"@id\":\"https:\\\/\\\/wp.kristdemokraterna.se\\\/vastervik\\\/#\\\/schema\\\/person\\\/11e65fcd98a1ef4b3ad983cfbb27edaf\"},\"headline\":\"Det g\u00e5ngna \u00e5ret \u2013 viktiga steg f\u00f6r Sverige\",\"datePublished\":\"2024-12-19T13:53:30+00:00\",\"dateModified\":\"2024-12-19T14:05:01+00:00\",\"mainEntityOfPage\":{\"@id\":\"https:\\\/\\\/wp.kristdemokraterna.se\\\/vastervik\\\/det-gangna-aret-viktiga-steg-for-sverige\\\/\"},\"wordCount\":321,\"articleSection\":[\"Nationellt\"],\"inLanguage\":\"sv-SE\"},{\"@type\":\"WebPage\",\"@id\":\"https:\\\/\\\/wp.kristdemokraterna.se\\\/vastervik\\\/det-gangna-aret-viktiga-steg-for-sverige\\\/\",\"url\":\"https:\\\/\\\/wp.kristdemokraterna.se\\\/vastervik\\\/det-gangna-aret-viktiga-steg-for-sverige\\\/\",\"name\":\"Det g\u00e5ngna \u00e5ret \u2013 viktiga steg f\u00f6r Sverige - Kristdemokraterna | V\u00e4stervik\",\"isPartOf\":{\"@id\":\"https:\\\/\\\/wp.kristdemokraterna.se\\\/vastervik\\\/#website\"},\"datePublished\":\"2024-12-19T13:53:30+00:00\",\"dateModified\":\"2024-12-19T14:05:01+00:00\",\"author\":{\"@id\":\"https:\\\/\\\/wp.kristdemokraterna.se\\\/vastervik\\\/#\\\/schema\\\/person\\\/11e65fcd98a1ef4b3ad983cfbb27edaf\"},\"breadcrumb\":{\"@id\":\"https:\\\/\\\/wp.kristdemokraterna.se\\\/vastervik\\\/det-gangna-aret-viktiga-steg-for-sverige\\\/#breadcrumb\"},\"inLanguage\":\"sv-SE\",\"potentialAction\":[{\"@type\":\"ReadAction\",\"target\":[\"https:\\\/\\\/wp.kristdemokraterna.se\\\/vastervik\\\/det-gangna-aret-viktiga-steg-for-sverige\\\/\"]}]},{\"@type\":\"BreadcrumbList\",\"@id\":\"https:\\\/\\\/wp.kristdemokraterna.se\\\/vastervik\\\/det-gangna-aret-viktiga-steg-for-sverige\\\/#breadcrumb\",\"itemListElement\":[{\"@type\":\"ListItem\",\"position\":1,\"name\":\"Hem\",\"item\":\"https:\\\/\\\/wp.kristdemokraterna.se\\\/vastervik\\\/\"},{\"@type\":\"ListItem\",\"position\":2,\"name\":\"Det g\u00e5ngna \u00e5ret \u2013 viktiga steg f\u00f6r Sverige\"}]},{\"@type\":\"WebSite\",\"@id\":\"https:\\\/\\\/wp.kristdemokraterna.se\\\/vastervik\\\/#website\",\"url\":\"https:\\\/\\\/wp.kristdemokraterna.se\\\/vastervik\\\/\",\"name\":\"Kristdemokraterna | V\u00e4stervik\",\"description\":\"En till Kristdemokraterna webbplats\",\"inLanguage\":\"sv-SE\"},{\"@type\":\"Person\",\"@id\":\"https:\\\/\\\/wp.kristdemokraterna.se\\\/vastervik\\\/#\\\/schema\\\/person\\\/11e65fcd98a1ef4b3ad983cfbb27edaf\",\"name\":\"Maud \u00c4rlebrant\",\"image\":{\"@type\":\"ImageObject\",\"inLanguage\":\"sv-SE\",\"@id\":\"https:\\\/\\\/secure.gravatar.com\\\/avatar\\\/ba02873c19754bae622ddd0cb40acb998a2835ad1485b22b0e0f453196a30ae8?s=96&d=mm&r=g\",\"url\":\"https:\\\/\\\/secure.gravatar.com\\\/avatar\\\/ba02873c19754bae622ddd0cb40acb998a2835ad1485b22b0e0f453196a30ae8?s=96&d=mm&r=g\",\"contentUrl\":\"https:\\\/\\\/secure.gravatar.com\\\/avatar\\\/ba02873c19754bae622ddd0cb40acb998a2835ad1485b22b0e0f453196a30ae8?s=96&d=mm&r=g\",\"caption\":\"Maud \u00c4rlebrant\"},\"url\":\"https:\\\/\\\/wp.kristdemokraterna.se\\\/vastervik\\\/author\\\/maud\\\/\"}]}<\/script>\n<!-- \/ Yoast SEO plugin. -->","yoast_head_json":{"title":"Det g\u00e5ngna \u00e5ret \u2013 viktiga steg f\u00f6r Sverige - Kristdemokraterna | V\u00e4stervik","robots":{"index":"index","follow":"follow","max-snippet":"max-snippet:-1","max-image-preview":"max-image-preview:large","max-video-preview":"max-video-preview:-1"},"canonical":"https:\/\/wp.kristdemokraterna.se\/vastervik\/det-gangna-aret-viktiga-steg-for-sverige\/","og_locale":"sv_SE","og_type":"article","og_title":"Det g\u00e5ngna \u00e5ret \u2013 viktiga steg f\u00f6r Sverige - Kristdemokraterna | V\u00e4stervik","og_description":"Under det senaste \u00e5ret har Kristdemokraterna arbetat f\u00f6r att skapa ett tryggare och starkare Sverige. Vi \u00e4r stolta \u00f6ver vad som hittills har \u00e5stadkommits. H\u00e4r \u00e4r n\u00e5gra av de viktigaste besluten vi har varit med och drivit igenom under mandatperioden: \u2705 Fler poliser i hela landet Trygghet ska finnas \u00f6verallt \u2013 inte bara i storst\u00e4derna. L\u00e4s mer","og_url":"https:\/\/wp.kristdemokraterna.se\/vastervik\/det-gangna-aret-viktiga-steg-for-sverige\/","og_site_name":"Kristdemokraterna | V\u00e4stervik","article_published_time":"2024-12-19T13:53:30+00:00","article_modified_time":"2024-12-19T14:05:01+00:00","author":"Maud \u00c4rlebrant","twitter_card":"summary_large_image","twitter_misc":{"Skriven av":"Maud \u00c4rlebrant","Ber\u00e4knad l\u00e4stid":"2 minuter"},"schema":{"@context":"https:\/\/schema.org","@graph":[{"@type":"Article","@id":"https:\/\/wp.kristdemokraterna.se\/vastervik\/det-gangna-aret-viktiga-steg-for-sverige\/#article","isPartOf":{"@id":"https:\/\/wp.kristdemokraterna.se\/vastervik\/det-gangna-aret-viktiga-steg-for-sverige\/"},"author":{"name":"Maud \u00c4rlebrant","@id":"https:\/\/wp.kristdemokraterna.se\/vastervik\/#\/schema\/person\/11e65fcd98a1ef4b3ad983cfbb27edaf"},"headline":"Det g\u00e5ngna \u00e5ret \u2013 viktiga steg f\u00f6r Sverige","datePublished":"2024-12-19T13:53:30+00:00","dateModified":"2024-12-19T14:05:01+00:00","mainEntityOfPage":{"@id":"https:\/\/wp.kristdemokraterna.se\/vastervik\/det-gangna-aret-viktiga-steg-for-sverige\/"},"wordCount":321,"articleSection":["Nationellt"],"inLanguage":"sv-SE"},{"@type":"WebPage","@id":"https:\/\/wp.kristdemokraterna.se\/vastervik\/det-gangna-aret-viktiga-steg-for-sverige\/","url":"https:\/\/wp.kristdemokraterna.se\/vastervik\/det-gangna-aret-viktiga-steg-for-sverige\/","name":"Det g\u00e5ngna \u00e5ret \u2013 viktiga steg f\u00f6r Sverige - Kristdemokraterna | V\u00e4stervik","isPartOf":{"@id":"https:\/\/wp.kristdemokraterna.se\/vastervik\/#website"},"datePublished":"2024-12-19T13:53:30+00:00","dateModified":"2024-12-19T14:05:01+00:00","author":{"@id":"https:\/\/wp.kristdemokraterna.se\/vastervik\/#\/schema\/person\/11e65fcd98a1ef4b3ad983cfbb27edaf"},"breadcrumb":{"@id":"https:\/\/wp.kristdemokraterna.se\/vastervik\/det-gangna-aret-viktiga-steg-for-sverige\/#breadcrumb"},"inLanguage":"sv-SE","potentialAction":[{"@type":"ReadAction","target":["https:\/\/wp.kristdemokraterna.se\/vastervik\/det-gangna-aret-viktiga-steg-for-sverige\/"]}]},{"@type":"BreadcrumbList","@id":"https:\/\/wp.kristdemokraterna.se\/vastervik\/det-gangna-aret-viktiga-steg-for-sverige\/#breadcrumb","itemListElement":[{"@type":"ListItem","position":1,"name":"Hem","item":"https:\/\/wp.kristdemokraterna.se\/vastervik\/"},{"@type":"ListItem","position":2,"name":"Det g\u00e5ngna \u00e5ret \u2013 viktiga steg f\u00f6r Sverige"}]},{"@type":"WebSite","@id":"https:\/\/wp.kristdemokraterna.se\/vastervik\/#website","url":"https:\/\/wp.kristdemokraterna.se\/vastervik\/","name":"Kristdemokraterna | V\u00e4stervik","description":"En till Kristdemokraterna webbplats","inLanguage":"sv-SE"},{"@type":"Person","@id":"https:\/\/wp.kristdemokraterna.se\/vastervik\/#\/schema\/person\/11e65fcd98a1ef4b3ad983cfbb27edaf","name":"Maud \u00c4rlebrant","image":{"@type":"ImageObject","inLanguage":"sv-SE","@id":"https:\/\/secure.gravatar.com\/avatar\/ba02873c19754bae622ddd0cb40acb998a2835ad1485b22b0e0f453196a30ae8?s=96&d=mm&r=g","url":"https:\/\/secure.gravatar.com\/avatar\/ba02873c19754bae622ddd0cb40acb998a2835ad1485b22b0e0f453196a30ae8?s=96&d=mm&r=g","contentUrl":"https:\/\/secure.gravatar.com\/avatar\/ba02873c19754bae622ddd0cb40acb998a2835ad1485b22b0e0f453196a30ae8?s=96&d=mm&r=g","caption":"Maud \u00c4rlebrant"},"url":"https:\/\/wp.kristdemokraterna.se\/vastervik\/author\/maud\/"}]}},"_links":{"self":[{"href":"https:\/\/wp.kristdemokraterna.se\/vastervik\/wp-json\/wp\/v2\/posts\/587","targetHints":{"allow":["GET"]}}],"collection":[{"href":"https:\/\/wp.kristdemokraterna.se\/vastervik\/wp-json\/wp\/v2\/posts"}],"about":[{"href":"https:\/\/wp.kristdemokraterna.se\/vastervik\/wp-json\/wp\/v2\/types\/post"}],"author":[{"embeddable":true,"href":"https:\/\/wp.kristdemokraterna.se\/vastervik\/wp-json\/wp\/v2\/users\/1084"}],"replies":[{"embeddable":true,"href":"https:\/\/wp.kristdemokraterna.se\/vastervik\/wp-json\/wp\/v2\/comments?post=587"}],"version-history":[{"count":2,"href":"https:\/\/wp.kristdemokraterna.se\/vastervik\/wp-json\/wp\/v2\/posts\/587\/revisions"}],"predecessor-version":[{"id":594,"href":"https:\/\/wp.kristdemokraterna.se\/vastervik\/wp-json\/wp\/v2\/posts\/587\/revisions\/594"}],"wp:attachment":[{"href":"https:\/\/wp.kristdemokraterna.se\/vastervik\/wp-json\/wp\/v2\/media?parent=587"}],"wp:term":[{"taxonomy":"category","embeddable":true,"href":"https:\/\/wp.kristdemokraterna.se\/vastervik\/wp-json\/wp\/v2\/categories?post=587"},{"taxonomy":"post_tag","embeddable":true,"href":"https:\/\/wp.kristdemokraterna.se\/vastervik\/wp-json\/wp\/v2\/tags?post=587"}],"curies":[{"name":"wp","href":"https:\/\/api.w.org\/{rel}","templated":true}]}}