{"id":323,"date":"2018-05-13T16:41:42","date_gmt":"2018-05-13T14:41:42","guid":{"rendered":"http:\/\/wp.kristdemokraterna.se\/vetlanda\/?p=323"},"modified":"2018-06-13T16:45:28","modified_gmt":"2018-06-13T14:45:28","slug":"riksdagskandidat-mattias-ingeson-pa-besok","status":"publish","type":"post","link":"https:\/\/wp.kristdemokraterna.se\/vetlanda\/riksdagskandidat-mattias-ingeson-pa-besok\/","title":{"rendered":"Riksdagskandidat Mattias Ingeson p\u00e5 bes\u00f6k"},"content":{"rendered":"<p class=\"x_MsoNormal\">Onsdagen den 30 maj bes\u00f6kte riksdagskandidat Mattias Ingeson Vetlanda f\u00f6r ett par intressanta och viktiga bes\u00f6k. P\u00e5 det intensiva schemat stod bland annat ett bes\u00f6k p\u00e5 bokbussen som under dagen gjorde sin runda till en rad f\u00f6rskolor i Vetlanda t\u00e4tort. Mattias uttryckte bokbussens v\u00e4rde p\u00e5 ett klokt och talande s\u00e4tt; \u201dF\u00f6r mig \u00e4r bokbussen sinnebilden av det goda samh\u00e4llet. Den st\u00e5r f\u00f6r b\u00e5de bildning och demokrati och att detta \u00e4r s\u00e5 viktiga delar att vi till och med \u00e4r beredda att k\u00f6ra dem hem till din tr\u00f6skel.\u201d<\/p>\n<div id=\"attachment_324\" style=\"width: 610px\" class=\"wp-caption alignleft\"><img loading=\"lazy\" decoding=\"async\" aria-describedby=\"caption-attachment-324\" class=\"size-full wp-image-324\" src=\"http:\/\/wp.kristdemokraterna.se\/vetlanda\/files\/2018\/06\/ingesonimg_7145.jpg\" alt=\"\" width=\"600\" height=\"735\" srcset=\"https:\/\/wp.kristdemokraterna.se\/vetlanda\/files\/2018\/06\/ingesonimg_7145.jpg 600w, https:\/\/wp.kristdemokraterna.se\/vetlanda\/files\/2018\/06\/ingesonimg_7145-245x300.jpg 245w, https:\/\/wp.kristdemokraterna.se\/vetlanda\/files\/2018\/06\/ingesonimg_7145-282x346.jpg 282w, https:\/\/wp.kristdemokraterna.se\/vetlanda\/files\/2018\/06\/ingesonimg_7145-91x112.jpg 91w\" sizes=\"auto, (max-width: 600px) 100vw, 600px\" \/><p id=\"caption-attachment-324\" class=\"wp-caption-text\">Riksdagskandidat Mattias Ingeson passade p\u00e5 att bes\u00f6ka bokbussen i Vetlanda.<\/p><\/div>\n","protected":false},"excerpt":{"rendered":"<p>Onsdagen den 30 maj bes\u00f6kte riksdagskandidat Mattias Ingeson Vetlanda f\u00f6r ett par intressanta och viktiga bes\u00f6k. P\u00e5 det intensiva schemat stod bland annat ett bes\u00f6k p\u00e5 bokbussen som under dagen gjorde sin runda till en rad f\u00f6rskolor i Vetlanda t\u00e4tort. Mattias uttryckte bokbussens v\u00e4rde p\u00e5 ett klokt och talande s\u00e4tt; \u201dF\u00f6r mig \u00e4r bokbussen sinnebilden <a class=\"read-more-link\" href=\"https:\/\/wp.kristdemokraterna.se\/vetlanda\/riksdagskandidat-mattias-ingeson-pa-besok\/\">Read More<\/a><\/p>\n","protected":false},"author":633,"featured_media":0,"comment_status":"closed","ping_status":"closed","sticky":false,"template":"","format":"standard","meta":{"_acf_changed":false,"footnotes":""},"categories":[1],"tags":[],"class_list":["post-323","post","type-post","status-publish","format-standard","hentry","category-okategoriserade"],"acf":[],"yoast_head":"<!-- This site is optimized with the Yoast SEO plugin v27.5 - https:\/\/yoast.com\/product\/yoast-seo-wordpress\/ -->\n<title>Riksdagskandidat Mattias Ingeson p\u00e5 bes\u00f6k - Vetlanda<\/title>\n<meta name=\"robots\" content=\"index, follow, max-snippet:-1, max-image-preview:large, max-video-preview:-1\" \/>\n<link rel=\"canonical\" href=\"https:\/\/wp.kristdemokraterna.se\/vetlanda\/riksdagskandidat-mattias-ingeson-pa-besok\/\" \/>\n<meta property=\"og:locale\" content=\"sv_SE\" \/>\n<meta property=\"og:type\" content=\"article\" \/>\n<meta property=\"og:title\" content=\"Riksdagskandidat Mattias Ingeson p\u00e5 bes\u00f6k - Vetlanda\" \/>\n<meta property=\"og:description\" content=\"Onsdagen den 30 maj bes\u00f6kte riksdagskandidat Mattias Ingeson Vetlanda f\u00f6r ett par intressanta och viktiga bes\u00f6k. P\u00e5 det intensiva schemat stod bland annat ett bes\u00f6k p\u00e5 bokbussen som under dagen gjorde sin runda till en rad f\u00f6rskolor i Vetlanda t\u00e4tort. Mattias uttryckte bokbussens v\u00e4rde p\u00e5 ett klokt och talande s\u00e4tt; \u201dF\u00f6r mig \u00e4r bokbussen sinnebilden Read More\" \/>\n<meta property=\"og:url\" content=\"https:\/\/wp.kristdemokraterna.se\/vetlanda\/riksdagskandidat-mattias-ingeson-pa-besok\/\" \/>\n<meta property=\"og:site_name\" content=\"Vetlanda\" \/>\n<meta property=\"article:published_time\" content=\"2018-05-13T14:41:42+00:00\" \/>\n<meta property=\"article:modified_time\" content=\"2018-06-13T14:45:28+00:00\" \/>\n<meta property=\"og:image\" content=\"http:\/\/wp.kristdemokraterna.se\/vetlanda\/files\/2018\/06\/ingesonimg_7145.jpg\" \/>\n<meta name=\"author\" content=\"vetlanda\" \/>\n<meta name=\"twitter:card\" content=\"summary_large_image\" \/>\n<meta name=\"twitter:label1\" content=\"Skriven av\" \/>\n\t<meta name=\"twitter:data1\" content=\"vetlanda\" \/>\n\t<meta name=\"twitter:label2\" content=\"Ber\u00e4knad l\u00e4stid\" \/>\n\t<meta name=\"twitter:data2\" content=\"1 minut\" \/>\n<script type=\"application\/ld+json\" class=\"yoast-schema-graph\">{\"@context\":\"https:\\\/\\\/schema.org\",\"@graph\":[{\"@type\":\"Article\",\"@id\":\"https:\\\/\\\/wp.kristdemokraterna.se\\\/vetlanda\\\/riksdagskandidat-mattias-ingeson-pa-besok\\\/#article\",\"isPartOf\":{\"@id\":\"https:\\\/\\\/wp.kristdemokraterna.se\\\/vetlanda\\\/riksdagskandidat-mattias-ingeson-pa-besok\\\/\"},\"author\":{\"name\":\"vetlanda\",\"@id\":\"https:\\\/\\\/wp.kristdemokraterna.se\\\/vetlanda\\\/#\\\/schema\\\/person\\\/992ede42a07677768734985767dd5e21\"},\"headline\":\"Riksdagskandidat Mattias Ingeson p\u00e5 bes\u00f6k\",\"datePublished\":\"2018-05-13T14:41:42+00:00\",\"dateModified\":\"2018-06-13T14:45:28+00:00\",\"mainEntityOfPage\":{\"@id\":\"https:\\\/\\\/wp.kristdemokraterna.se\\\/vetlanda\\\/riksdagskandidat-mattias-ingeson-pa-besok\\\/\"},\"wordCount\":125,\"image\":{\"@id\":\"https:\\\/\\\/wp.kristdemokraterna.se\\\/vetlanda\\\/riksdagskandidat-mattias-ingeson-pa-besok\\\/#primaryimage\"},\"thumbnailUrl\":\"http:\\\/\\\/wp.kristdemokraterna.se\\\/vetlanda\\\/files\\\/2018\\\/06\\\/ingesonimg_7145.jpg\",\"inLanguage\":\"sv-SE\"},{\"@type\":\"WebPage\",\"@id\":\"https:\\\/\\\/wp.kristdemokraterna.se\\\/vetlanda\\\/riksdagskandidat-mattias-ingeson-pa-besok\\\/\",\"url\":\"https:\\\/\\\/wp.kristdemokraterna.se\\\/vetlanda\\\/riksdagskandidat-mattias-ingeson-pa-besok\\\/\",\"name\":\"Riksdagskandidat Mattias Ingeson p\u00e5 bes\u00f6k - Vetlanda\",\"isPartOf\":{\"@id\":\"https:\\\/\\\/wp.kristdemokraterna.se\\\/vetlanda\\\/#website\"},\"primaryImageOfPage\":{\"@id\":\"https:\\\/\\\/wp.kristdemokraterna.se\\\/vetlanda\\\/riksdagskandidat-mattias-ingeson-pa-besok\\\/#primaryimage\"},\"image\":{\"@id\":\"https:\\\/\\\/wp.kristdemokraterna.se\\\/vetlanda\\\/riksdagskandidat-mattias-ingeson-pa-besok\\\/#primaryimage\"},\"thumbnailUrl\":\"http:\\\/\\\/wp.kristdemokraterna.se\\\/vetlanda\\\/files\\\/2018\\\/06\\\/ingesonimg_7145.jpg\",\"datePublished\":\"2018-05-13T14:41:42+00:00\",\"dateModified\":\"2018-06-13T14:45:28+00:00\",\"author\":{\"@id\":\"https:\\\/\\\/wp.kristdemokraterna.se\\\/vetlanda\\\/#\\\/schema\\\/person\\\/992ede42a07677768734985767dd5e21\"},\"breadcrumb\":{\"@id\":\"https:\\\/\\\/wp.kristdemokraterna.se\\\/vetlanda\\\/riksdagskandidat-mattias-ingeson-pa-besok\\\/#breadcrumb\"},\"inLanguage\":\"sv-SE\",\"potentialAction\":[{\"@type\":\"ReadAction\",\"target\":[\"https:\\\/\\\/wp.kristdemokraterna.se\\\/vetlanda\\\/riksdagskandidat-mattias-ingeson-pa-besok\\\/\"]}]},{\"@type\":\"ImageObject\",\"inLanguage\":\"sv-SE\",\"@id\":\"https:\\\/\\\/wp.kristdemokraterna.se\\\/vetlanda\\\/riksdagskandidat-mattias-ingeson-pa-besok\\\/#primaryimage\",\"url\":\"https:\\\/\\\/wp.kristdemokraterna.se\\\/vetlanda\\\/files\\\/2018\\\/06\\\/ingesonimg_7145.jpg\",\"contentUrl\":\"https:\\\/\\\/wp.kristdemokraterna.se\\\/vetlanda\\\/files\\\/2018\\\/06\\\/ingesonimg_7145.jpg\",\"width\":600,\"height\":735,\"caption\":\"Riksdagskandidat Mattias Ingeson passade p\u00e5 att bes\u00f6ka bokbussen i Vetlanda.\"},{\"@type\":\"BreadcrumbList\",\"@id\":\"https:\\\/\\\/wp.kristdemokraterna.se\\\/vetlanda\\\/riksdagskandidat-mattias-ingeson-pa-besok\\\/#breadcrumb\",\"itemListElement\":[{\"@type\":\"ListItem\",\"position\":1,\"name\":\"Hem\",\"item\":\"https:\\\/\\\/wp.kristdemokraterna.se\\\/vetlanda\\\/\"},{\"@type\":\"ListItem\",\"position\":2,\"name\":\"Riksdagskandidat Mattias Ingeson p\u00e5 bes\u00f6k\"}]},{\"@type\":\"WebSite\",\"@id\":\"https:\\\/\\\/wp.kristdemokraterna.se\\\/vetlanda\\\/#website\",\"url\":\"https:\\\/\\\/wp.kristdemokraterna.se\\\/vetlanda\\\/\",\"name\":\"Vetlanda\",\"description\":\"\",\"inLanguage\":\"sv-SE\"},{\"@type\":\"Person\",\"@id\":\"https:\\\/\\\/wp.kristdemokraterna.se\\\/vetlanda\\\/#\\\/schema\\\/person\\\/992ede42a07677768734985767dd5e21\",\"name\":\"vetlanda\",\"image\":{\"@type\":\"ImageObject\",\"inLanguage\":\"sv-SE\",\"@id\":\"https:\\\/\\\/secure.gravatar.com\\\/avatar\\\/18eb62bbbfdd8043727930413d968db8f1ef2eff391ad735e9a8baad6f9a3063?s=96&d=mm&r=g\",\"url\":\"https:\\\/\\\/secure.gravatar.com\\\/avatar\\\/18eb62bbbfdd8043727930413d968db8f1ef2eff391ad735e9a8baad6f9a3063?s=96&d=mm&r=g\",\"contentUrl\":\"https:\\\/\\\/secure.gravatar.com\\\/avatar\\\/18eb62bbbfdd8043727930413d968db8f1ef2eff391ad735e9a8baad6f9a3063?s=96&d=mm&r=g\",\"caption\":\"vetlanda\"},\"url\":\"https:\\\/\\\/wp.kristdemokraterna.se\\\/vetlanda\\\/author\\\/vetlanda\\\/\"}]}<\/script>\n<!-- \/ Yoast SEO plugin. -->","yoast_head_json":{"title":"Riksdagskandidat Mattias Ingeson p\u00e5 bes\u00f6k - Vetlanda","robots":{"index":"index","follow":"follow","max-snippet":"max-snippet:-1","max-image-preview":"max-image-preview:large","max-video-preview":"max-video-preview:-1"},"canonical":"https:\/\/wp.kristdemokraterna.se\/vetlanda\/riksdagskandidat-mattias-ingeson-pa-besok\/","og_locale":"sv_SE","og_type":"article","og_title":"Riksdagskandidat Mattias Ingeson p\u00e5 bes\u00f6k - Vetlanda","og_description":"Onsdagen den 30 maj bes\u00f6kte riksdagskandidat Mattias Ingeson Vetlanda f\u00f6r ett par intressanta och viktiga bes\u00f6k. P\u00e5 det intensiva schemat stod bland annat ett bes\u00f6k p\u00e5 bokbussen som under dagen gjorde sin runda till en rad f\u00f6rskolor i Vetlanda t\u00e4tort. Mattias uttryckte bokbussens v\u00e4rde p\u00e5 ett klokt och talande s\u00e4tt; \u201dF\u00f6r mig \u00e4r bokbussen sinnebilden Read More","og_url":"https:\/\/wp.kristdemokraterna.se\/vetlanda\/riksdagskandidat-mattias-ingeson-pa-besok\/","og_site_name":"Vetlanda","article_published_time":"2018-05-13T14:41:42+00:00","article_modified_time":"2018-06-13T14:45:28+00:00","og_image":[{"url":"http:\/\/wp.kristdemokraterna.se\/vetlanda\/files\/2018\/06\/ingesonimg_7145.jpg","type":"","width":"","height":""}],"author":"vetlanda","twitter_card":"summary_large_image","twitter_misc":{"Skriven av":"vetlanda","Ber\u00e4knad l\u00e4stid":"1 minut"},"schema":{"@context":"https:\/\/schema.org","@graph":[{"@type":"Article","@id":"https:\/\/wp.kristdemokraterna.se\/vetlanda\/riksdagskandidat-mattias-ingeson-pa-besok\/#article","isPartOf":{"@id":"https:\/\/wp.kristdemokraterna.se\/vetlanda\/riksdagskandidat-mattias-ingeson-pa-besok\/"},"author":{"name":"vetlanda","@id":"https:\/\/wp.kristdemokraterna.se\/vetlanda\/#\/schema\/person\/992ede42a07677768734985767dd5e21"},"headline":"Riksdagskandidat Mattias Ingeson p\u00e5 bes\u00f6k","datePublished":"2018-05-13T14:41:42+00:00","dateModified":"2018-06-13T14:45:28+00:00","mainEntityOfPage":{"@id":"https:\/\/wp.kristdemokraterna.se\/vetlanda\/riksdagskandidat-mattias-ingeson-pa-besok\/"},"wordCount":125,"image":{"@id":"https:\/\/wp.kristdemokraterna.se\/vetlanda\/riksdagskandidat-mattias-ingeson-pa-besok\/#primaryimage"},"thumbnailUrl":"http:\/\/wp.kristdemokraterna.se\/vetlanda\/files\/2018\/06\/ingesonimg_7145.jpg","inLanguage":"sv-SE"},{"@type":"WebPage","@id":"https:\/\/wp.kristdemokraterna.se\/vetlanda\/riksdagskandidat-mattias-ingeson-pa-besok\/","url":"https:\/\/wp.kristdemokraterna.se\/vetlanda\/riksdagskandidat-mattias-ingeson-pa-besok\/","name":"Riksdagskandidat Mattias Ingeson p\u00e5 bes\u00f6k - Vetlanda","isPartOf":{"@id":"https:\/\/wp.kristdemokraterna.se\/vetlanda\/#website"},"primaryImageOfPage":{"@id":"https:\/\/wp.kristdemokraterna.se\/vetlanda\/riksdagskandidat-mattias-ingeson-pa-besok\/#primaryimage"},"image":{"@id":"https:\/\/wp.kristdemokraterna.se\/vetlanda\/riksdagskandidat-mattias-ingeson-pa-besok\/#primaryimage"},"thumbnailUrl":"http:\/\/wp.kristdemokraterna.se\/vetlanda\/files\/2018\/06\/ingesonimg_7145.jpg","datePublished":"2018-05-13T14:41:42+00:00","dateModified":"2018-06-13T14:45:28+00:00","author":{"@id":"https:\/\/wp.kristdemokraterna.se\/vetlanda\/#\/schema\/person\/992ede42a07677768734985767dd5e21"},"breadcrumb":{"@id":"https:\/\/wp.kristdemokraterna.se\/vetlanda\/riksdagskandidat-mattias-ingeson-pa-besok\/#breadcrumb"},"inLanguage":"sv-SE","potentialAction":[{"@type":"ReadAction","target":["https:\/\/wp.kristdemokraterna.se\/vetlanda\/riksdagskandidat-mattias-ingeson-pa-besok\/"]}]},{"@type":"ImageObject","inLanguage":"sv-SE","@id":"https:\/\/wp.kristdemokraterna.se\/vetlanda\/riksdagskandidat-mattias-ingeson-pa-besok\/#primaryimage","url":"https:\/\/wp.kristdemokraterna.se\/vetlanda\/files\/2018\/06\/ingesonimg_7145.jpg","contentUrl":"https:\/\/wp.kristdemokraterna.se\/vetlanda\/files\/2018\/06\/ingesonimg_7145.jpg","width":600,"height":735,"caption":"Riksdagskandidat Mattias Ingeson passade p\u00e5 att bes\u00f6ka bokbussen i Vetlanda."},{"@type":"BreadcrumbList","@id":"https:\/\/wp.kristdemokraterna.se\/vetlanda\/riksdagskandidat-mattias-ingeson-pa-besok\/#breadcrumb","itemListElement":[{"@type":"ListItem","position":1,"name":"Hem","item":"https:\/\/wp.kristdemokraterna.se\/vetlanda\/"},{"@type":"ListItem","position":2,"name":"Riksdagskandidat Mattias Ingeson p\u00e5 bes\u00f6k"}]},{"@type":"WebSite","@id":"https:\/\/wp.kristdemokraterna.se\/vetlanda\/#website","url":"https:\/\/wp.kristdemokraterna.se\/vetlanda\/","name":"Vetlanda","description":"","inLanguage":"sv-SE"},{"@type":"Person","@id":"https:\/\/wp.kristdemokraterna.se\/vetlanda\/#\/schema\/person\/992ede42a07677768734985767dd5e21","name":"vetlanda","image":{"@type":"ImageObject","inLanguage":"sv-SE","@id":"https:\/\/secure.gravatar.com\/avatar\/18eb62bbbfdd8043727930413d968db8f1ef2eff391ad735e9a8baad6f9a3063?s=96&d=mm&r=g","url":"https:\/\/secure.gravatar.com\/avatar\/18eb62bbbfdd8043727930413d968db8f1ef2eff391ad735e9a8baad6f9a3063?s=96&d=mm&r=g","contentUrl":"https:\/\/secure.gravatar.com\/avatar\/18eb62bbbfdd8043727930413d968db8f1ef2eff391ad735e9a8baad6f9a3063?s=96&d=mm&r=g","caption":"vetlanda"},"url":"https:\/\/wp.kristdemokraterna.se\/vetlanda\/author\/vetlanda\/"}]}},"_links":{"self":[{"href":"https:\/\/wp.kristdemokraterna.se\/vetlanda\/wp-json\/wp\/v2\/posts\/323","targetHints":{"allow":["GET"]}}],"collection":[{"href":"https:\/\/wp.kristdemokraterna.se\/vetlanda\/wp-json\/wp\/v2\/posts"}],"about":[{"href":"https:\/\/wp.kristdemokraterna.se\/vetlanda\/wp-json\/wp\/v2\/types\/post"}],"author":[{"embeddable":true,"href":"https:\/\/wp.kristdemokraterna.se\/vetlanda\/wp-json\/wp\/v2\/users\/633"}],"replies":[{"embeddable":true,"href":"https:\/\/wp.kristdemokraterna.se\/vetlanda\/wp-json\/wp\/v2\/comments?post=323"}],"version-history":[{"count":1,"href":"https:\/\/wp.kristdemokraterna.se\/vetlanda\/wp-json\/wp\/v2\/posts\/323\/revisions"}],"predecessor-version":[{"id":325,"href":"https:\/\/wp.kristdemokraterna.se\/vetlanda\/wp-json\/wp\/v2\/posts\/323\/revisions\/325"}],"wp:attachment":[{"href":"https:\/\/wp.kristdemokraterna.se\/vetlanda\/wp-json\/wp\/v2\/media?parent=323"}],"wp:term":[{"taxonomy":"category","embeddable":true,"href":"https:\/\/wp.kristdemokraterna.se\/vetlanda\/wp-json\/wp\/v2\/categories?post=323"},{"taxonomy":"post_tag","embeddable":true,"href":"https:\/\/wp.kristdemokraterna.se\/vetlanda\/wp-json\/wp\/v2\/tags?post=323"}],"curies":[{"name":"wp","href":"https:\/\/api.w.org\/{rel}","templated":true}]}}