{"id":329,"date":"2018-06-06T17:07:23","date_gmt":"2018-06-06T15:07:23","guid":{"rendered":"http:\/\/wp.kristdemokraterna.se\/vetlanda\/?p=329"},"modified":"2018-06-13T17:10:13","modified_gmt":"2018-06-13T15:10:13","slug":"en-stark-lista-infor-hostens-val","status":"publish","type":"post","link":"https:\/\/wp.kristdemokraterna.se\/vetlanda\/en-stark-lista-infor-hostens-val\/","title":{"rendered":"En stark lista inf\u00f6r h\u00f6stens val"},"content":{"rendered":"<p class=\"x_MsoNormal\"><b>Kristdemokraterna har ett 26 personer starkt team inf\u00f6r h\u00f6stens val till Vetlanda kommunfullm\u00e4ktige. H\u00e4r syns b\u00e5de nyare namn och personer som funnits med i det politiska arbetet under l\u00e4ngre tid.<\/b><\/p>\n<p class=\"x_MsoListParagraph\">\u2013 Vi har siktet tydligt inst\u00e4llt p\u00e5 att, tillsammans med v\u00e5ra kollegor i Alliansen, axla ansvaret f\u00f6r kommunens ledning efter valet, s\u00e4ger Hans Svensson som st\u00e5r som f\u00f6rstanamn p\u00e5 listan och som i dag \u00e4r ledamot i s\u00e5v\u00e4l kommunfullm\u00e4ktige som tekniska n\u00e4mnden.<\/p>\n<p class=\"x_MsoListParagraph\">\u2013 Skolan. \u00c4ldreomsorgen. N\u00e4ringslivet. Hela kommunen och alla dess akt\u00f6rer beh\u00f6ver ges r\u00e4tt m\u00f6jligheter att fungera och utvecklas. Det finns mycket att g\u00f6ra och nu vill vi kavla upp \u00e4rmarna.<\/p>\n<p class=\"x_MsoNormal\"><span class=\"mark7pgt6vmqx\">Monica<\/span>\u00a0Samuelsson g\u00f6r i \u00e5r sin tredje valr\u00f6relse. Hon \u00e4r i dag partiets f\u00f6rstanamn i fullm\u00e4ktige och \u00e4r ocks\u00e5 oppositionsordf\u00f6rande i barn- och utbildningsn\u00e4mnden.<\/p>\n<p class=\"x_MsoListParagraph\">\u2013 De fr\u00e5gorna brinner jag otroligt mycket f\u00f6r. Skolan \u00e4r en av v\u00e5ra i s\u00e4rklass viktigaste verksamheter. N\u00e4r nu stora omdaningar g\u00f6rs kring lokaler och sammanslagning av skolor f\u00e5r vi inte tappa bort skolans pedagogiska inneh\u00e5ll. Jag vill forts\u00e4tta verka f\u00f6r en skolorganisation d\u00e4r b\u00e5de elever, pedagoger och \u00f6vrig personal kommer till sin r\u00e4tt. Bara genom att vara en attraktiv arbetsplats kan skolorna i Vetlanda h\u00e4vda sig i dagens tuffa konkurrens om beh\u00f6riga l\u00e4rare.<\/p>\n<div id=\"attachment_330\" style=\"width: 610px\" class=\"wp-caption alignleft\"><img loading=\"lazy\" decoding=\"async\" aria-describedby=\"caption-attachment-330\" class=\"size-full wp-image-330\" src=\"http:\/\/wp.kristdemokraterna.se\/vetlanda\/files\/2018\/06\/img_6782-val-2018.jpg\" alt=\"\" width=\"600\" height=\"400\" srcset=\"https:\/\/wp.kristdemokraterna.se\/vetlanda\/files\/2018\/06\/img_6782-val-2018.jpg 600w, https:\/\/wp.kristdemokraterna.se\/vetlanda\/files\/2018\/06\/img_6782-val-2018-300x200.jpg 300w, https:\/\/wp.kristdemokraterna.se\/vetlanda\/files\/2018\/06\/img_6782-val-2018-519x346.jpg 519w, https:\/\/wp.kristdemokraterna.se\/vetlanda\/files\/2018\/06\/img_6782-val-2018-168x112.jpg 168w\" sizes=\"auto, (max-width: 600px) 100vw, 600px\" \/><p id=\"caption-attachment-330\" class=\"wp-caption-text\">Hans Svensson, Monica Samuelsson, Jan-Erik Josefsson och Madelene Palmgren toppar listan som rymmer 26 namn fr\u00e5n kommunens olika delar.<\/p><\/div>\n","protected":false},"excerpt":{"rendered":"<p>Kristdemokraterna har ett 26 personer starkt team inf\u00f6r h\u00f6stens val till Vetlanda kommunfullm\u00e4ktige. H\u00e4r syns b\u00e5de nyare namn och personer som funnits med i det politiska arbetet under l\u00e4ngre tid. \u2013 Vi har siktet tydligt inst\u00e4llt p\u00e5 att, tillsammans med v\u00e5ra kollegor i Alliansen, axla ansvaret f\u00f6r kommunens ledning efter valet, s\u00e4ger Hans Svensson som <a class=\"read-more-link\" href=\"https:\/\/wp.kristdemokraterna.se\/vetlanda\/en-stark-lista-infor-hostens-val\/\">Read More<\/a><\/p>\n","protected":false},"author":633,"featured_media":0,"comment_status":"closed","ping_status":"closed","sticky":false,"template":"","format":"standard","meta":{"_acf_changed":false,"footnotes":""},"categories":[1],"tags":[],"class_list":["post-329","post","type-post","status-publish","format-standard","hentry","category-okategoriserade"],"acf":[],"yoast_head":"<!-- This site is optimized with the Yoast SEO plugin v27.5 - https:\/\/yoast.com\/product\/yoast-seo-wordpress\/ -->\n<title>En stark lista inf\u00f6r h\u00f6stens val - Vetlanda<\/title>\n<meta name=\"robots\" content=\"index, follow, max-snippet:-1, max-image-preview:large, max-video-preview:-1\" \/>\n<link rel=\"canonical\" href=\"https:\/\/wp.kristdemokraterna.se\/vetlanda\/en-stark-lista-infor-hostens-val\/\" \/>\n<meta property=\"og:locale\" content=\"sv_SE\" \/>\n<meta property=\"og:type\" content=\"article\" \/>\n<meta property=\"og:title\" content=\"En stark lista inf\u00f6r h\u00f6stens val - Vetlanda\" \/>\n<meta property=\"og:description\" content=\"Kristdemokraterna har ett 26 personer starkt team inf\u00f6r h\u00f6stens val till Vetlanda kommunfullm\u00e4ktige. H\u00e4r syns b\u00e5de nyare namn och personer som funnits med i det politiska arbetet under l\u00e4ngre tid. \u2013 Vi har siktet tydligt inst\u00e4llt p\u00e5 att, tillsammans med v\u00e5ra kollegor i Alliansen, axla ansvaret f\u00f6r kommunens ledning efter valet, s\u00e4ger Hans Svensson som Read More\" \/>\n<meta property=\"og:url\" content=\"https:\/\/wp.kristdemokraterna.se\/vetlanda\/en-stark-lista-infor-hostens-val\/\" \/>\n<meta property=\"og:site_name\" content=\"Vetlanda\" \/>\n<meta property=\"article:published_time\" content=\"2018-06-06T15:07:23+00:00\" \/>\n<meta property=\"article:modified_time\" content=\"2018-06-13T15:10:13+00:00\" \/>\n<meta property=\"og:image\" content=\"http:\/\/wp.kristdemokraterna.se\/vetlanda\/files\/2018\/06\/img_6782-val-2018.jpg\" \/>\n<meta name=\"author\" content=\"vetlanda\" \/>\n<meta name=\"twitter:card\" content=\"summary_large_image\" \/>\n<meta name=\"twitter:label1\" content=\"Skriven av\" \/>\n\t<meta name=\"twitter:data1\" content=\"vetlanda\" \/>\n\t<meta name=\"twitter:label2\" content=\"Ber\u00e4knad l\u00e4stid\" \/>\n\t<meta name=\"twitter:data2\" content=\"1 minut\" \/>\n<script type=\"application\/ld+json\" class=\"yoast-schema-graph\">{\"@context\":\"https:\\\/\\\/schema.org\",\"@graph\":[{\"@type\":\"Article\",\"@id\":\"https:\\\/\\\/wp.kristdemokraterna.se\\\/vetlanda\\\/en-stark-lista-infor-hostens-val\\\/#article\",\"isPartOf\":{\"@id\":\"https:\\\/\\\/wp.kristdemokraterna.se\\\/vetlanda\\\/en-stark-lista-infor-hostens-val\\\/\"},\"author\":{\"name\":\"vetlanda\",\"@id\":\"https:\\\/\\\/wp.kristdemokraterna.se\\\/vetlanda\\\/#\\\/schema\\\/person\\\/992ede42a07677768734985767dd5e21\"},\"headline\":\"En stark lista inf\u00f6r h\u00f6stens val\",\"datePublished\":\"2018-06-06T15:07:23+00:00\",\"dateModified\":\"2018-06-13T15:10:13+00:00\",\"mainEntityOfPage\":{\"@id\":\"https:\\\/\\\/wp.kristdemokraterna.se\\\/vetlanda\\\/en-stark-lista-infor-hostens-val\\\/\"},\"wordCount\":274,\"image\":{\"@id\":\"https:\\\/\\\/wp.kristdemokraterna.se\\\/vetlanda\\\/en-stark-lista-infor-hostens-val\\\/#primaryimage\"},\"thumbnailUrl\":\"http:\\\/\\\/wp.kristdemokraterna.se\\\/vetlanda\\\/files\\\/2018\\\/06\\\/img_6782-val-2018.jpg\",\"inLanguage\":\"sv-SE\"},{\"@type\":\"WebPage\",\"@id\":\"https:\\\/\\\/wp.kristdemokraterna.se\\\/vetlanda\\\/en-stark-lista-infor-hostens-val\\\/\",\"url\":\"https:\\\/\\\/wp.kristdemokraterna.se\\\/vetlanda\\\/en-stark-lista-infor-hostens-val\\\/\",\"name\":\"En stark lista inf\u00f6r h\u00f6stens val - Vetlanda\",\"isPartOf\":{\"@id\":\"https:\\\/\\\/wp.kristdemokraterna.se\\\/vetlanda\\\/#website\"},\"primaryImageOfPage\":{\"@id\":\"https:\\\/\\\/wp.kristdemokraterna.se\\\/vetlanda\\\/en-stark-lista-infor-hostens-val\\\/#primaryimage\"},\"image\":{\"@id\":\"https:\\\/\\\/wp.kristdemokraterna.se\\\/vetlanda\\\/en-stark-lista-infor-hostens-val\\\/#primaryimage\"},\"thumbnailUrl\":\"http:\\\/\\\/wp.kristdemokraterna.se\\\/vetlanda\\\/files\\\/2018\\\/06\\\/img_6782-val-2018.jpg\",\"datePublished\":\"2018-06-06T15:07:23+00:00\",\"dateModified\":\"2018-06-13T15:10:13+00:00\",\"author\":{\"@id\":\"https:\\\/\\\/wp.kristdemokraterna.se\\\/vetlanda\\\/#\\\/schema\\\/person\\\/992ede42a07677768734985767dd5e21\"},\"breadcrumb\":{\"@id\":\"https:\\\/\\\/wp.kristdemokraterna.se\\\/vetlanda\\\/en-stark-lista-infor-hostens-val\\\/#breadcrumb\"},\"inLanguage\":\"sv-SE\",\"potentialAction\":[{\"@type\":\"ReadAction\",\"target\":[\"https:\\\/\\\/wp.kristdemokraterna.se\\\/vetlanda\\\/en-stark-lista-infor-hostens-val\\\/\"]}]},{\"@type\":\"ImageObject\",\"inLanguage\":\"sv-SE\",\"@id\":\"https:\\\/\\\/wp.kristdemokraterna.se\\\/vetlanda\\\/en-stark-lista-infor-hostens-val\\\/#primaryimage\",\"url\":\"https:\\\/\\\/wp.kristdemokraterna.se\\\/vetlanda\\\/files\\\/2018\\\/06\\\/img_6782-val-2018.jpg\",\"contentUrl\":\"https:\\\/\\\/wp.kristdemokraterna.se\\\/vetlanda\\\/files\\\/2018\\\/06\\\/img_6782-val-2018.jpg\",\"width\":600,\"height\":400,\"caption\":\"Hans Svensson, Monica Samuelsson, Jan-Erik Josefsson och Madelene Palmgren toppar listan som rymmer 26 namn fr\u00e5n kommunens olika delar.\"},{\"@type\":\"BreadcrumbList\",\"@id\":\"https:\\\/\\\/wp.kristdemokraterna.se\\\/vetlanda\\\/en-stark-lista-infor-hostens-val\\\/#breadcrumb\",\"itemListElement\":[{\"@type\":\"ListItem\",\"position\":1,\"name\":\"Hem\",\"item\":\"https:\\\/\\\/wp.kristdemokraterna.se\\\/vetlanda\\\/\"},{\"@type\":\"ListItem\",\"position\":2,\"name\":\"En stark lista inf\u00f6r h\u00f6stens val\"}]},{\"@type\":\"WebSite\",\"@id\":\"https:\\\/\\\/wp.kristdemokraterna.se\\\/vetlanda\\\/#website\",\"url\":\"https:\\\/\\\/wp.kristdemokraterna.se\\\/vetlanda\\\/\",\"name\":\"Vetlanda\",\"description\":\"\",\"inLanguage\":\"sv-SE\"},{\"@type\":\"Person\",\"@id\":\"https:\\\/\\\/wp.kristdemokraterna.se\\\/vetlanda\\\/#\\\/schema\\\/person\\\/992ede42a07677768734985767dd5e21\",\"name\":\"vetlanda\",\"image\":{\"@type\":\"ImageObject\",\"inLanguage\":\"sv-SE\",\"@id\":\"https:\\\/\\\/secure.gravatar.com\\\/avatar\\\/18eb62bbbfdd8043727930413d968db8f1ef2eff391ad735e9a8baad6f9a3063?s=96&d=mm&r=g\",\"url\":\"https:\\\/\\\/secure.gravatar.com\\\/avatar\\\/18eb62bbbfdd8043727930413d968db8f1ef2eff391ad735e9a8baad6f9a3063?s=96&d=mm&r=g\",\"contentUrl\":\"https:\\\/\\\/secure.gravatar.com\\\/avatar\\\/18eb62bbbfdd8043727930413d968db8f1ef2eff391ad735e9a8baad6f9a3063?s=96&d=mm&r=g\",\"caption\":\"vetlanda\"},\"url\":\"https:\\\/\\\/wp.kristdemokraterna.se\\\/vetlanda\\\/author\\\/vetlanda\\\/\"}]}<\/script>\n<!-- \/ Yoast SEO plugin. -->","yoast_head_json":{"title":"En stark lista inf\u00f6r h\u00f6stens val - Vetlanda","robots":{"index":"index","follow":"follow","max-snippet":"max-snippet:-1","max-image-preview":"max-image-preview:large","max-video-preview":"max-video-preview:-1"},"canonical":"https:\/\/wp.kristdemokraterna.se\/vetlanda\/en-stark-lista-infor-hostens-val\/","og_locale":"sv_SE","og_type":"article","og_title":"En stark lista inf\u00f6r h\u00f6stens val - Vetlanda","og_description":"Kristdemokraterna har ett 26 personer starkt team inf\u00f6r h\u00f6stens val till Vetlanda kommunfullm\u00e4ktige. H\u00e4r syns b\u00e5de nyare namn och personer som funnits med i det politiska arbetet under l\u00e4ngre tid. \u2013 Vi har siktet tydligt inst\u00e4llt p\u00e5 att, tillsammans med v\u00e5ra kollegor i Alliansen, axla ansvaret f\u00f6r kommunens ledning efter valet, s\u00e4ger Hans Svensson som Read More","og_url":"https:\/\/wp.kristdemokraterna.se\/vetlanda\/en-stark-lista-infor-hostens-val\/","og_site_name":"Vetlanda","article_published_time":"2018-06-06T15:07:23+00:00","article_modified_time":"2018-06-13T15:10:13+00:00","og_image":[{"url":"http:\/\/wp.kristdemokraterna.se\/vetlanda\/files\/2018\/06\/img_6782-val-2018.jpg","type":"","width":"","height":""}],"author":"vetlanda","twitter_card":"summary_large_image","twitter_misc":{"Skriven av":"vetlanda","Ber\u00e4knad l\u00e4stid":"1 minut"},"schema":{"@context":"https:\/\/schema.org","@graph":[{"@type":"Article","@id":"https:\/\/wp.kristdemokraterna.se\/vetlanda\/en-stark-lista-infor-hostens-val\/#article","isPartOf":{"@id":"https:\/\/wp.kristdemokraterna.se\/vetlanda\/en-stark-lista-infor-hostens-val\/"},"author":{"name":"vetlanda","@id":"https:\/\/wp.kristdemokraterna.se\/vetlanda\/#\/schema\/person\/992ede42a07677768734985767dd5e21"},"headline":"En stark lista inf\u00f6r h\u00f6stens val","datePublished":"2018-06-06T15:07:23+00:00","dateModified":"2018-06-13T15:10:13+00:00","mainEntityOfPage":{"@id":"https:\/\/wp.kristdemokraterna.se\/vetlanda\/en-stark-lista-infor-hostens-val\/"},"wordCount":274,"image":{"@id":"https:\/\/wp.kristdemokraterna.se\/vetlanda\/en-stark-lista-infor-hostens-val\/#primaryimage"},"thumbnailUrl":"http:\/\/wp.kristdemokraterna.se\/vetlanda\/files\/2018\/06\/img_6782-val-2018.jpg","inLanguage":"sv-SE"},{"@type":"WebPage","@id":"https:\/\/wp.kristdemokraterna.se\/vetlanda\/en-stark-lista-infor-hostens-val\/","url":"https:\/\/wp.kristdemokraterna.se\/vetlanda\/en-stark-lista-infor-hostens-val\/","name":"En stark lista inf\u00f6r h\u00f6stens val - Vetlanda","isPartOf":{"@id":"https:\/\/wp.kristdemokraterna.se\/vetlanda\/#website"},"primaryImageOfPage":{"@id":"https:\/\/wp.kristdemokraterna.se\/vetlanda\/en-stark-lista-infor-hostens-val\/#primaryimage"},"image":{"@id":"https:\/\/wp.kristdemokraterna.se\/vetlanda\/en-stark-lista-infor-hostens-val\/#primaryimage"},"thumbnailUrl":"http:\/\/wp.kristdemokraterna.se\/vetlanda\/files\/2018\/06\/img_6782-val-2018.jpg","datePublished":"2018-06-06T15:07:23+00:00","dateModified":"2018-06-13T15:10:13+00:00","author":{"@id":"https:\/\/wp.kristdemokraterna.se\/vetlanda\/#\/schema\/person\/992ede42a07677768734985767dd5e21"},"breadcrumb":{"@id":"https:\/\/wp.kristdemokraterna.se\/vetlanda\/en-stark-lista-infor-hostens-val\/#breadcrumb"},"inLanguage":"sv-SE","potentialAction":[{"@type":"ReadAction","target":["https:\/\/wp.kristdemokraterna.se\/vetlanda\/en-stark-lista-infor-hostens-val\/"]}]},{"@type":"ImageObject","inLanguage":"sv-SE","@id":"https:\/\/wp.kristdemokraterna.se\/vetlanda\/en-stark-lista-infor-hostens-val\/#primaryimage","url":"https:\/\/wp.kristdemokraterna.se\/vetlanda\/files\/2018\/06\/img_6782-val-2018.jpg","contentUrl":"https:\/\/wp.kristdemokraterna.se\/vetlanda\/files\/2018\/06\/img_6782-val-2018.jpg","width":600,"height":400,"caption":"Hans Svensson, Monica Samuelsson, Jan-Erik Josefsson och Madelene Palmgren toppar listan som rymmer 26 namn fr\u00e5n kommunens olika delar."},{"@type":"BreadcrumbList","@id":"https:\/\/wp.kristdemokraterna.se\/vetlanda\/en-stark-lista-infor-hostens-val\/#breadcrumb","itemListElement":[{"@type":"ListItem","position":1,"name":"Hem","item":"https:\/\/wp.kristdemokraterna.se\/vetlanda\/"},{"@type":"ListItem","position":2,"name":"En stark lista inf\u00f6r h\u00f6stens val"}]},{"@type":"WebSite","@id":"https:\/\/wp.kristdemokraterna.se\/vetlanda\/#website","url":"https:\/\/wp.kristdemokraterna.se\/vetlanda\/","name":"Vetlanda","description":"","inLanguage":"sv-SE"},{"@type":"Person","@id":"https:\/\/wp.kristdemokraterna.se\/vetlanda\/#\/schema\/person\/992ede42a07677768734985767dd5e21","name":"vetlanda","image":{"@type":"ImageObject","inLanguage":"sv-SE","@id":"https:\/\/secure.gravatar.com\/avatar\/18eb62bbbfdd8043727930413d968db8f1ef2eff391ad735e9a8baad6f9a3063?s=96&d=mm&r=g","url":"https:\/\/secure.gravatar.com\/avatar\/18eb62bbbfdd8043727930413d968db8f1ef2eff391ad735e9a8baad6f9a3063?s=96&d=mm&r=g","contentUrl":"https:\/\/secure.gravatar.com\/avatar\/18eb62bbbfdd8043727930413d968db8f1ef2eff391ad735e9a8baad6f9a3063?s=96&d=mm&r=g","caption":"vetlanda"},"url":"https:\/\/wp.kristdemokraterna.se\/vetlanda\/author\/vetlanda\/"}]}},"_links":{"self":[{"href":"https:\/\/wp.kristdemokraterna.se\/vetlanda\/wp-json\/wp\/v2\/posts\/329","targetHints":{"allow":["GET"]}}],"collection":[{"href":"https:\/\/wp.kristdemokraterna.se\/vetlanda\/wp-json\/wp\/v2\/posts"}],"about":[{"href":"https:\/\/wp.kristdemokraterna.se\/vetlanda\/wp-json\/wp\/v2\/types\/post"}],"author":[{"embeddable":true,"href":"https:\/\/wp.kristdemokraterna.se\/vetlanda\/wp-json\/wp\/v2\/users\/633"}],"replies":[{"embeddable":true,"href":"https:\/\/wp.kristdemokraterna.se\/vetlanda\/wp-json\/wp\/v2\/comments?post=329"}],"version-history":[{"count":2,"href":"https:\/\/wp.kristdemokraterna.se\/vetlanda\/wp-json\/wp\/v2\/posts\/329\/revisions"}],"predecessor-version":[{"id":332,"href":"https:\/\/wp.kristdemokraterna.se\/vetlanda\/wp-json\/wp\/v2\/posts\/329\/revisions\/332"}],"wp:attachment":[{"href":"https:\/\/wp.kristdemokraterna.se\/vetlanda\/wp-json\/wp\/v2\/media?parent=329"}],"wp:term":[{"taxonomy":"category","embeddable":true,"href":"https:\/\/wp.kristdemokraterna.se\/vetlanda\/wp-json\/wp\/v2\/categories?post=329"},{"taxonomy":"post_tag","embeddable":true,"href":"https:\/\/wp.kristdemokraterna.se\/vetlanda\/wp-json\/wp\/v2\/tags?post=329"}],"curies":[{"name":"wp","href":"https:\/\/api.w.org\/{rel}","templated":true}]}}