{"id":419,"date":"2022-02-25T10:44:21","date_gmt":"2022-02-25T09:44:21","guid":{"rendered":"https:\/\/wp.kristdemokraterna.se\/vetlanda\/?p=419"},"modified":"2022-03-05T10:50:43","modified_gmt":"2022-03-05T09:50:43","slug":"kd-s-lista-infor-valet-faststalld","status":"publish","type":"post","link":"https:\/\/wp.kristdemokraterna.se\/vetlanda\/kd-s-lista-infor-valet-faststalld\/","title":{"rendered":"KD:s lista inf\u00f6r valet fastst\u00e4lld"},"content":{"rendered":"<div id=\"attachment_421\" style=\"width: 770px\" class=\"wp-caption alignnone\"><a href=\"http:\/\/wp.kristdemokraterna.se\/vetlanda\/files\/2022\/03\/monica-hans-gunbrittt-lars.jpg\"><img loading=\"lazy\" decoding=\"async\" aria-describedby=\"caption-attachment-421\" class=\"size-full wp-image-421\" src=\"http:\/\/wp.kristdemokraterna.se\/vetlanda\/files\/2022\/03\/monica-hans-gunbrittt-lars.jpg\" alt=\"\" width=\"760\" height=\"261\" srcset=\"https:\/\/wp.kristdemokraterna.se\/vetlanda\/files\/2022\/03\/monica-hans-gunbrittt-lars.jpg 760w, https:\/\/wp.kristdemokraterna.se\/vetlanda\/files\/2022\/03\/monica-hans-gunbrittt-lars-300x103.jpg 300w, https:\/\/wp.kristdemokraterna.se\/vetlanda\/files\/2022\/03\/monica-hans-gunbrittt-lars-576x198.jpg 576w, https:\/\/wp.kristdemokraterna.se\/vetlanda\/files\/2022\/03\/monica-hans-gunbrittt-lars-186x64.jpg 186w\" sizes=\"auto, (max-width: 760px) 100vw, 760px\" \/><\/a><p id=\"caption-attachment-421\" class=\"wp-caption-text\">Monica Samuelsson, Hans Svensson, Gun-Britt Sigfridsson och Lars R\u00e5sberg \u00e4r n\u00e5gra av dem som \u00e5terfinns p\u00e5 KD:s lista inf\u00f6r kommunvalet i september 2022.<\/p><\/div>\n<p>Nu \u00e4r Kristdemokraternas lista till kommunfullm\u00e4ktigevalet i Vetlanda i september 2022 fastst\u00e4lld. Listan toppas av Monica Samuelsson, Hans Svensson, Lars R\u00e5sberg, Jan-Erik Josefsson, Kristoffer Kaspersson, Irene L\u00f6vgren och Gun-Britt Sigfridsson.<\/p>\n<p>&#8211; Vi \u00e4r ett bra team med 26 namn p\u00e5 listan. Vi ing\u00e5r idag i en block\u00f6verskridande majoritet i kommunen men g\u00e5r till val som enskilt parti med \u00f6nskan att vinna v\u00e4ljarnas fortsatta f\u00f6rtroende. V\u00e5rt m\u00e5l \u00e4r att vara med och styra kommunen \u00e4ven efter valet och f\u00e5 genomslag f\u00f6r god kristdemokratisk politik som genomsyras av omsorgen om m\u00e4nniskor, civilsamh\u00e4lle och n\u00e4ringsliv, s\u00e4ger partiets gruppledare i Vetlanda, Monica Samuelsson.<\/p>\n<ul>\n<li><a href=\"https:\/\/wp.kristdemokraterna.se\/vetlanda\/kommunvalet\/\">Se hela listan h\u00e4r<\/a><\/li>\n<\/ul>\n","protected":false},"excerpt":{"rendered":"<p>Nu \u00e4r Kristdemokraternas lista till kommunfullm\u00e4ktigevalet i Vetlanda i september 2022 fastst\u00e4lld. Listan toppas av Monica Samuelsson, Hans Svensson, Lars R\u00e5sberg, Jan-Erik Josefsson, Kristoffer Kaspersson, Irene L\u00f6vgren och Gun-Britt Sigfridsson. &#8211; Vi \u00e4r ett bra team med 26 namn p\u00e5 listan. Vi ing\u00e5r idag i en block\u00f6verskridande majoritet i kommunen men g\u00e5r till val som <a class=\"read-more-link\" href=\"https:\/\/wp.kristdemokraterna.se\/vetlanda\/kd-s-lista-infor-valet-faststalld\/\">Read More<\/a><\/p>\n","protected":false},"author":633,"featured_media":0,"comment_status":"closed","ping_status":"closed","sticky":false,"template":"","format":"standard","meta":{"_acf_changed":false,"footnotes":""},"categories":[1],"tags":[],"class_list":["post-419","post","type-post","status-publish","format-standard","hentry","category-okategoriserade"],"acf":[],"yoast_head":"<!-- This site is optimized with the Yoast SEO plugin v27.5 - https:\/\/yoast.com\/product\/yoast-seo-wordpress\/ -->\n<title>KD:s lista inf\u00f6r valet fastst\u00e4lld - Vetlanda<\/title>\n<meta name=\"description\" content=\"Listan toppas av Monica Samuelsson, Hans Svensson, Lars R\u00e5sberg, Jan-Erik Josefsson, Kristoffer Kaspersson, Irene L\u00f6vgren och Gun-Britt Sigfridsson.\" \/>\n<meta name=\"robots\" content=\"index, follow, max-snippet:-1, max-image-preview:large, max-video-preview:-1\" \/>\n<link rel=\"canonical\" href=\"https:\/\/wp.kristdemokraterna.se\/vetlanda\/kd-s-lista-infor-valet-faststalld\/\" \/>\n<meta property=\"og:locale\" content=\"sv_SE\" \/>\n<meta property=\"og:type\" content=\"article\" \/>\n<meta property=\"og:title\" content=\"KD:s lista inf\u00f6r valet fastst\u00e4lld - Vetlanda\" \/>\n<meta property=\"og:description\" content=\"Listan toppas av Monica Samuelsson, Hans Svensson, Lars R\u00e5sberg, Jan-Erik Josefsson, Kristoffer Kaspersson, Irene L\u00f6vgren och Gun-Britt Sigfridsson.\" \/>\n<meta property=\"og:url\" content=\"https:\/\/wp.kristdemokraterna.se\/vetlanda\/kd-s-lista-infor-valet-faststalld\/\" \/>\n<meta property=\"og:site_name\" content=\"Vetlanda\" \/>\n<meta property=\"article:published_time\" content=\"2022-02-25T09:44:21+00:00\" \/>\n<meta property=\"article:modified_time\" content=\"2022-03-05T09:50:43+00:00\" \/>\n<meta property=\"og:image\" content=\"http:\/\/wp.kristdemokraterna.se\/vetlanda\/files\/2022\/03\/monica-hans-gunbrittt-lars.jpg\" \/>\n<meta name=\"author\" content=\"vetlanda\" \/>\n<meta name=\"twitter:card\" content=\"summary_large_image\" \/>\n<meta name=\"twitter:label1\" content=\"Skriven av\" \/>\n\t<meta name=\"twitter:data1\" content=\"vetlanda\" \/>\n\t<meta name=\"twitter:label2\" content=\"Ber\u00e4knad l\u00e4stid\" \/>\n\t<meta name=\"twitter:data2\" content=\"1 minut\" \/>\n<script type=\"application\/ld+json\" class=\"yoast-schema-graph\">{\"@context\":\"https:\\\/\\\/schema.org\",\"@graph\":[{\"@type\":\"Article\",\"@id\":\"https:\\\/\\\/wp.kristdemokraterna.se\\\/vetlanda\\\/kd-s-lista-infor-valet-faststalld\\\/#article\",\"isPartOf\":{\"@id\":\"https:\\\/\\\/wp.kristdemokraterna.se\\\/vetlanda\\\/kd-s-lista-infor-valet-faststalld\\\/\"},\"author\":{\"name\":\"vetlanda\",\"@id\":\"https:\\\/\\\/wp.kristdemokraterna.se\\\/vetlanda\\\/#\\\/schema\\\/person\\\/992ede42a07677768734985767dd5e21\"},\"headline\":\"KD:s lista inf\u00f6r valet fastst\u00e4lld\",\"datePublished\":\"2022-02-25T09:44:21+00:00\",\"dateModified\":\"2022-03-05T09:50:43+00:00\",\"mainEntityOfPage\":{\"@id\":\"https:\\\/\\\/wp.kristdemokraterna.se\\\/vetlanda\\\/kd-s-lista-infor-valet-faststalld\\\/\"},\"wordCount\":159,\"image\":{\"@id\":\"https:\\\/\\\/wp.kristdemokraterna.se\\\/vetlanda\\\/kd-s-lista-infor-valet-faststalld\\\/#primaryimage\"},\"thumbnailUrl\":\"http:\\\/\\\/wp.kristdemokraterna.se\\\/vetlanda\\\/files\\\/2022\\\/03\\\/monica-hans-gunbrittt-lars.jpg\",\"inLanguage\":\"sv-SE\"},{\"@type\":\"WebPage\",\"@id\":\"https:\\\/\\\/wp.kristdemokraterna.se\\\/vetlanda\\\/kd-s-lista-infor-valet-faststalld\\\/\",\"url\":\"https:\\\/\\\/wp.kristdemokraterna.se\\\/vetlanda\\\/kd-s-lista-infor-valet-faststalld\\\/\",\"name\":\"KD:s lista inf\u00f6r valet fastst\u00e4lld - Vetlanda\",\"isPartOf\":{\"@id\":\"https:\\\/\\\/wp.kristdemokraterna.se\\\/vetlanda\\\/#website\"},\"primaryImageOfPage\":{\"@id\":\"https:\\\/\\\/wp.kristdemokraterna.se\\\/vetlanda\\\/kd-s-lista-infor-valet-faststalld\\\/#primaryimage\"},\"image\":{\"@id\":\"https:\\\/\\\/wp.kristdemokraterna.se\\\/vetlanda\\\/kd-s-lista-infor-valet-faststalld\\\/#primaryimage\"},\"thumbnailUrl\":\"http:\\\/\\\/wp.kristdemokraterna.se\\\/vetlanda\\\/files\\\/2022\\\/03\\\/monica-hans-gunbrittt-lars.jpg\",\"datePublished\":\"2022-02-25T09:44:21+00:00\",\"dateModified\":\"2022-03-05T09:50:43+00:00\",\"author\":{\"@id\":\"https:\\\/\\\/wp.kristdemokraterna.se\\\/vetlanda\\\/#\\\/schema\\\/person\\\/992ede42a07677768734985767dd5e21\"},\"description\":\"Listan toppas av Monica Samuelsson, Hans Svensson, Lars R\u00e5sberg, Jan-Erik Josefsson, Kristoffer Kaspersson, Irene L\u00f6vgren och Gun-Britt Sigfridsson.\",\"breadcrumb\":{\"@id\":\"https:\\\/\\\/wp.kristdemokraterna.se\\\/vetlanda\\\/kd-s-lista-infor-valet-faststalld\\\/#breadcrumb\"},\"inLanguage\":\"sv-SE\",\"potentialAction\":[{\"@type\":\"ReadAction\",\"target\":[\"https:\\\/\\\/wp.kristdemokraterna.se\\\/vetlanda\\\/kd-s-lista-infor-valet-faststalld\\\/\"]}]},{\"@type\":\"ImageObject\",\"inLanguage\":\"sv-SE\",\"@id\":\"https:\\\/\\\/wp.kristdemokraterna.se\\\/vetlanda\\\/kd-s-lista-infor-valet-faststalld\\\/#primaryimage\",\"url\":\"http:\\\/\\\/wp.kristdemokraterna.se\\\/vetlanda\\\/files\\\/2022\\\/03\\\/monica-hans-gunbrittt-lars.jpg\",\"contentUrl\":\"http:\\\/\\\/wp.kristdemokraterna.se\\\/vetlanda\\\/files\\\/2022\\\/03\\\/monica-hans-gunbrittt-lars.jpg\"},{\"@type\":\"BreadcrumbList\",\"@id\":\"https:\\\/\\\/wp.kristdemokraterna.se\\\/vetlanda\\\/kd-s-lista-infor-valet-faststalld\\\/#breadcrumb\",\"itemListElement\":[{\"@type\":\"ListItem\",\"position\":1,\"name\":\"Hem\",\"item\":\"https:\\\/\\\/wp.kristdemokraterna.se\\\/vetlanda\\\/\"},{\"@type\":\"ListItem\",\"position\":2,\"name\":\"KD:s lista inf\u00f6r valet fastst\u00e4lld\"}]},{\"@type\":\"WebSite\",\"@id\":\"https:\\\/\\\/wp.kristdemokraterna.se\\\/vetlanda\\\/#website\",\"url\":\"https:\\\/\\\/wp.kristdemokraterna.se\\\/vetlanda\\\/\",\"name\":\"Vetlanda\",\"description\":\"\",\"inLanguage\":\"sv-SE\"},{\"@type\":\"Person\",\"@id\":\"https:\\\/\\\/wp.kristdemokraterna.se\\\/vetlanda\\\/#\\\/schema\\\/person\\\/992ede42a07677768734985767dd5e21\",\"name\":\"vetlanda\",\"image\":{\"@type\":\"ImageObject\",\"inLanguage\":\"sv-SE\",\"@id\":\"https:\\\/\\\/secure.gravatar.com\\\/avatar\\\/18eb62bbbfdd8043727930413d968db8f1ef2eff391ad735e9a8baad6f9a3063?s=96&d=mm&r=g\",\"url\":\"https:\\\/\\\/secure.gravatar.com\\\/avatar\\\/18eb62bbbfdd8043727930413d968db8f1ef2eff391ad735e9a8baad6f9a3063?s=96&d=mm&r=g\",\"contentUrl\":\"https:\\\/\\\/secure.gravatar.com\\\/avatar\\\/18eb62bbbfdd8043727930413d968db8f1ef2eff391ad735e9a8baad6f9a3063?s=96&d=mm&r=g\",\"caption\":\"vetlanda\"},\"url\":\"https:\\\/\\\/wp.kristdemokraterna.se\\\/vetlanda\\\/author\\\/vetlanda\\\/\"}]}<\/script>\n<!-- \/ Yoast SEO plugin. -->","yoast_head_json":{"title":"KD:s lista inf\u00f6r valet fastst\u00e4lld - Vetlanda","description":"Listan toppas av Monica Samuelsson, Hans Svensson, Lars R\u00e5sberg, Jan-Erik Josefsson, Kristoffer Kaspersson, Irene L\u00f6vgren och Gun-Britt Sigfridsson.","robots":{"index":"index","follow":"follow","max-snippet":"max-snippet:-1","max-image-preview":"max-image-preview:large","max-video-preview":"max-video-preview:-1"},"canonical":"https:\/\/wp.kristdemokraterna.se\/vetlanda\/kd-s-lista-infor-valet-faststalld\/","og_locale":"sv_SE","og_type":"article","og_title":"KD:s lista inf\u00f6r valet fastst\u00e4lld - Vetlanda","og_description":"Listan toppas av Monica Samuelsson, Hans Svensson, Lars R\u00e5sberg, Jan-Erik Josefsson, Kristoffer Kaspersson, Irene L\u00f6vgren och Gun-Britt Sigfridsson.","og_url":"https:\/\/wp.kristdemokraterna.se\/vetlanda\/kd-s-lista-infor-valet-faststalld\/","og_site_name":"Vetlanda","article_published_time":"2022-02-25T09:44:21+00:00","article_modified_time":"2022-03-05T09:50:43+00:00","og_image":[{"url":"http:\/\/wp.kristdemokraterna.se\/vetlanda\/files\/2022\/03\/monica-hans-gunbrittt-lars.jpg","type":"","width":"","height":""}],"author":"vetlanda","twitter_card":"summary_large_image","twitter_misc":{"Skriven av":"vetlanda","Ber\u00e4knad l\u00e4stid":"1 minut"},"schema":{"@context":"https:\/\/schema.org","@graph":[{"@type":"Article","@id":"https:\/\/wp.kristdemokraterna.se\/vetlanda\/kd-s-lista-infor-valet-faststalld\/#article","isPartOf":{"@id":"https:\/\/wp.kristdemokraterna.se\/vetlanda\/kd-s-lista-infor-valet-faststalld\/"},"author":{"name":"vetlanda","@id":"https:\/\/wp.kristdemokraterna.se\/vetlanda\/#\/schema\/person\/992ede42a07677768734985767dd5e21"},"headline":"KD:s lista inf\u00f6r valet fastst\u00e4lld","datePublished":"2022-02-25T09:44:21+00:00","dateModified":"2022-03-05T09:50:43+00:00","mainEntityOfPage":{"@id":"https:\/\/wp.kristdemokraterna.se\/vetlanda\/kd-s-lista-infor-valet-faststalld\/"},"wordCount":159,"image":{"@id":"https:\/\/wp.kristdemokraterna.se\/vetlanda\/kd-s-lista-infor-valet-faststalld\/#primaryimage"},"thumbnailUrl":"http:\/\/wp.kristdemokraterna.se\/vetlanda\/files\/2022\/03\/monica-hans-gunbrittt-lars.jpg","inLanguage":"sv-SE"},{"@type":"WebPage","@id":"https:\/\/wp.kristdemokraterna.se\/vetlanda\/kd-s-lista-infor-valet-faststalld\/","url":"https:\/\/wp.kristdemokraterna.se\/vetlanda\/kd-s-lista-infor-valet-faststalld\/","name":"KD:s lista inf\u00f6r valet fastst\u00e4lld - Vetlanda","isPartOf":{"@id":"https:\/\/wp.kristdemokraterna.se\/vetlanda\/#website"},"primaryImageOfPage":{"@id":"https:\/\/wp.kristdemokraterna.se\/vetlanda\/kd-s-lista-infor-valet-faststalld\/#primaryimage"},"image":{"@id":"https:\/\/wp.kristdemokraterna.se\/vetlanda\/kd-s-lista-infor-valet-faststalld\/#primaryimage"},"thumbnailUrl":"http:\/\/wp.kristdemokraterna.se\/vetlanda\/files\/2022\/03\/monica-hans-gunbrittt-lars.jpg","datePublished":"2022-02-25T09:44:21+00:00","dateModified":"2022-03-05T09:50:43+00:00","author":{"@id":"https:\/\/wp.kristdemokraterna.se\/vetlanda\/#\/schema\/person\/992ede42a07677768734985767dd5e21"},"description":"Listan toppas av Monica Samuelsson, Hans Svensson, Lars R\u00e5sberg, Jan-Erik Josefsson, Kristoffer Kaspersson, Irene L\u00f6vgren och Gun-Britt Sigfridsson.","breadcrumb":{"@id":"https:\/\/wp.kristdemokraterna.se\/vetlanda\/kd-s-lista-infor-valet-faststalld\/#breadcrumb"},"inLanguage":"sv-SE","potentialAction":[{"@type":"ReadAction","target":["https:\/\/wp.kristdemokraterna.se\/vetlanda\/kd-s-lista-infor-valet-faststalld\/"]}]},{"@type":"ImageObject","inLanguage":"sv-SE","@id":"https:\/\/wp.kristdemokraterna.se\/vetlanda\/kd-s-lista-infor-valet-faststalld\/#primaryimage","url":"http:\/\/wp.kristdemokraterna.se\/vetlanda\/files\/2022\/03\/monica-hans-gunbrittt-lars.jpg","contentUrl":"http:\/\/wp.kristdemokraterna.se\/vetlanda\/files\/2022\/03\/monica-hans-gunbrittt-lars.jpg"},{"@type":"BreadcrumbList","@id":"https:\/\/wp.kristdemokraterna.se\/vetlanda\/kd-s-lista-infor-valet-faststalld\/#breadcrumb","itemListElement":[{"@type":"ListItem","position":1,"name":"Hem","item":"https:\/\/wp.kristdemokraterna.se\/vetlanda\/"},{"@type":"ListItem","position":2,"name":"KD:s lista inf\u00f6r valet fastst\u00e4lld"}]},{"@type":"WebSite","@id":"https:\/\/wp.kristdemokraterna.se\/vetlanda\/#website","url":"https:\/\/wp.kristdemokraterna.se\/vetlanda\/","name":"Vetlanda","description":"","inLanguage":"sv-SE"},{"@type":"Person","@id":"https:\/\/wp.kristdemokraterna.se\/vetlanda\/#\/schema\/person\/992ede42a07677768734985767dd5e21","name":"vetlanda","image":{"@type":"ImageObject","inLanguage":"sv-SE","@id":"https:\/\/secure.gravatar.com\/avatar\/18eb62bbbfdd8043727930413d968db8f1ef2eff391ad735e9a8baad6f9a3063?s=96&d=mm&r=g","url":"https:\/\/secure.gravatar.com\/avatar\/18eb62bbbfdd8043727930413d968db8f1ef2eff391ad735e9a8baad6f9a3063?s=96&d=mm&r=g","contentUrl":"https:\/\/secure.gravatar.com\/avatar\/18eb62bbbfdd8043727930413d968db8f1ef2eff391ad735e9a8baad6f9a3063?s=96&d=mm&r=g","caption":"vetlanda"},"url":"https:\/\/wp.kristdemokraterna.se\/vetlanda\/author\/vetlanda\/"}]}},"_links":{"self":[{"href":"https:\/\/wp.kristdemokraterna.se\/vetlanda\/wp-json\/wp\/v2\/posts\/419","targetHints":{"allow":["GET"]}}],"collection":[{"href":"https:\/\/wp.kristdemokraterna.se\/vetlanda\/wp-json\/wp\/v2\/posts"}],"about":[{"href":"https:\/\/wp.kristdemokraterna.se\/vetlanda\/wp-json\/wp\/v2\/types\/post"}],"author":[{"embeddable":true,"href":"https:\/\/wp.kristdemokraterna.se\/vetlanda\/wp-json\/wp\/v2\/users\/633"}],"replies":[{"embeddable":true,"href":"https:\/\/wp.kristdemokraterna.se\/vetlanda\/wp-json\/wp\/v2\/comments?post=419"}],"version-history":[{"count":3,"href":"https:\/\/wp.kristdemokraterna.se\/vetlanda\/wp-json\/wp\/v2\/posts\/419\/revisions"}],"predecessor-version":[{"id":425,"href":"https:\/\/wp.kristdemokraterna.se\/vetlanda\/wp-json\/wp\/v2\/posts\/419\/revisions\/425"}],"wp:attachment":[{"href":"https:\/\/wp.kristdemokraterna.se\/vetlanda\/wp-json\/wp\/v2\/media?parent=419"}],"wp:term":[{"taxonomy":"category","embeddable":true,"href":"https:\/\/wp.kristdemokraterna.se\/vetlanda\/wp-json\/wp\/v2\/categories?post=419"},{"taxonomy":"post_tag","embeddable":true,"href":"https:\/\/wp.kristdemokraterna.se\/vetlanda\/wp-json\/wp\/v2\/tags?post=419"}],"curies":[{"name":"wp","href":"https:\/\/api.w.org\/{rel}","templated":true}]}}