{"id":426,"date":"2022-02-24T10:51:00","date_gmt":"2022-02-24T09:51:00","guid":{"rendered":"https:\/\/wp.kristdemokraterna.se\/vetlanda\/?p=426"},"modified":"2022-03-05T10:55:11","modified_gmt":"2022-03-05T09:55:11","slug":"acko-pa-kd-s-arsmote-i-vetlanda","status":"publish","type":"post","link":"https:\/\/wp.kristdemokraterna.se\/vetlanda\/acko-pa-kd-s-arsmote-i-vetlanda\/","title":{"rendered":"Acko p\u00e5 KD:s \u00e5rsm\u00f6te i Vetlanda"},"content":{"rendered":"<div id=\"attachment_427\" style=\"width: 810px\" class=\"wp-caption alignnone\"><a href=\"http:\/\/wp.kristdemokraterna.se\/vetlanda\/files\/2022\/03\/acko.jpg\"><img loading=\"lazy\" decoding=\"async\" aria-describedby=\"caption-attachment-427\" class=\"size-full wp-image-427\" src=\"http:\/\/wp.kristdemokraterna.se\/vetlanda\/files\/2022\/03\/acko.jpg\" alt=\"\" width=\"800\" height=\"369\" srcset=\"https:\/\/wp.kristdemokraterna.se\/vetlanda\/files\/2022\/03\/acko.jpg 800w, https:\/\/wp.kristdemokraterna.se\/vetlanda\/files\/2022\/03\/acko-300x138.jpg 300w, https:\/\/wp.kristdemokraterna.se\/vetlanda\/files\/2022\/03\/acko-768x354.jpg 768w, https:\/\/wp.kristdemokraterna.se\/vetlanda\/files\/2022\/03\/acko-576x266.jpg 576w, https:\/\/wp.kristdemokraterna.se\/vetlanda\/files\/2022\/03\/acko-186x86.jpg 186w\" sizes=\"auto, (max-width: 800px) 100vw, 800px\" \/><\/a><p id=\"caption-attachment-427\" class=\"wp-caption-text\">Riksdagsledamot Acko Ankarberg Johansson (KD) fr\u00e5n Huskvarna talade i m\u00e5ndags p\u00e5 KD:s \u00e5rsm\u00f6te i Vetlanda d\u00e4r bland andra Hans Svensson, Jan-Erik Josefsson och Monica Samuelsson valdes in p\u00e5 partiets kommunfullm\u00e4ktigelista inf\u00f6r h\u00f6stens val.<\/p><\/div>\n<p>&#8211; Den situation som m\u00e5nga, inte minst \u00e4ldre, nu upplever med skyh\u00f6ga elr\u00e4kningar, kraftigt \u00f6kade priser p\u00e5 bensin och diesel och stigande matpriser, m\u00e5ste vi ta p\u00e5 allvar. De insatser vi vill g\u00f6ra f\u00f6r milj\u00f6n m\u00e5ste vara hanterbara och inte, som idag, sl\u00e5 h\u00e5rt mot svenska hush\u00e5ll och f\u00f6retag.<\/p>\n<p>Det sade Acko Ankarberg Johansson (KD), riksdagsledamot och ordf\u00f6rande i riksdagens socialutskott d\u00e5 hon i m\u00e5ndags bes\u00f6kte Kristdemokraternas \u00e5rsm\u00f6te i Vetlanda.<\/p>\n<p>&#8211; Sjukv\u00e5rden och \u00e4ldreomsorgen \u00e4r v\u00e5ra hj\u00e4rtefr\u00e5gor inf\u00f6r valet. N\u00e4r jag l\u00e4ser Vetlandas \u00e4ldreomsorgsplan blir jag glad. Den \u00e4r v\u00e4larbetad och viktig. V\u00e5ra \u00e4ldre har lidit h\u00e5rt under pandemin, av viruset i sig men ocks\u00e5 av \u00f6kad ensamhet. Beslut om mer kompetens till \u00e4ldreomsorgen, f\u00f6rb\u00e4ttrad arbetssituation och fler anpassade boenden, det har vi f\u00e5tt igenom i Sveriges riksdag. Det inneb\u00e4r 4 miljarder till landets kommuner \u00e5rligen, varav Vetlanda f\u00e5r 13 miljoner.<\/p>\n","protected":false},"excerpt":{"rendered":"<p>&#8211; Den situation som m\u00e5nga, inte minst \u00e4ldre, nu upplever med skyh\u00f6ga elr\u00e4kningar, kraftigt \u00f6kade priser p\u00e5 bensin och diesel och stigande matpriser, m\u00e5ste vi ta p\u00e5 allvar. De insatser vi vill g\u00f6ra f\u00f6r milj\u00f6n m\u00e5ste vara hanterbara och inte, som idag, sl\u00e5 h\u00e5rt mot svenska hush\u00e5ll och f\u00f6retag. Det sade Acko Ankarberg Johansson (KD), <a class=\"read-more-link\" href=\"https:\/\/wp.kristdemokraterna.se\/vetlanda\/acko-pa-kd-s-arsmote-i-vetlanda\/\">Read More<\/a><\/p>\n","protected":false},"author":633,"featured_media":0,"comment_status":"closed","ping_status":"closed","sticky":false,"template":"","format":"standard","meta":{"_acf_changed":false,"footnotes":""},"categories":[1],"tags":[],"class_list":["post-426","post","type-post","status-publish","format-standard","hentry","category-okategoriserade"],"acf":[],"yoast_head":"<!-- This site is optimized with the Yoast SEO plugin v27.5 - https:\/\/yoast.com\/product\/yoast-seo-wordpress\/ -->\n<title>Acko p\u00e5 KD:s \u00e5rsm\u00f6te i Vetlanda - Vetlanda<\/title>\n<meta name=\"robots\" content=\"index, follow, max-snippet:-1, max-image-preview:large, max-video-preview:-1\" \/>\n<link rel=\"canonical\" href=\"https:\/\/wp.kristdemokraterna.se\/vetlanda\/acko-pa-kd-s-arsmote-i-vetlanda\/\" \/>\n<meta property=\"og:locale\" content=\"sv_SE\" \/>\n<meta property=\"og:type\" content=\"article\" \/>\n<meta property=\"og:title\" content=\"Acko p\u00e5 KD:s \u00e5rsm\u00f6te i Vetlanda - Vetlanda\" \/>\n<meta property=\"og:description\" content=\"&#8211; Den situation som m\u00e5nga, inte minst \u00e4ldre, nu upplever med skyh\u00f6ga elr\u00e4kningar, kraftigt \u00f6kade priser p\u00e5 bensin och diesel och stigande matpriser, m\u00e5ste vi ta p\u00e5 allvar. De insatser vi vill g\u00f6ra f\u00f6r milj\u00f6n m\u00e5ste vara hanterbara och inte, som idag, sl\u00e5 h\u00e5rt mot svenska hush\u00e5ll och f\u00f6retag. Det sade Acko Ankarberg Johansson (KD), Read More\" \/>\n<meta property=\"og:url\" content=\"https:\/\/wp.kristdemokraterna.se\/vetlanda\/acko-pa-kd-s-arsmote-i-vetlanda\/\" \/>\n<meta property=\"og:site_name\" content=\"Vetlanda\" \/>\n<meta property=\"article:published_time\" content=\"2022-02-24T09:51:00+00:00\" \/>\n<meta property=\"article:modified_time\" content=\"2022-03-05T09:55:11+00:00\" \/>\n<meta property=\"og:image\" content=\"http:\/\/wp.kristdemokraterna.se\/vetlanda\/files\/2022\/03\/acko.jpg\" \/>\n<meta name=\"author\" content=\"vetlanda\" \/>\n<meta name=\"twitter:card\" content=\"summary_large_image\" \/>\n<meta name=\"twitter:label1\" content=\"Skriven av\" \/>\n\t<meta name=\"twitter:data1\" content=\"vetlanda\" \/>\n\t<meta name=\"twitter:label2\" content=\"Ber\u00e4knad l\u00e4stid\" \/>\n\t<meta name=\"twitter:data2\" content=\"1 minut\" \/>\n<script type=\"application\/ld+json\" class=\"yoast-schema-graph\">{\"@context\":\"https:\\\/\\\/schema.org\",\"@graph\":[{\"@type\":\"Article\",\"@id\":\"https:\\\/\\\/wp.kristdemokraterna.se\\\/vetlanda\\\/acko-pa-kd-s-arsmote-i-vetlanda\\\/#article\",\"isPartOf\":{\"@id\":\"https:\\\/\\\/wp.kristdemokraterna.se\\\/vetlanda\\\/acko-pa-kd-s-arsmote-i-vetlanda\\\/\"},\"author\":{\"name\":\"vetlanda\",\"@id\":\"https:\\\/\\\/wp.kristdemokraterna.se\\\/vetlanda\\\/#\\\/schema\\\/person\\\/992ede42a07677768734985767dd5e21\"},\"headline\":\"Acko p\u00e5 KD:s \u00e5rsm\u00f6te i Vetlanda\",\"datePublished\":\"2022-02-24T09:51:00+00:00\",\"dateModified\":\"2022-03-05T09:55:11+00:00\",\"mainEntityOfPage\":{\"@id\":\"https:\\\/\\\/wp.kristdemokraterna.se\\\/vetlanda\\\/acko-pa-kd-s-arsmote-i-vetlanda\\\/\"},\"wordCount\":225,\"image\":{\"@id\":\"https:\\\/\\\/wp.kristdemokraterna.se\\\/vetlanda\\\/acko-pa-kd-s-arsmote-i-vetlanda\\\/#primaryimage\"},\"thumbnailUrl\":\"http:\\\/\\\/wp.kristdemokraterna.se\\\/vetlanda\\\/files\\\/2022\\\/03\\\/acko.jpg\",\"inLanguage\":\"sv-SE\"},{\"@type\":\"WebPage\",\"@id\":\"https:\\\/\\\/wp.kristdemokraterna.se\\\/vetlanda\\\/acko-pa-kd-s-arsmote-i-vetlanda\\\/\",\"url\":\"https:\\\/\\\/wp.kristdemokraterna.se\\\/vetlanda\\\/acko-pa-kd-s-arsmote-i-vetlanda\\\/\",\"name\":\"Acko p\u00e5 KD:s \u00e5rsm\u00f6te i Vetlanda - Vetlanda\",\"isPartOf\":{\"@id\":\"https:\\\/\\\/wp.kristdemokraterna.se\\\/vetlanda\\\/#website\"},\"primaryImageOfPage\":{\"@id\":\"https:\\\/\\\/wp.kristdemokraterna.se\\\/vetlanda\\\/acko-pa-kd-s-arsmote-i-vetlanda\\\/#primaryimage\"},\"image\":{\"@id\":\"https:\\\/\\\/wp.kristdemokraterna.se\\\/vetlanda\\\/acko-pa-kd-s-arsmote-i-vetlanda\\\/#primaryimage\"},\"thumbnailUrl\":\"http:\\\/\\\/wp.kristdemokraterna.se\\\/vetlanda\\\/files\\\/2022\\\/03\\\/acko.jpg\",\"datePublished\":\"2022-02-24T09:51:00+00:00\",\"dateModified\":\"2022-03-05T09:55:11+00:00\",\"author\":{\"@id\":\"https:\\\/\\\/wp.kristdemokraterna.se\\\/vetlanda\\\/#\\\/schema\\\/person\\\/992ede42a07677768734985767dd5e21\"},\"breadcrumb\":{\"@id\":\"https:\\\/\\\/wp.kristdemokraterna.se\\\/vetlanda\\\/acko-pa-kd-s-arsmote-i-vetlanda\\\/#breadcrumb\"},\"inLanguage\":\"sv-SE\",\"potentialAction\":[{\"@type\":\"ReadAction\",\"target\":[\"https:\\\/\\\/wp.kristdemokraterna.se\\\/vetlanda\\\/acko-pa-kd-s-arsmote-i-vetlanda\\\/\"]}]},{\"@type\":\"ImageObject\",\"inLanguage\":\"sv-SE\",\"@id\":\"https:\\\/\\\/wp.kristdemokraterna.se\\\/vetlanda\\\/acko-pa-kd-s-arsmote-i-vetlanda\\\/#primaryimage\",\"url\":\"http:\\\/\\\/wp.kristdemokraterna.se\\\/vetlanda\\\/files\\\/2022\\\/03\\\/acko.jpg\",\"contentUrl\":\"http:\\\/\\\/wp.kristdemokraterna.se\\\/vetlanda\\\/files\\\/2022\\\/03\\\/acko.jpg\"},{\"@type\":\"BreadcrumbList\",\"@id\":\"https:\\\/\\\/wp.kristdemokraterna.se\\\/vetlanda\\\/acko-pa-kd-s-arsmote-i-vetlanda\\\/#breadcrumb\",\"itemListElement\":[{\"@type\":\"ListItem\",\"position\":1,\"name\":\"Hem\",\"item\":\"https:\\\/\\\/wp.kristdemokraterna.se\\\/vetlanda\\\/\"},{\"@type\":\"ListItem\",\"position\":2,\"name\":\"Acko p\u00e5 KD:s \u00e5rsm\u00f6te i Vetlanda\"}]},{\"@type\":\"WebSite\",\"@id\":\"https:\\\/\\\/wp.kristdemokraterna.se\\\/vetlanda\\\/#website\",\"url\":\"https:\\\/\\\/wp.kristdemokraterna.se\\\/vetlanda\\\/\",\"name\":\"Vetlanda\",\"description\":\"\",\"inLanguage\":\"sv-SE\"},{\"@type\":\"Person\",\"@id\":\"https:\\\/\\\/wp.kristdemokraterna.se\\\/vetlanda\\\/#\\\/schema\\\/person\\\/992ede42a07677768734985767dd5e21\",\"name\":\"vetlanda\",\"image\":{\"@type\":\"ImageObject\",\"inLanguage\":\"sv-SE\",\"@id\":\"https:\\\/\\\/secure.gravatar.com\\\/avatar\\\/18eb62bbbfdd8043727930413d968db8f1ef2eff391ad735e9a8baad6f9a3063?s=96&d=mm&r=g\",\"url\":\"https:\\\/\\\/secure.gravatar.com\\\/avatar\\\/18eb62bbbfdd8043727930413d968db8f1ef2eff391ad735e9a8baad6f9a3063?s=96&d=mm&r=g\",\"contentUrl\":\"https:\\\/\\\/secure.gravatar.com\\\/avatar\\\/18eb62bbbfdd8043727930413d968db8f1ef2eff391ad735e9a8baad6f9a3063?s=96&d=mm&r=g\",\"caption\":\"vetlanda\"},\"url\":\"https:\\\/\\\/wp.kristdemokraterna.se\\\/vetlanda\\\/author\\\/vetlanda\\\/\"}]}<\/script>\n<!-- \/ Yoast SEO plugin. -->","yoast_head_json":{"title":"Acko p\u00e5 KD:s \u00e5rsm\u00f6te i Vetlanda - Vetlanda","robots":{"index":"index","follow":"follow","max-snippet":"max-snippet:-1","max-image-preview":"max-image-preview:large","max-video-preview":"max-video-preview:-1"},"canonical":"https:\/\/wp.kristdemokraterna.se\/vetlanda\/acko-pa-kd-s-arsmote-i-vetlanda\/","og_locale":"sv_SE","og_type":"article","og_title":"Acko p\u00e5 KD:s \u00e5rsm\u00f6te i Vetlanda - Vetlanda","og_description":"&#8211; Den situation som m\u00e5nga, inte minst \u00e4ldre, nu upplever med skyh\u00f6ga elr\u00e4kningar, kraftigt \u00f6kade priser p\u00e5 bensin och diesel och stigande matpriser, m\u00e5ste vi ta p\u00e5 allvar. De insatser vi vill g\u00f6ra f\u00f6r milj\u00f6n m\u00e5ste vara hanterbara och inte, som idag, sl\u00e5 h\u00e5rt mot svenska hush\u00e5ll och f\u00f6retag. Det sade Acko Ankarberg Johansson (KD), Read More","og_url":"https:\/\/wp.kristdemokraterna.se\/vetlanda\/acko-pa-kd-s-arsmote-i-vetlanda\/","og_site_name":"Vetlanda","article_published_time":"2022-02-24T09:51:00+00:00","article_modified_time":"2022-03-05T09:55:11+00:00","og_image":[{"url":"http:\/\/wp.kristdemokraterna.se\/vetlanda\/files\/2022\/03\/acko.jpg","type":"","width":"","height":""}],"author":"vetlanda","twitter_card":"summary_large_image","twitter_misc":{"Skriven av":"vetlanda","Ber\u00e4knad l\u00e4stid":"1 minut"},"schema":{"@context":"https:\/\/schema.org","@graph":[{"@type":"Article","@id":"https:\/\/wp.kristdemokraterna.se\/vetlanda\/acko-pa-kd-s-arsmote-i-vetlanda\/#article","isPartOf":{"@id":"https:\/\/wp.kristdemokraterna.se\/vetlanda\/acko-pa-kd-s-arsmote-i-vetlanda\/"},"author":{"name":"vetlanda","@id":"https:\/\/wp.kristdemokraterna.se\/vetlanda\/#\/schema\/person\/992ede42a07677768734985767dd5e21"},"headline":"Acko p\u00e5 KD:s \u00e5rsm\u00f6te i Vetlanda","datePublished":"2022-02-24T09:51:00+00:00","dateModified":"2022-03-05T09:55:11+00:00","mainEntityOfPage":{"@id":"https:\/\/wp.kristdemokraterna.se\/vetlanda\/acko-pa-kd-s-arsmote-i-vetlanda\/"},"wordCount":225,"image":{"@id":"https:\/\/wp.kristdemokraterna.se\/vetlanda\/acko-pa-kd-s-arsmote-i-vetlanda\/#primaryimage"},"thumbnailUrl":"http:\/\/wp.kristdemokraterna.se\/vetlanda\/files\/2022\/03\/acko.jpg","inLanguage":"sv-SE"},{"@type":"WebPage","@id":"https:\/\/wp.kristdemokraterna.se\/vetlanda\/acko-pa-kd-s-arsmote-i-vetlanda\/","url":"https:\/\/wp.kristdemokraterna.se\/vetlanda\/acko-pa-kd-s-arsmote-i-vetlanda\/","name":"Acko p\u00e5 KD:s \u00e5rsm\u00f6te i Vetlanda - Vetlanda","isPartOf":{"@id":"https:\/\/wp.kristdemokraterna.se\/vetlanda\/#website"},"primaryImageOfPage":{"@id":"https:\/\/wp.kristdemokraterna.se\/vetlanda\/acko-pa-kd-s-arsmote-i-vetlanda\/#primaryimage"},"image":{"@id":"https:\/\/wp.kristdemokraterna.se\/vetlanda\/acko-pa-kd-s-arsmote-i-vetlanda\/#primaryimage"},"thumbnailUrl":"http:\/\/wp.kristdemokraterna.se\/vetlanda\/files\/2022\/03\/acko.jpg","datePublished":"2022-02-24T09:51:00+00:00","dateModified":"2022-03-05T09:55:11+00:00","author":{"@id":"https:\/\/wp.kristdemokraterna.se\/vetlanda\/#\/schema\/person\/992ede42a07677768734985767dd5e21"},"breadcrumb":{"@id":"https:\/\/wp.kristdemokraterna.se\/vetlanda\/acko-pa-kd-s-arsmote-i-vetlanda\/#breadcrumb"},"inLanguage":"sv-SE","potentialAction":[{"@type":"ReadAction","target":["https:\/\/wp.kristdemokraterna.se\/vetlanda\/acko-pa-kd-s-arsmote-i-vetlanda\/"]}]},{"@type":"ImageObject","inLanguage":"sv-SE","@id":"https:\/\/wp.kristdemokraterna.se\/vetlanda\/acko-pa-kd-s-arsmote-i-vetlanda\/#primaryimage","url":"http:\/\/wp.kristdemokraterna.se\/vetlanda\/files\/2022\/03\/acko.jpg","contentUrl":"http:\/\/wp.kristdemokraterna.se\/vetlanda\/files\/2022\/03\/acko.jpg"},{"@type":"BreadcrumbList","@id":"https:\/\/wp.kristdemokraterna.se\/vetlanda\/acko-pa-kd-s-arsmote-i-vetlanda\/#breadcrumb","itemListElement":[{"@type":"ListItem","position":1,"name":"Hem","item":"https:\/\/wp.kristdemokraterna.se\/vetlanda\/"},{"@type":"ListItem","position":2,"name":"Acko p\u00e5 KD:s \u00e5rsm\u00f6te i Vetlanda"}]},{"@type":"WebSite","@id":"https:\/\/wp.kristdemokraterna.se\/vetlanda\/#website","url":"https:\/\/wp.kristdemokraterna.se\/vetlanda\/","name":"Vetlanda","description":"","inLanguage":"sv-SE"},{"@type":"Person","@id":"https:\/\/wp.kristdemokraterna.se\/vetlanda\/#\/schema\/person\/992ede42a07677768734985767dd5e21","name":"vetlanda","image":{"@type":"ImageObject","inLanguage":"sv-SE","@id":"https:\/\/secure.gravatar.com\/avatar\/18eb62bbbfdd8043727930413d968db8f1ef2eff391ad735e9a8baad6f9a3063?s=96&d=mm&r=g","url":"https:\/\/secure.gravatar.com\/avatar\/18eb62bbbfdd8043727930413d968db8f1ef2eff391ad735e9a8baad6f9a3063?s=96&d=mm&r=g","contentUrl":"https:\/\/secure.gravatar.com\/avatar\/18eb62bbbfdd8043727930413d968db8f1ef2eff391ad735e9a8baad6f9a3063?s=96&d=mm&r=g","caption":"vetlanda"},"url":"https:\/\/wp.kristdemokraterna.se\/vetlanda\/author\/vetlanda\/"}]}},"_links":{"self":[{"href":"https:\/\/wp.kristdemokraterna.se\/vetlanda\/wp-json\/wp\/v2\/posts\/426","targetHints":{"allow":["GET"]}}],"collection":[{"href":"https:\/\/wp.kristdemokraterna.se\/vetlanda\/wp-json\/wp\/v2\/posts"}],"about":[{"href":"https:\/\/wp.kristdemokraterna.se\/vetlanda\/wp-json\/wp\/v2\/types\/post"}],"author":[{"embeddable":true,"href":"https:\/\/wp.kristdemokraterna.se\/vetlanda\/wp-json\/wp\/v2\/users\/633"}],"replies":[{"embeddable":true,"href":"https:\/\/wp.kristdemokraterna.se\/vetlanda\/wp-json\/wp\/v2\/comments?post=426"}],"version-history":[{"count":2,"href":"https:\/\/wp.kristdemokraterna.se\/vetlanda\/wp-json\/wp\/v2\/posts\/426\/revisions"}],"predecessor-version":[{"id":429,"href":"https:\/\/wp.kristdemokraterna.se\/vetlanda\/wp-json\/wp\/v2\/posts\/426\/revisions\/429"}],"wp:attachment":[{"href":"https:\/\/wp.kristdemokraterna.se\/vetlanda\/wp-json\/wp\/v2\/media?parent=426"}],"wp:term":[{"taxonomy":"category","embeddable":true,"href":"https:\/\/wp.kristdemokraterna.se\/vetlanda\/wp-json\/wp\/v2\/categories?post=426"},{"taxonomy":"post_tag","embeddable":true,"href":"https:\/\/wp.kristdemokraterna.se\/vetlanda\/wp-json\/wp\/v2\/tags?post=426"}],"curies":[{"name":"wp","href":"https:\/\/api.w.org\/{rel}","templated":true}]}}