{"id":434,"date":"2022-12-22T14:28:29","date_gmt":"2022-12-22T13:28:29","guid":{"rendered":"https:\/\/wp.kristdemokraterna.se\/vetlanda\/?p=434"},"modified":"2022-12-23T17:37:34","modified_gmt":"2022-12-23T16:37:34","slug":"ledamoter-i-kommunfullmaktige","status":"publish","type":"post","link":"https:\/\/wp.kristdemokraterna.se\/vetlanda\/ledamoter-i-kommunfullmaktige\/","title":{"rendered":"Ledam\u00f6ter i kommunfullm\u00e4ktige"},"content":{"rendered":"<p>Vi kan med gl\u00e4dje presentera Kristdemokraternas lag i Vetlanda kommunfullm\u00e4ktige f\u00f6r mandatperioden 2023 till 2026.<\/p>\n<p>V\u00e5ra representanter i n\u00e4mnder och styrelser hittar du under Om oss\/Politiker.<\/p>\n\n\t\t<style type=\"text\/css\">\n\t\t\t#gallery-1 {\n\t\t\t\tmargin: auto;\n\t\t\t}\n\t\t\t#gallery-1 .gallery-item {\n\t\t\t\tfloat: left;\n\t\t\t\tmargin-top: 10px;\n\t\t\t\ttext-align: center;\n\t\t\t\twidth: 33%;\n\t\t\t}\n\t\t\t#gallery-1 img {\n\t\t\t\tborder: 2px solid #cfcfcf;\n\t\t\t}\n\t\t\t#gallery-1 .gallery-caption {\n\t\t\t\tmargin-left: 0;\n\t\t\t}\n\t\t\t\/* see gallery_shortcode() in wp-includes\/media.php *\/\n\t\t<\/style>\n\t\t<div id='gallery-1' class='gallery galleryid-434 gallery-columns-3 gallery-size-medium'><dl class='gallery-item'>\n\t\t\t<dt class='gallery-icon portrait'>\n\t\t\t\t<a href='https:\/\/wp.kristdemokraterna.se\/vetlanda\/ledamoter-i-kommunfullmaktige\/monica-samuelsson\/'><img loading=\"lazy\" decoding=\"async\" width=\"225\" height=\"300\" src=\"https:\/\/wp.kristdemokraterna.se\/vetlanda\/files\/2022\/12\/monica_samuelsson-225x300.jpg\" class=\"attachment-medium size-medium\" alt=\"\" aria-describedby=\"gallery-1-440\" srcset=\"https:\/\/wp.kristdemokraterna.se\/vetlanda\/files\/2022\/12\/monica_samuelsson-225x300.jpg 225w, https:\/\/wp.kristdemokraterna.se\/vetlanda\/files\/2022\/12\/monica_samuelsson-260x346.jpg 260w, https:\/\/wp.kristdemokraterna.se\/vetlanda\/files\/2022\/12\/monica_samuelsson-84x112.jpg 84w, https:\/\/wp.kristdemokraterna.se\/vetlanda\/files\/2022\/12\/monica_samuelsson.jpg 600w\" sizes=\"auto, (max-width: 225px) 100vw, 225px\" \/><\/a>\n\t\t\t<\/dt>\n\t\t\t\t<dd class='wp-caption-text gallery-caption' id='gallery-1-440'>\n\t\t\t\tMonica Samuelsson, gruppledare\n\t\t\t\t<\/dd><\/dl><dl class='gallery-item'>\n\t\t\t<dt class='gallery-icon portrait'>\n\t\t\t\t<a href='https:\/\/wp.kristdemokraterna.se\/vetlanda\/ledamoter-i-kommunfullmaktige\/02hanssvensson\/'><img loading=\"lazy\" decoding=\"async\" width=\"225\" height=\"300\" src=\"https:\/\/wp.kristdemokraterna.se\/vetlanda\/files\/2022\/12\/02hanssvensson-225x300.jpg\" class=\"attachment-medium size-medium\" alt=\"\" aria-describedby=\"gallery-1-435\" srcset=\"https:\/\/wp.kristdemokraterna.se\/vetlanda\/files\/2022\/12\/02hanssvensson-225x300.jpg 225w, https:\/\/wp.kristdemokraterna.se\/vetlanda\/files\/2022\/12\/02hanssvensson-260x346.jpg 260w, https:\/\/wp.kristdemokraterna.se\/vetlanda\/files\/2022\/12\/02hanssvensson-84x112.jpg 84w, https:\/\/wp.kristdemokraterna.se\/vetlanda\/files\/2022\/12\/02hanssvensson.jpg 600w\" sizes=\"auto, (max-width: 225px) 100vw, 225px\" \/><\/a>\n\t\t\t<\/dt>\n\t\t\t\t<dd class='wp-caption-text gallery-caption' id='gallery-1-435'>\n\t\t\t\tHans Svensson, ordf\u00f6rande i partiavdelningen samt vice gruppledare\n\t\t\t\t<\/dd><\/dl><dl class='gallery-item'>\n\t\t\t<dt class='gallery-icon portrait'>\n\t\t\t\t<a href='https:\/\/wp.kristdemokraterna.se\/vetlanda\/ledamoter-i-kommunfullmaktige\/03larsrasberg\/'><img loading=\"lazy\" decoding=\"async\" width=\"225\" height=\"300\" src=\"https:\/\/wp.kristdemokraterna.se\/vetlanda\/files\/2022\/12\/03larsrasberg-225x300.jpg\" class=\"attachment-medium size-medium\" alt=\"\" aria-describedby=\"gallery-1-437\" srcset=\"https:\/\/wp.kristdemokraterna.se\/vetlanda\/files\/2022\/12\/03larsrasberg-225x300.jpg 225w, https:\/\/wp.kristdemokraterna.se\/vetlanda\/files\/2022\/12\/03larsrasberg-260x346.jpg 260w, https:\/\/wp.kristdemokraterna.se\/vetlanda\/files\/2022\/12\/03larsrasberg-84x112.jpg 84w, https:\/\/wp.kristdemokraterna.se\/vetlanda\/files\/2022\/12\/03larsrasberg.jpg 600w\" sizes=\"auto, (max-width: 225px) 100vw, 225px\" \/><\/a>\n\t\t\t<\/dt>\n\t\t\t\t<dd class='wp-caption-text gallery-caption' id='gallery-1-437'>\n\t\t\t\tLars R\u00e5sberg, ordinarie ledamot\n\t\t\t\t<\/dd><\/dl><br style=\"clear: both\" \/><dl class='gallery-item'>\n\t\t\t<dt class='gallery-icon portrait'>\n\t\t\t\t<a href='https:\/\/wp.kristdemokraterna.se\/vetlanda\/ledamoter-i-kommunfullmaktige\/03janerikjosefsson-2\/'><img loading=\"lazy\" decoding=\"async\" width=\"225\" height=\"300\" src=\"https:\/\/wp.kristdemokraterna.se\/vetlanda\/files\/2022\/12\/03janerikjosefsson-225x300.jpg\" class=\"attachment-medium size-medium\" alt=\"\" aria-describedby=\"gallery-1-436\" srcset=\"https:\/\/wp.kristdemokraterna.se\/vetlanda\/files\/2022\/12\/03janerikjosefsson-225x300.jpg 225w, https:\/\/wp.kristdemokraterna.se\/vetlanda\/files\/2022\/12\/03janerikjosefsson-260x346.jpg 260w, https:\/\/wp.kristdemokraterna.se\/vetlanda\/files\/2022\/12\/03janerikjosefsson-84x112.jpg 84w, https:\/\/wp.kristdemokraterna.se\/vetlanda\/files\/2022\/12\/03janerikjosefsson.jpg 600w\" sizes=\"auto, (max-width: 225px) 100vw, 225px\" \/><\/a>\n\t\t\t<\/dt>\n\t\t\t\t<dd class='wp-caption-text gallery-caption' id='gallery-1-436'>\n\t\t\t\tJan-Erik Josefsson, ordinarie ledamot\n\t\t\t\t<\/dd><\/dl><dl class='gallery-item'>\n\t\t\t<dt class='gallery-icon portrait'>\n\t\t\t\t<a href='https:\/\/wp.kristdemokraterna.se\/vetlanda\/ledamoter-i-kommunfullmaktige\/05kristofferkaspersson\/'><img loading=\"lazy\" decoding=\"async\" width=\"225\" height=\"300\" src=\"https:\/\/wp.kristdemokraterna.se\/vetlanda\/files\/2022\/12\/05kristofferkaspersson-225x300.jpg\" class=\"attachment-medium size-medium\" alt=\"\" aria-describedby=\"gallery-1-438\" srcset=\"https:\/\/wp.kristdemokraterna.se\/vetlanda\/files\/2022\/12\/05kristofferkaspersson-225x300.jpg 225w, https:\/\/wp.kristdemokraterna.se\/vetlanda\/files\/2022\/12\/05kristofferkaspersson-260x346.jpg 260w, https:\/\/wp.kristdemokraterna.se\/vetlanda\/files\/2022\/12\/05kristofferkaspersson-84x112.jpg 84w, https:\/\/wp.kristdemokraterna.se\/vetlanda\/files\/2022\/12\/05kristofferkaspersson.jpg 600w\" sizes=\"auto, (max-width: 225px) 100vw, 225px\" \/><\/a>\n\t\t\t<\/dt>\n\t\t\t\t<dd class='wp-caption-text gallery-caption' id='gallery-1-438'>\n\t\t\t\tKristoffer Kaspersson, ers\u00e4ttare i kommunfullm\u00e4ktige\n\t\t\t\t<\/dd><\/dl><dl class='gallery-item'>\n\t\t\t<dt class='gallery-icon portrait'>\n\t\t\t\t<a href='https:\/\/wp.kristdemokraterna.se\/vetlanda\/ledamoter-i-kommunfullmaktige\/06irenelovgren\/'><img loading=\"lazy\" decoding=\"async\" width=\"225\" height=\"300\" src=\"https:\/\/wp.kristdemokraterna.se\/vetlanda\/files\/2022\/12\/06irenelovgren-225x300.jpg\" class=\"attachment-medium size-medium\" alt=\"\" aria-describedby=\"gallery-1-439\" srcset=\"https:\/\/wp.kristdemokraterna.se\/vetlanda\/files\/2022\/12\/06irenelovgren-225x300.jpg 225w, https:\/\/wp.kristdemokraterna.se\/vetlanda\/files\/2022\/12\/06irenelovgren-260x346.jpg 260w, https:\/\/wp.kristdemokraterna.se\/vetlanda\/files\/2022\/12\/06irenelovgren-84x112.jpg 84w, https:\/\/wp.kristdemokraterna.se\/vetlanda\/files\/2022\/12\/06irenelovgren.jpg 600w\" sizes=\"auto, (max-width: 225px) 100vw, 225px\" \/><\/a>\n\t\t\t<\/dt>\n\t\t\t\t<dd class='wp-caption-text gallery-caption' id='gallery-1-439'>\n\t\t\t\tIrene L\u00f6vgren, ers\u00e4ttare i kommunfullm\u00e4ktige\n\t\t\t\t<\/dd><\/dl><br style=\"clear: both\" \/>\n\t\t<\/div>\n\n","protected":false},"excerpt":{"rendered":"<p>Vi kan med gl\u00e4dje presentera Kristdemokraternas lag i Vetlanda kommunfullm\u00e4ktige f\u00f6r mandatperioden 2023 till 2026. V\u00e5ra representanter i n\u00e4mnder och styrelser hittar du under Om oss\/Politiker.<\/p>\n","protected":false},"author":633,"featured_media":0,"comment_status":"closed","ping_status":"closed","sticky":false,"template":"","format":"standard","meta":{"_acf_changed":false,"footnotes":""},"categories":[1],"tags":[],"class_list":["post-434","post","type-post","status-publish","format-standard","hentry","category-okategoriserade"],"acf":[],"yoast_head":"<!-- This site is optimized with the Yoast SEO plugin v27.5 - https:\/\/yoast.com\/product\/yoast-seo-wordpress\/ -->\n<title>Ledam\u00f6ter i kommunfullm\u00e4ktige - Vetlanda<\/title>\n<meta name=\"robots\" content=\"index, follow, max-snippet:-1, max-image-preview:large, max-video-preview:-1\" \/>\n<link rel=\"canonical\" href=\"https:\/\/wp.kristdemokraterna.se\/vetlanda\/ledamoter-i-kommunfullmaktige\/\" \/>\n<meta property=\"og:locale\" content=\"sv_SE\" \/>\n<meta property=\"og:type\" content=\"article\" \/>\n<meta property=\"og:title\" content=\"Ledam\u00f6ter i kommunfullm\u00e4ktige - Vetlanda\" \/>\n<meta property=\"og:description\" content=\"Vi kan med gl\u00e4dje presentera Kristdemokraternas lag i Vetlanda kommunfullm\u00e4ktige f\u00f6r mandatperioden 2023 till 2026. V\u00e5ra representanter i n\u00e4mnder och styrelser hittar du under Om oss\/Politiker.\" \/>\n<meta property=\"og:url\" content=\"https:\/\/wp.kristdemokraterna.se\/vetlanda\/ledamoter-i-kommunfullmaktige\/\" \/>\n<meta property=\"og:site_name\" content=\"Vetlanda\" \/>\n<meta property=\"article:published_time\" content=\"2022-12-22T13:28:29+00:00\" \/>\n<meta property=\"article:modified_time\" content=\"2022-12-23T16:37:34+00:00\" \/>\n<meta property=\"og:image\" content=\"http:\/\/wp.kristdemokraterna.se\/vetlanda\/files\/2022\/12\/monica_samuelsson-225x300.jpg\" \/>\n<meta name=\"author\" content=\"vetlanda\" \/>\n<meta name=\"twitter:card\" content=\"summary_large_image\" \/>\n<meta name=\"twitter:label1\" content=\"Skriven av\" \/>\n\t<meta name=\"twitter:data1\" content=\"vetlanda\" \/>\n\t<meta name=\"twitter:label2\" content=\"Ber\u00e4knad l\u00e4stid\" \/>\n\t<meta name=\"twitter:data2\" content=\"1 minut\" \/>\n<script type=\"application\/ld+json\" class=\"yoast-schema-graph\">{\"@context\":\"https:\\\/\\\/schema.org\",\"@graph\":[{\"@type\":\"Article\",\"@id\":\"https:\\\/\\\/wp.kristdemokraterna.se\\\/vetlanda\\\/ledamoter-i-kommunfullmaktige\\\/#article\",\"isPartOf\":{\"@id\":\"https:\\\/\\\/wp.kristdemokraterna.se\\\/vetlanda\\\/ledamoter-i-kommunfullmaktige\\\/\"},\"author\":{\"name\":\"vetlanda\",\"@id\":\"https:\\\/\\\/wp.kristdemokraterna.se\\\/vetlanda\\\/#\\\/schema\\\/person\\\/992ede42a07677768734985767dd5e21\"},\"headline\":\"Ledam\u00f6ter i kommunfullm\u00e4ktige\",\"datePublished\":\"2022-12-22T13:28:29+00:00\",\"dateModified\":\"2022-12-23T16:37:34+00:00\",\"mainEntityOfPage\":{\"@id\":\"https:\\\/\\\/wp.kristdemokraterna.se\\\/vetlanda\\\/ledamoter-i-kommunfullmaktige\\\/\"},\"wordCount\":39,\"inLanguage\":\"sv-SE\"},{\"@type\":\"WebPage\",\"@id\":\"https:\\\/\\\/wp.kristdemokraterna.se\\\/vetlanda\\\/ledamoter-i-kommunfullmaktige\\\/\",\"url\":\"https:\\\/\\\/wp.kristdemokraterna.se\\\/vetlanda\\\/ledamoter-i-kommunfullmaktige\\\/\",\"name\":\"Ledam\u00f6ter i kommunfullm\u00e4ktige - Vetlanda\",\"isPartOf\":{\"@id\":\"https:\\\/\\\/wp.kristdemokraterna.se\\\/vetlanda\\\/#website\"},\"datePublished\":\"2022-12-22T13:28:29+00:00\",\"dateModified\":\"2022-12-23T16:37:34+00:00\",\"author\":{\"@id\":\"https:\\\/\\\/wp.kristdemokraterna.se\\\/vetlanda\\\/#\\\/schema\\\/person\\\/992ede42a07677768734985767dd5e21\"},\"breadcrumb\":{\"@id\":\"https:\\\/\\\/wp.kristdemokraterna.se\\\/vetlanda\\\/ledamoter-i-kommunfullmaktige\\\/#breadcrumb\"},\"inLanguage\":\"sv-SE\",\"potentialAction\":[{\"@type\":\"ReadAction\",\"target\":[\"https:\\\/\\\/wp.kristdemokraterna.se\\\/vetlanda\\\/ledamoter-i-kommunfullmaktige\\\/\"]}]},{\"@type\":\"BreadcrumbList\",\"@id\":\"https:\\\/\\\/wp.kristdemokraterna.se\\\/vetlanda\\\/ledamoter-i-kommunfullmaktige\\\/#breadcrumb\",\"itemListElement\":[{\"@type\":\"ListItem\",\"position\":1,\"name\":\"Hem\",\"item\":\"https:\\\/\\\/wp.kristdemokraterna.se\\\/vetlanda\\\/\"},{\"@type\":\"ListItem\",\"position\":2,\"name\":\"Ledam\u00f6ter i kommunfullm\u00e4ktige\"}]},{\"@type\":\"WebSite\",\"@id\":\"https:\\\/\\\/wp.kristdemokraterna.se\\\/vetlanda\\\/#website\",\"url\":\"https:\\\/\\\/wp.kristdemokraterna.se\\\/vetlanda\\\/\",\"name\":\"Vetlanda\",\"description\":\"\",\"inLanguage\":\"sv-SE\"},{\"@type\":\"Person\",\"@id\":\"https:\\\/\\\/wp.kristdemokraterna.se\\\/vetlanda\\\/#\\\/schema\\\/person\\\/992ede42a07677768734985767dd5e21\",\"name\":\"vetlanda\",\"image\":{\"@type\":\"ImageObject\",\"inLanguage\":\"sv-SE\",\"@id\":\"https:\\\/\\\/secure.gravatar.com\\\/avatar\\\/18eb62bbbfdd8043727930413d968db8f1ef2eff391ad735e9a8baad6f9a3063?s=96&d=mm&r=g\",\"url\":\"https:\\\/\\\/secure.gravatar.com\\\/avatar\\\/18eb62bbbfdd8043727930413d968db8f1ef2eff391ad735e9a8baad6f9a3063?s=96&d=mm&r=g\",\"contentUrl\":\"https:\\\/\\\/secure.gravatar.com\\\/avatar\\\/18eb62bbbfdd8043727930413d968db8f1ef2eff391ad735e9a8baad6f9a3063?s=96&d=mm&r=g\",\"caption\":\"vetlanda\"},\"url\":\"https:\\\/\\\/wp.kristdemokraterna.se\\\/vetlanda\\\/author\\\/vetlanda\\\/\"}]}<\/script>\n<!-- \/ Yoast SEO plugin. -->","yoast_head_json":{"title":"Ledam\u00f6ter i kommunfullm\u00e4ktige - Vetlanda","robots":{"index":"index","follow":"follow","max-snippet":"max-snippet:-1","max-image-preview":"max-image-preview:large","max-video-preview":"max-video-preview:-1"},"canonical":"https:\/\/wp.kristdemokraterna.se\/vetlanda\/ledamoter-i-kommunfullmaktige\/","og_locale":"sv_SE","og_type":"article","og_title":"Ledam\u00f6ter i kommunfullm\u00e4ktige - Vetlanda","og_description":"Vi kan med gl\u00e4dje presentera Kristdemokraternas lag i Vetlanda kommunfullm\u00e4ktige f\u00f6r mandatperioden 2023 till 2026. V\u00e5ra representanter i n\u00e4mnder och styrelser hittar du under Om oss\/Politiker.","og_url":"https:\/\/wp.kristdemokraterna.se\/vetlanda\/ledamoter-i-kommunfullmaktige\/","og_site_name":"Vetlanda","article_published_time":"2022-12-22T13:28:29+00:00","article_modified_time":"2022-12-23T16:37:34+00:00","og_image":[{"url":"http:\/\/wp.kristdemokraterna.se\/vetlanda\/files\/2022\/12\/monica_samuelsson-225x300.jpg","type":"","width":"","height":""}],"author":"vetlanda","twitter_card":"summary_large_image","twitter_misc":{"Skriven av":"vetlanda","Ber\u00e4knad l\u00e4stid":"1 minut"},"schema":{"@context":"https:\/\/schema.org","@graph":[{"@type":"Article","@id":"https:\/\/wp.kristdemokraterna.se\/vetlanda\/ledamoter-i-kommunfullmaktige\/#article","isPartOf":{"@id":"https:\/\/wp.kristdemokraterna.se\/vetlanda\/ledamoter-i-kommunfullmaktige\/"},"author":{"name":"vetlanda","@id":"https:\/\/wp.kristdemokraterna.se\/vetlanda\/#\/schema\/person\/992ede42a07677768734985767dd5e21"},"headline":"Ledam\u00f6ter i kommunfullm\u00e4ktige","datePublished":"2022-12-22T13:28:29+00:00","dateModified":"2022-12-23T16:37:34+00:00","mainEntityOfPage":{"@id":"https:\/\/wp.kristdemokraterna.se\/vetlanda\/ledamoter-i-kommunfullmaktige\/"},"wordCount":39,"inLanguage":"sv-SE"},{"@type":"WebPage","@id":"https:\/\/wp.kristdemokraterna.se\/vetlanda\/ledamoter-i-kommunfullmaktige\/","url":"https:\/\/wp.kristdemokraterna.se\/vetlanda\/ledamoter-i-kommunfullmaktige\/","name":"Ledam\u00f6ter i kommunfullm\u00e4ktige - Vetlanda","isPartOf":{"@id":"https:\/\/wp.kristdemokraterna.se\/vetlanda\/#website"},"datePublished":"2022-12-22T13:28:29+00:00","dateModified":"2022-12-23T16:37:34+00:00","author":{"@id":"https:\/\/wp.kristdemokraterna.se\/vetlanda\/#\/schema\/person\/992ede42a07677768734985767dd5e21"},"breadcrumb":{"@id":"https:\/\/wp.kristdemokraterna.se\/vetlanda\/ledamoter-i-kommunfullmaktige\/#breadcrumb"},"inLanguage":"sv-SE","potentialAction":[{"@type":"ReadAction","target":["https:\/\/wp.kristdemokraterna.se\/vetlanda\/ledamoter-i-kommunfullmaktige\/"]}]},{"@type":"BreadcrumbList","@id":"https:\/\/wp.kristdemokraterna.se\/vetlanda\/ledamoter-i-kommunfullmaktige\/#breadcrumb","itemListElement":[{"@type":"ListItem","position":1,"name":"Hem","item":"https:\/\/wp.kristdemokraterna.se\/vetlanda\/"},{"@type":"ListItem","position":2,"name":"Ledam\u00f6ter i kommunfullm\u00e4ktige"}]},{"@type":"WebSite","@id":"https:\/\/wp.kristdemokraterna.se\/vetlanda\/#website","url":"https:\/\/wp.kristdemokraterna.se\/vetlanda\/","name":"Vetlanda","description":"","inLanguage":"sv-SE"},{"@type":"Person","@id":"https:\/\/wp.kristdemokraterna.se\/vetlanda\/#\/schema\/person\/992ede42a07677768734985767dd5e21","name":"vetlanda","image":{"@type":"ImageObject","inLanguage":"sv-SE","@id":"https:\/\/secure.gravatar.com\/avatar\/18eb62bbbfdd8043727930413d968db8f1ef2eff391ad735e9a8baad6f9a3063?s=96&d=mm&r=g","url":"https:\/\/secure.gravatar.com\/avatar\/18eb62bbbfdd8043727930413d968db8f1ef2eff391ad735e9a8baad6f9a3063?s=96&d=mm&r=g","contentUrl":"https:\/\/secure.gravatar.com\/avatar\/18eb62bbbfdd8043727930413d968db8f1ef2eff391ad735e9a8baad6f9a3063?s=96&d=mm&r=g","caption":"vetlanda"},"url":"https:\/\/wp.kristdemokraterna.se\/vetlanda\/author\/vetlanda\/"}]}},"_links":{"self":[{"href":"https:\/\/wp.kristdemokraterna.se\/vetlanda\/wp-json\/wp\/v2\/posts\/434","targetHints":{"allow":["GET"]}}],"collection":[{"href":"https:\/\/wp.kristdemokraterna.se\/vetlanda\/wp-json\/wp\/v2\/posts"}],"about":[{"href":"https:\/\/wp.kristdemokraterna.se\/vetlanda\/wp-json\/wp\/v2\/types\/post"}],"author":[{"embeddable":true,"href":"https:\/\/wp.kristdemokraterna.se\/vetlanda\/wp-json\/wp\/v2\/users\/633"}],"replies":[{"embeddable":true,"href":"https:\/\/wp.kristdemokraterna.se\/vetlanda\/wp-json\/wp\/v2\/comments?post=434"}],"version-history":[{"count":3,"href":"https:\/\/wp.kristdemokraterna.se\/vetlanda\/wp-json\/wp\/v2\/posts\/434\/revisions"}],"predecessor-version":[{"id":446,"href":"https:\/\/wp.kristdemokraterna.se\/vetlanda\/wp-json\/wp\/v2\/posts\/434\/revisions\/446"}],"wp:attachment":[{"href":"https:\/\/wp.kristdemokraterna.se\/vetlanda\/wp-json\/wp\/v2\/media?parent=434"}],"wp:term":[{"taxonomy":"category","embeddable":true,"href":"https:\/\/wp.kristdemokraterna.se\/vetlanda\/wp-json\/wp\/v2\/categories?post=434"},{"taxonomy":"post_tag","embeddable":true,"href":"https:\/\/wp.kristdemokraterna.se\/vetlanda\/wp-json\/wp\/v2\/tags?post=434"}],"curies":[{"name":"wp","href":"https:\/\/api.w.org\/{rel}","templated":true}]}}