{"id":454,"date":"2025-02-13T14:11:36","date_gmt":"2025-02-13T13:11:36","guid":{"rendered":"https:\/\/wp.kristdemokraterna.se\/vetlanda\/?p=454"},"modified":"2025-04-05T14:44:21","modified_gmt":"2025-04-05T12:44:21","slug":"arsmote-2025","status":"publish","type":"post","link":"https:\/\/wp.kristdemokraterna.se\/vetlanda\/arsmote-2025\/","title":{"rendered":"\u00c5rsm\u00f6te 2025"},"content":{"rendered":"<p>\u00c5rsm\u00f6testider. M\u00e5ndagen den 13 februari var det KD Vetlandas tur. I vanlig och god ordning hade \u00e4ven Eksj\u00f6 partiavdelning bjudits in liksom nya regionr\u00e5det Stina Sinclair.<\/p>\n<p><a href=\"http:\/\/wp.kristdemokraterna.se\/vetlanda\/files\/2025\/04\/arsmote-1.jpg\"><img loading=\"lazy\" decoding=\"async\" class=\"alignnone size-large wp-image-455\" src=\"http:\/\/wp.kristdemokraterna.se\/vetlanda\/files\/2025\/04\/arsmote-1-1024x741.jpg\" alt=\"\u00c5rsm\u00f6te\" width=\"584\" height=\"423\" srcset=\"https:\/\/wp.kristdemokraterna.se\/vetlanda\/files\/2025\/04\/arsmote-1-1024x741.jpg 1024w, https:\/\/wp.kristdemokraterna.se\/vetlanda\/files\/2025\/04\/arsmote-1-300x217.jpg 300w, https:\/\/wp.kristdemokraterna.se\/vetlanda\/files\/2025\/04\/arsmote-1-768x556.jpg 768w, https:\/\/wp.kristdemokraterna.se\/vetlanda\/files\/2025\/04\/arsmote-1-1536x1112.jpg 1536w, https:\/\/wp.kristdemokraterna.se\/vetlanda\/files\/2025\/04\/arsmote-1-478x346.jpg 478w, https:\/\/wp.kristdemokraterna.se\/vetlanda\/files\/2025\/04\/arsmote-1-155x112.jpg 155w, https:\/\/wp.kristdemokraterna.se\/vetlanda\/files\/2025\/04\/arsmote-1.jpg 1600w\" sizes=\"auto, (max-width: 584px) 100vw, 584px\" \/><\/a><\/p>\n","protected":false},"excerpt":{"rendered":"<p>\u00c5rsm\u00f6testider. M\u00e5ndagen den 13 februari var det KD Vetlandas tur. I vanlig och god ordning hade \u00e4ven Eksj\u00f6 partiavdelning bjudits in liksom nya regionr\u00e5det Stina Sinclair.<\/p>\n","protected":false},"author":633,"featured_media":0,"comment_status":"closed","ping_status":"closed","sticky":false,"template":"","format":"standard","meta":{"_acf_changed":false,"footnotes":""},"categories":[1],"tags":[],"class_list":["post-454","post","type-post","status-publish","format-standard","hentry","category-okategoriserade"],"acf":[],"yoast_head":"<!-- This site is optimized with the Yoast SEO plugin v27.5 - https:\/\/yoast.com\/product\/yoast-seo-wordpress\/ -->\n<title>\u00c5rsm\u00f6te 2025 - Vetlanda<\/title>\n<meta name=\"robots\" content=\"index, follow, max-snippet:-1, max-image-preview:large, max-video-preview:-1\" \/>\n<link rel=\"canonical\" href=\"https:\/\/wp.kristdemokraterna.se\/vetlanda\/arsmote-2025\/\" \/>\n<meta property=\"og:locale\" content=\"sv_SE\" \/>\n<meta property=\"og:type\" content=\"article\" \/>\n<meta property=\"og:title\" content=\"\u00c5rsm\u00f6te 2025 - Vetlanda\" \/>\n<meta property=\"og:description\" content=\"\u00c5rsm\u00f6testider. M\u00e5ndagen den 13 februari var det KD Vetlandas tur. I vanlig och god ordning hade \u00e4ven Eksj\u00f6 partiavdelning bjudits in liksom nya regionr\u00e5det Stina Sinclair.\" \/>\n<meta property=\"og:url\" content=\"https:\/\/wp.kristdemokraterna.se\/vetlanda\/arsmote-2025\/\" \/>\n<meta property=\"og:site_name\" content=\"Vetlanda\" \/>\n<meta property=\"article:published_time\" content=\"2025-02-13T13:11:36+00:00\" \/>\n<meta property=\"article:modified_time\" content=\"2025-04-05T12:44:21+00:00\" \/>\n<meta property=\"og:image\" content=\"https:\/\/wp.kristdemokraterna.se\/vetlanda\/files\/2025\/04\/arsmote-1.jpg\" \/>\n\t<meta property=\"og:image:width\" content=\"1600\" \/>\n\t<meta property=\"og:image:height\" content=\"1158\" \/>\n\t<meta property=\"og:image:type\" content=\"image\/jpeg\" \/>\n<meta name=\"author\" content=\"vetlanda\" \/>\n<meta name=\"twitter:card\" content=\"summary_large_image\" \/>\n<meta name=\"twitter:label1\" content=\"Skriven av\" \/>\n\t<meta name=\"twitter:data1\" content=\"vetlanda\" \/>\n\t<meta name=\"twitter:label2\" content=\"Ber\u00e4knad l\u00e4stid\" \/>\n\t<meta name=\"twitter:data2\" content=\"1 minut\" \/>\n<script type=\"application\/ld+json\" class=\"yoast-schema-graph\">{\"@context\":\"https:\\\/\\\/schema.org\",\"@graph\":[{\"@type\":\"Article\",\"@id\":\"https:\\\/\\\/wp.kristdemokraterna.se\\\/vetlanda\\\/arsmote-2025\\\/#article\",\"isPartOf\":{\"@id\":\"https:\\\/\\\/wp.kristdemokraterna.se\\\/vetlanda\\\/arsmote-2025\\\/\"},\"author\":{\"name\":\"vetlanda\",\"@id\":\"https:\\\/\\\/wp.kristdemokraterna.se\\\/vetlanda\\\/#\\\/schema\\\/person\\\/992ede42a07677768734985767dd5e21\"},\"headline\":\"\u00c5rsm\u00f6te 2025\",\"datePublished\":\"2025-02-13T13:11:36+00:00\",\"dateModified\":\"2025-04-05T12:44:21+00:00\",\"mainEntityOfPage\":{\"@id\":\"https:\\\/\\\/wp.kristdemokraterna.se\\\/vetlanda\\\/arsmote-2025\\\/\"},\"wordCount\":30,\"image\":{\"@id\":\"https:\\\/\\\/wp.kristdemokraterna.se\\\/vetlanda\\\/arsmote-2025\\\/#primaryimage\"},\"thumbnailUrl\":\"http:\\\/\\\/wp.kristdemokraterna.se\\\/vetlanda\\\/files\\\/2025\\\/04\\\/arsmote-1-1024x741.jpg\",\"inLanguage\":\"sv-SE\"},{\"@type\":\"WebPage\",\"@id\":\"https:\\\/\\\/wp.kristdemokraterna.se\\\/vetlanda\\\/arsmote-2025\\\/\",\"url\":\"https:\\\/\\\/wp.kristdemokraterna.se\\\/vetlanda\\\/arsmote-2025\\\/\",\"name\":\"\u00c5rsm\u00f6te 2025 - Vetlanda\",\"isPartOf\":{\"@id\":\"https:\\\/\\\/wp.kristdemokraterna.se\\\/vetlanda\\\/#website\"},\"primaryImageOfPage\":{\"@id\":\"https:\\\/\\\/wp.kristdemokraterna.se\\\/vetlanda\\\/arsmote-2025\\\/#primaryimage\"},\"image\":{\"@id\":\"https:\\\/\\\/wp.kristdemokraterna.se\\\/vetlanda\\\/arsmote-2025\\\/#primaryimage\"},\"thumbnailUrl\":\"http:\\\/\\\/wp.kristdemokraterna.se\\\/vetlanda\\\/files\\\/2025\\\/04\\\/arsmote-1-1024x741.jpg\",\"datePublished\":\"2025-02-13T13:11:36+00:00\",\"dateModified\":\"2025-04-05T12:44:21+00:00\",\"author\":{\"@id\":\"https:\\\/\\\/wp.kristdemokraterna.se\\\/vetlanda\\\/#\\\/schema\\\/person\\\/992ede42a07677768734985767dd5e21\"},\"breadcrumb\":{\"@id\":\"https:\\\/\\\/wp.kristdemokraterna.se\\\/vetlanda\\\/arsmote-2025\\\/#breadcrumb\"},\"inLanguage\":\"sv-SE\",\"potentialAction\":[{\"@type\":\"ReadAction\",\"target\":[\"https:\\\/\\\/wp.kristdemokraterna.se\\\/vetlanda\\\/arsmote-2025\\\/\"]}]},{\"@type\":\"ImageObject\",\"inLanguage\":\"sv-SE\",\"@id\":\"https:\\\/\\\/wp.kristdemokraterna.se\\\/vetlanda\\\/arsmote-2025\\\/#primaryimage\",\"url\":\"https:\\\/\\\/wp.kristdemokraterna.se\\\/vetlanda\\\/files\\\/2025\\\/04\\\/arsmote-1.jpg\",\"contentUrl\":\"https:\\\/\\\/wp.kristdemokraterna.se\\\/vetlanda\\\/files\\\/2025\\\/04\\\/arsmote-1.jpg\",\"width\":1600,\"height\":1158,\"caption\":\"\u00c5rsm\u00f6te\"},{\"@type\":\"BreadcrumbList\",\"@id\":\"https:\\\/\\\/wp.kristdemokraterna.se\\\/vetlanda\\\/arsmote-2025\\\/#breadcrumb\",\"itemListElement\":[{\"@type\":\"ListItem\",\"position\":1,\"name\":\"Hem\",\"item\":\"https:\\\/\\\/wp.kristdemokraterna.se\\\/vetlanda\\\/\"},{\"@type\":\"ListItem\",\"position\":2,\"name\":\"\u00c5rsm\u00f6te 2025\"}]},{\"@type\":\"WebSite\",\"@id\":\"https:\\\/\\\/wp.kristdemokraterna.se\\\/vetlanda\\\/#website\",\"url\":\"https:\\\/\\\/wp.kristdemokraterna.se\\\/vetlanda\\\/\",\"name\":\"Vetlanda\",\"description\":\"\",\"inLanguage\":\"sv-SE\"},{\"@type\":\"Person\",\"@id\":\"https:\\\/\\\/wp.kristdemokraterna.se\\\/vetlanda\\\/#\\\/schema\\\/person\\\/992ede42a07677768734985767dd5e21\",\"name\":\"vetlanda\",\"image\":{\"@type\":\"ImageObject\",\"inLanguage\":\"sv-SE\",\"@id\":\"https:\\\/\\\/secure.gravatar.com\\\/avatar\\\/18eb62bbbfdd8043727930413d968db8f1ef2eff391ad735e9a8baad6f9a3063?s=96&d=mm&r=g\",\"url\":\"https:\\\/\\\/secure.gravatar.com\\\/avatar\\\/18eb62bbbfdd8043727930413d968db8f1ef2eff391ad735e9a8baad6f9a3063?s=96&d=mm&r=g\",\"contentUrl\":\"https:\\\/\\\/secure.gravatar.com\\\/avatar\\\/18eb62bbbfdd8043727930413d968db8f1ef2eff391ad735e9a8baad6f9a3063?s=96&d=mm&r=g\",\"caption\":\"vetlanda\"},\"url\":\"https:\\\/\\\/wp.kristdemokraterna.se\\\/vetlanda\\\/author\\\/vetlanda\\\/\"}]}<\/script>\n<!-- \/ Yoast SEO plugin. -->","yoast_head_json":{"title":"\u00c5rsm\u00f6te 2025 - Vetlanda","robots":{"index":"index","follow":"follow","max-snippet":"max-snippet:-1","max-image-preview":"max-image-preview:large","max-video-preview":"max-video-preview:-1"},"canonical":"https:\/\/wp.kristdemokraterna.se\/vetlanda\/arsmote-2025\/","og_locale":"sv_SE","og_type":"article","og_title":"\u00c5rsm\u00f6te 2025 - Vetlanda","og_description":"\u00c5rsm\u00f6testider. M\u00e5ndagen den 13 februari var det KD Vetlandas tur. I vanlig och god ordning hade \u00e4ven Eksj\u00f6 partiavdelning bjudits in liksom nya regionr\u00e5det Stina Sinclair.","og_url":"https:\/\/wp.kristdemokraterna.se\/vetlanda\/arsmote-2025\/","og_site_name":"Vetlanda","article_published_time":"2025-02-13T13:11:36+00:00","article_modified_time":"2025-04-05T12:44:21+00:00","og_image":[{"width":1600,"height":1158,"url":"https:\/\/wp.kristdemokraterna.se\/vetlanda\/files\/2025\/04\/arsmote-1.jpg","type":"image\/jpeg"}],"author":"vetlanda","twitter_card":"summary_large_image","twitter_misc":{"Skriven av":"vetlanda","Ber\u00e4knad l\u00e4stid":"1 minut"},"schema":{"@context":"https:\/\/schema.org","@graph":[{"@type":"Article","@id":"https:\/\/wp.kristdemokraterna.se\/vetlanda\/arsmote-2025\/#article","isPartOf":{"@id":"https:\/\/wp.kristdemokraterna.se\/vetlanda\/arsmote-2025\/"},"author":{"name":"vetlanda","@id":"https:\/\/wp.kristdemokraterna.se\/vetlanda\/#\/schema\/person\/992ede42a07677768734985767dd5e21"},"headline":"\u00c5rsm\u00f6te 2025","datePublished":"2025-02-13T13:11:36+00:00","dateModified":"2025-04-05T12:44:21+00:00","mainEntityOfPage":{"@id":"https:\/\/wp.kristdemokraterna.se\/vetlanda\/arsmote-2025\/"},"wordCount":30,"image":{"@id":"https:\/\/wp.kristdemokraterna.se\/vetlanda\/arsmote-2025\/#primaryimage"},"thumbnailUrl":"http:\/\/wp.kristdemokraterna.se\/vetlanda\/files\/2025\/04\/arsmote-1-1024x741.jpg","inLanguage":"sv-SE"},{"@type":"WebPage","@id":"https:\/\/wp.kristdemokraterna.se\/vetlanda\/arsmote-2025\/","url":"https:\/\/wp.kristdemokraterna.se\/vetlanda\/arsmote-2025\/","name":"\u00c5rsm\u00f6te 2025 - Vetlanda","isPartOf":{"@id":"https:\/\/wp.kristdemokraterna.se\/vetlanda\/#website"},"primaryImageOfPage":{"@id":"https:\/\/wp.kristdemokraterna.se\/vetlanda\/arsmote-2025\/#primaryimage"},"image":{"@id":"https:\/\/wp.kristdemokraterna.se\/vetlanda\/arsmote-2025\/#primaryimage"},"thumbnailUrl":"http:\/\/wp.kristdemokraterna.se\/vetlanda\/files\/2025\/04\/arsmote-1-1024x741.jpg","datePublished":"2025-02-13T13:11:36+00:00","dateModified":"2025-04-05T12:44:21+00:00","author":{"@id":"https:\/\/wp.kristdemokraterna.se\/vetlanda\/#\/schema\/person\/992ede42a07677768734985767dd5e21"},"breadcrumb":{"@id":"https:\/\/wp.kristdemokraterna.se\/vetlanda\/arsmote-2025\/#breadcrumb"},"inLanguage":"sv-SE","potentialAction":[{"@type":"ReadAction","target":["https:\/\/wp.kristdemokraterna.se\/vetlanda\/arsmote-2025\/"]}]},{"@type":"ImageObject","inLanguage":"sv-SE","@id":"https:\/\/wp.kristdemokraterna.se\/vetlanda\/arsmote-2025\/#primaryimage","url":"https:\/\/wp.kristdemokraterna.se\/vetlanda\/files\/2025\/04\/arsmote-1.jpg","contentUrl":"https:\/\/wp.kristdemokraterna.se\/vetlanda\/files\/2025\/04\/arsmote-1.jpg","width":1600,"height":1158,"caption":"\u00c5rsm\u00f6te"},{"@type":"BreadcrumbList","@id":"https:\/\/wp.kristdemokraterna.se\/vetlanda\/arsmote-2025\/#breadcrumb","itemListElement":[{"@type":"ListItem","position":1,"name":"Hem","item":"https:\/\/wp.kristdemokraterna.se\/vetlanda\/"},{"@type":"ListItem","position":2,"name":"\u00c5rsm\u00f6te 2025"}]},{"@type":"WebSite","@id":"https:\/\/wp.kristdemokraterna.se\/vetlanda\/#website","url":"https:\/\/wp.kristdemokraterna.se\/vetlanda\/","name":"Vetlanda","description":"","inLanguage":"sv-SE"},{"@type":"Person","@id":"https:\/\/wp.kristdemokraterna.se\/vetlanda\/#\/schema\/person\/992ede42a07677768734985767dd5e21","name":"vetlanda","image":{"@type":"ImageObject","inLanguage":"sv-SE","@id":"https:\/\/secure.gravatar.com\/avatar\/18eb62bbbfdd8043727930413d968db8f1ef2eff391ad735e9a8baad6f9a3063?s=96&d=mm&r=g","url":"https:\/\/secure.gravatar.com\/avatar\/18eb62bbbfdd8043727930413d968db8f1ef2eff391ad735e9a8baad6f9a3063?s=96&d=mm&r=g","contentUrl":"https:\/\/secure.gravatar.com\/avatar\/18eb62bbbfdd8043727930413d968db8f1ef2eff391ad735e9a8baad6f9a3063?s=96&d=mm&r=g","caption":"vetlanda"},"url":"https:\/\/wp.kristdemokraterna.se\/vetlanda\/author\/vetlanda\/"}]}},"_links":{"self":[{"href":"https:\/\/wp.kristdemokraterna.se\/vetlanda\/wp-json\/wp\/v2\/posts\/454","targetHints":{"allow":["GET"]}}],"collection":[{"href":"https:\/\/wp.kristdemokraterna.se\/vetlanda\/wp-json\/wp\/v2\/posts"}],"about":[{"href":"https:\/\/wp.kristdemokraterna.se\/vetlanda\/wp-json\/wp\/v2\/types\/post"}],"author":[{"embeddable":true,"href":"https:\/\/wp.kristdemokraterna.se\/vetlanda\/wp-json\/wp\/v2\/users\/633"}],"replies":[{"embeddable":true,"href":"https:\/\/wp.kristdemokraterna.se\/vetlanda\/wp-json\/wp\/v2\/comments?post=454"}],"version-history":[{"count":1,"href":"https:\/\/wp.kristdemokraterna.se\/vetlanda\/wp-json\/wp\/v2\/posts\/454\/revisions"}],"predecessor-version":[{"id":456,"href":"https:\/\/wp.kristdemokraterna.se\/vetlanda\/wp-json\/wp\/v2\/posts\/454\/revisions\/456"}],"wp:attachment":[{"href":"https:\/\/wp.kristdemokraterna.se\/vetlanda\/wp-json\/wp\/v2\/media?parent=454"}],"wp:term":[{"taxonomy":"category","embeddable":true,"href":"https:\/\/wp.kristdemokraterna.se\/vetlanda\/wp-json\/wp\/v2\/categories?post=454"},{"taxonomy":"post_tag","embeddable":true,"href":"https:\/\/wp.kristdemokraterna.se\/vetlanda\/wp-json\/wp\/v2\/tags?post=454"}],"curies":[{"name":"wp","href":"https:\/\/api.w.org\/{rel}","templated":true}]}}