{"id":1026,"date":"2021-09-13T09:50:54","date_gmt":"2021-09-13T07:50:54","guid":{"rendered":"https:\/\/wp.kristdemokraterna.se\/vg\/?p=1026"},"modified":"2021-09-13T09:50:54","modified_gmt":"2021-09-13T07:50:54","slug":"studiebesok-i-mariestad","status":"publish","type":"post","link":"https:\/\/wp.kristdemokraterna.se\/vg\/studiebesok-i-mariestad\/","title":{"rendered":"Studiebes\u00f6k i Mariestad"},"content":{"rendered":"<p>I fredags bes\u00f6kte Magnus Jacobsson, Conny Br\u00e4nnberg, Magnus Berntsson och Stefan Svensson\u00a0 Mariestad. Kommunen \u00e4r i framkant med att testa olika anv\u00e4ndningsomr\u00e5den f\u00f6r v\u00e4tgas. Bes\u00f6k gjordes bland annat vid v\u00e4rldens f\u00f6rsta tankstation f\u00f6r gr\u00f6n v\u00e4tgas.<br \/>\nSusann\u00e9 Wallner, n\u00e4ringslivschef i Mariestad, m\u00f6tte upp och ber\u00e4ttade om kommunens v\u00e4tgasarbete.<br \/>\nDu kan l\u00e4sa mer om bes\u00f6ket <a href=\"https:\/\/www.mariestadstidningen.se\/2021\/09\/11\/kd-politiker-pa-vatgasbesok-mariestad-tanker-stort\/\">h\u00e4r<\/a>:<\/p>\n","protected":false},"excerpt":{"rendered":"<p>I fredags bes\u00f6kte Magnus Jacobsson, Conny Br\u00e4nnberg, Magnus Berntsson och Stefan Svensson\u00a0 Mariestad. Kommunen \u00e4r i framkant med att testa olika anv\u00e4ndningsomr\u00e5den f\u00f6r v\u00e4tgas. Bes\u00f6k gjordes bland annat vid v\u00e4rldens f\u00f6rsta tankstation f\u00f6r gr\u00f6n v\u00e4tgas. Susann\u00e9 Wallner, n\u00e4ringslivschef i Mariestad, m\u00f6tte upp och ber\u00e4ttade om kommunens v\u00e4tgasarbete. Du kan l\u00e4sa mer om bes\u00f6ket h\u00e4r:<\/p>\n","protected":false},"author":726,"featured_media":1027,"comment_status":"closed","ping_status":"closed","sticky":false,"template":"","format":"standard","meta":{"_acf_changed":false,"footnotes":""},"categories":[11,8],"tags":[151,152],"class_list":["post-1026","post","type-post","status-publish","format-standard","has-post-thumbnail","hentry","category-miljo","category-regionutveckling","tag-mariestad","tag-vatgas"],"acf":[],"yoast_head":"<!-- This site is optimized with the Yoast SEO plugin v27.4 - https:\/\/yoast.com\/product\/yoast-seo-wordpress\/ -->\n<title>Studiebes\u00f6k i Mariestad - V\u00e4stra G\u00f6talandsregionen<\/title>\n<meta name=\"robots\" content=\"index, follow, max-snippet:-1, max-image-preview:large, max-video-preview:-1\" \/>\n<link rel=\"canonical\" href=\"https:\/\/wp.kristdemokraterna.se\/vg\/studiebesok-i-mariestad\/\" \/>\n<meta property=\"og:locale\" content=\"sv_SE\" \/>\n<meta property=\"og:type\" content=\"article\" \/>\n<meta property=\"og:title\" content=\"Studiebes\u00f6k i Mariestad - V\u00e4stra G\u00f6talandsregionen\" \/>\n<meta property=\"og:description\" content=\"I fredags bes\u00f6kte Magnus Jacobsson, Conny Br\u00e4nnberg, Magnus Berntsson och Stefan Svensson\u00a0 Mariestad. Kommunen \u00e4r i framkant med att testa olika anv\u00e4ndningsomr\u00e5den f\u00f6r v\u00e4tgas. Bes\u00f6k gjordes bland annat vid v\u00e4rldens f\u00f6rsta tankstation f\u00f6r gr\u00f6n v\u00e4tgas. Susann\u00e9 Wallner, n\u00e4ringslivschef i Mariestad, m\u00f6tte upp och ber\u00e4ttade om kommunens v\u00e4tgasarbete. Du kan l\u00e4sa mer om bes\u00f6ket h\u00e4r:\" \/>\n<meta property=\"og:url\" content=\"https:\/\/wp.kristdemokraterna.se\/vg\/studiebesok-i-mariestad\/\" \/>\n<meta property=\"og:site_name\" content=\"V\u00e4stra G\u00f6talandsregionen\" \/>\n<meta property=\"article:published_time\" content=\"2021-09-13T07:50:54+00:00\" \/>\n<meta property=\"og:image\" content=\"https:\/\/wp.kristdemokraterna.se\/vg\/files\/2021\/09\/marie2.jpg\" \/>\n\t<meta property=\"og:image:width\" content=\"471\" \/>\n\t<meta property=\"og:image:height\" content=\"260\" \/>\n\t<meta property=\"og:image:type\" content=\"image\/jpeg\" \/>\n<meta name=\"author\" content=\"vg\" \/>\n<meta name=\"twitter:card\" content=\"summary_large_image\" \/>\n<meta name=\"twitter:creator\" content=\"@KD_VGR\" \/>\n<meta name=\"twitter:site\" content=\"@KD_VGR\" \/>\n<meta name=\"twitter:label1\" content=\"Skriven av\" \/>\n\t<meta name=\"twitter:data1\" content=\"vg\" \/>\n\t<meta name=\"twitter:label2\" content=\"Ber\u00e4knad l\u00e4stid\" \/>\n\t<meta name=\"twitter:data2\" content=\"1 minut\" \/>\n<script type=\"application\/ld+json\" class=\"yoast-schema-graph\">{\"@context\":\"https:\\\/\\\/schema.org\",\"@graph\":[{\"@type\":\"Article\",\"@id\":\"https:\\\/\\\/wp.kristdemokraterna.se\\\/vg\\\/studiebesok-i-mariestad\\\/#article\",\"isPartOf\":{\"@id\":\"https:\\\/\\\/wp.kristdemokraterna.se\\\/vg\\\/studiebesok-i-mariestad\\\/\"},\"author\":{\"name\":\"vg\",\"@id\":\"https:\\\/\\\/wp.kristdemokraterna.se\\\/vg\\\/#\\\/schema\\\/person\\\/485c1ff01f1324aafbb92705c598210f\"},\"headline\":\"Studiebes\u00f6k i Mariestad\",\"datePublished\":\"2021-09-13T07:50:54+00:00\",\"mainEntityOfPage\":{\"@id\":\"https:\\\/\\\/wp.kristdemokraterna.se\\\/vg\\\/studiebesok-i-mariestad\\\/\"},\"wordCount\":77,\"image\":{\"@id\":\"https:\\\/\\\/wp.kristdemokraterna.se\\\/vg\\\/studiebesok-i-mariestad\\\/#primaryimage\"},\"thumbnailUrl\":\"https:\\\/\\\/wp.kristdemokraterna.se\\\/vg\\\/files\\\/2021\\\/09\\\/marie2.jpg\",\"keywords\":[\"Mariestad\",\"v\u00e4tgas\"],\"articleSection\":[\"Milj\u00f6\",\"Regionutveckling\"],\"inLanguage\":\"sv-SE\"},{\"@type\":\"WebPage\",\"@id\":\"https:\\\/\\\/wp.kristdemokraterna.se\\\/vg\\\/studiebesok-i-mariestad\\\/\",\"url\":\"https:\\\/\\\/wp.kristdemokraterna.se\\\/vg\\\/studiebesok-i-mariestad\\\/\",\"name\":\"Studiebes\u00f6k i Mariestad - V\u00e4stra G\u00f6talandsregionen\",\"isPartOf\":{\"@id\":\"https:\\\/\\\/wp.kristdemokraterna.se\\\/vg\\\/#website\"},\"primaryImageOfPage\":{\"@id\":\"https:\\\/\\\/wp.kristdemokraterna.se\\\/vg\\\/studiebesok-i-mariestad\\\/#primaryimage\"},\"image\":{\"@id\":\"https:\\\/\\\/wp.kristdemokraterna.se\\\/vg\\\/studiebesok-i-mariestad\\\/#primaryimage\"},\"thumbnailUrl\":\"https:\\\/\\\/wp.kristdemokraterna.se\\\/vg\\\/files\\\/2021\\\/09\\\/marie2.jpg\",\"datePublished\":\"2021-09-13T07:50:54+00:00\",\"author\":{\"@id\":\"https:\\\/\\\/wp.kristdemokraterna.se\\\/vg\\\/#\\\/schema\\\/person\\\/485c1ff01f1324aafbb92705c598210f\"},\"breadcrumb\":{\"@id\":\"https:\\\/\\\/wp.kristdemokraterna.se\\\/vg\\\/studiebesok-i-mariestad\\\/#breadcrumb\"},\"inLanguage\":\"sv-SE\",\"potentialAction\":[{\"@type\":\"ReadAction\",\"target\":[\"https:\\\/\\\/wp.kristdemokraterna.se\\\/vg\\\/studiebesok-i-mariestad\\\/\"]}]},{\"@type\":\"ImageObject\",\"inLanguage\":\"sv-SE\",\"@id\":\"https:\\\/\\\/wp.kristdemokraterna.se\\\/vg\\\/studiebesok-i-mariestad\\\/#primaryimage\",\"url\":\"https:\\\/\\\/wp.kristdemokraterna.se\\\/vg\\\/files\\\/2021\\\/09\\\/marie2.jpg\",\"contentUrl\":\"https:\\\/\\\/wp.kristdemokraterna.se\\\/vg\\\/files\\\/2021\\\/09\\\/marie2.jpg\",\"width\":471,\"height\":260},{\"@type\":\"BreadcrumbList\",\"@id\":\"https:\\\/\\\/wp.kristdemokraterna.se\\\/vg\\\/studiebesok-i-mariestad\\\/#breadcrumb\",\"itemListElement\":[{\"@type\":\"ListItem\",\"position\":1,\"name\":\"Hem\",\"item\":\"https:\\\/\\\/wp.kristdemokraterna.se\\\/vg\\\/\"},{\"@type\":\"ListItem\",\"position\":2,\"name\":\"Studiebes\u00f6k i Mariestad\"}]},{\"@type\":\"WebSite\",\"@id\":\"https:\\\/\\\/wp.kristdemokraterna.se\\\/vg\\\/#website\",\"url\":\"https:\\\/\\\/wp.kristdemokraterna.se\\\/vg\\\/\",\"name\":\"V\u00e4stra G\u00f6talandsregionen\",\"description\":\"\",\"inLanguage\":\"sv-SE\"},{\"@type\":\"Person\",\"@id\":\"https:\\\/\\\/wp.kristdemokraterna.se\\\/vg\\\/#\\\/schema\\\/person\\\/485c1ff01f1324aafbb92705c598210f\",\"name\":\"vg\",\"image\":{\"@type\":\"ImageObject\",\"inLanguage\":\"sv-SE\",\"@id\":\"https:\\\/\\\/secure.gravatar.com\\\/avatar\\\/387c874425c7747be372c14ca2d69e1689502257d65ec3b403b441b6435e48d8?s=96&d=mm&r=g\",\"url\":\"https:\\\/\\\/secure.gravatar.com\\\/avatar\\\/387c874425c7747be372c14ca2d69e1689502257d65ec3b403b441b6435e48d8?s=96&d=mm&r=g\",\"contentUrl\":\"https:\\\/\\\/secure.gravatar.com\\\/avatar\\\/387c874425c7747be372c14ca2d69e1689502257d65ec3b403b441b6435e48d8?s=96&d=mm&r=g\",\"caption\":\"vg\"},\"url\":\"https:\\\/\\\/wp.kristdemokraterna.se\\\/vg\\\/author\\\/vg\\\/\"}]}<\/script>\n<!-- \/ Yoast SEO plugin. -->","yoast_head_json":{"title":"Studiebes\u00f6k i Mariestad - V\u00e4stra G\u00f6talandsregionen","robots":{"index":"index","follow":"follow","max-snippet":"max-snippet:-1","max-image-preview":"max-image-preview:large","max-video-preview":"max-video-preview:-1"},"canonical":"https:\/\/wp.kristdemokraterna.se\/vg\/studiebesok-i-mariestad\/","og_locale":"sv_SE","og_type":"article","og_title":"Studiebes\u00f6k i Mariestad - V\u00e4stra G\u00f6talandsregionen","og_description":"I fredags bes\u00f6kte Magnus Jacobsson, Conny Br\u00e4nnberg, Magnus Berntsson och Stefan Svensson\u00a0 Mariestad. Kommunen \u00e4r i framkant med att testa olika anv\u00e4ndningsomr\u00e5den f\u00f6r v\u00e4tgas. Bes\u00f6k gjordes bland annat vid v\u00e4rldens f\u00f6rsta tankstation f\u00f6r gr\u00f6n v\u00e4tgas. Susann\u00e9 Wallner, n\u00e4ringslivschef i Mariestad, m\u00f6tte upp och ber\u00e4ttade om kommunens v\u00e4tgasarbete. Du kan l\u00e4sa mer om bes\u00f6ket h\u00e4r:","og_url":"https:\/\/wp.kristdemokraterna.se\/vg\/studiebesok-i-mariestad\/","og_site_name":"V\u00e4stra G\u00f6talandsregionen","article_published_time":"2021-09-13T07:50:54+00:00","og_image":[{"width":471,"height":260,"url":"https:\/\/wp.kristdemokraterna.se\/vg\/files\/2021\/09\/marie2.jpg","type":"image\/jpeg"}],"author":"vg","twitter_card":"summary_large_image","twitter_creator":"@KD_VGR","twitter_site":"@KD_VGR","twitter_misc":{"Skriven av":"vg","Ber\u00e4knad l\u00e4stid":"1 minut"},"schema":{"@context":"https:\/\/schema.org","@graph":[{"@type":"Article","@id":"https:\/\/wp.kristdemokraterna.se\/vg\/studiebesok-i-mariestad\/#article","isPartOf":{"@id":"https:\/\/wp.kristdemokraterna.se\/vg\/studiebesok-i-mariestad\/"},"author":{"name":"vg","@id":"https:\/\/wp.kristdemokraterna.se\/vg\/#\/schema\/person\/485c1ff01f1324aafbb92705c598210f"},"headline":"Studiebes\u00f6k i Mariestad","datePublished":"2021-09-13T07:50:54+00:00","mainEntityOfPage":{"@id":"https:\/\/wp.kristdemokraterna.se\/vg\/studiebesok-i-mariestad\/"},"wordCount":77,"image":{"@id":"https:\/\/wp.kristdemokraterna.se\/vg\/studiebesok-i-mariestad\/#primaryimage"},"thumbnailUrl":"https:\/\/wp.kristdemokraterna.se\/vg\/files\/2021\/09\/marie2.jpg","keywords":["Mariestad","v\u00e4tgas"],"articleSection":["Milj\u00f6","Regionutveckling"],"inLanguage":"sv-SE"},{"@type":"WebPage","@id":"https:\/\/wp.kristdemokraterna.se\/vg\/studiebesok-i-mariestad\/","url":"https:\/\/wp.kristdemokraterna.se\/vg\/studiebesok-i-mariestad\/","name":"Studiebes\u00f6k i Mariestad - V\u00e4stra G\u00f6talandsregionen","isPartOf":{"@id":"https:\/\/wp.kristdemokraterna.se\/vg\/#website"},"primaryImageOfPage":{"@id":"https:\/\/wp.kristdemokraterna.se\/vg\/studiebesok-i-mariestad\/#primaryimage"},"image":{"@id":"https:\/\/wp.kristdemokraterna.se\/vg\/studiebesok-i-mariestad\/#primaryimage"},"thumbnailUrl":"https:\/\/wp.kristdemokraterna.se\/vg\/files\/2021\/09\/marie2.jpg","datePublished":"2021-09-13T07:50:54+00:00","author":{"@id":"https:\/\/wp.kristdemokraterna.se\/vg\/#\/schema\/person\/485c1ff01f1324aafbb92705c598210f"},"breadcrumb":{"@id":"https:\/\/wp.kristdemokraterna.se\/vg\/studiebesok-i-mariestad\/#breadcrumb"},"inLanguage":"sv-SE","potentialAction":[{"@type":"ReadAction","target":["https:\/\/wp.kristdemokraterna.se\/vg\/studiebesok-i-mariestad\/"]}]},{"@type":"ImageObject","inLanguage":"sv-SE","@id":"https:\/\/wp.kristdemokraterna.se\/vg\/studiebesok-i-mariestad\/#primaryimage","url":"https:\/\/wp.kristdemokraterna.se\/vg\/files\/2021\/09\/marie2.jpg","contentUrl":"https:\/\/wp.kristdemokraterna.se\/vg\/files\/2021\/09\/marie2.jpg","width":471,"height":260},{"@type":"BreadcrumbList","@id":"https:\/\/wp.kristdemokraterna.se\/vg\/studiebesok-i-mariestad\/#breadcrumb","itemListElement":[{"@type":"ListItem","position":1,"name":"Hem","item":"https:\/\/wp.kristdemokraterna.se\/vg\/"},{"@type":"ListItem","position":2,"name":"Studiebes\u00f6k i Mariestad"}]},{"@type":"WebSite","@id":"https:\/\/wp.kristdemokraterna.se\/vg\/#website","url":"https:\/\/wp.kristdemokraterna.se\/vg\/","name":"V\u00e4stra G\u00f6talandsregionen","description":"","inLanguage":"sv-SE"},{"@type":"Person","@id":"https:\/\/wp.kristdemokraterna.se\/vg\/#\/schema\/person\/485c1ff01f1324aafbb92705c598210f","name":"vg","image":{"@type":"ImageObject","inLanguage":"sv-SE","@id":"https:\/\/secure.gravatar.com\/avatar\/387c874425c7747be372c14ca2d69e1689502257d65ec3b403b441b6435e48d8?s=96&d=mm&r=g","url":"https:\/\/secure.gravatar.com\/avatar\/387c874425c7747be372c14ca2d69e1689502257d65ec3b403b441b6435e48d8?s=96&d=mm&r=g","contentUrl":"https:\/\/secure.gravatar.com\/avatar\/387c874425c7747be372c14ca2d69e1689502257d65ec3b403b441b6435e48d8?s=96&d=mm&r=g","caption":"vg"},"url":"https:\/\/wp.kristdemokraterna.se\/vg\/author\/vg\/"}]}},"_links":{"self":[{"href":"https:\/\/wp.kristdemokraterna.se\/vg\/wp-json\/wp\/v2\/posts\/1026","targetHints":{"allow":["GET"]}}],"collection":[{"href":"https:\/\/wp.kristdemokraterna.se\/vg\/wp-json\/wp\/v2\/posts"}],"about":[{"href":"https:\/\/wp.kristdemokraterna.se\/vg\/wp-json\/wp\/v2\/types\/post"}],"author":[{"embeddable":true,"href":"https:\/\/wp.kristdemokraterna.se\/vg\/wp-json\/wp\/v2\/users\/726"}],"replies":[{"embeddable":true,"href":"https:\/\/wp.kristdemokraterna.se\/vg\/wp-json\/wp\/v2\/comments?post=1026"}],"version-history":[{"count":1,"href":"https:\/\/wp.kristdemokraterna.se\/vg\/wp-json\/wp\/v2\/posts\/1026\/revisions"}],"predecessor-version":[{"id":1028,"href":"https:\/\/wp.kristdemokraterna.se\/vg\/wp-json\/wp\/v2\/posts\/1026\/revisions\/1028"}],"wp:featuredmedia":[{"embeddable":true,"href":"https:\/\/wp.kristdemokraterna.se\/vg\/wp-json\/wp\/v2\/media\/1027"}],"wp:attachment":[{"href":"https:\/\/wp.kristdemokraterna.se\/vg\/wp-json\/wp\/v2\/media?parent=1026"}],"wp:term":[{"taxonomy":"category","embeddable":true,"href":"https:\/\/wp.kristdemokraterna.se\/vg\/wp-json\/wp\/v2\/categories?post=1026"},{"taxonomy":"post_tag","embeddable":true,"href":"https:\/\/wp.kristdemokraterna.se\/vg\/wp-json\/wp\/v2\/tags?post=1026"}],"curies":[{"name":"wp","href":"https:\/\/api.w.org\/{rel}","templated":true}]}}