{"id":1068,"date":"2022-03-30T10:22:42","date_gmt":"2022-03-30T08:22:42","guid":{"rendered":"https:\/\/wp.kristdemokraterna.se\/vg\/?p=1068"},"modified":"2022-03-30T10:22:42","modified_gmt":"2022-03-30T08:22:42","slug":"konstepidemin-i-goteborg","status":"publish","type":"post","link":"https:\/\/wp.kristdemokraterna.se\/vg\/konstepidemin-i-goteborg\/","title":{"rendered":"Konstepidemin i G\u00f6teborg"},"content":{"rendered":"<p>Kristdemokraternas regionr\u00e5d Conny Br\u00e4nnberg var p\u00e5 studiebes\u00f6k vid Konstepidemin i G\u00f6teborg. Detta \u00e4r ett av Sveriges st\u00f6rsta konstn\u00e4rskollektiv, bel\u00e4get vid Linn\u00e9platsen i G\u00f6teborg, och \u00e4r ett kulturcentrum. I omr\u00e5det finns atelj\u00e9er, residensboende, utst\u00e4llningsytor och galleri. Ett omfattande kulturprogram med f\u00f6rel\u00e4sningar, f\u00f6rest\u00e4llningar och varierande utst\u00e4llningar ges \u00e5ret runt. I omr\u00e5det, som blivit ett bes\u00f6ksm\u00e5l f\u00f6r m\u00e5nga, finns ocks\u00e5 ett stort antal konstverk.<\/p>\n","protected":false},"excerpt":{"rendered":"<p>Kristdemokraternas regionr\u00e5d Conny Br\u00e4nnberg var p\u00e5 studiebes\u00f6k vid Konstepidemin i G\u00f6teborg. Detta \u00e4r ett av Sveriges st\u00f6rsta konstn\u00e4rskollektiv, bel\u00e4get vid Linn\u00e9platsen i G\u00f6teborg, och \u00e4r ett kulturcentrum. I omr\u00e5det finns atelj\u00e9er, residensboende, utst\u00e4llningsytor och galleri. Ett omfattande kulturprogram med f\u00f6rel\u00e4sningar, f\u00f6rest\u00e4llningar och varierande utst\u00e4llningar ges \u00e5ret runt. I omr\u00e5det, som blivit ett bes\u00f6ksm\u00e5l f\u00f6r m\u00e5nga, <a class=\"read-more-link\" href=\"https:\/\/wp.kristdemokraterna.se\/vg\/konstepidemin-i-goteborg\/\">Read More<\/a><\/p>\n","protected":false},"author":726,"featured_media":1069,"comment_status":"closed","ping_status":"closed","sticky":false,"template":"","format":"standard","meta":{"_acf_changed":false,"footnotes":""},"categories":[10],"tags":[28,51,164,14],"class_list":["post-1068","post","type-post","status-publish","format-standard","has-post-thumbnail","hentry","category-kultur","tag-conny-brannberg","tag-goteborg","tag-konst","tag-kultur"],"acf":[],"yoast_head":"<!-- This site is optimized with the Yoast SEO plugin v27.4 - https:\/\/yoast.com\/product\/yoast-seo-wordpress\/ -->\n<title>Konstepidemin i G\u00f6teborg - V\u00e4stra G\u00f6talandsregionen<\/title>\n<meta name=\"robots\" content=\"index, follow, max-snippet:-1, max-image-preview:large, max-video-preview:-1\" \/>\n<link rel=\"canonical\" href=\"https:\/\/wp.kristdemokraterna.se\/vg\/konstepidemin-i-goteborg\/\" \/>\n<meta property=\"og:locale\" content=\"sv_SE\" \/>\n<meta property=\"og:type\" content=\"article\" \/>\n<meta property=\"og:title\" content=\"Konstepidemin i G\u00f6teborg - V\u00e4stra G\u00f6talandsregionen\" \/>\n<meta property=\"og:description\" content=\"Kristdemokraternas regionr\u00e5d Conny Br\u00e4nnberg var p\u00e5 studiebes\u00f6k vid Konstepidemin i G\u00f6teborg. Detta \u00e4r ett av Sveriges st\u00f6rsta konstn\u00e4rskollektiv, bel\u00e4get vid Linn\u00e9platsen i G\u00f6teborg, och \u00e4r ett kulturcentrum. I omr\u00e5det finns atelj\u00e9er, residensboende, utst\u00e4llningsytor och galleri. Ett omfattande kulturprogram med f\u00f6rel\u00e4sningar, f\u00f6rest\u00e4llningar och varierande utst\u00e4llningar ges \u00e5ret runt. I omr\u00e5det, som blivit ett bes\u00f6ksm\u00e5l f\u00f6r m\u00e5nga, Read More\" \/>\n<meta property=\"og:url\" content=\"https:\/\/wp.kristdemokraterna.se\/vg\/konstepidemin-i-goteborg\/\" \/>\n<meta property=\"og:site_name\" content=\"V\u00e4stra G\u00f6talandsregionen\" \/>\n<meta property=\"article:published_time\" content=\"2022-03-30T08:22:42+00:00\" \/>\n<meta property=\"og:image\" content=\"http:\/\/wp.kristdemokraterna.se\/vg\/files\/2022\/03\/linne-hemsida.jpg\" \/>\n\t<meta property=\"og:image:width\" content=\"472\" \/>\n\t<meta property=\"og:image:height\" content=\"263\" \/>\n\t<meta property=\"og:image:type\" content=\"image\/jpeg\" \/>\n<meta name=\"author\" content=\"vg\" \/>\n<meta name=\"twitter:card\" content=\"summary_large_image\" \/>\n<meta name=\"twitter:creator\" content=\"@KD_VGR\" \/>\n<meta name=\"twitter:site\" content=\"@KD_VGR\" \/>\n<meta name=\"twitter:label1\" content=\"Skriven av\" \/>\n\t<meta name=\"twitter:data1\" content=\"vg\" \/>\n\t<meta name=\"twitter:label2\" content=\"Ber\u00e4knad l\u00e4stid\" \/>\n\t<meta name=\"twitter:data2\" content=\"1 minut\" \/>\n<script type=\"application\/ld+json\" class=\"yoast-schema-graph\">{\"@context\":\"https:\\\/\\\/schema.org\",\"@graph\":[{\"@type\":\"Article\",\"@id\":\"https:\\\/\\\/wp.kristdemokraterna.se\\\/vg\\\/konstepidemin-i-goteborg\\\/#article\",\"isPartOf\":{\"@id\":\"https:\\\/\\\/wp.kristdemokraterna.se\\\/vg\\\/konstepidemin-i-goteborg\\\/\"},\"author\":{\"name\":\"vg\",\"@id\":\"https:\\\/\\\/wp.kristdemokraterna.se\\\/vg\\\/#\\\/schema\\\/person\\\/485c1ff01f1324aafbb92705c598210f\"},\"headline\":\"Konstepidemin i G\u00f6teborg\",\"datePublished\":\"2022-03-30T08:22:42+00:00\",\"mainEntityOfPage\":{\"@id\":\"https:\\\/\\\/wp.kristdemokraterna.se\\\/vg\\\/konstepidemin-i-goteborg\\\/\"},\"wordCount\":87,\"image\":{\"@id\":\"https:\\\/\\\/wp.kristdemokraterna.se\\\/vg\\\/konstepidemin-i-goteborg\\\/#primaryimage\"},\"thumbnailUrl\":\"https:\\\/\\\/wp.kristdemokraterna.se\\\/vg\\\/files\\\/2022\\\/03\\\/linne-hemsida.jpg\",\"keywords\":[\"conny br\u00e4nnberg\",\"G\u00f6teborg\",\"konst\",\"Kultur\"],\"articleSection\":[\"Kultur\"],\"inLanguage\":\"sv-SE\"},{\"@type\":\"WebPage\",\"@id\":\"https:\\\/\\\/wp.kristdemokraterna.se\\\/vg\\\/konstepidemin-i-goteborg\\\/\",\"url\":\"https:\\\/\\\/wp.kristdemokraterna.se\\\/vg\\\/konstepidemin-i-goteborg\\\/\",\"name\":\"Konstepidemin i G\u00f6teborg - V\u00e4stra G\u00f6talandsregionen\",\"isPartOf\":{\"@id\":\"https:\\\/\\\/wp.kristdemokraterna.se\\\/vg\\\/#website\"},\"primaryImageOfPage\":{\"@id\":\"https:\\\/\\\/wp.kristdemokraterna.se\\\/vg\\\/konstepidemin-i-goteborg\\\/#primaryimage\"},\"image\":{\"@id\":\"https:\\\/\\\/wp.kristdemokraterna.se\\\/vg\\\/konstepidemin-i-goteborg\\\/#primaryimage\"},\"thumbnailUrl\":\"https:\\\/\\\/wp.kristdemokraterna.se\\\/vg\\\/files\\\/2022\\\/03\\\/linne-hemsida.jpg\",\"datePublished\":\"2022-03-30T08:22:42+00:00\",\"author\":{\"@id\":\"https:\\\/\\\/wp.kristdemokraterna.se\\\/vg\\\/#\\\/schema\\\/person\\\/485c1ff01f1324aafbb92705c598210f\"},\"breadcrumb\":{\"@id\":\"https:\\\/\\\/wp.kristdemokraterna.se\\\/vg\\\/konstepidemin-i-goteborg\\\/#breadcrumb\"},\"inLanguage\":\"sv-SE\",\"potentialAction\":[{\"@type\":\"ReadAction\",\"target\":[\"https:\\\/\\\/wp.kristdemokraterna.se\\\/vg\\\/konstepidemin-i-goteborg\\\/\"]}]},{\"@type\":\"ImageObject\",\"inLanguage\":\"sv-SE\",\"@id\":\"https:\\\/\\\/wp.kristdemokraterna.se\\\/vg\\\/konstepidemin-i-goteborg\\\/#primaryimage\",\"url\":\"https:\\\/\\\/wp.kristdemokraterna.se\\\/vg\\\/files\\\/2022\\\/03\\\/linne-hemsida.jpg\",\"contentUrl\":\"https:\\\/\\\/wp.kristdemokraterna.se\\\/vg\\\/files\\\/2022\\\/03\\\/linne-hemsida.jpg\",\"width\":472,\"height\":263},{\"@type\":\"BreadcrumbList\",\"@id\":\"https:\\\/\\\/wp.kristdemokraterna.se\\\/vg\\\/konstepidemin-i-goteborg\\\/#breadcrumb\",\"itemListElement\":[{\"@type\":\"ListItem\",\"position\":1,\"name\":\"Hem\",\"item\":\"https:\\\/\\\/wp.kristdemokraterna.se\\\/vg\\\/\"},{\"@type\":\"ListItem\",\"position\":2,\"name\":\"Konstepidemin i G\u00f6teborg\"}]},{\"@type\":\"WebSite\",\"@id\":\"https:\\\/\\\/wp.kristdemokraterna.se\\\/vg\\\/#website\",\"url\":\"https:\\\/\\\/wp.kristdemokraterna.se\\\/vg\\\/\",\"name\":\"V\u00e4stra G\u00f6talandsregionen\",\"description\":\"\",\"inLanguage\":\"sv-SE\"},{\"@type\":\"Person\",\"@id\":\"https:\\\/\\\/wp.kristdemokraterna.se\\\/vg\\\/#\\\/schema\\\/person\\\/485c1ff01f1324aafbb92705c598210f\",\"name\":\"vg\",\"image\":{\"@type\":\"ImageObject\",\"inLanguage\":\"sv-SE\",\"@id\":\"https:\\\/\\\/secure.gravatar.com\\\/avatar\\\/387c874425c7747be372c14ca2d69e1689502257d65ec3b403b441b6435e48d8?s=96&d=mm&r=g\",\"url\":\"https:\\\/\\\/secure.gravatar.com\\\/avatar\\\/387c874425c7747be372c14ca2d69e1689502257d65ec3b403b441b6435e48d8?s=96&d=mm&r=g\",\"contentUrl\":\"https:\\\/\\\/secure.gravatar.com\\\/avatar\\\/387c874425c7747be372c14ca2d69e1689502257d65ec3b403b441b6435e48d8?s=96&d=mm&r=g\",\"caption\":\"vg\"},\"url\":\"https:\\\/\\\/wp.kristdemokraterna.se\\\/vg\\\/author\\\/vg\\\/\"}]}<\/script>\n<!-- \/ Yoast SEO plugin. -->","yoast_head_json":{"title":"Konstepidemin i G\u00f6teborg - V\u00e4stra G\u00f6talandsregionen","robots":{"index":"index","follow":"follow","max-snippet":"max-snippet:-1","max-image-preview":"max-image-preview:large","max-video-preview":"max-video-preview:-1"},"canonical":"https:\/\/wp.kristdemokraterna.se\/vg\/konstepidemin-i-goteborg\/","og_locale":"sv_SE","og_type":"article","og_title":"Konstepidemin i G\u00f6teborg - V\u00e4stra G\u00f6talandsregionen","og_description":"Kristdemokraternas regionr\u00e5d Conny Br\u00e4nnberg var p\u00e5 studiebes\u00f6k vid Konstepidemin i G\u00f6teborg. Detta \u00e4r ett av Sveriges st\u00f6rsta konstn\u00e4rskollektiv, bel\u00e4get vid Linn\u00e9platsen i G\u00f6teborg, och \u00e4r ett kulturcentrum. I omr\u00e5det finns atelj\u00e9er, residensboende, utst\u00e4llningsytor och galleri. Ett omfattande kulturprogram med f\u00f6rel\u00e4sningar, f\u00f6rest\u00e4llningar och varierande utst\u00e4llningar ges \u00e5ret runt. I omr\u00e5det, som blivit ett bes\u00f6ksm\u00e5l f\u00f6r m\u00e5nga, Read More","og_url":"https:\/\/wp.kristdemokraterna.se\/vg\/konstepidemin-i-goteborg\/","og_site_name":"V\u00e4stra G\u00f6talandsregionen","article_published_time":"2022-03-30T08:22:42+00:00","og_image":[{"width":472,"height":263,"url":"http:\/\/wp.kristdemokraterna.se\/vg\/files\/2022\/03\/linne-hemsida.jpg","type":"image\/jpeg"}],"author":"vg","twitter_card":"summary_large_image","twitter_creator":"@KD_VGR","twitter_site":"@KD_VGR","twitter_misc":{"Skriven av":"vg","Ber\u00e4knad l\u00e4stid":"1 minut"},"schema":{"@context":"https:\/\/schema.org","@graph":[{"@type":"Article","@id":"https:\/\/wp.kristdemokraterna.se\/vg\/konstepidemin-i-goteborg\/#article","isPartOf":{"@id":"https:\/\/wp.kristdemokraterna.se\/vg\/konstepidemin-i-goteborg\/"},"author":{"name":"vg","@id":"https:\/\/wp.kristdemokraterna.se\/vg\/#\/schema\/person\/485c1ff01f1324aafbb92705c598210f"},"headline":"Konstepidemin i G\u00f6teborg","datePublished":"2022-03-30T08:22:42+00:00","mainEntityOfPage":{"@id":"https:\/\/wp.kristdemokraterna.se\/vg\/konstepidemin-i-goteborg\/"},"wordCount":87,"image":{"@id":"https:\/\/wp.kristdemokraterna.se\/vg\/konstepidemin-i-goteborg\/#primaryimage"},"thumbnailUrl":"https:\/\/wp.kristdemokraterna.se\/vg\/files\/2022\/03\/linne-hemsida.jpg","keywords":["conny br\u00e4nnberg","G\u00f6teborg","konst","Kultur"],"articleSection":["Kultur"],"inLanguage":"sv-SE"},{"@type":"WebPage","@id":"https:\/\/wp.kristdemokraterna.se\/vg\/konstepidemin-i-goteborg\/","url":"https:\/\/wp.kristdemokraterna.se\/vg\/konstepidemin-i-goteborg\/","name":"Konstepidemin i G\u00f6teborg - V\u00e4stra G\u00f6talandsregionen","isPartOf":{"@id":"https:\/\/wp.kristdemokraterna.se\/vg\/#website"},"primaryImageOfPage":{"@id":"https:\/\/wp.kristdemokraterna.se\/vg\/konstepidemin-i-goteborg\/#primaryimage"},"image":{"@id":"https:\/\/wp.kristdemokraterna.se\/vg\/konstepidemin-i-goteborg\/#primaryimage"},"thumbnailUrl":"https:\/\/wp.kristdemokraterna.se\/vg\/files\/2022\/03\/linne-hemsida.jpg","datePublished":"2022-03-30T08:22:42+00:00","author":{"@id":"https:\/\/wp.kristdemokraterna.se\/vg\/#\/schema\/person\/485c1ff01f1324aafbb92705c598210f"},"breadcrumb":{"@id":"https:\/\/wp.kristdemokraterna.se\/vg\/konstepidemin-i-goteborg\/#breadcrumb"},"inLanguage":"sv-SE","potentialAction":[{"@type":"ReadAction","target":["https:\/\/wp.kristdemokraterna.se\/vg\/konstepidemin-i-goteborg\/"]}]},{"@type":"ImageObject","inLanguage":"sv-SE","@id":"https:\/\/wp.kristdemokraterna.se\/vg\/konstepidemin-i-goteborg\/#primaryimage","url":"https:\/\/wp.kristdemokraterna.se\/vg\/files\/2022\/03\/linne-hemsida.jpg","contentUrl":"https:\/\/wp.kristdemokraterna.se\/vg\/files\/2022\/03\/linne-hemsida.jpg","width":472,"height":263},{"@type":"BreadcrumbList","@id":"https:\/\/wp.kristdemokraterna.se\/vg\/konstepidemin-i-goteborg\/#breadcrumb","itemListElement":[{"@type":"ListItem","position":1,"name":"Hem","item":"https:\/\/wp.kristdemokraterna.se\/vg\/"},{"@type":"ListItem","position":2,"name":"Konstepidemin i G\u00f6teborg"}]},{"@type":"WebSite","@id":"https:\/\/wp.kristdemokraterna.se\/vg\/#website","url":"https:\/\/wp.kristdemokraterna.se\/vg\/","name":"V\u00e4stra G\u00f6talandsregionen","description":"","inLanguage":"sv-SE"},{"@type":"Person","@id":"https:\/\/wp.kristdemokraterna.se\/vg\/#\/schema\/person\/485c1ff01f1324aafbb92705c598210f","name":"vg","image":{"@type":"ImageObject","inLanguage":"sv-SE","@id":"https:\/\/secure.gravatar.com\/avatar\/387c874425c7747be372c14ca2d69e1689502257d65ec3b403b441b6435e48d8?s=96&d=mm&r=g","url":"https:\/\/secure.gravatar.com\/avatar\/387c874425c7747be372c14ca2d69e1689502257d65ec3b403b441b6435e48d8?s=96&d=mm&r=g","contentUrl":"https:\/\/secure.gravatar.com\/avatar\/387c874425c7747be372c14ca2d69e1689502257d65ec3b403b441b6435e48d8?s=96&d=mm&r=g","caption":"vg"},"url":"https:\/\/wp.kristdemokraterna.se\/vg\/author\/vg\/"}]}},"_links":{"self":[{"href":"https:\/\/wp.kristdemokraterna.se\/vg\/wp-json\/wp\/v2\/posts\/1068","targetHints":{"allow":["GET"]}}],"collection":[{"href":"https:\/\/wp.kristdemokraterna.se\/vg\/wp-json\/wp\/v2\/posts"}],"about":[{"href":"https:\/\/wp.kristdemokraterna.se\/vg\/wp-json\/wp\/v2\/types\/post"}],"author":[{"embeddable":true,"href":"https:\/\/wp.kristdemokraterna.se\/vg\/wp-json\/wp\/v2\/users\/726"}],"replies":[{"embeddable":true,"href":"https:\/\/wp.kristdemokraterna.se\/vg\/wp-json\/wp\/v2\/comments?post=1068"}],"version-history":[{"count":1,"href":"https:\/\/wp.kristdemokraterna.se\/vg\/wp-json\/wp\/v2\/posts\/1068\/revisions"}],"predecessor-version":[{"id":1070,"href":"https:\/\/wp.kristdemokraterna.se\/vg\/wp-json\/wp\/v2\/posts\/1068\/revisions\/1070"}],"wp:featuredmedia":[{"embeddable":true,"href":"https:\/\/wp.kristdemokraterna.se\/vg\/wp-json\/wp\/v2\/media\/1069"}],"wp:attachment":[{"href":"https:\/\/wp.kristdemokraterna.se\/vg\/wp-json\/wp\/v2\/media?parent=1068"}],"wp:term":[{"taxonomy":"category","embeddable":true,"href":"https:\/\/wp.kristdemokraterna.se\/vg\/wp-json\/wp\/v2\/categories?post=1068"},{"taxonomy":"post_tag","embeddable":true,"href":"https:\/\/wp.kristdemokraterna.se\/vg\/wp-json\/wp\/v2\/tags?post=1068"}],"curies":[{"name":"wp","href":"https:\/\/api.w.org\/{rel}","templated":true}]}}