{"id":1071,"date":"2022-04-06T19:25:00","date_gmt":"2022-04-06T17:25:00","guid":{"rendered":"https:\/\/wp.kristdemokraterna.se\/vg\/?p=1071"},"modified":"2022-04-06T19:25:00","modified_gmt":"2022-04-06T17:25:00","slug":"verksamhetsbesok-vid-hospice-gabriel","status":"publish","type":"post","link":"https:\/\/wp.kristdemokraterna.se\/vg\/verksamhetsbesok-vid-hospice-gabriel\/","title":{"rendered":"Verksamhetsbes\u00f6k vid Hospice Gabriel"},"content":{"rendered":"<p>I f\u00f6rmiddags bes\u00f6kte Conny Br\u00e4nnberg, Tommy Larsson, Maria Nilsson, Maria Bruckshaw och Stefan Svensson Hospice Gabriel i Lidk\u00f6ping. De m\u00f6ttes upp av verksamhetschef Pia Gustafsson samt Lennart Jonsson och Stefan Collin, b\u00e5da ledam\u00f6ter i styrelsen.<br \/>\n<!--more--><br \/>\nHospice Gabriel erbjuder specialiserad v\u00e5rd f\u00f6r m\u00e4nniskor i livets slutskede. \u00c5ldersspannet hos g\u00e4sterna (patienterna) var under 2021 fr\u00e5n 22 \u00e5r upp till 94 \u00e5r. I snitt blir g\u00e4sterna kvar p\u00e5 boendet i 16 dagar och under dessa dagar st\u00e5r livet i centrum.<\/p>\n<p>Mottagandet var fantastiskt. Boendet p\u00e5minner i m\u00e5ngt och mycket med den milj\u00f6 vi \u00e4r vana att hitta i m\u00e4nniskors privata hem och atmosf\u00e4ren var varm och inbjudande. G\u00e4sterna st\u00e5r verkligen i centrum i verksamheten och de anh\u00f6riga involveras f\u00f6r att ge den sjuke en bra sista tid i livet. I detta ing\u00e5r ocks\u00e5 adekvat sm\u00e4rtlindring.<\/p>\n<p>Hospice Gabriel ing\u00e5r i FAMNA som \u00e4r riksorganisationen f\u00f6r id\u00e9buren v\u00e4lf\u00e4rd i Sverige. Av v\u00e4lf\u00e4rden i Sverige \u00e4r 78% offentlig, 19% privat och 3% id\u00e9buren. Utomlands \u00e4r det id\u00e9burna inslaget oftast betydligt st\u00f6rre. Det kan j\u00e4mf\u00f6ras med v\u00e5ra grannl\u00e4nder d\u00e4r Norge har dubbelt s\u00e5 stor andel id\u00e9buren v\u00e4lf\u00e4rd och Danmark cirka fem g\u00e5nger s\u00e5 stor. Pia Gustafsson efterlyste lag- och regelf\u00f6r\u00e4ndringar f\u00f6r att de id\u00e9burna verksamheterna ska kunna v\u00e4xa och bli fler i Sverige.<\/p>\n","protected":false},"excerpt":{"rendered":"<p>I f\u00f6rmiddags bes\u00f6kte Conny Br\u00e4nnberg, Tommy Larsson, Maria Nilsson, Maria Bruckshaw och Stefan Svensson Hospice Gabriel i Lidk\u00f6ping. De m\u00f6ttes upp av verksamhetschef Pia Gustafsson samt Lennart Jonsson och Stefan Collin, b\u00e5da ledam\u00f6ter i styrelsen.<\/p>\n","protected":false},"author":726,"featured_media":1072,"comment_status":"closed","ping_status":"closed","sticky":false,"template":"","format":"standard","meta":{"_acf_changed":false,"footnotes":""},"categories":[9],"tags":[165,150,166],"class_list":["post-1071","post","type-post","status-publish","format-standard","has-post-thumbnail","hentry","category-halso-och-sjukvard","tag-hospice-gabriel","tag-lidkoping","tag-palliativ-vard"],"acf":[],"yoast_head":"<!-- This site is optimized with the Yoast SEO plugin v27.4 - https:\/\/yoast.com\/product\/yoast-seo-wordpress\/ -->\n<title>Verksamhetsbes\u00f6k vid Hospice Gabriel - V\u00e4stra G\u00f6talandsregionen<\/title>\n<meta name=\"robots\" content=\"index, follow, max-snippet:-1, max-image-preview:large, max-video-preview:-1\" \/>\n<link rel=\"canonical\" href=\"https:\/\/wp.kristdemokraterna.se\/vg\/verksamhetsbesok-vid-hospice-gabriel\/\" \/>\n<meta property=\"og:locale\" content=\"sv_SE\" \/>\n<meta property=\"og:type\" content=\"article\" \/>\n<meta property=\"og:title\" content=\"Verksamhetsbes\u00f6k vid Hospice Gabriel - V\u00e4stra G\u00f6talandsregionen\" \/>\n<meta property=\"og:description\" content=\"I f\u00f6rmiddags bes\u00f6kte Conny Br\u00e4nnberg, Tommy Larsson, Maria Nilsson, Maria Bruckshaw och Stefan Svensson Hospice Gabriel i Lidk\u00f6ping. De m\u00f6ttes upp av verksamhetschef Pia Gustafsson samt Lennart Jonsson och Stefan Collin, b\u00e5da ledam\u00f6ter i styrelsen.\" \/>\n<meta property=\"og:url\" content=\"https:\/\/wp.kristdemokraterna.se\/vg\/verksamhetsbesok-vid-hospice-gabriel\/\" \/>\n<meta property=\"og:site_name\" content=\"V\u00e4stra G\u00f6talandsregionen\" \/>\n<meta property=\"article:published_time\" content=\"2022-04-06T17:25:00+00:00\" \/>\n<meta property=\"og:image\" content=\"http:\/\/wp.kristdemokraterna.se\/vg\/files\/2022\/04\/hospice-hemsida.jpg\" \/>\n\t<meta property=\"og:image:width\" content=\"471\" \/>\n\t<meta property=\"og:image:height\" content=\"262\" \/>\n\t<meta property=\"og:image:type\" content=\"image\/jpeg\" \/>\n<meta name=\"author\" content=\"vg\" \/>\n<meta name=\"twitter:card\" content=\"summary_large_image\" \/>\n<meta name=\"twitter:creator\" content=\"@KD_VGR\" \/>\n<meta name=\"twitter:site\" content=\"@KD_VGR\" \/>\n<meta name=\"twitter:label1\" content=\"Skriven av\" \/>\n\t<meta name=\"twitter:data1\" content=\"vg\" \/>\n\t<meta name=\"twitter:label2\" content=\"Ber\u00e4knad l\u00e4stid\" \/>\n\t<meta name=\"twitter:data2\" content=\"2 minuter\" \/>\n<script type=\"application\/ld+json\" class=\"yoast-schema-graph\">{\"@context\":\"https:\\\/\\\/schema.org\",\"@graph\":[{\"@type\":\"Article\",\"@id\":\"https:\\\/\\\/wp.kristdemokraterna.se\\\/vg\\\/verksamhetsbesok-vid-hospice-gabriel\\\/#article\",\"isPartOf\":{\"@id\":\"https:\\\/\\\/wp.kristdemokraterna.se\\\/vg\\\/verksamhetsbesok-vid-hospice-gabriel\\\/\"},\"author\":{\"name\":\"vg\",\"@id\":\"https:\\\/\\\/wp.kristdemokraterna.se\\\/vg\\\/#\\\/schema\\\/person\\\/485c1ff01f1324aafbb92705c598210f\"},\"headline\":\"Verksamhetsbes\u00f6k vid Hospice Gabriel\",\"datePublished\":\"2022-04-06T17:25:00+00:00\",\"mainEntityOfPage\":{\"@id\":\"https:\\\/\\\/wp.kristdemokraterna.se\\\/vg\\\/verksamhetsbesok-vid-hospice-gabriel\\\/\"},\"wordCount\":252,\"image\":{\"@id\":\"https:\\\/\\\/wp.kristdemokraterna.se\\\/vg\\\/verksamhetsbesok-vid-hospice-gabriel\\\/#primaryimage\"},\"thumbnailUrl\":\"https:\\\/\\\/wp.kristdemokraterna.se\\\/vg\\\/files\\\/2022\\\/04\\\/hospice-hemsida.jpg\",\"keywords\":[\"Hospice Gabriel\",\"Lidk\u00f6ping\",\"palliativ v\u00e5rd\"],\"articleSection\":[\"H\u00e4lso- och sjukv\u00e5rd\"],\"inLanguage\":\"sv-SE\"},{\"@type\":\"WebPage\",\"@id\":\"https:\\\/\\\/wp.kristdemokraterna.se\\\/vg\\\/verksamhetsbesok-vid-hospice-gabriel\\\/\",\"url\":\"https:\\\/\\\/wp.kristdemokraterna.se\\\/vg\\\/verksamhetsbesok-vid-hospice-gabriel\\\/\",\"name\":\"Verksamhetsbes\u00f6k vid Hospice Gabriel - V\u00e4stra G\u00f6talandsregionen\",\"isPartOf\":{\"@id\":\"https:\\\/\\\/wp.kristdemokraterna.se\\\/vg\\\/#website\"},\"primaryImageOfPage\":{\"@id\":\"https:\\\/\\\/wp.kristdemokraterna.se\\\/vg\\\/verksamhetsbesok-vid-hospice-gabriel\\\/#primaryimage\"},\"image\":{\"@id\":\"https:\\\/\\\/wp.kristdemokraterna.se\\\/vg\\\/verksamhetsbesok-vid-hospice-gabriel\\\/#primaryimage\"},\"thumbnailUrl\":\"https:\\\/\\\/wp.kristdemokraterna.se\\\/vg\\\/files\\\/2022\\\/04\\\/hospice-hemsida.jpg\",\"datePublished\":\"2022-04-06T17:25:00+00:00\",\"author\":{\"@id\":\"https:\\\/\\\/wp.kristdemokraterna.se\\\/vg\\\/#\\\/schema\\\/person\\\/485c1ff01f1324aafbb92705c598210f\"},\"breadcrumb\":{\"@id\":\"https:\\\/\\\/wp.kristdemokraterna.se\\\/vg\\\/verksamhetsbesok-vid-hospice-gabriel\\\/#breadcrumb\"},\"inLanguage\":\"sv-SE\",\"potentialAction\":[{\"@type\":\"ReadAction\",\"target\":[\"https:\\\/\\\/wp.kristdemokraterna.se\\\/vg\\\/verksamhetsbesok-vid-hospice-gabriel\\\/\"]}]},{\"@type\":\"ImageObject\",\"inLanguage\":\"sv-SE\",\"@id\":\"https:\\\/\\\/wp.kristdemokraterna.se\\\/vg\\\/verksamhetsbesok-vid-hospice-gabriel\\\/#primaryimage\",\"url\":\"https:\\\/\\\/wp.kristdemokraterna.se\\\/vg\\\/files\\\/2022\\\/04\\\/hospice-hemsida.jpg\",\"contentUrl\":\"https:\\\/\\\/wp.kristdemokraterna.se\\\/vg\\\/files\\\/2022\\\/04\\\/hospice-hemsida.jpg\",\"width\":471,\"height\":262},{\"@type\":\"BreadcrumbList\",\"@id\":\"https:\\\/\\\/wp.kristdemokraterna.se\\\/vg\\\/verksamhetsbesok-vid-hospice-gabriel\\\/#breadcrumb\",\"itemListElement\":[{\"@type\":\"ListItem\",\"position\":1,\"name\":\"Hem\",\"item\":\"https:\\\/\\\/wp.kristdemokraterna.se\\\/vg\\\/\"},{\"@type\":\"ListItem\",\"position\":2,\"name\":\"Verksamhetsbes\u00f6k vid Hospice Gabriel\"}]},{\"@type\":\"WebSite\",\"@id\":\"https:\\\/\\\/wp.kristdemokraterna.se\\\/vg\\\/#website\",\"url\":\"https:\\\/\\\/wp.kristdemokraterna.se\\\/vg\\\/\",\"name\":\"V\u00e4stra G\u00f6talandsregionen\",\"description\":\"\",\"inLanguage\":\"sv-SE\"},{\"@type\":\"Person\",\"@id\":\"https:\\\/\\\/wp.kristdemokraterna.se\\\/vg\\\/#\\\/schema\\\/person\\\/485c1ff01f1324aafbb92705c598210f\",\"name\":\"vg\",\"image\":{\"@type\":\"ImageObject\",\"inLanguage\":\"sv-SE\",\"@id\":\"https:\\\/\\\/secure.gravatar.com\\\/avatar\\\/387c874425c7747be372c14ca2d69e1689502257d65ec3b403b441b6435e48d8?s=96&d=mm&r=g\",\"url\":\"https:\\\/\\\/secure.gravatar.com\\\/avatar\\\/387c874425c7747be372c14ca2d69e1689502257d65ec3b403b441b6435e48d8?s=96&d=mm&r=g\",\"contentUrl\":\"https:\\\/\\\/secure.gravatar.com\\\/avatar\\\/387c874425c7747be372c14ca2d69e1689502257d65ec3b403b441b6435e48d8?s=96&d=mm&r=g\",\"caption\":\"vg\"},\"url\":\"https:\\\/\\\/wp.kristdemokraterna.se\\\/vg\\\/author\\\/vg\\\/\"}]}<\/script>\n<!-- \/ Yoast SEO plugin. -->","yoast_head_json":{"title":"Verksamhetsbes\u00f6k vid Hospice Gabriel - V\u00e4stra G\u00f6talandsregionen","robots":{"index":"index","follow":"follow","max-snippet":"max-snippet:-1","max-image-preview":"max-image-preview:large","max-video-preview":"max-video-preview:-1"},"canonical":"https:\/\/wp.kristdemokraterna.se\/vg\/verksamhetsbesok-vid-hospice-gabriel\/","og_locale":"sv_SE","og_type":"article","og_title":"Verksamhetsbes\u00f6k vid Hospice Gabriel - V\u00e4stra G\u00f6talandsregionen","og_description":"I f\u00f6rmiddags bes\u00f6kte Conny Br\u00e4nnberg, Tommy Larsson, Maria Nilsson, Maria Bruckshaw och Stefan Svensson Hospice Gabriel i Lidk\u00f6ping. De m\u00f6ttes upp av verksamhetschef Pia Gustafsson samt Lennart Jonsson och Stefan Collin, b\u00e5da ledam\u00f6ter i styrelsen.","og_url":"https:\/\/wp.kristdemokraterna.se\/vg\/verksamhetsbesok-vid-hospice-gabriel\/","og_site_name":"V\u00e4stra G\u00f6talandsregionen","article_published_time":"2022-04-06T17:25:00+00:00","og_image":[{"width":471,"height":262,"url":"http:\/\/wp.kristdemokraterna.se\/vg\/files\/2022\/04\/hospice-hemsida.jpg","type":"image\/jpeg"}],"author":"vg","twitter_card":"summary_large_image","twitter_creator":"@KD_VGR","twitter_site":"@KD_VGR","twitter_misc":{"Skriven av":"vg","Ber\u00e4knad l\u00e4stid":"2 minuter"},"schema":{"@context":"https:\/\/schema.org","@graph":[{"@type":"Article","@id":"https:\/\/wp.kristdemokraterna.se\/vg\/verksamhetsbesok-vid-hospice-gabriel\/#article","isPartOf":{"@id":"https:\/\/wp.kristdemokraterna.se\/vg\/verksamhetsbesok-vid-hospice-gabriel\/"},"author":{"name":"vg","@id":"https:\/\/wp.kristdemokraterna.se\/vg\/#\/schema\/person\/485c1ff01f1324aafbb92705c598210f"},"headline":"Verksamhetsbes\u00f6k vid Hospice Gabriel","datePublished":"2022-04-06T17:25:00+00:00","mainEntityOfPage":{"@id":"https:\/\/wp.kristdemokraterna.se\/vg\/verksamhetsbesok-vid-hospice-gabriel\/"},"wordCount":252,"image":{"@id":"https:\/\/wp.kristdemokraterna.se\/vg\/verksamhetsbesok-vid-hospice-gabriel\/#primaryimage"},"thumbnailUrl":"https:\/\/wp.kristdemokraterna.se\/vg\/files\/2022\/04\/hospice-hemsida.jpg","keywords":["Hospice Gabriel","Lidk\u00f6ping","palliativ v\u00e5rd"],"articleSection":["H\u00e4lso- och sjukv\u00e5rd"],"inLanguage":"sv-SE"},{"@type":"WebPage","@id":"https:\/\/wp.kristdemokraterna.se\/vg\/verksamhetsbesok-vid-hospice-gabriel\/","url":"https:\/\/wp.kristdemokraterna.se\/vg\/verksamhetsbesok-vid-hospice-gabriel\/","name":"Verksamhetsbes\u00f6k vid Hospice Gabriel - V\u00e4stra G\u00f6talandsregionen","isPartOf":{"@id":"https:\/\/wp.kristdemokraterna.se\/vg\/#website"},"primaryImageOfPage":{"@id":"https:\/\/wp.kristdemokraterna.se\/vg\/verksamhetsbesok-vid-hospice-gabriel\/#primaryimage"},"image":{"@id":"https:\/\/wp.kristdemokraterna.se\/vg\/verksamhetsbesok-vid-hospice-gabriel\/#primaryimage"},"thumbnailUrl":"https:\/\/wp.kristdemokraterna.se\/vg\/files\/2022\/04\/hospice-hemsida.jpg","datePublished":"2022-04-06T17:25:00+00:00","author":{"@id":"https:\/\/wp.kristdemokraterna.se\/vg\/#\/schema\/person\/485c1ff01f1324aafbb92705c598210f"},"breadcrumb":{"@id":"https:\/\/wp.kristdemokraterna.se\/vg\/verksamhetsbesok-vid-hospice-gabriel\/#breadcrumb"},"inLanguage":"sv-SE","potentialAction":[{"@type":"ReadAction","target":["https:\/\/wp.kristdemokraterna.se\/vg\/verksamhetsbesok-vid-hospice-gabriel\/"]}]},{"@type":"ImageObject","inLanguage":"sv-SE","@id":"https:\/\/wp.kristdemokraterna.se\/vg\/verksamhetsbesok-vid-hospice-gabriel\/#primaryimage","url":"https:\/\/wp.kristdemokraterna.se\/vg\/files\/2022\/04\/hospice-hemsida.jpg","contentUrl":"https:\/\/wp.kristdemokraterna.se\/vg\/files\/2022\/04\/hospice-hemsida.jpg","width":471,"height":262},{"@type":"BreadcrumbList","@id":"https:\/\/wp.kristdemokraterna.se\/vg\/verksamhetsbesok-vid-hospice-gabriel\/#breadcrumb","itemListElement":[{"@type":"ListItem","position":1,"name":"Hem","item":"https:\/\/wp.kristdemokraterna.se\/vg\/"},{"@type":"ListItem","position":2,"name":"Verksamhetsbes\u00f6k vid Hospice Gabriel"}]},{"@type":"WebSite","@id":"https:\/\/wp.kristdemokraterna.se\/vg\/#website","url":"https:\/\/wp.kristdemokraterna.se\/vg\/","name":"V\u00e4stra G\u00f6talandsregionen","description":"","inLanguage":"sv-SE"},{"@type":"Person","@id":"https:\/\/wp.kristdemokraterna.se\/vg\/#\/schema\/person\/485c1ff01f1324aafbb92705c598210f","name":"vg","image":{"@type":"ImageObject","inLanguage":"sv-SE","@id":"https:\/\/secure.gravatar.com\/avatar\/387c874425c7747be372c14ca2d69e1689502257d65ec3b403b441b6435e48d8?s=96&d=mm&r=g","url":"https:\/\/secure.gravatar.com\/avatar\/387c874425c7747be372c14ca2d69e1689502257d65ec3b403b441b6435e48d8?s=96&d=mm&r=g","contentUrl":"https:\/\/secure.gravatar.com\/avatar\/387c874425c7747be372c14ca2d69e1689502257d65ec3b403b441b6435e48d8?s=96&d=mm&r=g","caption":"vg"},"url":"https:\/\/wp.kristdemokraterna.se\/vg\/author\/vg\/"}]}},"_links":{"self":[{"href":"https:\/\/wp.kristdemokraterna.se\/vg\/wp-json\/wp\/v2\/posts\/1071","targetHints":{"allow":["GET"]}}],"collection":[{"href":"https:\/\/wp.kristdemokraterna.se\/vg\/wp-json\/wp\/v2\/posts"}],"about":[{"href":"https:\/\/wp.kristdemokraterna.se\/vg\/wp-json\/wp\/v2\/types\/post"}],"author":[{"embeddable":true,"href":"https:\/\/wp.kristdemokraterna.se\/vg\/wp-json\/wp\/v2\/users\/726"}],"replies":[{"embeddable":true,"href":"https:\/\/wp.kristdemokraterna.se\/vg\/wp-json\/wp\/v2\/comments?post=1071"}],"version-history":[{"count":1,"href":"https:\/\/wp.kristdemokraterna.se\/vg\/wp-json\/wp\/v2\/posts\/1071\/revisions"}],"predecessor-version":[{"id":1073,"href":"https:\/\/wp.kristdemokraterna.se\/vg\/wp-json\/wp\/v2\/posts\/1071\/revisions\/1073"}],"wp:featuredmedia":[{"embeddable":true,"href":"https:\/\/wp.kristdemokraterna.se\/vg\/wp-json\/wp\/v2\/media\/1072"}],"wp:attachment":[{"href":"https:\/\/wp.kristdemokraterna.se\/vg\/wp-json\/wp\/v2\/media?parent=1071"}],"wp:term":[{"taxonomy":"category","embeddable":true,"href":"https:\/\/wp.kristdemokraterna.se\/vg\/wp-json\/wp\/v2\/categories?post=1071"},{"taxonomy":"post_tag","embeddable":true,"href":"https:\/\/wp.kristdemokraterna.se\/vg\/wp-json\/wp\/v2\/tags?post=1071"}],"curies":[{"name":"wp","href":"https:\/\/api.w.org\/{rel}","templated":true}]}}