{"id":1076,"date":"2022-05-13T17:04:54","date_gmt":"2022-05-13T15:04:54","guid":{"rendered":"https:\/\/wp.kristdemokraterna.se\/vg\/?p=1076"},"modified":"2022-05-13T17:04:54","modified_gmt":"2022-05-13T15:04:54","slug":"kulturkonferens-for-att-motverka-trakasserier","status":"publish","type":"post","link":"https:\/\/wp.kristdemokraterna.se\/vg\/kulturkonferens-for-att-motverka-trakasserier\/","title":{"rendered":"Kulturkonferens f\u00f6r att motverka trakasserier"},"content":{"rendered":"<p>V\u00e4stra G\u00f6talandsregionens kulturn\u00e4mnd har tagit initiativ till en konferens, som \u00e4ger rum i dag vid V\u00e4rldskulturmuseet, om sexuella trakasserier och f\u00f6r\u00e4ndringsarbete. Alla kulturorganisationer som f\u00e5r st\u00f6d fr\u00e5n regionen har bjudits in. Syftet med konferensen \u00e4r att f\u00f6lja upp arbetet efter metoo, st\u00e4rka samverkan f\u00f6r att motverka trakasserier och finna nya v\u00e4gar fram\u00e5t.<br \/>\n<!--more--><br \/>\nBland deltagarna fanns kristdemokraterna Eivor Carlson och Conny Br\u00e4nnberg samt Daniel Andersson, Liberalerna.<\/p>\n","protected":false},"excerpt":{"rendered":"<p>V\u00e4stra G\u00f6talandsregionens kulturn\u00e4mnd har tagit initiativ till en konferens, som \u00e4ger rum i dag vid V\u00e4rldskulturmuseet, om sexuella trakasserier och f\u00f6r\u00e4ndringsarbete. Alla kulturorganisationer som f\u00e5r st\u00f6d fr\u00e5n regionen har bjudits in. Syftet med konferensen \u00e4r att f\u00f6lja upp arbetet efter metoo, st\u00e4rka samverkan f\u00f6r att motverka trakasserier och finna nya v\u00e4gar fram\u00e5t.<\/p>\n","protected":false},"author":726,"featured_media":1077,"comment_status":"closed","ping_status":"closed","sticky":false,"template":"","format":"standard","meta":{"_acf_changed":false,"footnotes":""},"categories":[10],"tags":[28,167,14],"class_list":["post-1076","post","type-post","status-publish","format-standard","has-post-thumbnail","hentry","category-kultur","tag-conny-brannberg","tag-jamstalldhet","tag-kultur"],"acf":[],"yoast_head":"<!-- This site is optimized with the Yoast SEO plugin v27.4 - https:\/\/yoast.com\/product\/yoast-seo-wordpress\/ -->\n<title>Kulturkonferens f\u00f6r att motverka trakasserier - V\u00e4stra G\u00f6talandsregionen<\/title>\n<meta name=\"robots\" content=\"index, follow, max-snippet:-1, max-image-preview:large, max-video-preview:-1\" \/>\n<link rel=\"canonical\" href=\"https:\/\/wp.kristdemokraterna.se\/vg\/kulturkonferens-for-att-motverka-trakasserier\/\" \/>\n<meta property=\"og:locale\" content=\"sv_SE\" \/>\n<meta property=\"og:type\" content=\"article\" \/>\n<meta property=\"og:title\" content=\"Kulturkonferens f\u00f6r att motverka trakasserier - V\u00e4stra G\u00f6talandsregionen\" \/>\n<meta property=\"og:description\" content=\"V\u00e4stra G\u00f6talandsregionens kulturn\u00e4mnd har tagit initiativ till en konferens, som \u00e4ger rum i dag vid V\u00e4rldskulturmuseet, om sexuella trakasserier och f\u00f6r\u00e4ndringsarbete. Alla kulturorganisationer som f\u00e5r st\u00f6d fr\u00e5n regionen har bjudits in. Syftet med konferensen \u00e4r att f\u00f6lja upp arbetet efter metoo, st\u00e4rka samverkan f\u00f6r att motverka trakasserier och finna nya v\u00e4gar fram\u00e5t.\" \/>\n<meta property=\"og:url\" content=\"https:\/\/wp.kristdemokraterna.se\/vg\/kulturkonferens-for-att-motverka-trakasserier\/\" \/>\n<meta property=\"og:site_name\" content=\"V\u00e4stra G\u00f6talandsregionen\" \/>\n<meta property=\"article:published_time\" content=\"2022-05-13T15:04:54+00:00\" \/>\n<meta property=\"og:image\" content=\"http:\/\/wp.kristdemokraterna.se\/vg\/files\/2022\/05\/hemsida-m.jpg\" \/>\n\t<meta property=\"og:image:width\" content=\"471\" \/>\n\t<meta property=\"og:image:height\" content=\"261\" \/>\n\t<meta property=\"og:image:type\" content=\"image\/jpeg\" \/>\n<meta name=\"author\" content=\"vg\" \/>\n<meta name=\"twitter:card\" content=\"summary_large_image\" \/>\n<meta name=\"twitter:creator\" content=\"@KD_VGR\" \/>\n<meta name=\"twitter:site\" content=\"@KD_VGR\" \/>\n<meta name=\"twitter:label1\" content=\"Skriven av\" \/>\n\t<meta name=\"twitter:data1\" content=\"vg\" \/>\n\t<meta name=\"twitter:label2\" content=\"Ber\u00e4knad l\u00e4stid\" \/>\n\t<meta name=\"twitter:data2\" content=\"1 minut\" \/>\n<script type=\"application\/ld+json\" class=\"yoast-schema-graph\">{\"@context\":\"https:\\\/\\\/schema.org\",\"@graph\":[{\"@type\":\"Article\",\"@id\":\"https:\\\/\\\/wp.kristdemokraterna.se\\\/vg\\\/kulturkonferens-for-att-motverka-trakasserier\\\/#article\",\"isPartOf\":{\"@id\":\"https:\\\/\\\/wp.kristdemokraterna.se\\\/vg\\\/kulturkonferens-for-att-motverka-trakasserier\\\/\"},\"author\":{\"name\":\"vg\",\"@id\":\"https:\\\/\\\/wp.kristdemokraterna.se\\\/vg\\\/#\\\/schema\\\/person\\\/485c1ff01f1324aafbb92705c598210f\"},\"headline\":\"Kulturkonferens f\u00f6r att motverka trakasserier\",\"datePublished\":\"2022-05-13T15:04:54+00:00\",\"mainEntityOfPage\":{\"@id\":\"https:\\\/\\\/wp.kristdemokraterna.se\\\/vg\\\/kulturkonferens-for-att-motverka-trakasserier\\\/\"},\"wordCount\":86,\"image\":{\"@id\":\"https:\\\/\\\/wp.kristdemokraterna.se\\\/vg\\\/kulturkonferens-for-att-motverka-trakasserier\\\/#primaryimage\"},\"thumbnailUrl\":\"https:\\\/\\\/wp.kristdemokraterna.se\\\/vg\\\/files\\\/2022\\\/05\\\/hemsida-m.jpg\",\"keywords\":[\"conny br\u00e4nnberg\",\"j\u00e4mst\u00e4lldhet\",\"Kultur\"],\"articleSection\":[\"Kultur\"],\"inLanguage\":\"sv-SE\"},{\"@type\":\"WebPage\",\"@id\":\"https:\\\/\\\/wp.kristdemokraterna.se\\\/vg\\\/kulturkonferens-for-att-motverka-trakasserier\\\/\",\"url\":\"https:\\\/\\\/wp.kristdemokraterna.se\\\/vg\\\/kulturkonferens-for-att-motverka-trakasserier\\\/\",\"name\":\"Kulturkonferens f\u00f6r att motverka trakasserier - V\u00e4stra G\u00f6talandsregionen\",\"isPartOf\":{\"@id\":\"https:\\\/\\\/wp.kristdemokraterna.se\\\/vg\\\/#website\"},\"primaryImageOfPage\":{\"@id\":\"https:\\\/\\\/wp.kristdemokraterna.se\\\/vg\\\/kulturkonferens-for-att-motverka-trakasserier\\\/#primaryimage\"},\"image\":{\"@id\":\"https:\\\/\\\/wp.kristdemokraterna.se\\\/vg\\\/kulturkonferens-for-att-motverka-trakasserier\\\/#primaryimage\"},\"thumbnailUrl\":\"https:\\\/\\\/wp.kristdemokraterna.se\\\/vg\\\/files\\\/2022\\\/05\\\/hemsida-m.jpg\",\"datePublished\":\"2022-05-13T15:04:54+00:00\",\"author\":{\"@id\":\"https:\\\/\\\/wp.kristdemokraterna.se\\\/vg\\\/#\\\/schema\\\/person\\\/485c1ff01f1324aafbb92705c598210f\"},\"breadcrumb\":{\"@id\":\"https:\\\/\\\/wp.kristdemokraterna.se\\\/vg\\\/kulturkonferens-for-att-motverka-trakasserier\\\/#breadcrumb\"},\"inLanguage\":\"sv-SE\",\"potentialAction\":[{\"@type\":\"ReadAction\",\"target\":[\"https:\\\/\\\/wp.kristdemokraterna.se\\\/vg\\\/kulturkonferens-for-att-motverka-trakasserier\\\/\"]}]},{\"@type\":\"ImageObject\",\"inLanguage\":\"sv-SE\",\"@id\":\"https:\\\/\\\/wp.kristdemokraterna.se\\\/vg\\\/kulturkonferens-for-att-motverka-trakasserier\\\/#primaryimage\",\"url\":\"https:\\\/\\\/wp.kristdemokraterna.se\\\/vg\\\/files\\\/2022\\\/05\\\/hemsida-m.jpg\",\"contentUrl\":\"https:\\\/\\\/wp.kristdemokraterna.se\\\/vg\\\/files\\\/2022\\\/05\\\/hemsida-m.jpg\",\"width\":471,\"height\":261},{\"@type\":\"BreadcrumbList\",\"@id\":\"https:\\\/\\\/wp.kristdemokraterna.se\\\/vg\\\/kulturkonferens-for-att-motverka-trakasserier\\\/#breadcrumb\",\"itemListElement\":[{\"@type\":\"ListItem\",\"position\":1,\"name\":\"Hem\",\"item\":\"https:\\\/\\\/wp.kristdemokraterna.se\\\/vg\\\/\"},{\"@type\":\"ListItem\",\"position\":2,\"name\":\"Kulturkonferens f\u00f6r att motverka trakasserier\"}]},{\"@type\":\"WebSite\",\"@id\":\"https:\\\/\\\/wp.kristdemokraterna.se\\\/vg\\\/#website\",\"url\":\"https:\\\/\\\/wp.kristdemokraterna.se\\\/vg\\\/\",\"name\":\"V\u00e4stra G\u00f6talandsregionen\",\"description\":\"\",\"inLanguage\":\"sv-SE\"},{\"@type\":\"Person\",\"@id\":\"https:\\\/\\\/wp.kristdemokraterna.se\\\/vg\\\/#\\\/schema\\\/person\\\/485c1ff01f1324aafbb92705c598210f\",\"name\":\"vg\",\"image\":{\"@type\":\"ImageObject\",\"inLanguage\":\"sv-SE\",\"@id\":\"https:\\\/\\\/secure.gravatar.com\\\/avatar\\\/387c874425c7747be372c14ca2d69e1689502257d65ec3b403b441b6435e48d8?s=96&d=mm&r=g\",\"url\":\"https:\\\/\\\/secure.gravatar.com\\\/avatar\\\/387c874425c7747be372c14ca2d69e1689502257d65ec3b403b441b6435e48d8?s=96&d=mm&r=g\",\"contentUrl\":\"https:\\\/\\\/secure.gravatar.com\\\/avatar\\\/387c874425c7747be372c14ca2d69e1689502257d65ec3b403b441b6435e48d8?s=96&d=mm&r=g\",\"caption\":\"vg\"},\"url\":\"https:\\\/\\\/wp.kristdemokraterna.se\\\/vg\\\/author\\\/vg\\\/\"}]}<\/script>\n<!-- \/ Yoast SEO plugin. -->","yoast_head_json":{"title":"Kulturkonferens f\u00f6r att motverka trakasserier - V\u00e4stra G\u00f6talandsregionen","robots":{"index":"index","follow":"follow","max-snippet":"max-snippet:-1","max-image-preview":"max-image-preview:large","max-video-preview":"max-video-preview:-1"},"canonical":"https:\/\/wp.kristdemokraterna.se\/vg\/kulturkonferens-for-att-motverka-trakasserier\/","og_locale":"sv_SE","og_type":"article","og_title":"Kulturkonferens f\u00f6r att motverka trakasserier - V\u00e4stra G\u00f6talandsregionen","og_description":"V\u00e4stra G\u00f6talandsregionens kulturn\u00e4mnd har tagit initiativ till en konferens, som \u00e4ger rum i dag vid V\u00e4rldskulturmuseet, om sexuella trakasserier och f\u00f6r\u00e4ndringsarbete. Alla kulturorganisationer som f\u00e5r st\u00f6d fr\u00e5n regionen har bjudits in. Syftet med konferensen \u00e4r att f\u00f6lja upp arbetet efter metoo, st\u00e4rka samverkan f\u00f6r att motverka trakasserier och finna nya v\u00e4gar fram\u00e5t.","og_url":"https:\/\/wp.kristdemokraterna.se\/vg\/kulturkonferens-for-att-motverka-trakasserier\/","og_site_name":"V\u00e4stra G\u00f6talandsregionen","article_published_time":"2022-05-13T15:04:54+00:00","og_image":[{"width":471,"height":261,"url":"http:\/\/wp.kristdemokraterna.se\/vg\/files\/2022\/05\/hemsida-m.jpg","type":"image\/jpeg"}],"author":"vg","twitter_card":"summary_large_image","twitter_creator":"@KD_VGR","twitter_site":"@KD_VGR","twitter_misc":{"Skriven av":"vg","Ber\u00e4knad l\u00e4stid":"1 minut"},"schema":{"@context":"https:\/\/schema.org","@graph":[{"@type":"Article","@id":"https:\/\/wp.kristdemokraterna.se\/vg\/kulturkonferens-for-att-motverka-trakasserier\/#article","isPartOf":{"@id":"https:\/\/wp.kristdemokraterna.se\/vg\/kulturkonferens-for-att-motverka-trakasserier\/"},"author":{"name":"vg","@id":"https:\/\/wp.kristdemokraterna.se\/vg\/#\/schema\/person\/485c1ff01f1324aafbb92705c598210f"},"headline":"Kulturkonferens f\u00f6r att motverka trakasserier","datePublished":"2022-05-13T15:04:54+00:00","mainEntityOfPage":{"@id":"https:\/\/wp.kristdemokraterna.se\/vg\/kulturkonferens-for-att-motverka-trakasserier\/"},"wordCount":86,"image":{"@id":"https:\/\/wp.kristdemokraterna.se\/vg\/kulturkonferens-for-att-motverka-trakasserier\/#primaryimage"},"thumbnailUrl":"https:\/\/wp.kristdemokraterna.se\/vg\/files\/2022\/05\/hemsida-m.jpg","keywords":["conny br\u00e4nnberg","j\u00e4mst\u00e4lldhet","Kultur"],"articleSection":["Kultur"],"inLanguage":"sv-SE"},{"@type":"WebPage","@id":"https:\/\/wp.kristdemokraterna.se\/vg\/kulturkonferens-for-att-motverka-trakasserier\/","url":"https:\/\/wp.kristdemokraterna.se\/vg\/kulturkonferens-for-att-motverka-trakasserier\/","name":"Kulturkonferens f\u00f6r att motverka trakasserier - V\u00e4stra G\u00f6talandsregionen","isPartOf":{"@id":"https:\/\/wp.kristdemokraterna.se\/vg\/#website"},"primaryImageOfPage":{"@id":"https:\/\/wp.kristdemokraterna.se\/vg\/kulturkonferens-for-att-motverka-trakasserier\/#primaryimage"},"image":{"@id":"https:\/\/wp.kristdemokraterna.se\/vg\/kulturkonferens-for-att-motverka-trakasserier\/#primaryimage"},"thumbnailUrl":"https:\/\/wp.kristdemokraterna.se\/vg\/files\/2022\/05\/hemsida-m.jpg","datePublished":"2022-05-13T15:04:54+00:00","author":{"@id":"https:\/\/wp.kristdemokraterna.se\/vg\/#\/schema\/person\/485c1ff01f1324aafbb92705c598210f"},"breadcrumb":{"@id":"https:\/\/wp.kristdemokraterna.se\/vg\/kulturkonferens-for-att-motverka-trakasserier\/#breadcrumb"},"inLanguage":"sv-SE","potentialAction":[{"@type":"ReadAction","target":["https:\/\/wp.kristdemokraterna.se\/vg\/kulturkonferens-for-att-motverka-trakasserier\/"]}]},{"@type":"ImageObject","inLanguage":"sv-SE","@id":"https:\/\/wp.kristdemokraterna.se\/vg\/kulturkonferens-for-att-motverka-trakasserier\/#primaryimage","url":"https:\/\/wp.kristdemokraterna.se\/vg\/files\/2022\/05\/hemsida-m.jpg","contentUrl":"https:\/\/wp.kristdemokraterna.se\/vg\/files\/2022\/05\/hemsida-m.jpg","width":471,"height":261},{"@type":"BreadcrumbList","@id":"https:\/\/wp.kristdemokraterna.se\/vg\/kulturkonferens-for-att-motverka-trakasserier\/#breadcrumb","itemListElement":[{"@type":"ListItem","position":1,"name":"Hem","item":"https:\/\/wp.kristdemokraterna.se\/vg\/"},{"@type":"ListItem","position":2,"name":"Kulturkonferens f\u00f6r att motverka trakasserier"}]},{"@type":"WebSite","@id":"https:\/\/wp.kristdemokraterna.se\/vg\/#website","url":"https:\/\/wp.kristdemokraterna.se\/vg\/","name":"V\u00e4stra G\u00f6talandsregionen","description":"","inLanguage":"sv-SE"},{"@type":"Person","@id":"https:\/\/wp.kristdemokraterna.se\/vg\/#\/schema\/person\/485c1ff01f1324aafbb92705c598210f","name":"vg","image":{"@type":"ImageObject","inLanguage":"sv-SE","@id":"https:\/\/secure.gravatar.com\/avatar\/387c874425c7747be372c14ca2d69e1689502257d65ec3b403b441b6435e48d8?s=96&d=mm&r=g","url":"https:\/\/secure.gravatar.com\/avatar\/387c874425c7747be372c14ca2d69e1689502257d65ec3b403b441b6435e48d8?s=96&d=mm&r=g","contentUrl":"https:\/\/secure.gravatar.com\/avatar\/387c874425c7747be372c14ca2d69e1689502257d65ec3b403b441b6435e48d8?s=96&d=mm&r=g","caption":"vg"},"url":"https:\/\/wp.kristdemokraterna.se\/vg\/author\/vg\/"}]}},"_links":{"self":[{"href":"https:\/\/wp.kristdemokraterna.se\/vg\/wp-json\/wp\/v2\/posts\/1076","targetHints":{"allow":["GET"]}}],"collection":[{"href":"https:\/\/wp.kristdemokraterna.se\/vg\/wp-json\/wp\/v2\/posts"}],"about":[{"href":"https:\/\/wp.kristdemokraterna.se\/vg\/wp-json\/wp\/v2\/types\/post"}],"author":[{"embeddable":true,"href":"https:\/\/wp.kristdemokraterna.se\/vg\/wp-json\/wp\/v2\/users\/726"}],"replies":[{"embeddable":true,"href":"https:\/\/wp.kristdemokraterna.se\/vg\/wp-json\/wp\/v2\/comments?post=1076"}],"version-history":[{"count":1,"href":"https:\/\/wp.kristdemokraterna.se\/vg\/wp-json\/wp\/v2\/posts\/1076\/revisions"}],"predecessor-version":[{"id":1078,"href":"https:\/\/wp.kristdemokraterna.se\/vg\/wp-json\/wp\/v2\/posts\/1076\/revisions\/1078"}],"wp:featuredmedia":[{"embeddable":true,"href":"https:\/\/wp.kristdemokraterna.se\/vg\/wp-json\/wp\/v2\/media\/1077"}],"wp:attachment":[{"href":"https:\/\/wp.kristdemokraterna.se\/vg\/wp-json\/wp\/v2\/media?parent=1076"}],"wp:term":[{"taxonomy":"category","embeddable":true,"href":"https:\/\/wp.kristdemokraterna.se\/vg\/wp-json\/wp\/v2\/categories?post=1076"},{"taxonomy":"post_tag","embeddable":true,"href":"https:\/\/wp.kristdemokraterna.se\/vg\/wp-json\/wp\/v2\/tags?post=1076"}],"curies":[{"name":"wp","href":"https:\/\/api.w.org\/{rel}","templated":true}]}}