{"id":1097,"date":"2022-06-03T08:48:24","date_gmt":"2022-06-03T06:48:24","guid":{"rendered":"https:\/\/wp.kristdemokraterna.se\/vg\/?p=1097"},"modified":"2022-06-03T08:48:24","modified_gmt":"2022-06-03T06:48:24","slug":"flera-verksamhetsbesok-i-lidkoping","status":"publish","type":"post","link":"https:\/\/wp.kristdemokraterna.se\/vg\/flera-verksamhetsbesok-i-lidkoping\/","title":{"rendered":"Flera verksamhetsbes\u00f6k i Lidk\u00f6ping"},"content":{"rendered":"<p>Kristdemokrater fr\u00e5n Skaraborg och V\u00e4stra G\u00f6talandsregionen bes\u00f6kte ig\u00e5r Thunbolagens huvudkontor, L\u00e4ck\u00f6 slott och Kronocampingen i Lidk\u00f6ping.<br \/>\n<!--more--><br \/>\n\u00c5r 1938 grundades Erik Thun AB (som \u00e4ven kallas Thunbolagen) med s\u00e4te i Lidk\u00f6ping. Bolaget har flera olika verksamheter men bedriver fr\u00e4mst rederiverksamhet som omfattar sj\u00f6fart i V\u00e4nern, men ocks\u00e5 rutter p\u00e5 \u00d6stersj\u00f6n, Nordsj\u00f6n, Irl\u00e4ndska sj\u00f6n och Medelhavet. Jens B\u00e4ckstr\u00f6m, befraktningschef, m\u00f6tte upp. Diskussioner f\u00f6rdes bland annat om utvecklingen av V\u00e4nersj\u00f6farten, slussar, elektrifiering, milj\u00f6 och klimat.<\/p>\n<p>D\u00e4refter bes\u00f6ktes L\u00e4ck\u00f6 Slott d\u00e4r Jan Malmgren, VD, ber\u00e4ttade om verksamheten och dess utveckling. Bel\u00e4get vid V\u00e4nern i Lidk\u00f6pings kommun har L\u00e4ck\u00f6 Slott stor betydelse f\u00f6r bes\u00f6ksn\u00e4ringen lokalt, regionalt och nationellt.<\/p>\n<p>Pernilla S\u00f6derstr\u00f6m och Pavo Andersson, som \u00e4r delaktiga i att driva Kronocampingen, ber\u00e4ttade om deras aff\u00e4rs- och kvalitetsarbete. Campingen har tagit emot flera utm\u00e4rkelser och \u00e4r \u00f6ppen \u00e5ret runt. Arbetet med att utveckla och skapa reseanledningar f\u00f6r samtliga \u00e5rstider p\u00e5g\u00e5r hela tiden kontinuerligt.<\/p>\n","protected":false},"excerpt":{"rendered":"<p>Kristdemokrater fr\u00e5n Skaraborg och V\u00e4stra G\u00f6talandsregionen bes\u00f6kte ig\u00e5r Thunbolagens huvudkontor, L\u00e4ck\u00f6 slott och Kronocampingen i Lidk\u00f6ping.<\/p>\n","protected":false},"author":726,"featured_media":1098,"comment_status":"closed","ping_status":"closed","sticky":false,"template":"","format":"standard","meta":{"_acf_changed":false,"footnotes":""},"categories":[27,10,11,8],"tags":[14,171,150,15,170],"class_list":["post-1097","post","type-post","status-publish","format-standard","has-post-thumbnail","hentry","category-besoksnaring","category-kultur","category-miljo","category-regionutveckling","tag-kultur","tag-lacko-slott","tag-lidkoping","tag-regionutveckling","tag-sjofart"],"acf":[],"yoast_head":"<!-- This site is optimized with the Yoast SEO plugin v27.4 - https:\/\/yoast.com\/product\/yoast-seo-wordpress\/ -->\n<title>Flera verksamhetsbes\u00f6k i Lidk\u00f6ping - V\u00e4stra G\u00f6talandsregionen<\/title>\n<meta name=\"robots\" content=\"index, follow, max-snippet:-1, max-image-preview:large, max-video-preview:-1\" \/>\n<link rel=\"canonical\" href=\"https:\/\/wp.kristdemokraterna.se\/vg\/flera-verksamhetsbesok-i-lidkoping\/\" \/>\n<meta property=\"og:locale\" content=\"sv_SE\" \/>\n<meta property=\"og:type\" content=\"article\" \/>\n<meta property=\"og:title\" content=\"Flera verksamhetsbes\u00f6k i Lidk\u00f6ping - V\u00e4stra G\u00f6talandsregionen\" \/>\n<meta property=\"og:description\" content=\"Kristdemokrater fr\u00e5n Skaraborg och V\u00e4stra G\u00f6talandsregionen bes\u00f6kte ig\u00e5r Thunbolagens huvudkontor, L\u00e4ck\u00f6 slott och Kronocampingen i Lidk\u00f6ping.\" \/>\n<meta property=\"og:url\" content=\"https:\/\/wp.kristdemokraterna.se\/vg\/flera-verksamhetsbesok-i-lidkoping\/\" \/>\n<meta property=\"og:site_name\" content=\"V\u00e4stra G\u00f6talandsregionen\" \/>\n<meta property=\"article:published_time\" content=\"2022-06-03T06:48:24+00:00\" \/>\n<meta property=\"og:image\" content=\"http:\/\/wp.kristdemokraterna.se\/vg\/files\/2022\/06\/hemsida-lid.png\" \/>\n\t<meta property=\"og:image:width\" content=\"473\" \/>\n\t<meta property=\"og:image:height\" content=\"261\" \/>\n\t<meta property=\"og:image:type\" content=\"image\/png\" \/>\n<meta name=\"author\" content=\"vg\" \/>\n<meta name=\"twitter:card\" content=\"summary_large_image\" \/>\n<meta name=\"twitter:creator\" content=\"@KD_VGR\" \/>\n<meta name=\"twitter:site\" content=\"@KD_VGR\" \/>\n<meta name=\"twitter:label1\" content=\"Skriven av\" \/>\n\t<meta name=\"twitter:data1\" content=\"vg\" \/>\n\t<meta name=\"twitter:label2\" content=\"Ber\u00e4knad l\u00e4stid\" \/>\n\t<meta name=\"twitter:data2\" content=\"1 minut\" \/>\n<script type=\"application\/ld+json\" class=\"yoast-schema-graph\">{\"@context\":\"https:\\\/\\\/schema.org\",\"@graph\":[{\"@type\":\"Article\",\"@id\":\"https:\\\/\\\/wp.kristdemokraterna.se\\\/vg\\\/flera-verksamhetsbesok-i-lidkoping\\\/#article\",\"isPartOf\":{\"@id\":\"https:\\\/\\\/wp.kristdemokraterna.se\\\/vg\\\/flera-verksamhetsbesok-i-lidkoping\\\/\"},\"author\":{\"name\":\"vg\",\"@id\":\"https:\\\/\\\/wp.kristdemokraterna.se\\\/vg\\\/#\\\/schema\\\/person\\\/485c1ff01f1324aafbb92705c598210f\"},\"headline\":\"Flera verksamhetsbes\u00f6k i Lidk\u00f6ping\",\"datePublished\":\"2022-06-03T06:48:24+00:00\",\"mainEntityOfPage\":{\"@id\":\"https:\\\/\\\/wp.kristdemokraterna.se\\\/vg\\\/flera-verksamhetsbesok-i-lidkoping\\\/\"},\"wordCount\":193,\"image\":{\"@id\":\"https:\\\/\\\/wp.kristdemokraterna.se\\\/vg\\\/flera-verksamhetsbesok-i-lidkoping\\\/#primaryimage\"},\"thumbnailUrl\":\"https:\\\/\\\/wp.kristdemokraterna.se\\\/vg\\\/files\\\/2022\\\/06\\\/hemsida-lid.png\",\"keywords\":[\"Kultur\",\"L\u00e4ck\u00f6 slott\",\"Lidk\u00f6ping\",\"Regionutveckling\",\"sj\u00f6fart\"],\"articleSection\":[\"Bes\u00f6ksn\u00e4ring\",\"Kultur\",\"Milj\u00f6\",\"Regionutveckling\"],\"inLanguage\":\"sv-SE\"},{\"@type\":\"WebPage\",\"@id\":\"https:\\\/\\\/wp.kristdemokraterna.se\\\/vg\\\/flera-verksamhetsbesok-i-lidkoping\\\/\",\"url\":\"https:\\\/\\\/wp.kristdemokraterna.se\\\/vg\\\/flera-verksamhetsbesok-i-lidkoping\\\/\",\"name\":\"Flera verksamhetsbes\u00f6k i Lidk\u00f6ping - V\u00e4stra G\u00f6talandsregionen\",\"isPartOf\":{\"@id\":\"https:\\\/\\\/wp.kristdemokraterna.se\\\/vg\\\/#website\"},\"primaryImageOfPage\":{\"@id\":\"https:\\\/\\\/wp.kristdemokraterna.se\\\/vg\\\/flera-verksamhetsbesok-i-lidkoping\\\/#primaryimage\"},\"image\":{\"@id\":\"https:\\\/\\\/wp.kristdemokraterna.se\\\/vg\\\/flera-verksamhetsbesok-i-lidkoping\\\/#primaryimage\"},\"thumbnailUrl\":\"https:\\\/\\\/wp.kristdemokraterna.se\\\/vg\\\/files\\\/2022\\\/06\\\/hemsida-lid.png\",\"datePublished\":\"2022-06-03T06:48:24+00:00\",\"author\":{\"@id\":\"https:\\\/\\\/wp.kristdemokraterna.se\\\/vg\\\/#\\\/schema\\\/person\\\/485c1ff01f1324aafbb92705c598210f\"},\"breadcrumb\":{\"@id\":\"https:\\\/\\\/wp.kristdemokraterna.se\\\/vg\\\/flera-verksamhetsbesok-i-lidkoping\\\/#breadcrumb\"},\"inLanguage\":\"sv-SE\",\"potentialAction\":[{\"@type\":\"ReadAction\",\"target\":[\"https:\\\/\\\/wp.kristdemokraterna.se\\\/vg\\\/flera-verksamhetsbesok-i-lidkoping\\\/\"]}]},{\"@type\":\"ImageObject\",\"inLanguage\":\"sv-SE\",\"@id\":\"https:\\\/\\\/wp.kristdemokraterna.se\\\/vg\\\/flera-verksamhetsbesok-i-lidkoping\\\/#primaryimage\",\"url\":\"https:\\\/\\\/wp.kristdemokraterna.se\\\/vg\\\/files\\\/2022\\\/06\\\/hemsida-lid.png\",\"contentUrl\":\"https:\\\/\\\/wp.kristdemokraterna.se\\\/vg\\\/files\\\/2022\\\/06\\\/hemsida-lid.png\",\"width\":473,\"height\":261},{\"@type\":\"BreadcrumbList\",\"@id\":\"https:\\\/\\\/wp.kristdemokraterna.se\\\/vg\\\/flera-verksamhetsbesok-i-lidkoping\\\/#breadcrumb\",\"itemListElement\":[{\"@type\":\"ListItem\",\"position\":1,\"name\":\"Hem\",\"item\":\"https:\\\/\\\/wp.kristdemokraterna.se\\\/vg\\\/\"},{\"@type\":\"ListItem\",\"position\":2,\"name\":\"Flera verksamhetsbes\u00f6k i Lidk\u00f6ping\"}]},{\"@type\":\"WebSite\",\"@id\":\"https:\\\/\\\/wp.kristdemokraterna.se\\\/vg\\\/#website\",\"url\":\"https:\\\/\\\/wp.kristdemokraterna.se\\\/vg\\\/\",\"name\":\"V\u00e4stra G\u00f6talandsregionen\",\"description\":\"\",\"inLanguage\":\"sv-SE\"},{\"@type\":\"Person\",\"@id\":\"https:\\\/\\\/wp.kristdemokraterna.se\\\/vg\\\/#\\\/schema\\\/person\\\/485c1ff01f1324aafbb92705c598210f\",\"name\":\"vg\",\"image\":{\"@type\":\"ImageObject\",\"inLanguage\":\"sv-SE\",\"@id\":\"https:\\\/\\\/secure.gravatar.com\\\/avatar\\\/387c874425c7747be372c14ca2d69e1689502257d65ec3b403b441b6435e48d8?s=96&d=mm&r=g\",\"url\":\"https:\\\/\\\/secure.gravatar.com\\\/avatar\\\/387c874425c7747be372c14ca2d69e1689502257d65ec3b403b441b6435e48d8?s=96&d=mm&r=g\",\"contentUrl\":\"https:\\\/\\\/secure.gravatar.com\\\/avatar\\\/387c874425c7747be372c14ca2d69e1689502257d65ec3b403b441b6435e48d8?s=96&d=mm&r=g\",\"caption\":\"vg\"},\"url\":\"https:\\\/\\\/wp.kristdemokraterna.se\\\/vg\\\/author\\\/vg\\\/\"}]}<\/script>\n<!-- \/ Yoast SEO plugin. -->","yoast_head_json":{"title":"Flera verksamhetsbes\u00f6k i Lidk\u00f6ping - V\u00e4stra G\u00f6talandsregionen","robots":{"index":"index","follow":"follow","max-snippet":"max-snippet:-1","max-image-preview":"max-image-preview:large","max-video-preview":"max-video-preview:-1"},"canonical":"https:\/\/wp.kristdemokraterna.se\/vg\/flera-verksamhetsbesok-i-lidkoping\/","og_locale":"sv_SE","og_type":"article","og_title":"Flera verksamhetsbes\u00f6k i Lidk\u00f6ping - V\u00e4stra G\u00f6talandsregionen","og_description":"Kristdemokrater fr\u00e5n Skaraborg och V\u00e4stra G\u00f6talandsregionen bes\u00f6kte ig\u00e5r Thunbolagens huvudkontor, L\u00e4ck\u00f6 slott och Kronocampingen i Lidk\u00f6ping.","og_url":"https:\/\/wp.kristdemokraterna.se\/vg\/flera-verksamhetsbesok-i-lidkoping\/","og_site_name":"V\u00e4stra G\u00f6talandsregionen","article_published_time":"2022-06-03T06:48:24+00:00","og_image":[{"width":473,"height":261,"url":"http:\/\/wp.kristdemokraterna.se\/vg\/files\/2022\/06\/hemsida-lid.png","type":"image\/png"}],"author":"vg","twitter_card":"summary_large_image","twitter_creator":"@KD_VGR","twitter_site":"@KD_VGR","twitter_misc":{"Skriven av":"vg","Ber\u00e4knad l\u00e4stid":"1 minut"},"schema":{"@context":"https:\/\/schema.org","@graph":[{"@type":"Article","@id":"https:\/\/wp.kristdemokraterna.se\/vg\/flera-verksamhetsbesok-i-lidkoping\/#article","isPartOf":{"@id":"https:\/\/wp.kristdemokraterna.se\/vg\/flera-verksamhetsbesok-i-lidkoping\/"},"author":{"name":"vg","@id":"https:\/\/wp.kristdemokraterna.se\/vg\/#\/schema\/person\/485c1ff01f1324aafbb92705c598210f"},"headline":"Flera verksamhetsbes\u00f6k i Lidk\u00f6ping","datePublished":"2022-06-03T06:48:24+00:00","mainEntityOfPage":{"@id":"https:\/\/wp.kristdemokraterna.se\/vg\/flera-verksamhetsbesok-i-lidkoping\/"},"wordCount":193,"image":{"@id":"https:\/\/wp.kristdemokraterna.se\/vg\/flera-verksamhetsbesok-i-lidkoping\/#primaryimage"},"thumbnailUrl":"https:\/\/wp.kristdemokraterna.se\/vg\/files\/2022\/06\/hemsida-lid.png","keywords":["Kultur","L\u00e4ck\u00f6 slott","Lidk\u00f6ping","Regionutveckling","sj\u00f6fart"],"articleSection":["Bes\u00f6ksn\u00e4ring","Kultur","Milj\u00f6","Regionutveckling"],"inLanguage":"sv-SE"},{"@type":"WebPage","@id":"https:\/\/wp.kristdemokraterna.se\/vg\/flera-verksamhetsbesok-i-lidkoping\/","url":"https:\/\/wp.kristdemokraterna.se\/vg\/flera-verksamhetsbesok-i-lidkoping\/","name":"Flera verksamhetsbes\u00f6k i Lidk\u00f6ping - V\u00e4stra G\u00f6talandsregionen","isPartOf":{"@id":"https:\/\/wp.kristdemokraterna.se\/vg\/#website"},"primaryImageOfPage":{"@id":"https:\/\/wp.kristdemokraterna.se\/vg\/flera-verksamhetsbesok-i-lidkoping\/#primaryimage"},"image":{"@id":"https:\/\/wp.kristdemokraterna.se\/vg\/flera-verksamhetsbesok-i-lidkoping\/#primaryimage"},"thumbnailUrl":"https:\/\/wp.kristdemokraterna.se\/vg\/files\/2022\/06\/hemsida-lid.png","datePublished":"2022-06-03T06:48:24+00:00","author":{"@id":"https:\/\/wp.kristdemokraterna.se\/vg\/#\/schema\/person\/485c1ff01f1324aafbb92705c598210f"},"breadcrumb":{"@id":"https:\/\/wp.kristdemokraterna.se\/vg\/flera-verksamhetsbesok-i-lidkoping\/#breadcrumb"},"inLanguage":"sv-SE","potentialAction":[{"@type":"ReadAction","target":["https:\/\/wp.kristdemokraterna.se\/vg\/flera-verksamhetsbesok-i-lidkoping\/"]}]},{"@type":"ImageObject","inLanguage":"sv-SE","@id":"https:\/\/wp.kristdemokraterna.se\/vg\/flera-verksamhetsbesok-i-lidkoping\/#primaryimage","url":"https:\/\/wp.kristdemokraterna.se\/vg\/files\/2022\/06\/hemsida-lid.png","contentUrl":"https:\/\/wp.kristdemokraterna.se\/vg\/files\/2022\/06\/hemsida-lid.png","width":473,"height":261},{"@type":"BreadcrumbList","@id":"https:\/\/wp.kristdemokraterna.se\/vg\/flera-verksamhetsbesok-i-lidkoping\/#breadcrumb","itemListElement":[{"@type":"ListItem","position":1,"name":"Hem","item":"https:\/\/wp.kristdemokraterna.se\/vg\/"},{"@type":"ListItem","position":2,"name":"Flera verksamhetsbes\u00f6k i Lidk\u00f6ping"}]},{"@type":"WebSite","@id":"https:\/\/wp.kristdemokraterna.se\/vg\/#website","url":"https:\/\/wp.kristdemokraterna.se\/vg\/","name":"V\u00e4stra G\u00f6talandsregionen","description":"","inLanguage":"sv-SE"},{"@type":"Person","@id":"https:\/\/wp.kristdemokraterna.se\/vg\/#\/schema\/person\/485c1ff01f1324aafbb92705c598210f","name":"vg","image":{"@type":"ImageObject","inLanguage":"sv-SE","@id":"https:\/\/secure.gravatar.com\/avatar\/387c874425c7747be372c14ca2d69e1689502257d65ec3b403b441b6435e48d8?s=96&d=mm&r=g","url":"https:\/\/secure.gravatar.com\/avatar\/387c874425c7747be372c14ca2d69e1689502257d65ec3b403b441b6435e48d8?s=96&d=mm&r=g","contentUrl":"https:\/\/secure.gravatar.com\/avatar\/387c874425c7747be372c14ca2d69e1689502257d65ec3b403b441b6435e48d8?s=96&d=mm&r=g","caption":"vg"},"url":"https:\/\/wp.kristdemokraterna.se\/vg\/author\/vg\/"}]}},"_links":{"self":[{"href":"https:\/\/wp.kristdemokraterna.se\/vg\/wp-json\/wp\/v2\/posts\/1097","targetHints":{"allow":["GET"]}}],"collection":[{"href":"https:\/\/wp.kristdemokraterna.se\/vg\/wp-json\/wp\/v2\/posts"}],"about":[{"href":"https:\/\/wp.kristdemokraterna.se\/vg\/wp-json\/wp\/v2\/types\/post"}],"author":[{"embeddable":true,"href":"https:\/\/wp.kristdemokraterna.se\/vg\/wp-json\/wp\/v2\/users\/726"}],"replies":[{"embeddable":true,"href":"https:\/\/wp.kristdemokraterna.se\/vg\/wp-json\/wp\/v2\/comments?post=1097"}],"version-history":[{"count":1,"href":"https:\/\/wp.kristdemokraterna.se\/vg\/wp-json\/wp\/v2\/posts\/1097\/revisions"}],"predecessor-version":[{"id":1099,"href":"https:\/\/wp.kristdemokraterna.se\/vg\/wp-json\/wp\/v2\/posts\/1097\/revisions\/1099"}],"wp:featuredmedia":[{"embeddable":true,"href":"https:\/\/wp.kristdemokraterna.se\/vg\/wp-json\/wp\/v2\/media\/1098"}],"wp:attachment":[{"href":"https:\/\/wp.kristdemokraterna.se\/vg\/wp-json\/wp\/v2\/media?parent=1097"}],"wp:term":[{"taxonomy":"category","embeddable":true,"href":"https:\/\/wp.kristdemokraterna.se\/vg\/wp-json\/wp\/v2\/categories?post=1097"},{"taxonomy":"post_tag","embeddable":true,"href":"https:\/\/wp.kristdemokraterna.se\/vg\/wp-json\/wp\/v2\/tags?post=1097"}],"curies":[{"name":"wp","href":"https:\/\/api.w.org\/{rel}","templated":true}]}}