{"id":1103,"date":"2022-06-08T11:28:02","date_gmt":"2022-06-08T09:28:02","guid":{"rendered":"https:\/\/wp.kristdemokraterna.se\/vg\/?p=1103"},"modified":"2022-06-08T12:01:30","modified_gmt":"2022-06-08T10:01:30","slug":"lat-staten-ta-over-sjukvarden","status":"publish","type":"post","link":"https:\/\/wp.kristdemokraterna.se\/vg\/lat-staten-ta-over-sjukvarden\/","title":{"rendered":"L\u00e5t staten ta \u00f6ver sjukv\u00e5rden"},"content":{"rendered":"<p><strong>Debattartikel Bor\u00e5s tidning- Stefan Svensson och Lisa Berglund<\/strong><br \/>\nNu har debattartikeln om statligt huvudmannaskap f\u00f6r sjukv\u00e5rden \u00e4ven blivit publicerad i Bor\u00e5s tidning:<\/p>\n<p>Svensk h\u00e4lso- och sjukv\u00e5rd h\u00e5ller en mycket h\u00f6g medicinsk kvalitet, ofta rankad i v\u00e4rldsklass, vilket i allra h\u00f6gsta grad \u00e4r relaterat till en professionell och h\u00e5rt arbetande personal. Men vi har idag problem med alltf\u00f6r l\u00e5nga v\u00e5rdk\u00f6er. F\u00f6r att m\u00f6ta framtidens utmaningar kr\u00e4vs en nationellt sammanh\u00e5llen sjukv\u00e5rd d\u00e4r staten har huvudansvaret.<br \/>\n<!--more--><br \/>\n\u00d6kad kvalitet, b\u00e4ttre arbetsvillkor, minskad byr\u00e5krati samt \u00f6kad effektivitet och j\u00e4mlikhet. Det \u00e4r n\u00e5gra av de vinster som g\u00e5r att uppn\u00e5 genom att inf\u00f6ra ett statligt huvudmannaskap f\u00f6r sjukv\u00e5rden.<\/p>\n<p>Fram till dess att en s\u00e5dan reform genomf\u00f6rs m\u00e5ste V\u00e4stra G\u00f6talandsregionen v\u00e4xla upp arbetet f\u00f6r att m\u00f6ta det uppd\u00e4mda v\u00e5rdbehovet, kapa v\u00e5rdk\u00f6erna, bygga ut prim\u00e4rv\u00e5rden, f\u00f6rebygga psykisk oh\u00e4lsa och leverera b\u00e4sta m\u00f6jliga v\u00e5rd. Varje patient har r\u00e4tt till v\u00e5rd i r\u00e4tt tid med r\u00e4tt kompetens. I dag r\u00e5der tyv\u00e4rr brist p\u00e5 v\u00e5rdplatser inom flera omr\u00e5den i regionen. Det leder till \u00f6kade \u00f6verbel\u00e4ggningar eller att patienter v\u00e5rdas p\u00e5 fel avdelning och p\u00e5 det viset riskerar att g\u00e5 miste om den b\u00e4st tillg\u00e4ngliga v\u00e5rden.<\/p>\n<p>F\u00f6r Kristdemokraterna i V\u00e4stra G\u00f6talandsregionen \u00e4r m\u00e5ls\u00e4ttningen att skapa en k\u00f6fri v\u00e5rd. Nuvarande struktur och arbetss\u00e4tt beh\u00f6ver ses \u00f6ver. Det beh\u00f6vs ett v\u00e4l fungerande samarbete inom v\u00e5rden och en utbyggnad av antalet v\u00e5rdplatser vid flera avdelningar s\u00e5 att det finns tillr\u00e4ckligt med kapacitet i systemet f\u00f6r att klara belastningstoppar. Som ett led i arbetet f\u00f6r en k\u00f6fri v\u00e5rd beh\u00f6ver v\u00e5rdgarantin sk\u00e4rpas s\u00e5 att v\u00e4ntetiden till specialistbes\u00f6k, operation eller behandling kortas till h\u00f6gst 30 dagar fr\u00e5n medicinskt beslut. Likas\u00e5 m\u00e5ste regionerna ta hj\u00e4lp av varandra n\u00e4r ledig kapacitet finns p\u00e5 annat h\u00e5ll.<\/p>\n<p>Att f\u00f6rbjuda vinstdrivande f\u00f6retag inom sjukv\u00e5rden skulle inneb\u00e4ra att utbudet av alternativ minskade, vilket vore en inskr\u00e4nkning i medborgarens valm\u00f6jligheter. Sjukv\u00e5rden beh\u00f6ver m\u00e5nga olika utf\u00f6rare f\u00f6r att m\u00f6ta behoven. Privata, kooperativa och ideella v\u00e5rdgivare \u00e4r viktiga komplement till den offentliga v\u00e5rden och bidrar till kvalitetsutveckling och valfrihet. Individens sj\u00e4lvbest\u00e4mmande m\u00e5ste v\u00e4rnas. Kristdemokraterna vill se \u00f6ver hur Patientlagen kan st\u00e4rkas och p\u00e5 vilka andra s\u00e4tt patientens inflytande kan utvecklas.<\/p>\n<p>Genom att l\u00e5ta staten ta ett helhetsansvar f\u00f6r sjukv\u00e5rden skapas f\u00f6ruts\u00e4ttningar f\u00f6r en h\u00f6gkvalitativ och j\u00e4mlik sjukv\u00e5rd i hela Sverige. Till dess att riksdagen fattar ett s\u00e5dant beslut kommer vi kristdemokrater vara inriktade p\u00e5 att med nuvarande system leverera den b\u00e4sta sjukv\u00e5rdspolitiken och de b\u00e4sta reformerna \u2013 med patienten i centrum.<\/p>\n<p><strong>Stefan Svensson (KD),<br \/>\n<\/strong>regionr\u00e5dskandidat<\/p>\n<p><strong>Lisa Berglund (KD),<br \/>\n<\/strong>regionkandidat<\/p>\n","protected":false},"excerpt":{"rendered":"<p>Debattartikel Bor\u00e5s tidning- Stefan Svensson och Lisa Berglund Nu har debattartikeln om statligt huvudmannaskap f\u00f6r sjukv\u00e5rden \u00e4ven blivit publicerad i Bor\u00e5s tidning: Svensk h\u00e4lso- och sjukv\u00e5rd h\u00e5ller en mycket h\u00f6g medicinsk kvalitet, ofta rankad i v\u00e4rldsklass, vilket i allra h\u00f6gsta grad \u00e4r relaterat till en professionell och h\u00e5rt arbetande personal. Men vi har idag problem <a class=\"read-more-link\" href=\"https:\/\/wp.kristdemokraterna.se\/vg\/lat-staten-ta-over-sjukvarden\/\">Read More<\/a><\/p>\n","protected":false},"author":726,"featured_media":1105,"comment_status":"closed","ping_status":"closed","sticky":false,"template":"","format":"standard","meta":{"_acf_changed":false,"footnotes":""},"categories":[7,9],"tags":[12,90,86],"class_list":["post-1103","post","type-post","status-publish","format-standard","has-post-thumbnail","hentry","category-debattartiklar","category-halso-och-sjukvard","tag-halso-och-sjukvard","tag-lisa-berglund","tag-stefan-svensson"],"acf":[],"yoast_head":"<!-- This site is optimized with the Yoast SEO plugin v27.4 - https:\/\/yoast.com\/product\/yoast-seo-wordpress\/ -->\n<title>L\u00e5t staten ta \u00f6ver sjukv\u00e5rden - V\u00e4stra G\u00f6talandsregionen<\/title>\n<meta name=\"robots\" content=\"index, follow, max-snippet:-1, max-image-preview:large, max-video-preview:-1\" \/>\n<link rel=\"canonical\" href=\"https:\/\/wp.kristdemokraterna.se\/vg\/lat-staten-ta-over-sjukvarden\/\" \/>\n<meta property=\"og:locale\" content=\"sv_SE\" \/>\n<meta property=\"og:type\" content=\"article\" \/>\n<meta property=\"og:title\" content=\"L\u00e5t staten ta \u00f6ver sjukv\u00e5rden - V\u00e4stra G\u00f6talandsregionen\" \/>\n<meta property=\"og:description\" content=\"Debattartikel Bor\u00e5s tidning- Stefan Svensson och Lisa Berglund Nu har debattartikeln om statligt huvudmannaskap f\u00f6r sjukv\u00e5rden \u00e4ven blivit publicerad i Bor\u00e5s tidning: Svensk h\u00e4lso- och sjukv\u00e5rd h\u00e5ller en mycket h\u00f6g medicinsk kvalitet, ofta rankad i v\u00e4rldsklass, vilket i allra h\u00f6gsta grad \u00e4r relaterat till en professionell och h\u00e5rt arbetande personal. Men vi har idag problem Read More\" \/>\n<meta property=\"og:url\" content=\"https:\/\/wp.kristdemokraterna.se\/vg\/lat-staten-ta-over-sjukvarden\/\" \/>\n<meta property=\"og:site_name\" content=\"V\u00e4stra G\u00f6talandsregionen\" \/>\n<meta property=\"article:published_time\" content=\"2022-06-08T09:28:02+00:00\" \/>\n<meta property=\"article:modified_time\" content=\"2022-06-08T10:01:30+00:00\" \/>\n<meta property=\"og:image\" content=\"http:\/\/wp.kristdemokraterna.se\/vg\/files\/2022\/06\/gimp-lakare.png\" \/>\n\t<meta property=\"og:image:width\" content=\"471\" \/>\n\t<meta property=\"og:image:height\" content=\"262\" \/>\n\t<meta property=\"og:image:type\" content=\"image\/png\" \/>\n<meta name=\"author\" content=\"vg\" \/>\n<meta name=\"twitter:card\" content=\"summary_large_image\" \/>\n<meta name=\"twitter:creator\" content=\"@KD_VGR\" \/>\n<meta name=\"twitter:site\" content=\"@KD_VGR\" \/>\n<meta name=\"twitter:label1\" content=\"Skriven av\" \/>\n\t<meta name=\"twitter:data1\" content=\"vg\" \/>\n\t<meta name=\"twitter:label2\" content=\"Ber\u00e4knad l\u00e4stid\" \/>\n\t<meta name=\"twitter:data2\" content=\"3 minuter\" \/>\n<script type=\"application\/ld+json\" class=\"yoast-schema-graph\">{\"@context\":\"https:\\\/\\\/schema.org\",\"@graph\":[{\"@type\":\"Article\",\"@id\":\"https:\\\/\\\/wp.kristdemokraterna.se\\\/vg\\\/lat-staten-ta-over-sjukvarden\\\/#article\",\"isPartOf\":{\"@id\":\"https:\\\/\\\/wp.kristdemokraterna.se\\\/vg\\\/lat-staten-ta-over-sjukvarden\\\/\"},\"author\":{\"name\":\"vg\",\"@id\":\"https:\\\/\\\/wp.kristdemokraterna.se\\\/vg\\\/#\\\/schema\\\/person\\\/485c1ff01f1324aafbb92705c598210f\"},\"headline\":\"L\u00e5t staten ta \u00f6ver sjukv\u00e5rden\",\"datePublished\":\"2022-06-08T09:28:02+00:00\",\"dateModified\":\"2022-06-08T10:01:30+00:00\",\"mainEntityOfPage\":{\"@id\":\"https:\\\/\\\/wp.kristdemokraterna.se\\\/vg\\\/lat-staten-ta-over-sjukvarden\\\/\"},\"wordCount\":531,\"image\":{\"@id\":\"https:\\\/\\\/wp.kristdemokraterna.se\\\/vg\\\/lat-staten-ta-over-sjukvarden\\\/#primaryimage\"},\"thumbnailUrl\":\"https:\\\/\\\/wp.kristdemokraterna.se\\\/vg\\\/files\\\/2022\\\/06\\\/gimp-lakare.png\",\"keywords\":[\"H\u00e4lso- och sjukv\u00e5rd\",\"lisa berglund\",\"stefan svensson\"],\"articleSection\":[\"Debattartiklar\",\"H\u00e4lso- och sjukv\u00e5rd\"],\"inLanguage\":\"sv-SE\"},{\"@type\":\"WebPage\",\"@id\":\"https:\\\/\\\/wp.kristdemokraterna.se\\\/vg\\\/lat-staten-ta-over-sjukvarden\\\/\",\"url\":\"https:\\\/\\\/wp.kristdemokraterna.se\\\/vg\\\/lat-staten-ta-over-sjukvarden\\\/\",\"name\":\"L\u00e5t staten ta \u00f6ver sjukv\u00e5rden - V\u00e4stra G\u00f6talandsregionen\",\"isPartOf\":{\"@id\":\"https:\\\/\\\/wp.kristdemokraterna.se\\\/vg\\\/#website\"},\"primaryImageOfPage\":{\"@id\":\"https:\\\/\\\/wp.kristdemokraterna.se\\\/vg\\\/lat-staten-ta-over-sjukvarden\\\/#primaryimage\"},\"image\":{\"@id\":\"https:\\\/\\\/wp.kristdemokraterna.se\\\/vg\\\/lat-staten-ta-over-sjukvarden\\\/#primaryimage\"},\"thumbnailUrl\":\"https:\\\/\\\/wp.kristdemokraterna.se\\\/vg\\\/files\\\/2022\\\/06\\\/gimp-lakare.png\",\"datePublished\":\"2022-06-08T09:28:02+00:00\",\"dateModified\":\"2022-06-08T10:01:30+00:00\",\"author\":{\"@id\":\"https:\\\/\\\/wp.kristdemokraterna.se\\\/vg\\\/#\\\/schema\\\/person\\\/485c1ff01f1324aafbb92705c598210f\"},\"breadcrumb\":{\"@id\":\"https:\\\/\\\/wp.kristdemokraterna.se\\\/vg\\\/lat-staten-ta-over-sjukvarden\\\/#breadcrumb\"},\"inLanguage\":\"sv-SE\",\"potentialAction\":[{\"@type\":\"ReadAction\",\"target\":[\"https:\\\/\\\/wp.kristdemokraterna.se\\\/vg\\\/lat-staten-ta-over-sjukvarden\\\/\"]}]},{\"@type\":\"ImageObject\",\"inLanguage\":\"sv-SE\",\"@id\":\"https:\\\/\\\/wp.kristdemokraterna.se\\\/vg\\\/lat-staten-ta-over-sjukvarden\\\/#primaryimage\",\"url\":\"https:\\\/\\\/wp.kristdemokraterna.se\\\/vg\\\/files\\\/2022\\\/06\\\/gimp-lakare.png\",\"contentUrl\":\"https:\\\/\\\/wp.kristdemokraterna.se\\\/vg\\\/files\\\/2022\\\/06\\\/gimp-lakare.png\",\"width\":471,\"height\":262},{\"@type\":\"BreadcrumbList\",\"@id\":\"https:\\\/\\\/wp.kristdemokraterna.se\\\/vg\\\/lat-staten-ta-over-sjukvarden\\\/#breadcrumb\",\"itemListElement\":[{\"@type\":\"ListItem\",\"position\":1,\"name\":\"Hem\",\"item\":\"https:\\\/\\\/wp.kristdemokraterna.se\\\/vg\\\/\"},{\"@type\":\"ListItem\",\"position\":2,\"name\":\"L\u00e5t staten ta \u00f6ver sjukv\u00e5rden\"}]},{\"@type\":\"WebSite\",\"@id\":\"https:\\\/\\\/wp.kristdemokraterna.se\\\/vg\\\/#website\",\"url\":\"https:\\\/\\\/wp.kristdemokraterna.se\\\/vg\\\/\",\"name\":\"V\u00e4stra G\u00f6talandsregionen\",\"description\":\"\",\"inLanguage\":\"sv-SE\"},{\"@type\":\"Person\",\"@id\":\"https:\\\/\\\/wp.kristdemokraterna.se\\\/vg\\\/#\\\/schema\\\/person\\\/485c1ff01f1324aafbb92705c598210f\",\"name\":\"vg\",\"image\":{\"@type\":\"ImageObject\",\"inLanguage\":\"sv-SE\",\"@id\":\"https:\\\/\\\/secure.gravatar.com\\\/avatar\\\/387c874425c7747be372c14ca2d69e1689502257d65ec3b403b441b6435e48d8?s=96&d=mm&r=g\",\"url\":\"https:\\\/\\\/secure.gravatar.com\\\/avatar\\\/387c874425c7747be372c14ca2d69e1689502257d65ec3b403b441b6435e48d8?s=96&d=mm&r=g\",\"contentUrl\":\"https:\\\/\\\/secure.gravatar.com\\\/avatar\\\/387c874425c7747be372c14ca2d69e1689502257d65ec3b403b441b6435e48d8?s=96&d=mm&r=g\",\"caption\":\"vg\"},\"url\":\"https:\\\/\\\/wp.kristdemokraterna.se\\\/vg\\\/author\\\/vg\\\/\"}]}<\/script>\n<!-- \/ Yoast SEO plugin. -->","yoast_head_json":{"title":"L\u00e5t staten ta \u00f6ver sjukv\u00e5rden - V\u00e4stra G\u00f6talandsregionen","robots":{"index":"index","follow":"follow","max-snippet":"max-snippet:-1","max-image-preview":"max-image-preview:large","max-video-preview":"max-video-preview:-1"},"canonical":"https:\/\/wp.kristdemokraterna.se\/vg\/lat-staten-ta-over-sjukvarden\/","og_locale":"sv_SE","og_type":"article","og_title":"L\u00e5t staten ta \u00f6ver sjukv\u00e5rden - V\u00e4stra G\u00f6talandsregionen","og_description":"Debattartikel Bor\u00e5s tidning- Stefan Svensson och Lisa Berglund Nu har debattartikeln om statligt huvudmannaskap f\u00f6r sjukv\u00e5rden \u00e4ven blivit publicerad i Bor\u00e5s tidning: Svensk h\u00e4lso- och sjukv\u00e5rd h\u00e5ller en mycket h\u00f6g medicinsk kvalitet, ofta rankad i v\u00e4rldsklass, vilket i allra h\u00f6gsta grad \u00e4r relaterat till en professionell och h\u00e5rt arbetande personal. Men vi har idag problem Read More","og_url":"https:\/\/wp.kristdemokraterna.se\/vg\/lat-staten-ta-over-sjukvarden\/","og_site_name":"V\u00e4stra G\u00f6talandsregionen","article_published_time":"2022-06-08T09:28:02+00:00","article_modified_time":"2022-06-08T10:01:30+00:00","og_image":[{"width":471,"height":262,"url":"http:\/\/wp.kristdemokraterna.se\/vg\/files\/2022\/06\/gimp-lakare.png","type":"image\/png"}],"author":"vg","twitter_card":"summary_large_image","twitter_creator":"@KD_VGR","twitter_site":"@KD_VGR","twitter_misc":{"Skriven av":"vg","Ber\u00e4knad l\u00e4stid":"3 minuter"},"schema":{"@context":"https:\/\/schema.org","@graph":[{"@type":"Article","@id":"https:\/\/wp.kristdemokraterna.se\/vg\/lat-staten-ta-over-sjukvarden\/#article","isPartOf":{"@id":"https:\/\/wp.kristdemokraterna.se\/vg\/lat-staten-ta-over-sjukvarden\/"},"author":{"name":"vg","@id":"https:\/\/wp.kristdemokraterna.se\/vg\/#\/schema\/person\/485c1ff01f1324aafbb92705c598210f"},"headline":"L\u00e5t staten ta \u00f6ver sjukv\u00e5rden","datePublished":"2022-06-08T09:28:02+00:00","dateModified":"2022-06-08T10:01:30+00:00","mainEntityOfPage":{"@id":"https:\/\/wp.kristdemokraterna.se\/vg\/lat-staten-ta-over-sjukvarden\/"},"wordCount":531,"image":{"@id":"https:\/\/wp.kristdemokraterna.se\/vg\/lat-staten-ta-over-sjukvarden\/#primaryimage"},"thumbnailUrl":"https:\/\/wp.kristdemokraterna.se\/vg\/files\/2022\/06\/gimp-lakare.png","keywords":["H\u00e4lso- och sjukv\u00e5rd","lisa berglund","stefan svensson"],"articleSection":["Debattartiklar","H\u00e4lso- och sjukv\u00e5rd"],"inLanguage":"sv-SE"},{"@type":"WebPage","@id":"https:\/\/wp.kristdemokraterna.se\/vg\/lat-staten-ta-over-sjukvarden\/","url":"https:\/\/wp.kristdemokraterna.se\/vg\/lat-staten-ta-over-sjukvarden\/","name":"L\u00e5t staten ta \u00f6ver sjukv\u00e5rden - V\u00e4stra G\u00f6talandsregionen","isPartOf":{"@id":"https:\/\/wp.kristdemokraterna.se\/vg\/#website"},"primaryImageOfPage":{"@id":"https:\/\/wp.kristdemokraterna.se\/vg\/lat-staten-ta-over-sjukvarden\/#primaryimage"},"image":{"@id":"https:\/\/wp.kristdemokraterna.se\/vg\/lat-staten-ta-over-sjukvarden\/#primaryimage"},"thumbnailUrl":"https:\/\/wp.kristdemokraterna.se\/vg\/files\/2022\/06\/gimp-lakare.png","datePublished":"2022-06-08T09:28:02+00:00","dateModified":"2022-06-08T10:01:30+00:00","author":{"@id":"https:\/\/wp.kristdemokraterna.se\/vg\/#\/schema\/person\/485c1ff01f1324aafbb92705c598210f"},"breadcrumb":{"@id":"https:\/\/wp.kristdemokraterna.se\/vg\/lat-staten-ta-over-sjukvarden\/#breadcrumb"},"inLanguage":"sv-SE","potentialAction":[{"@type":"ReadAction","target":["https:\/\/wp.kristdemokraterna.se\/vg\/lat-staten-ta-over-sjukvarden\/"]}]},{"@type":"ImageObject","inLanguage":"sv-SE","@id":"https:\/\/wp.kristdemokraterna.se\/vg\/lat-staten-ta-over-sjukvarden\/#primaryimage","url":"https:\/\/wp.kristdemokraterna.se\/vg\/files\/2022\/06\/gimp-lakare.png","contentUrl":"https:\/\/wp.kristdemokraterna.se\/vg\/files\/2022\/06\/gimp-lakare.png","width":471,"height":262},{"@type":"BreadcrumbList","@id":"https:\/\/wp.kristdemokraterna.se\/vg\/lat-staten-ta-over-sjukvarden\/#breadcrumb","itemListElement":[{"@type":"ListItem","position":1,"name":"Hem","item":"https:\/\/wp.kristdemokraterna.se\/vg\/"},{"@type":"ListItem","position":2,"name":"L\u00e5t staten ta \u00f6ver sjukv\u00e5rden"}]},{"@type":"WebSite","@id":"https:\/\/wp.kristdemokraterna.se\/vg\/#website","url":"https:\/\/wp.kristdemokraterna.se\/vg\/","name":"V\u00e4stra G\u00f6talandsregionen","description":"","inLanguage":"sv-SE"},{"@type":"Person","@id":"https:\/\/wp.kristdemokraterna.se\/vg\/#\/schema\/person\/485c1ff01f1324aafbb92705c598210f","name":"vg","image":{"@type":"ImageObject","inLanguage":"sv-SE","@id":"https:\/\/secure.gravatar.com\/avatar\/387c874425c7747be372c14ca2d69e1689502257d65ec3b403b441b6435e48d8?s=96&d=mm&r=g","url":"https:\/\/secure.gravatar.com\/avatar\/387c874425c7747be372c14ca2d69e1689502257d65ec3b403b441b6435e48d8?s=96&d=mm&r=g","contentUrl":"https:\/\/secure.gravatar.com\/avatar\/387c874425c7747be372c14ca2d69e1689502257d65ec3b403b441b6435e48d8?s=96&d=mm&r=g","caption":"vg"},"url":"https:\/\/wp.kristdemokraterna.se\/vg\/author\/vg\/"}]}},"_links":{"self":[{"href":"https:\/\/wp.kristdemokraterna.se\/vg\/wp-json\/wp\/v2\/posts\/1103","targetHints":{"allow":["GET"]}}],"collection":[{"href":"https:\/\/wp.kristdemokraterna.se\/vg\/wp-json\/wp\/v2\/posts"}],"about":[{"href":"https:\/\/wp.kristdemokraterna.se\/vg\/wp-json\/wp\/v2\/types\/post"}],"author":[{"embeddable":true,"href":"https:\/\/wp.kristdemokraterna.se\/vg\/wp-json\/wp\/v2\/users\/726"}],"replies":[{"embeddable":true,"href":"https:\/\/wp.kristdemokraterna.se\/vg\/wp-json\/wp\/v2\/comments?post=1103"}],"version-history":[{"count":3,"href":"https:\/\/wp.kristdemokraterna.se\/vg\/wp-json\/wp\/v2\/posts\/1103\/revisions"}],"predecessor-version":[{"id":1107,"href":"https:\/\/wp.kristdemokraterna.se\/vg\/wp-json\/wp\/v2\/posts\/1103\/revisions\/1107"}],"wp:featuredmedia":[{"embeddable":true,"href":"https:\/\/wp.kristdemokraterna.se\/vg\/wp-json\/wp\/v2\/media\/1105"}],"wp:attachment":[{"href":"https:\/\/wp.kristdemokraterna.se\/vg\/wp-json\/wp\/v2\/media?parent=1103"}],"wp:term":[{"taxonomy":"category","embeddable":true,"href":"https:\/\/wp.kristdemokraterna.se\/vg\/wp-json\/wp\/v2\/categories?post=1103"},{"taxonomy":"post_tag","embeddable":true,"href":"https:\/\/wp.kristdemokraterna.se\/vg\/wp-json\/wp\/v2\/tags?post=1103"}],"curies":[{"name":"wp","href":"https:\/\/api.w.org\/{rel}","templated":true}]}}