{"id":1116,"date":"2022-08-09T14:03:10","date_gmt":"2022-08-09T12:03:10","guid":{"rendered":"https:\/\/wp.kristdemokraterna.se\/vg\/?p=1116"},"modified":"2022-08-09T14:03:10","modified_gmt":"2022-08-09T12:03:10","slug":"socialdemokratisk-populism-loser-inte-sjukvardens-utmaningar","status":"publish","type":"post","link":"https:\/\/wp.kristdemokraterna.se\/vg\/socialdemokratisk-populism-loser-inte-sjukvardens-utmaningar\/","title":{"rendered":"Socialdemokratisk populism l\u00f6ser inte sjukv\u00e5rdens utmaningar"},"content":{"rendered":"<p><strong>Debattartikel BT &#8211; Stefan Svensson och Lisa Berglund<\/strong><br \/>\nUnder tv\u00e5 mandatperioder har tv\u00e5 huvudinriktningar blivit tydliga i den socialdemokratiska oppositionspolitiken i V\u00e4stra G\u00f6talandsregionen. Dels en avsaknad av respekt f\u00f6r de mest fundamentala principerna i den ekonomiska politiken, dels \u00e5terkommande angrepp p\u00e5 privata utf\u00f6rare inom v\u00e5rden.<br \/>\n<!--more--><br \/>\nEn grundbult i den ekonomiska politiken \u00e4r det s\u00e5 kallade balanskravet. Det inneb\u00e4r att kommuner och regioner ska uppr\u00e4tta budgeten f\u00f6r n\u00e4sta kalender\u00e5r s\u00e5 att int\u00e4kterna \u00f6verstiger kostnaderna. Det misslyckas Socialdemokraterna med i sitt f\u00f6rslag till regionbudget som de presenterat f\u00f6r kommande \u00e5r. Det samlade underskottet f\u00f6r 2023 och 2024 uppg\u00e5r till 712 miljoner kronor, allt f\u00f6r att kunna visa p\u00e5 &#8221;satsningar&#8221;. Till detta kan l\u00e4ggas att Socialdemokraterna under de senaste \u00e5ren g\u00e5ng efter annan r\u00f6stat igenom utgifts\u00f6kningar tillsammans med Sverigedemokraterna och V\u00e4nsterpartiet, men utan att ta ett helhetsansvar f\u00f6r ekonomin. S\u00e5 byggs inte v\u00e5rden stark.<\/p>\n<p>Utfallen mot privata utf\u00f6rare \u00e4r \u00e5terkommande. I den socialdemokratiska budgeten f\u00f6r 2022 skriver regionr\u00e5d Hel\u00e9n Eliasson i f\u00f6rordet: &#8221;Vi beh\u00f6ver st\u00e4rka v\u00e5r egen organisation och slippa att belasta s\u00e5v\u00e4l patienter som verksamhet och ekonomi med inhyrd personal&#8221;. Att ha en stark egen organisation \u00e4r i sig bra. Det har vi i V\u00e4stra G\u00f6talandsregionen. Men att utm\u00e5la personal som v\u00e5rdar sjuka som en belastning och gradera dem utifr\u00e5n vem som \u00e4r deras arbetsgivare \u00e4r magstarkt. Av den totala personalkostnaden g\u00e5r ca 2 procent idag till inhyrd personal vilket \u00e4r l\u00e5gt i ett nationellt perspektiv.<\/p>\n<p>Om Socialdemokraternas fientlighet mot privata utf\u00f6rare fick fritt spelrum skulle r\u00e4tten att v\u00e4lja v\u00e5rdcentral hotas. Av drygt 200 v\u00e5rdcentraler drivs cirka h\u00e4lften av privata och andra externa utf\u00f6rare. De ers\u00e4tts p\u00e5 exakt samma s\u00e4tt som regionens egna v\u00e5rdcentraler. Inom den specialiserade v\u00e5rden, d\u00e4r h\u00f6g prioritet ligger p\u00e5 att korta de v\u00e5rdk\u00f6er som v\u00e4xt under pandemin, g\u00e5r idag cirka 5% av kostnaderna till privata v\u00e5rdgivare. De \u00e4r ett utomordentligt komplement till den v\u00e5rd som bedrivs i v\u00e5ra egna verksamheter.<\/p>\n<p>Det \u00e4r snart val. Mot oss har vi en ekonomiskt populistisk socialdemokrati som vill trycka tillbaka s\u00e5v\u00e4l v\u00e5rdval som de privata utf\u00f6rarna. I kontrast till Socialdemokraterna kommer vi kristdemokrater \u00e4ven forts\u00e4ttningsvis att v\u00e4rna stabila finanser i regionen. Det \u00e4r en f\u00f6ruts\u00e4ttning f\u00f6r att bygga v\u00e5rden stark och ta ansvar f\u00f6r framtiden. Likas\u00e5 st\u00e5r vi upp f\u00f6r r\u00e4tten att v\u00e4lja v\u00e5rdcentral. Och ska vi lyckas med att f\u00e5 bort k\u00f6erna m\u00e5ste samtliga resurser nyttjas p\u00e5 b\u00e4sta vis. Det g\u00f6rs b\u00e4st genom en vass egen organisation kompletterad med upphandlad v\u00e5rd av privata v\u00e5rdgivare.<\/p>\n<p><strong>Stefan Svensson (KD),<\/strong> regionr\u00e5dskandidat<br \/>\n<strong>Lisa Berglund (KD),<\/strong> regionkandidat<\/p>\n","protected":false},"excerpt":{"rendered":"<p>Debattartikel BT &#8211; Stefan Svensson och Lisa Berglund Under tv\u00e5 mandatperioder har tv\u00e5 huvudinriktningar blivit tydliga i den socialdemokratiska oppositionspolitiken i V\u00e4stra G\u00f6talandsregionen. Dels en avsaknad av respekt f\u00f6r de mest fundamentala principerna i den ekonomiska politiken, dels \u00e5terkommande angrepp p\u00e5 privata utf\u00f6rare inom v\u00e5rden.<\/p>\n","protected":false},"author":726,"featured_media":593,"comment_status":"closed","ping_status":"closed","sticky":false,"template":"","format":"standard","meta":{"_acf_changed":false,"footnotes":""},"categories":[7,9],"tags":[12,90,86],"class_list":["post-1116","post","type-post","status-publish","format-standard","has-post-thumbnail","hentry","category-debattartiklar","category-halso-och-sjukvard","tag-halso-och-sjukvard","tag-lisa-berglund","tag-stefan-svensson"],"acf":[],"yoast_head":"<!-- This site is optimized with the Yoast SEO plugin v27.4 - https:\/\/yoast.com\/product\/yoast-seo-wordpress\/ -->\n<title>Socialdemokratisk populism l\u00f6ser inte sjukv\u00e5rdens utmaningar - V\u00e4stra G\u00f6talandsregionen<\/title>\n<meta name=\"robots\" content=\"index, follow, max-snippet:-1, max-image-preview:large, max-video-preview:-1\" \/>\n<link rel=\"canonical\" href=\"https:\/\/wp.kristdemokraterna.se\/vg\/socialdemokratisk-populism-loser-inte-sjukvardens-utmaningar\/\" \/>\n<meta property=\"og:locale\" content=\"sv_SE\" \/>\n<meta property=\"og:type\" content=\"article\" \/>\n<meta property=\"og:title\" content=\"Socialdemokratisk populism l\u00f6ser inte sjukv\u00e5rdens utmaningar - V\u00e4stra G\u00f6talandsregionen\" \/>\n<meta property=\"og:description\" content=\"Debattartikel BT &#8211; Stefan Svensson och Lisa Berglund Under tv\u00e5 mandatperioder har tv\u00e5 huvudinriktningar blivit tydliga i den socialdemokratiska oppositionspolitiken i V\u00e4stra G\u00f6talandsregionen. Dels en avsaknad av respekt f\u00f6r de mest fundamentala principerna i den ekonomiska politiken, dels \u00e5terkommande angrepp p\u00e5 privata utf\u00f6rare inom v\u00e5rden.\" \/>\n<meta property=\"og:url\" content=\"https:\/\/wp.kristdemokraterna.se\/vg\/socialdemokratisk-populism-loser-inte-sjukvardens-utmaningar\/\" \/>\n<meta property=\"og:site_name\" content=\"V\u00e4stra G\u00f6talandsregionen\" \/>\n<meta property=\"article:published_time\" content=\"2022-08-09T12:03:10+00:00\" \/>\n<meta property=\"og:image\" content=\"http:\/\/wp.kristdemokraterna.se\/vg\/files\/2017\/10\/kirurg-2.jpg\" \/>\n\t<meta property=\"og:image:width\" content=\"468\" \/>\n\t<meta property=\"og:image:height\" content=\"262\" \/>\n\t<meta property=\"og:image:type\" content=\"image\/jpeg\" \/>\n<meta name=\"author\" content=\"vg\" \/>\n<meta name=\"twitter:card\" content=\"summary_large_image\" \/>\n<meta name=\"twitter:creator\" content=\"@KD_VGR\" \/>\n<meta name=\"twitter:site\" content=\"@KD_VGR\" \/>\n<meta name=\"twitter:label1\" content=\"Skriven av\" \/>\n\t<meta name=\"twitter:data1\" content=\"vg\" \/>\n\t<meta name=\"twitter:label2\" content=\"Ber\u00e4knad l\u00e4stid\" \/>\n\t<meta name=\"twitter:data2\" content=\"3 minuter\" \/>\n<script type=\"application\/ld+json\" class=\"yoast-schema-graph\">{\"@context\":\"https:\\\/\\\/schema.org\",\"@graph\":[{\"@type\":\"Article\",\"@id\":\"https:\\\/\\\/wp.kristdemokraterna.se\\\/vg\\\/socialdemokratisk-populism-loser-inte-sjukvardens-utmaningar\\\/#article\",\"isPartOf\":{\"@id\":\"https:\\\/\\\/wp.kristdemokraterna.se\\\/vg\\\/socialdemokratisk-populism-loser-inte-sjukvardens-utmaningar\\\/\"},\"author\":{\"name\":\"vg\",\"@id\":\"https:\\\/\\\/wp.kristdemokraterna.se\\\/vg\\\/#\\\/schema\\\/person\\\/485c1ff01f1324aafbb92705c598210f\"},\"headline\":\"Socialdemokratisk populism l\u00f6ser inte sjukv\u00e5rdens utmaningar\",\"datePublished\":\"2022-08-09T12:03:10+00:00\",\"mainEntityOfPage\":{\"@id\":\"https:\\\/\\\/wp.kristdemokraterna.se\\\/vg\\\/socialdemokratisk-populism-loser-inte-sjukvardens-utmaningar\\\/\"},\"wordCount\":496,\"image\":{\"@id\":\"https:\\\/\\\/wp.kristdemokraterna.se\\\/vg\\\/socialdemokratisk-populism-loser-inte-sjukvardens-utmaningar\\\/#primaryimage\"},\"thumbnailUrl\":\"https:\\\/\\\/wp.kristdemokraterna.se\\\/vg\\\/files\\\/2017\\\/10\\\/kirurg-2.jpg\",\"keywords\":[\"H\u00e4lso- och sjukv\u00e5rd\",\"lisa berglund\",\"stefan svensson\"],\"articleSection\":[\"Debattartiklar\",\"H\u00e4lso- och sjukv\u00e5rd\"],\"inLanguage\":\"sv-SE\"},{\"@type\":\"WebPage\",\"@id\":\"https:\\\/\\\/wp.kristdemokraterna.se\\\/vg\\\/socialdemokratisk-populism-loser-inte-sjukvardens-utmaningar\\\/\",\"url\":\"https:\\\/\\\/wp.kristdemokraterna.se\\\/vg\\\/socialdemokratisk-populism-loser-inte-sjukvardens-utmaningar\\\/\",\"name\":\"Socialdemokratisk populism l\u00f6ser inte sjukv\u00e5rdens utmaningar - V\u00e4stra G\u00f6talandsregionen\",\"isPartOf\":{\"@id\":\"https:\\\/\\\/wp.kristdemokraterna.se\\\/vg\\\/#website\"},\"primaryImageOfPage\":{\"@id\":\"https:\\\/\\\/wp.kristdemokraterna.se\\\/vg\\\/socialdemokratisk-populism-loser-inte-sjukvardens-utmaningar\\\/#primaryimage\"},\"image\":{\"@id\":\"https:\\\/\\\/wp.kristdemokraterna.se\\\/vg\\\/socialdemokratisk-populism-loser-inte-sjukvardens-utmaningar\\\/#primaryimage\"},\"thumbnailUrl\":\"https:\\\/\\\/wp.kristdemokraterna.se\\\/vg\\\/files\\\/2017\\\/10\\\/kirurg-2.jpg\",\"datePublished\":\"2022-08-09T12:03:10+00:00\",\"author\":{\"@id\":\"https:\\\/\\\/wp.kristdemokraterna.se\\\/vg\\\/#\\\/schema\\\/person\\\/485c1ff01f1324aafbb92705c598210f\"},\"breadcrumb\":{\"@id\":\"https:\\\/\\\/wp.kristdemokraterna.se\\\/vg\\\/socialdemokratisk-populism-loser-inte-sjukvardens-utmaningar\\\/#breadcrumb\"},\"inLanguage\":\"sv-SE\",\"potentialAction\":[{\"@type\":\"ReadAction\",\"target\":[\"https:\\\/\\\/wp.kristdemokraterna.se\\\/vg\\\/socialdemokratisk-populism-loser-inte-sjukvardens-utmaningar\\\/\"]}]},{\"@type\":\"ImageObject\",\"inLanguage\":\"sv-SE\",\"@id\":\"https:\\\/\\\/wp.kristdemokraterna.se\\\/vg\\\/socialdemokratisk-populism-loser-inte-sjukvardens-utmaningar\\\/#primaryimage\",\"url\":\"https:\\\/\\\/wp.kristdemokraterna.se\\\/vg\\\/files\\\/2017\\\/10\\\/kirurg-2.jpg\",\"contentUrl\":\"https:\\\/\\\/wp.kristdemokraterna.se\\\/vg\\\/files\\\/2017\\\/10\\\/kirurg-2.jpg\",\"width\":468,\"height\":262},{\"@type\":\"BreadcrumbList\",\"@id\":\"https:\\\/\\\/wp.kristdemokraterna.se\\\/vg\\\/socialdemokratisk-populism-loser-inte-sjukvardens-utmaningar\\\/#breadcrumb\",\"itemListElement\":[{\"@type\":\"ListItem\",\"position\":1,\"name\":\"Hem\",\"item\":\"https:\\\/\\\/wp.kristdemokraterna.se\\\/vg\\\/\"},{\"@type\":\"ListItem\",\"position\":2,\"name\":\"Socialdemokratisk populism l\u00f6ser inte sjukv\u00e5rdens utmaningar\"}]},{\"@type\":\"WebSite\",\"@id\":\"https:\\\/\\\/wp.kristdemokraterna.se\\\/vg\\\/#website\",\"url\":\"https:\\\/\\\/wp.kristdemokraterna.se\\\/vg\\\/\",\"name\":\"V\u00e4stra G\u00f6talandsregionen\",\"description\":\"\",\"inLanguage\":\"sv-SE\"},{\"@type\":\"Person\",\"@id\":\"https:\\\/\\\/wp.kristdemokraterna.se\\\/vg\\\/#\\\/schema\\\/person\\\/485c1ff01f1324aafbb92705c598210f\",\"name\":\"vg\",\"image\":{\"@type\":\"ImageObject\",\"inLanguage\":\"sv-SE\",\"@id\":\"https:\\\/\\\/secure.gravatar.com\\\/avatar\\\/387c874425c7747be372c14ca2d69e1689502257d65ec3b403b441b6435e48d8?s=96&d=mm&r=g\",\"url\":\"https:\\\/\\\/secure.gravatar.com\\\/avatar\\\/387c874425c7747be372c14ca2d69e1689502257d65ec3b403b441b6435e48d8?s=96&d=mm&r=g\",\"contentUrl\":\"https:\\\/\\\/secure.gravatar.com\\\/avatar\\\/387c874425c7747be372c14ca2d69e1689502257d65ec3b403b441b6435e48d8?s=96&d=mm&r=g\",\"caption\":\"vg\"},\"url\":\"https:\\\/\\\/wp.kristdemokraterna.se\\\/vg\\\/author\\\/vg\\\/\"}]}<\/script>\n<!-- \/ Yoast SEO plugin. -->","yoast_head_json":{"title":"Socialdemokratisk populism l\u00f6ser inte sjukv\u00e5rdens utmaningar - V\u00e4stra G\u00f6talandsregionen","robots":{"index":"index","follow":"follow","max-snippet":"max-snippet:-1","max-image-preview":"max-image-preview:large","max-video-preview":"max-video-preview:-1"},"canonical":"https:\/\/wp.kristdemokraterna.se\/vg\/socialdemokratisk-populism-loser-inte-sjukvardens-utmaningar\/","og_locale":"sv_SE","og_type":"article","og_title":"Socialdemokratisk populism l\u00f6ser inte sjukv\u00e5rdens utmaningar - V\u00e4stra G\u00f6talandsregionen","og_description":"Debattartikel BT &#8211; Stefan Svensson och Lisa Berglund Under tv\u00e5 mandatperioder har tv\u00e5 huvudinriktningar blivit tydliga i den socialdemokratiska oppositionspolitiken i V\u00e4stra G\u00f6talandsregionen. Dels en avsaknad av respekt f\u00f6r de mest fundamentala principerna i den ekonomiska politiken, dels \u00e5terkommande angrepp p\u00e5 privata utf\u00f6rare inom v\u00e5rden.","og_url":"https:\/\/wp.kristdemokraterna.se\/vg\/socialdemokratisk-populism-loser-inte-sjukvardens-utmaningar\/","og_site_name":"V\u00e4stra G\u00f6talandsregionen","article_published_time":"2022-08-09T12:03:10+00:00","og_image":[{"width":468,"height":262,"url":"http:\/\/wp.kristdemokraterna.se\/vg\/files\/2017\/10\/kirurg-2.jpg","type":"image\/jpeg"}],"author":"vg","twitter_card":"summary_large_image","twitter_creator":"@KD_VGR","twitter_site":"@KD_VGR","twitter_misc":{"Skriven av":"vg","Ber\u00e4knad l\u00e4stid":"3 minuter"},"schema":{"@context":"https:\/\/schema.org","@graph":[{"@type":"Article","@id":"https:\/\/wp.kristdemokraterna.se\/vg\/socialdemokratisk-populism-loser-inte-sjukvardens-utmaningar\/#article","isPartOf":{"@id":"https:\/\/wp.kristdemokraterna.se\/vg\/socialdemokratisk-populism-loser-inte-sjukvardens-utmaningar\/"},"author":{"name":"vg","@id":"https:\/\/wp.kristdemokraterna.se\/vg\/#\/schema\/person\/485c1ff01f1324aafbb92705c598210f"},"headline":"Socialdemokratisk populism l\u00f6ser inte sjukv\u00e5rdens utmaningar","datePublished":"2022-08-09T12:03:10+00:00","mainEntityOfPage":{"@id":"https:\/\/wp.kristdemokraterna.se\/vg\/socialdemokratisk-populism-loser-inte-sjukvardens-utmaningar\/"},"wordCount":496,"image":{"@id":"https:\/\/wp.kristdemokraterna.se\/vg\/socialdemokratisk-populism-loser-inte-sjukvardens-utmaningar\/#primaryimage"},"thumbnailUrl":"https:\/\/wp.kristdemokraterna.se\/vg\/files\/2017\/10\/kirurg-2.jpg","keywords":["H\u00e4lso- och sjukv\u00e5rd","lisa berglund","stefan svensson"],"articleSection":["Debattartiklar","H\u00e4lso- och sjukv\u00e5rd"],"inLanguage":"sv-SE"},{"@type":"WebPage","@id":"https:\/\/wp.kristdemokraterna.se\/vg\/socialdemokratisk-populism-loser-inte-sjukvardens-utmaningar\/","url":"https:\/\/wp.kristdemokraterna.se\/vg\/socialdemokratisk-populism-loser-inte-sjukvardens-utmaningar\/","name":"Socialdemokratisk populism l\u00f6ser inte sjukv\u00e5rdens utmaningar - V\u00e4stra G\u00f6talandsregionen","isPartOf":{"@id":"https:\/\/wp.kristdemokraterna.se\/vg\/#website"},"primaryImageOfPage":{"@id":"https:\/\/wp.kristdemokraterna.se\/vg\/socialdemokratisk-populism-loser-inte-sjukvardens-utmaningar\/#primaryimage"},"image":{"@id":"https:\/\/wp.kristdemokraterna.se\/vg\/socialdemokratisk-populism-loser-inte-sjukvardens-utmaningar\/#primaryimage"},"thumbnailUrl":"https:\/\/wp.kristdemokraterna.se\/vg\/files\/2017\/10\/kirurg-2.jpg","datePublished":"2022-08-09T12:03:10+00:00","author":{"@id":"https:\/\/wp.kristdemokraterna.se\/vg\/#\/schema\/person\/485c1ff01f1324aafbb92705c598210f"},"breadcrumb":{"@id":"https:\/\/wp.kristdemokraterna.se\/vg\/socialdemokratisk-populism-loser-inte-sjukvardens-utmaningar\/#breadcrumb"},"inLanguage":"sv-SE","potentialAction":[{"@type":"ReadAction","target":["https:\/\/wp.kristdemokraterna.se\/vg\/socialdemokratisk-populism-loser-inte-sjukvardens-utmaningar\/"]}]},{"@type":"ImageObject","inLanguage":"sv-SE","@id":"https:\/\/wp.kristdemokraterna.se\/vg\/socialdemokratisk-populism-loser-inte-sjukvardens-utmaningar\/#primaryimage","url":"https:\/\/wp.kristdemokraterna.se\/vg\/files\/2017\/10\/kirurg-2.jpg","contentUrl":"https:\/\/wp.kristdemokraterna.se\/vg\/files\/2017\/10\/kirurg-2.jpg","width":468,"height":262},{"@type":"BreadcrumbList","@id":"https:\/\/wp.kristdemokraterna.se\/vg\/socialdemokratisk-populism-loser-inte-sjukvardens-utmaningar\/#breadcrumb","itemListElement":[{"@type":"ListItem","position":1,"name":"Hem","item":"https:\/\/wp.kristdemokraterna.se\/vg\/"},{"@type":"ListItem","position":2,"name":"Socialdemokratisk populism l\u00f6ser inte sjukv\u00e5rdens utmaningar"}]},{"@type":"WebSite","@id":"https:\/\/wp.kristdemokraterna.se\/vg\/#website","url":"https:\/\/wp.kristdemokraterna.se\/vg\/","name":"V\u00e4stra G\u00f6talandsregionen","description":"","inLanguage":"sv-SE"},{"@type":"Person","@id":"https:\/\/wp.kristdemokraterna.se\/vg\/#\/schema\/person\/485c1ff01f1324aafbb92705c598210f","name":"vg","image":{"@type":"ImageObject","inLanguage":"sv-SE","@id":"https:\/\/secure.gravatar.com\/avatar\/387c874425c7747be372c14ca2d69e1689502257d65ec3b403b441b6435e48d8?s=96&d=mm&r=g","url":"https:\/\/secure.gravatar.com\/avatar\/387c874425c7747be372c14ca2d69e1689502257d65ec3b403b441b6435e48d8?s=96&d=mm&r=g","contentUrl":"https:\/\/secure.gravatar.com\/avatar\/387c874425c7747be372c14ca2d69e1689502257d65ec3b403b441b6435e48d8?s=96&d=mm&r=g","caption":"vg"},"url":"https:\/\/wp.kristdemokraterna.se\/vg\/author\/vg\/"}]}},"_links":{"self":[{"href":"https:\/\/wp.kristdemokraterna.se\/vg\/wp-json\/wp\/v2\/posts\/1116","targetHints":{"allow":["GET"]}}],"collection":[{"href":"https:\/\/wp.kristdemokraterna.se\/vg\/wp-json\/wp\/v2\/posts"}],"about":[{"href":"https:\/\/wp.kristdemokraterna.se\/vg\/wp-json\/wp\/v2\/types\/post"}],"author":[{"embeddable":true,"href":"https:\/\/wp.kristdemokraterna.se\/vg\/wp-json\/wp\/v2\/users\/726"}],"replies":[{"embeddable":true,"href":"https:\/\/wp.kristdemokraterna.se\/vg\/wp-json\/wp\/v2\/comments?post=1116"}],"version-history":[{"count":1,"href":"https:\/\/wp.kristdemokraterna.se\/vg\/wp-json\/wp\/v2\/posts\/1116\/revisions"}],"predecessor-version":[{"id":1117,"href":"https:\/\/wp.kristdemokraterna.se\/vg\/wp-json\/wp\/v2\/posts\/1116\/revisions\/1117"}],"wp:featuredmedia":[{"embeddable":true,"href":"https:\/\/wp.kristdemokraterna.se\/vg\/wp-json\/wp\/v2\/media\/593"}],"wp:attachment":[{"href":"https:\/\/wp.kristdemokraterna.se\/vg\/wp-json\/wp\/v2\/media?parent=1116"}],"wp:term":[{"taxonomy":"category","embeddable":true,"href":"https:\/\/wp.kristdemokraterna.se\/vg\/wp-json\/wp\/v2\/categories?post=1116"},{"taxonomy":"post_tag","embeddable":true,"href":"https:\/\/wp.kristdemokraterna.se\/vg\/wp-json\/wp\/v2\/tags?post=1116"}],"curies":[{"name":"wp","href":"https:\/\/api.w.org\/{rel}","templated":true}]}}