{"id":1147,"date":"2022-12-12T16:22:00","date_gmt":"2022-12-12T15:22:00","guid":{"rendered":"https:\/\/wp.kristdemokraterna.se\/vg\/?p=1147"},"modified":"2022-12-12T16:22:00","modified_gmt":"2022-12-12T15:22:00","slug":"rodgron-regionbudget-baddar-for-skattehojning","status":"publish","type":"post","link":"https:\/\/wp.kristdemokraterna.se\/vg\/rodgron-regionbudget-baddar-for-skattehojning\/","title":{"rendered":"R\u00f6dgr\u00f6n regionbudget b\u00e4ddar f\u00f6r skatteh\u00f6jning"},"content":{"rendered":"<p><strong>Ins\u00e4ndare Mariestads-Tidningen &#8211; Stefan Svensson och Pernilla Wendesten<\/strong><br \/>\nDen som under 2019 f\u00f6rs\u00f6kt f\u00f6rutsp\u00e5 de kommande tre \u00e5ren hade h\u00f6gst sannolikt missat s\u00e5v\u00e4l en pandemi som Putins anfallskrig mot Ukraina. Det visar med all tydlighet hur sv\u00e5rt det \u00e4r att f\u00f6resp\u00e5 framtiden \u00e4ven med en relativt kort tidshorisont.<br \/>\n<!--more--><br \/>\nDet hindrade inte den nytilltr\u00e4dda r\u00f6dgr\u00f6na ledningen i V\u00e4stra G\u00f6talandsregionen att vid regionfullm\u00e4ktigesammantr\u00e4det l\u00e4gga fram en starkt underfinansierad budget p\u00e5 totalt 2,3 miljarder under en tv\u00e5\u00e5rsperiod. Det blev ocks\u00e5 regionfullm\u00e4ktiges beslut.<\/p>\n<p>Den r\u00f6dgr\u00f6na kalkylen bygger p\u00e5 att ekonomin \u00e4r tillbaka i ett normall\u00e4ge 2025. Ingen vet om s\u00e5 \u00e4r fallet. P\u00e5 en direkt fr\u00e5ga till Hel\u00e9n Eliasson (S) om huruvida den r\u00f6dgr\u00f6na ledningen hade n\u00e5gon plan B om s\u00e5 inte sker kom inget svar. Risken \u00e4r s\u00e5ledes \u00f6verh\u00e4ngande att h\u00e5rda besparingar och\/eller en skatteh\u00f6jning v\u00e4ntar om den ekonomiska krisen f\u00f6rdjupas.<\/p>\n<p>Vi kristdemokrater presenterade en budget i balans f\u00f6r 2023 och med stigande \u00f6verskott 2024 och 2025. F\u00f6r det kr\u00e4vdes prioriteringar d\u00e4r de riktade besparingarna framf\u00f6r allt lades inom regional utveckling. Vi tycker exempelvis att resen\u00e4rerna kan betala h\u00e4lften av de faktiska kostnaderna f\u00f6r kollektivtrafiken. Likas\u00e5 ser vi inga konstigheter i att milj\u00f6- och regionalutvecklingsn\u00e4mnden f\u00e5r ett sparbeting p\u00e5 100 miljoner\/\u00e5r under planperioden. De riktade besparingarna inom sjukv\u00e5rden inneb\u00e4r i det kristdemokratiska f\u00f6rslaget att gruppen 65+ \u00e5terigen f\u00e5r betala 50 kr f\u00f6r ett bes\u00f6k hos sjuksk\u00f6terska och att influensavaccinet avgiftsbel\u00e4ggs med 240 kr.<\/p>\n<p>Att prioritera i ett ekonomiskt besv\u00e4rligt l\u00e4ge kr\u00e4ver att man agerar proaktivt och att \u00e4ven v\u00e4llovliga reformer kan f\u00e5 st\u00e5 tillbaka. De orkade S, V och Mp inte med. V\u00e4nsterpartiet gick redan i h\u00f6stas till val p\u00e5 att h\u00f6ja skatten. Den nytilltr\u00e4dda r\u00f6dgr\u00f6na ledningen riskerar nu att hamna i en situation d\u00e4r de f\u00e5r f\u00f6rs\u00f6ka springa i kapp en skenande kostnadsutveckling d\u00e4r skatteint\u00e4kterna inte motsvarar utgifterna. \u00c4r det n\u00e5got som skulle drabba fattigpension\u00e4rer och l\u00e5ginkomsttagare h\u00e5rt s\u00e5 \u00e4r det en kommande skatteh\u00f6jning. Med den politik det r\u00f6dgr\u00f6na styret slagit in p\u00e5 \u00e4r det tyv\u00e4rr ett scenario som ter sig alltmer sannolikt.<\/p>\n<p><strong>Stefan Svensson (KD)<\/strong><br \/>\nRegion\u00e5d<\/p>\n<p><strong>Pernilla Wendesten (KD)<\/strong><br \/>\nRegionr\u00e5dsers\u00e4ttare<\/p>\n","protected":false},"excerpt":{"rendered":"<p>Ins\u00e4ndare Mariestads-Tidningen &#8211; Stefan Svensson och Pernilla Wendesten Den som under 2019 f\u00f6rs\u00f6kt f\u00f6rutsp\u00e5 de kommande tre \u00e5ren hade h\u00f6gst sannolikt missat s\u00e5v\u00e4l en pandemi som Putins anfallskrig mot Ukraina. Det visar med all tydlighet hur sv\u00e5rt det \u00e4r att f\u00f6resp\u00e5 framtiden \u00e4ven med en relativt kort tidshorisont.<\/p>\n","protected":false},"author":726,"featured_media":766,"comment_status":"closed","ping_status":"closed","sticky":false,"template":"","format":"standard","meta":{"_acf_changed":false,"footnotes":""},"categories":[7,9,74,10,11],"tags":[40,12,174,86],"class_list":["post-1147","post","type-post","status-publish","format-standard","has-post-thumbnail","hentry","category-debattartiklar","category-halso-och-sjukvard","category-kollektivtrafik","category-kultur","category-miljo","tag-budget","tag-halso-och-sjukvard","tag-pernilla-wendesten","tag-stefan-svensson"],"acf":[],"yoast_head":"<!-- This site is optimized with the Yoast SEO plugin v27.4 - https:\/\/yoast.com\/product\/yoast-seo-wordpress\/ -->\n<title>R\u00f6dgr\u00f6n regionbudget b\u00e4ddar f\u00f6r skatteh\u00f6jning - V\u00e4stra G\u00f6talandsregionen<\/title>\n<meta name=\"robots\" content=\"index, follow, max-snippet:-1, max-image-preview:large, max-video-preview:-1\" \/>\n<link rel=\"canonical\" href=\"https:\/\/wp.kristdemokraterna.se\/vg\/rodgron-regionbudget-baddar-for-skattehojning\/\" \/>\n<meta property=\"og:locale\" content=\"sv_SE\" \/>\n<meta property=\"og:type\" content=\"article\" \/>\n<meta property=\"og:title\" content=\"R\u00f6dgr\u00f6n regionbudget b\u00e4ddar f\u00f6r skatteh\u00f6jning - V\u00e4stra G\u00f6talandsregionen\" \/>\n<meta property=\"og:description\" content=\"Ins\u00e4ndare Mariestads-Tidningen &#8211; Stefan Svensson och Pernilla Wendesten Den som under 2019 f\u00f6rs\u00f6kt f\u00f6rutsp\u00e5 de kommande tre \u00e5ren hade h\u00f6gst sannolikt missat s\u00e5v\u00e4l en pandemi som Putins anfallskrig mot Ukraina. Det visar med all tydlighet hur sv\u00e5rt det \u00e4r att f\u00f6resp\u00e5 framtiden \u00e4ven med en relativt kort tidshorisont.\" \/>\n<meta property=\"og:url\" content=\"https:\/\/wp.kristdemokraterna.se\/vg\/rodgron-regionbudget-baddar-for-skattehojning\/\" \/>\n<meta property=\"og:site_name\" content=\"V\u00e4stra G\u00f6talandsregionen\" \/>\n<meta property=\"article:published_time\" content=\"2022-12-12T15:22:00+00:00\" \/>\n<meta property=\"og:image\" content=\"http:\/\/wp.kristdemokraterna.se\/vg\/files\/2018\/08\/pengahog.jpg\" \/>\n\t<meta property=\"og:image:width\" content=\"469\" \/>\n\t<meta property=\"og:image:height\" content=\"263\" \/>\n\t<meta property=\"og:image:type\" content=\"image\/jpeg\" \/>\n<meta name=\"author\" content=\"vg\" \/>\n<meta name=\"twitter:card\" content=\"summary_large_image\" \/>\n<meta name=\"twitter:creator\" content=\"@KD_VGR\" \/>\n<meta name=\"twitter:site\" content=\"@KD_VGR\" \/>\n<meta name=\"twitter:label1\" content=\"Skriven av\" \/>\n\t<meta name=\"twitter:data1\" content=\"vg\" \/>\n\t<meta name=\"twitter:label2\" content=\"Ber\u00e4knad l\u00e4stid\" \/>\n\t<meta name=\"twitter:data2\" content=\"2 minuter\" \/>\n<script type=\"application\/ld+json\" class=\"yoast-schema-graph\">{\"@context\":\"https:\\\/\\\/schema.org\",\"@graph\":[{\"@type\":\"Article\",\"@id\":\"https:\\\/\\\/wp.kristdemokraterna.se\\\/vg\\\/rodgron-regionbudget-baddar-for-skattehojning\\\/#article\",\"isPartOf\":{\"@id\":\"https:\\\/\\\/wp.kristdemokraterna.se\\\/vg\\\/rodgron-regionbudget-baddar-for-skattehojning\\\/\"},\"author\":{\"name\":\"vg\",\"@id\":\"https:\\\/\\\/wp.kristdemokraterna.se\\\/vg\\\/#\\\/schema\\\/person\\\/485c1ff01f1324aafbb92705c598210f\"},\"headline\":\"R\u00f6dgr\u00f6n regionbudget b\u00e4ddar f\u00f6r skatteh\u00f6jning\",\"datePublished\":\"2022-12-12T15:22:00+00:00\",\"mainEntityOfPage\":{\"@id\":\"https:\\\/\\\/wp.kristdemokraterna.se\\\/vg\\\/rodgron-regionbudget-baddar-for-skattehojning\\\/\"},\"wordCount\":420,\"image\":{\"@id\":\"https:\\\/\\\/wp.kristdemokraterna.se\\\/vg\\\/rodgron-regionbudget-baddar-for-skattehojning\\\/#primaryimage\"},\"thumbnailUrl\":\"https:\\\/\\\/wp.kristdemokraterna.se\\\/vg\\\/files\\\/2018\\\/08\\\/pengahog.jpg\",\"keywords\":[\"Budget\",\"H\u00e4lso- och sjukv\u00e5rd\",\"pernilla wendesten\",\"stefan svensson\"],\"articleSection\":[\"Debattartiklar\",\"H\u00e4lso- och sjukv\u00e5rd\",\"kollektivtrafik\",\"Kultur\",\"Milj\u00f6\"],\"inLanguage\":\"sv-SE\"},{\"@type\":\"WebPage\",\"@id\":\"https:\\\/\\\/wp.kristdemokraterna.se\\\/vg\\\/rodgron-regionbudget-baddar-for-skattehojning\\\/\",\"url\":\"https:\\\/\\\/wp.kristdemokraterna.se\\\/vg\\\/rodgron-regionbudget-baddar-for-skattehojning\\\/\",\"name\":\"R\u00f6dgr\u00f6n regionbudget b\u00e4ddar f\u00f6r skatteh\u00f6jning - V\u00e4stra G\u00f6talandsregionen\",\"isPartOf\":{\"@id\":\"https:\\\/\\\/wp.kristdemokraterna.se\\\/vg\\\/#website\"},\"primaryImageOfPage\":{\"@id\":\"https:\\\/\\\/wp.kristdemokraterna.se\\\/vg\\\/rodgron-regionbudget-baddar-for-skattehojning\\\/#primaryimage\"},\"image\":{\"@id\":\"https:\\\/\\\/wp.kristdemokraterna.se\\\/vg\\\/rodgron-regionbudget-baddar-for-skattehojning\\\/#primaryimage\"},\"thumbnailUrl\":\"https:\\\/\\\/wp.kristdemokraterna.se\\\/vg\\\/files\\\/2018\\\/08\\\/pengahog.jpg\",\"datePublished\":\"2022-12-12T15:22:00+00:00\",\"author\":{\"@id\":\"https:\\\/\\\/wp.kristdemokraterna.se\\\/vg\\\/#\\\/schema\\\/person\\\/485c1ff01f1324aafbb92705c598210f\"},\"breadcrumb\":{\"@id\":\"https:\\\/\\\/wp.kristdemokraterna.se\\\/vg\\\/rodgron-regionbudget-baddar-for-skattehojning\\\/#breadcrumb\"},\"inLanguage\":\"sv-SE\",\"potentialAction\":[{\"@type\":\"ReadAction\",\"target\":[\"https:\\\/\\\/wp.kristdemokraterna.se\\\/vg\\\/rodgron-regionbudget-baddar-for-skattehojning\\\/\"]}]},{\"@type\":\"ImageObject\",\"inLanguage\":\"sv-SE\",\"@id\":\"https:\\\/\\\/wp.kristdemokraterna.se\\\/vg\\\/rodgron-regionbudget-baddar-for-skattehojning\\\/#primaryimage\",\"url\":\"https:\\\/\\\/wp.kristdemokraterna.se\\\/vg\\\/files\\\/2018\\\/08\\\/pengahog.jpg\",\"contentUrl\":\"https:\\\/\\\/wp.kristdemokraterna.se\\\/vg\\\/files\\\/2018\\\/08\\\/pengahog.jpg\",\"width\":469,\"height\":263},{\"@type\":\"BreadcrumbList\",\"@id\":\"https:\\\/\\\/wp.kristdemokraterna.se\\\/vg\\\/rodgron-regionbudget-baddar-for-skattehojning\\\/#breadcrumb\",\"itemListElement\":[{\"@type\":\"ListItem\",\"position\":1,\"name\":\"Hem\",\"item\":\"https:\\\/\\\/wp.kristdemokraterna.se\\\/vg\\\/\"},{\"@type\":\"ListItem\",\"position\":2,\"name\":\"R\u00f6dgr\u00f6n regionbudget b\u00e4ddar f\u00f6r skatteh\u00f6jning\"}]},{\"@type\":\"WebSite\",\"@id\":\"https:\\\/\\\/wp.kristdemokraterna.se\\\/vg\\\/#website\",\"url\":\"https:\\\/\\\/wp.kristdemokraterna.se\\\/vg\\\/\",\"name\":\"V\u00e4stra G\u00f6talandsregionen\",\"description\":\"\",\"inLanguage\":\"sv-SE\"},{\"@type\":\"Person\",\"@id\":\"https:\\\/\\\/wp.kristdemokraterna.se\\\/vg\\\/#\\\/schema\\\/person\\\/485c1ff01f1324aafbb92705c598210f\",\"name\":\"vg\",\"image\":{\"@type\":\"ImageObject\",\"inLanguage\":\"sv-SE\",\"@id\":\"https:\\\/\\\/secure.gravatar.com\\\/avatar\\\/387c874425c7747be372c14ca2d69e1689502257d65ec3b403b441b6435e48d8?s=96&d=mm&r=g\",\"url\":\"https:\\\/\\\/secure.gravatar.com\\\/avatar\\\/387c874425c7747be372c14ca2d69e1689502257d65ec3b403b441b6435e48d8?s=96&d=mm&r=g\",\"contentUrl\":\"https:\\\/\\\/secure.gravatar.com\\\/avatar\\\/387c874425c7747be372c14ca2d69e1689502257d65ec3b403b441b6435e48d8?s=96&d=mm&r=g\",\"caption\":\"vg\"},\"url\":\"https:\\\/\\\/wp.kristdemokraterna.se\\\/vg\\\/author\\\/vg\\\/\"}]}<\/script>\n<!-- \/ Yoast SEO plugin. -->","yoast_head_json":{"title":"R\u00f6dgr\u00f6n regionbudget b\u00e4ddar f\u00f6r skatteh\u00f6jning - V\u00e4stra G\u00f6talandsregionen","robots":{"index":"index","follow":"follow","max-snippet":"max-snippet:-1","max-image-preview":"max-image-preview:large","max-video-preview":"max-video-preview:-1"},"canonical":"https:\/\/wp.kristdemokraterna.se\/vg\/rodgron-regionbudget-baddar-for-skattehojning\/","og_locale":"sv_SE","og_type":"article","og_title":"R\u00f6dgr\u00f6n regionbudget b\u00e4ddar f\u00f6r skatteh\u00f6jning - V\u00e4stra G\u00f6talandsregionen","og_description":"Ins\u00e4ndare Mariestads-Tidningen &#8211; Stefan Svensson och Pernilla Wendesten Den som under 2019 f\u00f6rs\u00f6kt f\u00f6rutsp\u00e5 de kommande tre \u00e5ren hade h\u00f6gst sannolikt missat s\u00e5v\u00e4l en pandemi som Putins anfallskrig mot Ukraina. Det visar med all tydlighet hur sv\u00e5rt det \u00e4r att f\u00f6resp\u00e5 framtiden \u00e4ven med en relativt kort tidshorisont.","og_url":"https:\/\/wp.kristdemokraterna.se\/vg\/rodgron-regionbudget-baddar-for-skattehojning\/","og_site_name":"V\u00e4stra G\u00f6talandsregionen","article_published_time":"2022-12-12T15:22:00+00:00","og_image":[{"width":469,"height":263,"url":"http:\/\/wp.kristdemokraterna.se\/vg\/files\/2018\/08\/pengahog.jpg","type":"image\/jpeg"}],"author":"vg","twitter_card":"summary_large_image","twitter_creator":"@KD_VGR","twitter_site":"@KD_VGR","twitter_misc":{"Skriven av":"vg","Ber\u00e4knad l\u00e4stid":"2 minuter"},"schema":{"@context":"https:\/\/schema.org","@graph":[{"@type":"Article","@id":"https:\/\/wp.kristdemokraterna.se\/vg\/rodgron-regionbudget-baddar-for-skattehojning\/#article","isPartOf":{"@id":"https:\/\/wp.kristdemokraterna.se\/vg\/rodgron-regionbudget-baddar-for-skattehojning\/"},"author":{"name":"vg","@id":"https:\/\/wp.kristdemokraterna.se\/vg\/#\/schema\/person\/485c1ff01f1324aafbb92705c598210f"},"headline":"R\u00f6dgr\u00f6n regionbudget b\u00e4ddar f\u00f6r skatteh\u00f6jning","datePublished":"2022-12-12T15:22:00+00:00","mainEntityOfPage":{"@id":"https:\/\/wp.kristdemokraterna.se\/vg\/rodgron-regionbudget-baddar-for-skattehojning\/"},"wordCount":420,"image":{"@id":"https:\/\/wp.kristdemokraterna.se\/vg\/rodgron-regionbudget-baddar-for-skattehojning\/#primaryimage"},"thumbnailUrl":"https:\/\/wp.kristdemokraterna.se\/vg\/files\/2018\/08\/pengahog.jpg","keywords":["Budget","H\u00e4lso- och sjukv\u00e5rd","pernilla wendesten","stefan svensson"],"articleSection":["Debattartiklar","H\u00e4lso- och sjukv\u00e5rd","kollektivtrafik","Kultur","Milj\u00f6"],"inLanguage":"sv-SE"},{"@type":"WebPage","@id":"https:\/\/wp.kristdemokraterna.se\/vg\/rodgron-regionbudget-baddar-for-skattehojning\/","url":"https:\/\/wp.kristdemokraterna.se\/vg\/rodgron-regionbudget-baddar-for-skattehojning\/","name":"R\u00f6dgr\u00f6n regionbudget b\u00e4ddar f\u00f6r skatteh\u00f6jning - V\u00e4stra G\u00f6talandsregionen","isPartOf":{"@id":"https:\/\/wp.kristdemokraterna.se\/vg\/#website"},"primaryImageOfPage":{"@id":"https:\/\/wp.kristdemokraterna.se\/vg\/rodgron-regionbudget-baddar-for-skattehojning\/#primaryimage"},"image":{"@id":"https:\/\/wp.kristdemokraterna.se\/vg\/rodgron-regionbudget-baddar-for-skattehojning\/#primaryimage"},"thumbnailUrl":"https:\/\/wp.kristdemokraterna.se\/vg\/files\/2018\/08\/pengahog.jpg","datePublished":"2022-12-12T15:22:00+00:00","author":{"@id":"https:\/\/wp.kristdemokraterna.se\/vg\/#\/schema\/person\/485c1ff01f1324aafbb92705c598210f"},"breadcrumb":{"@id":"https:\/\/wp.kristdemokraterna.se\/vg\/rodgron-regionbudget-baddar-for-skattehojning\/#breadcrumb"},"inLanguage":"sv-SE","potentialAction":[{"@type":"ReadAction","target":["https:\/\/wp.kristdemokraterna.se\/vg\/rodgron-regionbudget-baddar-for-skattehojning\/"]}]},{"@type":"ImageObject","inLanguage":"sv-SE","@id":"https:\/\/wp.kristdemokraterna.se\/vg\/rodgron-regionbudget-baddar-for-skattehojning\/#primaryimage","url":"https:\/\/wp.kristdemokraterna.se\/vg\/files\/2018\/08\/pengahog.jpg","contentUrl":"https:\/\/wp.kristdemokraterna.se\/vg\/files\/2018\/08\/pengahog.jpg","width":469,"height":263},{"@type":"BreadcrumbList","@id":"https:\/\/wp.kristdemokraterna.se\/vg\/rodgron-regionbudget-baddar-for-skattehojning\/#breadcrumb","itemListElement":[{"@type":"ListItem","position":1,"name":"Hem","item":"https:\/\/wp.kristdemokraterna.se\/vg\/"},{"@type":"ListItem","position":2,"name":"R\u00f6dgr\u00f6n regionbudget b\u00e4ddar f\u00f6r skatteh\u00f6jning"}]},{"@type":"WebSite","@id":"https:\/\/wp.kristdemokraterna.se\/vg\/#website","url":"https:\/\/wp.kristdemokraterna.se\/vg\/","name":"V\u00e4stra G\u00f6talandsregionen","description":"","inLanguage":"sv-SE"},{"@type":"Person","@id":"https:\/\/wp.kristdemokraterna.se\/vg\/#\/schema\/person\/485c1ff01f1324aafbb92705c598210f","name":"vg","image":{"@type":"ImageObject","inLanguage":"sv-SE","@id":"https:\/\/secure.gravatar.com\/avatar\/387c874425c7747be372c14ca2d69e1689502257d65ec3b403b441b6435e48d8?s=96&d=mm&r=g","url":"https:\/\/secure.gravatar.com\/avatar\/387c874425c7747be372c14ca2d69e1689502257d65ec3b403b441b6435e48d8?s=96&d=mm&r=g","contentUrl":"https:\/\/secure.gravatar.com\/avatar\/387c874425c7747be372c14ca2d69e1689502257d65ec3b403b441b6435e48d8?s=96&d=mm&r=g","caption":"vg"},"url":"https:\/\/wp.kristdemokraterna.se\/vg\/author\/vg\/"}]}},"_links":{"self":[{"href":"https:\/\/wp.kristdemokraterna.se\/vg\/wp-json\/wp\/v2\/posts\/1147","targetHints":{"allow":["GET"]}}],"collection":[{"href":"https:\/\/wp.kristdemokraterna.se\/vg\/wp-json\/wp\/v2\/posts"}],"about":[{"href":"https:\/\/wp.kristdemokraterna.se\/vg\/wp-json\/wp\/v2\/types\/post"}],"author":[{"embeddable":true,"href":"https:\/\/wp.kristdemokraterna.se\/vg\/wp-json\/wp\/v2\/users\/726"}],"replies":[{"embeddable":true,"href":"https:\/\/wp.kristdemokraterna.se\/vg\/wp-json\/wp\/v2\/comments?post=1147"}],"version-history":[{"count":1,"href":"https:\/\/wp.kristdemokraterna.se\/vg\/wp-json\/wp\/v2\/posts\/1147\/revisions"}],"predecessor-version":[{"id":1148,"href":"https:\/\/wp.kristdemokraterna.se\/vg\/wp-json\/wp\/v2\/posts\/1147\/revisions\/1148"}],"wp:featuredmedia":[{"embeddable":true,"href":"https:\/\/wp.kristdemokraterna.se\/vg\/wp-json\/wp\/v2\/media\/766"}],"wp:attachment":[{"href":"https:\/\/wp.kristdemokraterna.se\/vg\/wp-json\/wp\/v2\/media?parent=1147"}],"wp:term":[{"taxonomy":"category","embeddable":true,"href":"https:\/\/wp.kristdemokraterna.se\/vg\/wp-json\/wp\/v2\/categories?post=1147"},{"taxonomy":"post_tag","embeddable":true,"href":"https:\/\/wp.kristdemokraterna.se\/vg\/wp-json\/wp\/v2\/tags?post=1147"}],"curies":[{"name":"wp","href":"https:\/\/api.w.org\/{rel}","templated":true}]}}