{"id":1157,"date":"2023-01-18T15:34:34","date_gmt":"2023-01-18T14:34:34","guid":{"rendered":"https:\/\/wp.kristdemokraterna.se\/vg\/?p=1157"},"modified":"2023-01-18T15:36:30","modified_gmt":"2023-01-18T14:36:30","slug":"verksamhetsbesok-en-vag-in","status":"publish","type":"post","link":"https:\/\/wp.kristdemokraterna.se\/vg\/verksamhetsbesok-en-vag-in\/","title":{"rendered":"Verksamhetsbes\u00f6k &#8211; en v\u00e4g in"},"content":{"rendered":"<p>Under tisdagen gjorde Maria Nilsson, Lisa Berglund och Tommy Larsson ett studiebes\u00f6k med fokus p\u00e5 \u201dEn v\u00e4g in- barn och unga med psykisk oh\u00e4lsa\u201d, Maria Nilsson, Lisa Berglund och Tommy Larsson.<br \/>\nEn v\u00e4g in har varit i g\u00e5ng sedan mars 2022 och \u00e4r ett tre\u00e5rigt tillg\u00e4nglighetsuppdrag (BUP) med m\u00e5let om en god tillg\u00e4nglighet f\u00f6r alla barn och unga i V\u00e4stra G\u00f6taland med psykisk oh\u00e4lsa, dvs korta k\u00f6erna till BUP.<br \/>\n<!--more--><br \/>\nEn v\u00e4g in \u00e4r ett kontaktcenter och en remissportal f\u00f6r remisser st\u00e4llda till BUP.<\/p>\n<p>Vilka kan skicka remisser till En v\u00e4g i? Jo V\u00e5rdcentraler, skolornas elevh\u00e4lsa och egenremisser via 1177.<br \/>\nSedan senh\u00f6sten 2022 finns en remissutbildning p\u00e5 v\u00e5rdgivarwebben, riktad till v\u00e5rdcentraler och elevh\u00e4lsan. Detta f\u00f6r att underl\u00e4tta att remisser blir mer kompletta.<\/p>\n<p>I dagsl\u00e4get kommer det in 30-70 remisser\/dag som ska bed\u00f6mas och bokas in p\u00e5 r\u00e4tt niv\u00e5, BUP specialist niv\u00e5 eller p\u00e5 prim\u00e4rv\u00e5rdsniv\u00e5.<br \/>\n40-50 r\u00e5dgivningssamtal\/dag.<\/p>\n<p>St\u00f6rsta utmaningarna just nu \u00e4r:<br \/>\nBristf\u00e4lligt underlag fr\u00e5n elevh\u00e4lsa, ofullst\u00e4ndiga remisser, dvs barn som bollas fram o tillbaka.<br \/>\nSamverkansfr\u00e5gor. Det fungerar olika i regionen. Kr\u00e5ngel med 1177 och egenremisser d\u00e5 barnen \u00e4r fr\u00e5n 13 \u00e5r.<\/p>\n<p>P\u00e5 fotot st\u00e5r fr\u00e5n v\u00e4nster till h\u00f6ger:<br \/>\nAnna Carlstrand Verksamhetssamordnare<br \/>\nCie Rosenqvist sektionsledare<br \/>\nMarie Olausson specialistpsykolog<br \/>\nMaria Nilsson 2:e vice ordf Delregional n\u00e4mn Norra<br \/>\nLisa Berglund ledamot i Strategiska Sjukv\u00e5rdsn\u00e4mnden<br \/>\nTommy Larsson ledamot i Delregional n\u00e4mnd \u00d6stra<\/p>\n<p>F\u00f6rutom dessa var ocks\u00e5 Sandra Hauge Lundin v\u00e5rdadministrat\u00f6r och Martina Sinclair specialistsjuksk\u00f6terska med inriktning psykiatri med under studiebes\u00f6ket.<\/p>\n","protected":false},"excerpt":{"rendered":"<p>Under tisdagen gjorde Maria Nilsson, Lisa Berglund och Tommy Larsson ett studiebes\u00f6k med fokus p\u00e5 \u201dEn v\u00e4g in- barn och unga med psykisk oh\u00e4lsa\u201d, Maria Nilsson, Lisa Berglund och Tommy Larsson. En v\u00e4g in har varit i g\u00e5ng sedan mars 2022 och \u00e4r ett tre\u00e5rigt tillg\u00e4nglighetsuppdrag (BUP) med m\u00e5let om en god tillg\u00e4nglighet f\u00f6r alla <a class=\"read-more-link\" href=\"https:\/\/wp.kristdemokraterna.se\/vg\/verksamhetsbesok-en-vag-in\/\">Read More<\/a><\/p>\n","protected":false},"author":726,"featured_media":1158,"comment_status":"closed","ping_status":"closed","sticky":false,"template":"","format":"standard","meta":{"_acf_changed":false,"footnotes":""},"categories":[9],"tags":[],"class_list":["post-1157","post","type-post","status-publish","format-standard","has-post-thumbnail","hentry","category-halso-och-sjukvard"],"acf":[],"yoast_head":"<!-- This site is optimized with the Yoast SEO plugin v27.5 - https:\/\/yoast.com\/product\/yoast-seo-wordpress\/ -->\n<title>Verksamhetsbes\u00f6k - en v\u00e4g in - V\u00e4stra G\u00f6talandsregionen<\/title>\n<meta name=\"robots\" content=\"index, follow, max-snippet:-1, max-image-preview:large, max-video-preview:-1\" \/>\n<link rel=\"canonical\" href=\"https:\/\/wp.kristdemokraterna.se\/vg\/verksamhetsbesok-en-vag-in\/\" \/>\n<meta property=\"og:locale\" content=\"sv_SE\" \/>\n<meta property=\"og:type\" content=\"article\" \/>\n<meta property=\"og:title\" content=\"Verksamhetsbes\u00f6k - en v\u00e4g in - V\u00e4stra G\u00f6talandsregionen\" \/>\n<meta property=\"og:description\" content=\"Under tisdagen gjorde Maria Nilsson, Lisa Berglund och Tommy Larsson ett studiebes\u00f6k med fokus p\u00e5 \u201dEn v\u00e4g in- barn och unga med psykisk oh\u00e4lsa\u201d, Maria Nilsson, Lisa Berglund och Tommy Larsson. En v\u00e4g in har varit i g\u00e5ng sedan mars 2022 och \u00e4r ett tre\u00e5rigt tillg\u00e4nglighetsuppdrag (BUP) med m\u00e5let om en god tillg\u00e4nglighet f\u00f6r alla Read More\" \/>\n<meta property=\"og:url\" content=\"https:\/\/wp.kristdemokraterna.se\/vg\/verksamhetsbesok-en-vag-in\/\" \/>\n<meta property=\"og:site_name\" content=\"V\u00e4stra G\u00f6talandsregionen\" \/>\n<meta property=\"article:published_time\" content=\"2023-01-18T14:34:34+00:00\" \/>\n<meta property=\"article:modified_time\" content=\"2023-01-18T14:36:30+00:00\" \/>\n<meta property=\"og:image\" content=\"http:\/\/wp.kristdemokraterna.se\/vg\/files\/2023\/01\/mn-bild.png\" \/>\n\t<meta property=\"og:image:width\" content=\"470\" \/>\n\t<meta property=\"og:image:height\" content=\"262\" \/>\n\t<meta property=\"og:image:type\" content=\"image\/png\" \/>\n<meta name=\"author\" content=\"vg\" \/>\n<meta name=\"twitter:card\" content=\"summary_large_image\" \/>\n<meta name=\"twitter:creator\" content=\"@KD_VGR\" \/>\n<meta name=\"twitter:site\" content=\"@KD_VGR\" \/>\n<meta name=\"twitter:label1\" content=\"Skriven av\" \/>\n\t<meta name=\"twitter:data1\" content=\"vg\" \/>\n\t<meta name=\"twitter:label2\" content=\"Ber\u00e4knad l\u00e4stid\" \/>\n\t<meta name=\"twitter:data2\" content=\"2 minuter\" \/>\n<script type=\"application\/ld+json\" class=\"yoast-schema-graph\">{\"@context\":\"https:\\\/\\\/schema.org\",\"@graph\":[{\"@type\":\"Article\",\"@id\":\"https:\\\/\\\/wp.kristdemokraterna.se\\\/vg\\\/verksamhetsbesok-en-vag-in\\\/#article\",\"isPartOf\":{\"@id\":\"https:\\\/\\\/wp.kristdemokraterna.se\\\/vg\\\/verksamhetsbesok-en-vag-in\\\/\"},\"author\":{\"name\":\"vg\",\"@id\":\"https:\\\/\\\/wp.kristdemokraterna.se\\\/vg\\\/#\\\/schema\\\/person\\\/485c1ff01f1324aafbb92705c598210f\"},\"headline\":\"Verksamhetsbes\u00f6k &#8211; en v\u00e4g in\",\"datePublished\":\"2023-01-18T14:34:34+00:00\",\"dateModified\":\"2023-01-18T14:36:30+00:00\",\"mainEntityOfPage\":{\"@id\":\"https:\\\/\\\/wp.kristdemokraterna.se\\\/vg\\\/verksamhetsbesok-en-vag-in\\\/\"},\"wordCount\":292,\"image\":{\"@id\":\"https:\\\/\\\/wp.kristdemokraterna.se\\\/vg\\\/verksamhetsbesok-en-vag-in\\\/#primaryimage\"},\"thumbnailUrl\":\"https:\\\/\\\/wp.kristdemokraterna.se\\\/vg\\\/files\\\/2023\\\/01\\\/mn-bild.png\",\"articleSection\":[\"H\u00e4lso- och sjukv\u00e5rd\"],\"inLanguage\":\"sv-SE\"},{\"@type\":\"WebPage\",\"@id\":\"https:\\\/\\\/wp.kristdemokraterna.se\\\/vg\\\/verksamhetsbesok-en-vag-in\\\/\",\"url\":\"https:\\\/\\\/wp.kristdemokraterna.se\\\/vg\\\/verksamhetsbesok-en-vag-in\\\/\",\"name\":\"Verksamhetsbes\u00f6k - en v\u00e4g in - V\u00e4stra G\u00f6talandsregionen\",\"isPartOf\":{\"@id\":\"https:\\\/\\\/wp.kristdemokraterna.se\\\/vg\\\/#website\"},\"primaryImageOfPage\":{\"@id\":\"https:\\\/\\\/wp.kristdemokraterna.se\\\/vg\\\/verksamhetsbesok-en-vag-in\\\/#primaryimage\"},\"image\":{\"@id\":\"https:\\\/\\\/wp.kristdemokraterna.se\\\/vg\\\/verksamhetsbesok-en-vag-in\\\/#primaryimage\"},\"thumbnailUrl\":\"https:\\\/\\\/wp.kristdemokraterna.se\\\/vg\\\/files\\\/2023\\\/01\\\/mn-bild.png\",\"datePublished\":\"2023-01-18T14:34:34+00:00\",\"dateModified\":\"2023-01-18T14:36:30+00:00\",\"author\":{\"@id\":\"https:\\\/\\\/wp.kristdemokraterna.se\\\/vg\\\/#\\\/schema\\\/person\\\/485c1ff01f1324aafbb92705c598210f\"},\"breadcrumb\":{\"@id\":\"https:\\\/\\\/wp.kristdemokraterna.se\\\/vg\\\/verksamhetsbesok-en-vag-in\\\/#breadcrumb\"},\"inLanguage\":\"sv-SE\",\"potentialAction\":[{\"@type\":\"ReadAction\",\"target\":[\"https:\\\/\\\/wp.kristdemokraterna.se\\\/vg\\\/verksamhetsbesok-en-vag-in\\\/\"]}]},{\"@type\":\"ImageObject\",\"inLanguage\":\"sv-SE\",\"@id\":\"https:\\\/\\\/wp.kristdemokraterna.se\\\/vg\\\/verksamhetsbesok-en-vag-in\\\/#primaryimage\",\"url\":\"https:\\\/\\\/wp.kristdemokraterna.se\\\/vg\\\/files\\\/2023\\\/01\\\/mn-bild.png\",\"contentUrl\":\"https:\\\/\\\/wp.kristdemokraterna.se\\\/vg\\\/files\\\/2023\\\/01\\\/mn-bild.png\",\"width\":470,\"height\":262},{\"@type\":\"BreadcrumbList\",\"@id\":\"https:\\\/\\\/wp.kristdemokraterna.se\\\/vg\\\/verksamhetsbesok-en-vag-in\\\/#breadcrumb\",\"itemListElement\":[{\"@type\":\"ListItem\",\"position\":1,\"name\":\"Hem\",\"item\":\"https:\\\/\\\/wp.kristdemokraterna.se\\\/vg\\\/\"},{\"@type\":\"ListItem\",\"position\":2,\"name\":\"Verksamhetsbes\u00f6k &#8211; en v\u00e4g in\"}]},{\"@type\":\"WebSite\",\"@id\":\"https:\\\/\\\/wp.kristdemokraterna.se\\\/vg\\\/#website\",\"url\":\"https:\\\/\\\/wp.kristdemokraterna.se\\\/vg\\\/\",\"name\":\"V\u00e4stra G\u00f6talandsregionen\",\"description\":\"\",\"inLanguage\":\"sv-SE\"},{\"@type\":\"Person\",\"@id\":\"https:\\\/\\\/wp.kristdemokraterna.se\\\/vg\\\/#\\\/schema\\\/person\\\/485c1ff01f1324aafbb92705c598210f\",\"name\":\"vg\",\"image\":{\"@type\":\"ImageObject\",\"inLanguage\":\"sv-SE\",\"@id\":\"https:\\\/\\\/secure.gravatar.com\\\/avatar\\\/387c874425c7747be372c14ca2d69e1689502257d65ec3b403b441b6435e48d8?s=96&d=mm&r=g\",\"url\":\"https:\\\/\\\/secure.gravatar.com\\\/avatar\\\/387c874425c7747be372c14ca2d69e1689502257d65ec3b403b441b6435e48d8?s=96&d=mm&r=g\",\"contentUrl\":\"https:\\\/\\\/secure.gravatar.com\\\/avatar\\\/387c874425c7747be372c14ca2d69e1689502257d65ec3b403b441b6435e48d8?s=96&d=mm&r=g\",\"caption\":\"vg\"},\"url\":\"https:\\\/\\\/wp.kristdemokraterna.se\\\/vg\\\/author\\\/vg\\\/\"}]}<\/script>\n<!-- \/ Yoast SEO plugin. -->","yoast_head_json":{"title":"Verksamhetsbes\u00f6k - en v\u00e4g in - V\u00e4stra G\u00f6talandsregionen","robots":{"index":"index","follow":"follow","max-snippet":"max-snippet:-1","max-image-preview":"max-image-preview:large","max-video-preview":"max-video-preview:-1"},"canonical":"https:\/\/wp.kristdemokraterna.se\/vg\/verksamhetsbesok-en-vag-in\/","og_locale":"sv_SE","og_type":"article","og_title":"Verksamhetsbes\u00f6k - en v\u00e4g in - V\u00e4stra G\u00f6talandsregionen","og_description":"Under tisdagen gjorde Maria Nilsson, Lisa Berglund och Tommy Larsson ett studiebes\u00f6k med fokus p\u00e5 \u201dEn v\u00e4g in- barn och unga med psykisk oh\u00e4lsa\u201d, Maria Nilsson, Lisa Berglund och Tommy Larsson. En v\u00e4g in har varit i g\u00e5ng sedan mars 2022 och \u00e4r ett tre\u00e5rigt tillg\u00e4nglighetsuppdrag (BUP) med m\u00e5let om en god tillg\u00e4nglighet f\u00f6r alla Read More","og_url":"https:\/\/wp.kristdemokraterna.se\/vg\/verksamhetsbesok-en-vag-in\/","og_site_name":"V\u00e4stra G\u00f6talandsregionen","article_published_time":"2023-01-18T14:34:34+00:00","article_modified_time":"2023-01-18T14:36:30+00:00","og_image":[{"width":470,"height":262,"url":"http:\/\/wp.kristdemokraterna.se\/vg\/files\/2023\/01\/mn-bild.png","type":"image\/png"}],"author":"vg","twitter_card":"summary_large_image","twitter_creator":"@KD_VGR","twitter_site":"@KD_VGR","twitter_misc":{"Skriven av":"vg","Ber\u00e4knad l\u00e4stid":"2 minuter"},"schema":{"@context":"https:\/\/schema.org","@graph":[{"@type":"Article","@id":"https:\/\/wp.kristdemokraterna.se\/vg\/verksamhetsbesok-en-vag-in\/#article","isPartOf":{"@id":"https:\/\/wp.kristdemokraterna.se\/vg\/verksamhetsbesok-en-vag-in\/"},"author":{"name":"vg","@id":"https:\/\/wp.kristdemokraterna.se\/vg\/#\/schema\/person\/485c1ff01f1324aafbb92705c598210f"},"headline":"Verksamhetsbes\u00f6k &#8211; en v\u00e4g in","datePublished":"2023-01-18T14:34:34+00:00","dateModified":"2023-01-18T14:36:30+00:00","mainEntityOfPage":{"@id":"https:\/\/wp.kristdemokraterna.se\/vg\/verksamhetsbesok-en-vag-in\/"},"wordCount":292,"image":{"@id":"https:\/\/wp.kristdemokraterna.se\/vg\/verksamhetsbesok-en-vag-in\/#primaryimage"},"thumbnailUrl":"https:\/\/wp.kristdemokraterna.se\/vg\/files\/2023\/01\/mn-bild.png","articleSection":["H\u00e4lso- och sjukv\u00e5rd"],"inLanguage":"sv-SE"},{"@type":"WebPage","@id":"https:\/\/wp.kristdemokraterna.se\/vg\/verksamhetsbesok-en-vag-in\/","url":"https:\/\/wp.kristdemokraterna.se\/vg\/verksamhetsbesok-en-vag-in\/","name":"Verksamhetsbes\u00f6k - en v\u00e4g in - V\u00e4stra G\u00f6talandsregionen","isPartOf":{"@id":"https:\/\/wp.kristdemokraterna.se\/vg\/#website"},"primaryImageOfPage":{"@id":"https:\/\/wp.kristdemokraterna.se\/vg\/verksamhetsbesok-en-vag-in\/#primaryimage"},"image":{"@id":"https:\/\/wp.kristdemokraterna.se\/vg\/verksamhetsbesok-en-vag-in\/#primaryimage"},"thumbnailUrl":"https:\/\/wp.kristdemokraterna.se\/vg\/files\/2023\/01\/mn-bild.png","datePublished":"2023-01-18T14:34:34+00:00","dateModified":"2023-01-18T14:36:30+00:00","author":{"@id":"https:\/\/wp.kristdemokraterna.se\/vg\/#\/schema\/person\/485c1ff01f1324aafbb92705c598210f"},"breadcrumb":{"@id":"https:\/\/wp.kristdemokraterna.se\/vg\/verksamhetsbesok-en-vag-in\/#breadcrumb"},"inLanguage":"sv-SE","potentialAction":[{"@type":"ReadAction","target":["https:\/\/wp.kristdemokraterna.se\/vg\/verksamhetsbesok-en-vag-in\/"]}]},{"@type":"ImageObject","inLanguage":"sv-SE","@id":"https:\/\/wp.kristdemokraterna.se\/vg\/verksamhetsbesok-en-vag-in\/#primaryimage","url":"https:\/\/wp.kristdemokraterna.se\/vg\/files\/2023\/01\/mn-bild.png","contentUrl":"https:\/\/wp.kristdemokraterna.se\/vg\/files\/2023\/01\/mn-bild.png","width":470,"height":262},{"@type":"BreadcrumbList","@id":"https:\/\/wp.kristdemokraterna.se\/vg\/verksamhetsbesok-en-vag-in\/#breadcrumb","itemListElement":[{"@type":"ListItem","position":1,"name":"Hem","item":"https:\/\/wp.kristdemokraterna.se\/vg\/"},{"@type":"ListItem","position":2,"name":"Verksamhetsbes\u00f6k &#8211; en v\u00e4g in"}]},{"@type":"WebSite","@id":"https:\/\/wp.kristdemokraterna.se\/vg\/#website","url":"https:\/\/wp.kristdemokraterna.se\/vg\/","name":"V\u00e4stra G\u00f6talandsregionen","description":"","inLanguage":"sv-SE"},{"@type":"Person","@id":"https:\/\/wp.kristdemokraterna.se\/vg\/#\/schema\/person\/485c1ff01f1324aafbb92705c598210f","name":"vg","image":{"@type":"ImageObject","inLanguage":"sv-SE","@id":"https:\/\/secure.gravatar.com\/avatar\/387c874425c7747be372c14ca2d69e1689502257d65ec3b403b441b6435e48d8?s=96&d=mm&r=g","url":"https:\/\/secure.gravatar.com\/avatar\/387c874425c7747be372c14ca2d69e1689502257d65ec3b403b441b6435e48d8?s=96&d=mm&r=g","contentUrl":"https:\/\/secure.gravatar.com\/avatar\/387c874425c7747be372c14ca2d69e1689502257d65ec3b403b441b6435e48d8?s=96&d=mm&r=g","caption":"vg"},"url":"https:\/\/wp.kristdemokraterna.se\/vg\/author\/vg\/"}]}},"_links":{"self":[{"href":"https:\/\/wp.kristdemokraterna.se\/vg\/wp-json\/wp\/v2\/posts\/1157","targetHints":{"allow":["GET"]}}],"collection":[{"href":"https:\/\/wp.kristdemokraterna.se\/vg\/wp-json\/wp\/v2\/posts"}],"about":[{"href":"https:\/\/wp.kristdemokraterna.se\/vg\/wp-json\/wp\/v2\/types\/post"}],"author":[{"embeddable":true,"href":"https:\/\/wp.kristdemokraterna.se\/vg\/wp-json\/wp\/v2\/users\/726"}],"replies":[{"embeddable":true,"href":"https:\/\/wp.kristdemokraterna.se\/vg\/wp-json\/wp\/v2\/comments?post=1157"}],"version-history":[{"count":3,"href":"https:\/\/wp.kristdemokraterna.se\/vg\/wp-json\/wp\/v2\/posts\/1157\/revisions"}],"predecessor-version":[{"id":1161,"href":"https:\/\/wp.kristdemokraterna.se\/vg\/wp-json\/wp\/v2\/posts\/1157\/revisions\/1161"}],"wp:featuredmedia":[{"embeddable":true,"href":"https:\/\/wp.kristdemokraterna.se\/vg\/wp-json\/wp\/v2\/media\/1158"}],"wp:attachment":[{"href":"https:\/\/wp.kristdemokraterna.se\/vg\/wp-json\/wp\/v2\/media?parent=1157"}],"wp:term":[{"taxonomy":"category","embeddable":true,"href":"https:\/\/wp.kristdemokraterna.se\/vg\/wp-json\/wp\/v2\/categories?post=1157"},{"taxonomy":"post_tag","embeddable":true,"href":"https:\/\/wp.kristdemokraterna.se\/vg\/wp-json\/wp\/v2\/tags?post=1157"}],"curies":[{"name":"wp","href":"https:\/\/api.w.org\/{rel}","templated":true}]}}