{"id":1202,"date":"2023-05-16T11:55:42","date_gmt":"2023-05-16T09:55:42","guid":{"rendered":"https:\/\/wp.kristdemokraterna.se\/vg\/?p=1202"},"modified":"2023-05-16T11:56:10","modified_gmt":"2023-05-16T09:56:10","slug":"atgardsforslag-for-ekonomiskt-ansvarstagande","status":"publish","type":"post","link":"https:\/\/wp.kristdemokraterna.se\/vg\/atgardsforslag-for-ekonomiskt-ansvarstagande\/","title":{"rendered":"\u00c5tg\u00e4rdsf\u00f6rslag f\u00f6r ekonomiskt ansvarstagande"},"content":{"rendered":"<p>V\u00e4stra G\u00f6talandsregionen beh\u00f6ver ta ett st\u00f6rre ansvar f\u00f6r att f\u00e5 ekonomin att g\u00e5 ihop. Det menar Moderaterna och Kristdemokraterna som vid tisdagens regionstyrelsesammantr\u00e4de la fram ett antal f\u00f6rslag f\u00f6r att h\u00e5lla nere kostnaderna.<br \/>\n<!--more--><br \/>\nBudgeten f\u00f6r V\u00e4stra G\u00f6talandsregionen 2023 antogs med ett p\u00e5 f\u00f6rhand f\u00f6rv\u00e4ntat underskott om cirka 1.4 miljarder kronor. Prognoserna visar att det med st\u00f6rsta sannolikhet kommer se \u00e4nnu s\u00e4mre ut vid \u00e5rets slut. Mellan januari \u2013 mars i \u00e5r \u00e4r det samlade underskottet f\u00f6r regionens sjukhus p\u00e5 696 miljoner kronor.<\/p>\n<p>Moderaterna och Kristdemokraternas f\u00f6rslag handlar bland annat om att genomf\u00f6ra en \u00f6versyn av kostnader f\u00f6r konferenser, framtagande av plan f\u00f6r effektivare nyttjande av lokaler och avbrytande av upphandlingen av regionens hus i V\u00e4nersborg. D\u00e4rtill f\u00f6reslog de tv\u00e5 partierna \u00e5tg\u00e4rder f\u00f6r st\u00f6rre \u00e5terh\u00e5llsamhet vid nyrekryteringar samt att regionen ska avsluta f\u00f6rnyelsen av ramavtal f\u00f6r 2023 inom kommunikation, varum\u00e4rkesstrategi samt mediebyr\u00e5tj\u00e4nster. Regionstyrelsen har nu skickat \u00e4rendet vidare f\u00f6r beredning inf\u00f6r beslut.<\/p>\n<p>&#8211; Att ta ansvar f\u00f6r den ekonomiska situationen \u00e4r inte bara en skyldighet, utan ocks\u00e5 en m\u00f6jlighet att visa ledarskap. Genom att gemensamt arbeta f\u00f6r att v\u00e4nda utvecklingen och granska omr\u00e5den d\u00e4r vi kan spara in p\u00e5 skattebetalarnas pengar, visar vi att vi \u00e4r beredda att ta itu med de utmaningar som regionen st\u00e5r inf\u00f6r. Tillsammans kan vi inspirera andra att f\u00f6lja v\u00e5rt exempel och arbeta mot en h\u00e5llbar ekonomisk framtid f\u00f6r V\u00e4stra G\u00f6talandsregionen, s\u00e4ger Lars Holmin (M), vice ordf\u00f6rande regionstyrelsen.<\/p>\n<p>&#8211; Vi riktar udden mot dyr administration och kostsamma externa evenemang samt bristande effektivitet inom lokalf\u00f6rs\u00f6rjningen. I den ekonomiska verklighet som r\u00e5der kr\u00e4vs att regionen \u00e4r trov\u00e4rdig i sin styrning och ledarskap. Det inneb\u00e4r ocks\u00e5 ett viktigt signalv\u00e4rde f\u00f6r de som sliter med sina budgetar inom sjukv\u00e5rden. Det handlar om att alla m\u00e5ste bidra i arbetet att v\u00e4nda utvecklingen, s\u00e4ger Stefan Svensson (KD), regionr\u00e5d.<\/p>\n<p><strong>Kontakt:<br \/>\n<\/strong><br \/>\n<strong>Lars Holmin (M)<\/strong>, vice ordf\u00f6rande regionstyrelsen<br \/>\n070- 562 62 79<\/p>\n<p><strong>Stefan Svensson (KD)<\/strong>, regionr\u00e5d<br \/>\n076 \u2013 496 27 75<\/p>\n","protected":false},"excerpt":{"rendered":"<p>V\u00e4stra G\u00f6talandsregionen beh\u00f6ver ta ett st\u00f6rre ansvar f\u00f6r att f\u00e5 ekonomin att g\u00e5 ihop. Det menar Moderaterna och Kristdemokraterna som vid tisdagens regionstyrelsesammantr\u00e4de la fram ett antal f\u00f6rslag f\u00f6r att h\u00e5lla nere kostnaderna.<\/p>\n","protected":false},"author":726,"featured_media":766,"comment_status":"closed","ping_status":"closed","sticky":false,"template":"","format":"standard","meta":{"_acf_changed":false,"footnotes":""},"categories":[9,74,10,11],"tags":[40,29,86],"class_list":["post-1202","post","type-post","status-publish","format-standard","has-post-thumbnail","hentry","category-halso-och-sjukvard","category-kollektivtrafik","category-kultur","category-miljo","tag-budget","tag-ekonomi","tag-stefan-svensson"],"acf":[],"yoast_head":"<!-- This site is optimized with the Yoast SEO plugin v27.4 - https:\/\/yoast.com\/product\/yoast-seo-wordpress\/ -->\n<title>\u00c5tg\u00e4rdsf\u00f6rslag f\u00f6r ekonomiskt ansvarstagande - V\u00e4stra G\u00f6talandsregionen<\/title>\n<meta name=\"robots\" content=\"index, follow, max-snippet:-1, max-image-preview:large, max-video-preview:-1\" \/>\n<link rel=\"canonical\" href=\"https:\/\/wp.kristdemokraterna.se\/vg\/atgardsforslag-for-ekonomiskt-ansvarstagande\/\" \/>\n<meta property=\"og:locale\" content=\"sv_SE\" \/>\n<meta property=\"og:type\" content=\"article\" \/>\n<meta property=\"og:title\" content=\"\u00c5tg\u00e4rdsf\u00f6rslag f\u00f6r ekonomiskt ansvarstagande - V\u00e4stra G\u00f6talandsregionen\" \/>\n<meta property=\"og:description\" content=\"V\u00e4stra G\u00f6talandsregionen beh\u00f6ver ta ett st\u00f6rre ansvar f\u00f6r att f\u00e5 ekonomin att g\u00e5 ihop. Det menar Moderaterna och Kristdemokraterna som vid tisdagens regionstyrelsesammantr\u00e4de la fram ett antal f\u00f6rslag f\u00f6r att h\u00e5lla nere kostnaderna.\" \/>\n<meta property=\"og:url\" content=\"https:\/\/wp.kristdemokraterna.se\/vg\/atgardsforslag-for-ekonomiskt-ansvarstagande\/\" \/>\n<meta property=\"og:site_name\" content=\"V\u00e4stra G\u00f6talandsregionen\" \/>\n<meta property=\"article:published_time\" content=\"2023-05-16T09:55:42+00:00\" \/>\n<meta property=\"article:modified_time\" content=\"2023-05-16T09:56:10+00:00\" \/>\n<meta property=\"og:image\" content=\"http:\/\/wp.kristdemokraterna.se\/vg\/files\/2018\/08\/pengahog.jpg\" \/>\n\t<meta property=\"og:image:width\" content=\"469\" \/>\n\t<meta property=\"og:image:height\" content=\"263\" \/>\n\t<meta property=\"og:image:type\" content=\"image\/jpeg\" \/>\n<meta name=\"author\" content=\"vg\" \/>\n<meta name=\"twitter:card\" content=\"summary_large_image\" \/>\n<meta name=\"twitter:creator\" content=\"@KD_VGR\" \/>\n<meta name=\"twitter:site\" content=\"@KD_VGR\" \/>\n<meta name=\"twitter:label1\" content=\"Skriven av\" \/>\n\t<meta name=\"twitter:data1\" content=\"vg\" \/>\n\t<meta name=\"twitter:label2\" content=\"Ber\u00e4knad l\u00e4stid\" \/>\n\t<meta name=\"twitter:data2\" content=\"2 minuter\" \/>\n<script type=\"application\/ld+json\" class=\"yoast-schema-graph\">{\"@context\":\"https:\\\/\\\/schema.org\",\"@graph\":[{\"@type\":\"Article\",\"@id\":\"https:\\\/\\\/wp.kristdemokraterna.se\\\/vg\\\/atgardsforslag-for-ekonomiskt-ansvarstagande\\\/#article\",\"isPartOf\":{\"@id\":\"https:\\\/\\\/wp.kristdemokraterna.se\\\/vg\\\/atgardsforslag-for-ekonomiskt-ansvarstagande\\\/\"},\"author\":{\"name\":\"vg\",\"@id\":\"https:\\\/\\\/wp.kristdemokraterna.se\\\/vg\\\/#\\\/schema\\\/person\\\/485c1ff01f1324aafbb92705c598210f\"},\"headline\":\"\u00c5tg\u00e4rdsf\u00f6rslag f\u00f6r ekonomiskt ansvarstagande\",\"datePublished\":\"2023-05-16T09:55:42+00:00\",\"dateModified\":\"2023-05-16T09:56:10+00:00\",\"mainEntityOfPage\":{\"@id\":\"https:\\\/\\\/wp.kristdemokraterna.se\\\/vg\\\/atgardsforslag-for-ekonomiskt-ansvarstagande\\\/\"},\"wordCount\":377,\"image\":{\"@id\":\"https:\\\/\\\/wp.kristdemokraterna.se\\\/vg\\\/atgardsforslag-for-ekonomiskt-ansvarstagande\\\/#primaryimage\"},\"thumbnailUrl\":\"https:\\\/\\\/wp.kristdemokraterna.se\\\/vg\\\/files\\\/2018\\\/08\\\/pengahog.jpg\",\"keywords\":[\"Budget\",\"ekonomi\",\"stefan svensson\"],\"articleSection\":[\"H\u00e4lso- och sjukv\u00e5rd\",\"kollektivtrafik\",\"Kultur\",\"Milj\u00f6\"],\"inLanguage\":\"sv-SE\"},{\"@type\":\"WebPage\",\"@id\":\"https:\\\/\\\/wp.kristdemokraterna.se\\\/vg\\\/atgardsforslag-for-ekonomiskt-ansvarstagande\\\/\",\"url\":\"https:\\\/\\\/wp.kristdemokraterna.se\\\/vg\\\/atgardsforslag-for-ekonomiskt-ansvarstagande\\\/\",\"name\":\"\u00c5tg\u00e4rdsf\u00f6rslag f\u00f6r ekonomiskt ansvarstagande - V\u00e4stra G\u00f6talandsregionen\",\"isPartOf\":{\"@id\":\"https:\\\/\\\/wp.kristdemokraterna.se\\\/vg\\\/#website\"},\"primaryImageOfPage\":{\"@id\":\"https:\\\/\\\/wp.kristdemokraterna.se\\\/vg\\\/atgardsforslag-for-ekonomiskt-ansvarstagande\\\/#primaryimage\"},\"image\":{\"@id\":\"https:\\\/\\\/wp.kristdemokraterna.se\\\/vg\\\/atgardsforslag-for-ekonomiskt-ansvarstagande\\\/#primaryimage\"},\"thumbnailUrl\":\"https:\\\/\\\/wp.kristdemokraterna.se\\\/vg\\\/files\\\/2018\\\/08\\\/pengahog.jpg\",\"datePublished\":\"2023-05-16T09:55:42+00:00\",\"dateModified\":\"2023-05-16T09:56:10+00:00\",\"author\":{\"@id\":\"https:\\\/\\\/wp.kristdemokraterna.se\\\/vg\\\/#\\\/schema\\\/person\\\/485c1ff01f1324aafbb92705c598210f\"},\"breadcrumb\":{\"@id\":\"https:\\\/\\\/wp.kristdemokraterna.se\\\/vg\\\/atgardsforslag-for-ekonomiskt-ansvarstagande\\\/#breadcrumb\"},\"inLanguage\":\"sv-SE\",\"potentialAction\":[{\"@type\":\"ReadAction\",\"target\":[\"https:\\\/\\\/wp.kristdemokraterna.se\\\/vg\\\/atgardsforslag-for-ekonomiskt-ansvarstagande\\\/\"]}]},{\"@type\":\"ImageObject\",\"inLanguage\":\"sv-SE\",\"@id\":\"https:\\\/\\\/wp.kristdemokraterna.se\\\/vg\\\/atgardsforslag-for-ekonomiskt-ansvarstagande\\\/#primaryimage\",\"url\":\"https:\\\/\\\/wp.kristdemokraterna.se\\\/vg\\\/files\\\/2018\\\/08\\\/pengahog.jpg\",\"contentUrl\":\"https:\\\/\\\/wp.kristdemokraterna.se\\\/vg\\\/files\\\/2018\\\/08\\\/pengahog.jpg\",\"width\":469,\"height\":263},{\"@type\":\"BreadcrumbList\",\"@id\":\"https:\\\/\\\/wp.kristdemokraterna.se\\\/vg\\\/atgardsforslag-for-ekonomiskt-ansvarstagande\\\/#breadcrumb\",\"itemListElement\":[{\"@type\":\"ListItem\",\"position\":1,\"name\":\"Hem\",\"item\":\"https:\\\/\\\/wp.kristdemokraterna.se\\\/vg\\\/\"},{\"@type\":\"ListItem\",\"position\":2,\"name\":\"\u00c5tg\u00e4rdsf\u00f6rslag f\u00f6r ekonomiskt ansvarstagande\"}]},{\"@type\":\"WebSite\",\"@id\":\"https:\\\/\\\/wp.kristdemokraterna.se\\\/vg\\\/#website\",\"url\":\"https:\\\/\\\/wp.kristdemokraterna.se\\\/vg\\\/\",\"name\":\"V\u00e4stra G\u00f6talandsregionen\",\"description\":\"\",\"inLanguage\":\"sv-SE\"},{\"@type\":\"Person\",\"@id\":\"https:\\\/\\\/wp.kristdemokraterna.se\\\/vg\\\/#\\\/schema\\\/person\\\/485c1ff01f1324aafbb92705c598210f\",\"name\":\"vg\",\"image\":{\"@type\":\"ImageObject\",\"inLanguage\":\"sv-SE\",\"@id\":\"https:\\\/\\\/secure.gravatar.com\\\/avatar\\\/387c874425c7747be372c14ca2d69e1689502257d65ec3b403b441b6435e48d8?s=96&d=mm&r=g\",\"url\":\"https:\\\/\\\/secure.gravatar.com\\\/avatar\\\/387c874425c7747be372c14ca2d69e1689502257d65ec3b403b441b6435e48d8?s=96&d=mm&r=g\",\"contentUrl\":\"https:\\\/\\\/secure.gravatar.com\\\/avatar\\\/387c874425c7747be372c14ca2d69e1689502257d65ec3b403b441b6435e48d8?s=96&d=mm&r=g\",\"caption\":\"vg\"},\"url\":\"https:\\\/\\\/wp.kristdemokraterna.se\\\/vg\\\/author\\\/vg\\\/\"}]}<\/script>\n<!-- \/ Yoast SEO plugin. -->","yoast_head_json":{"title":"\u00c5tg\u00e4rdsf\u00f6rslag f\u00f6r ekonomiskt ansvarstagande - V\u00e4stra G\u00f6talandsregionen","robots":{"index":"index","follow":"follow","max-snippet":"max-snippet:-1","max-image-preview":"max-image-preview:large","max-video-preview":"max-video-preview:-1"},"canonical":"https:\/\/wp.kristdemokraterna.se\/vg\/atgardsforslag-for-ekonomiskt-ansvarstagande\/","og_locale":"sv_SE","og_type":"article","og_title":"\u00c5tg\u00e4rdsf\u00f6rslag f\u00f6r ekonomiskt ansvarstagande - V\u00e4stra G\u00f6talandsregionen","og_description":"V\u00e4stra G\u00f6talandsregionen beh\u00f6ver ta ett st\u00f6rre ansvar f\u00f6r att f\u00e5 ekonomin att g\u00e5 ihop. Det menar Moderaterna och Kristdemokraterna som vid tisdagens regionstyrelsesammantr\u00e4de la fram ett antal f\u00f6rslag f\u00f6r att h\u00e5lla nere kostnaderna.","og_url":"https:\/\/wp.kristdemokraterna.se\/vg\/atgardsforslag-for-ekonomiskt-ansvarstagande\/","og_site_name":"V\u00e4stra G\u00f6talandsregionen","article_published_time":"2023-05-16T09:55:42+00:00","article_modified_time":"2023-05-16T09:56:10+00:00","og_image":[{"width":469,"height":263,"url":"http:\/\/wp.kristdemokraterna.se\/vg\/files\/2018\/08\/pengahog.jpg","type":"image\/jpeg"}],"author":"vg","twitter_card":"summary_large_image","twitter_creator":"@KD_VGR","twitter_site":"@KD_VGR","twitter_misc":{"Skriven av":"vg","Ber\u00e4knad l\u00e4stid":"2 minuter"},"schema":{"@context":"https:\/\/schema.org","@graph":[{"@type":"Article","@id":"https:\/\/wp.kristdemokraterna.se\/vg\/atgardsforslag-for-ekonomiskt-ansvarstagande\/#article","isPartOf":{"@id":"https:\/\/wp.kristdemokraterna.se\/vg\/atgardsforslag-for-ekonomiskt-ansvarstagande\/"},"author":{"name":"vg","@id":"https:\/\/wp.kristdemokraterna.se\/vg\/#\/schema\/person\/485c1ff01f1324aafbb92705c598210f"},"headline":"\u00c5tg\u00e4rdsf\u00f6rslag f\u00f6r ekonomiskt ansvarstagande","datePublished":"2023-05-16T09:55:42+00:00","dateModified":"2023-05-16T09:56:10+00:00","mainEntityOfPage":{"@id":"https:\/\/wp.kristdemokraterna.se\/vg\/atgardsforslag-for-ekonomiskt-ansvarstagande\/"},"wordCount":377,"image":{"@id":"https:\/\/wp.kristdemokraterna.se\/vg\/atgardsforslag-for-ekonomiskt-ansvarstagande\/#primaryimage"},"thumbnailUrl":"https:\/\/wp.kristdemokraterna.se\/vg\/files\/2018\/08\/pengahog.jpg","keywords":["Budget","ekonomi","stefan svensson"],"articleSection":["H\u00e4lso- och sjukv\u00e5rd","kollektivtrafik","Kultur","Milj\u00f6"],"inLanguage":"sv-SE"},{"@type":"WebPage","@id":"https:\/\/wp.kristdemokraterna.se\/vg\/atgardsforslag-for-ekonomiskt-ansvarstagande\/","url":"https:\/\/wp.kristdemokraterna.se\/vg\/atgardsforslag-for-ekonomiskt-ansvarstagande\/","name":"\u00c5tg\u00e4rdsf\u00f6rslag f\u00f6r ekonomiskt ansvarstagande - V\u00e4stra G\u00f6talandsregionen","isPartOf":{"@id":"https:\/\/wp.kristdemokraterna.se\/vg\/#website"},"primaryImageOfPage":{"@id":"https:\/\/wp.kristdemokraterna.se\/vg\/atgardsforslag-for-ekonomiskt-ansvarstagande\/#primaryimage"},"image":{"@id":"https:\/\/wp.kristdemokraterna.se\/vg\/atgardsforslag-for-ekonomiskt-ansvarstagande\/#primaryimage"},"thumbnailUrl":"https:\/\/wp.kristdemokraterna.se\/vg\/files\/2018\/08\/pengahog.jpg","datePublished":"2023-05-16T09:55:42+00:00","dateModified":"2023-05-16T09:56:10+00:00","author":{"@id":"https:\/\/wp.kristdemokraterna.se\/vg\/#\/schema\/person\/485c1ff01f1324aafbb92705c598210f"},"breadcrumb":{"@id":"https:\/\/wp.kristdemokraterna.se\/vg\/atgardsforslag-for-ekonomiskt-ansvarstagande\/#breadcrumb"},"inLanguage":"sv-SE","potentialAction":[{"@type":"ReadAction","target":["https:\/\/wp.kristdemokraterna.se\/vg\/atgardsforslag-for-ekonomiskt-ansvarstagande\/"]}]},{"@type":"ImageObject","inLanguage":"sv-SE","@id":"https:\/\/wp.kristdemokraterna.se\/vg\/atgardsforslag-for-ekonomiskt-ansvarstagande\/#primaryimage","url":"https:\/\/wp.kristdemokraterna.se\/vg\/files\/2018\/08\/pengahog.jpg","contentUrl":"https:\/\/wp.kristdemokraterna.se\/vg\/files\/2018\/08\/pengahog.jpg","width":469,"height":263},{"@type":"BreadcrumbList","@id":"https:\/\/wp.kristdemokraterna.se\/vg\/atgardsforslag-for-ekonomiskt-ansvarstagande\/#breadcrumb","itemListElement":[{"@type":"ListItem","position":1,"name":"Hem","item":"https:\/\/wp.kristdemokraterna.se\/vg\/"},{"@type":"ListItem","position":2,"name":"\u00c5tg\u00e4rdsf\u00f6rslag f\u00f6r ekonomiskt ansvarstagande"}]},{"@type":"WebSite","@id":"https:\/\/wp.kristdemokraterna.se\/vg\/#website","url":"https:\/\/wp.kristdemokraterna.se\/vg\/","name":"V\u00e4stra G\u00f6talandsregionen","description":"","inLanguage":"sv-SE"},{"@type":"Person","@id":"https:\/\/wp.kristdemokraterna.se\/vg\/#\/schema\/person\/485c1ff01f1324aafbb92705c598210f","name":"vg","image":{"@type":"ImageObject","inLanguage":"sv-SE","@id":"https:\/\/secure.gravatar.com\/avatar\/387c874425c7747be372c14ca2d69e1689502257d65ec3b403b441b6435e48d8?s=96&d=mm&r=g","url":"https:\/\/secure.gravatar.com\/avatar\/387c874425c7747be372c14ca2d69e1689502257d65ec3b403b441b6435e48d8?s=96&d=mm&r=g","contentUrl":"https:\/\/secure.gravatar.com\/avatar\/387c874425c7747be372c14ca2d69e1689502257d65ec3b403b441b6435e48d8?s=96&d=mm&r=g","caption":"vg"},"url":"https:\/\/wp.kristdemokraterna.se\/vg\/author\/vg\/"}]}},"_links":{"self":[{"href":"https:\/\/wp.kristdemokraterna.se\/vg\/wp-json\/wp\/v2\/posts\/1202","targetHints":{"allow":["GET"]}}],"collection":[{"href":"https:\/\/wp.kristdemokraterna.se\/vg\/wp-json\/wp\/v2\/posts"}],"about":[{"href":"https:\/\/wp.kristdemokraterna.se\/vg\/wp-json\/wp\/v2\/types\/post"}],"author":[{"embeddable":true,"href":"https:\/\/wp.kristdemokraterna.se\/vg\/wp-json\/wp\/v2\/users\/726"}],"replies":[{"embeddable":true,"href":"https:\/\/wp.kristdemokraterna.se\/vg\/wp-json\/wp\/v2\/comments?post=1202"}],"version-history":[{"count":1,"href":"https:\/\/wp.kristdemokraterna.se\/vg\/wp-json\/wp\/v2\/posts\/1202\/revisions"}],"predecessor-version":[{"id":1203,"href":"https:\/\/wp.kristdemokraterna.se\/vg\/wp-json\/wp\/v2\/posts\/1202\/revisions\/1203"}],"wp:featuredmedia":[{"embeddable":true,"href":"https:\/\/wp.kristdemokraterna.se\/vg\/wp-json\/wp\/v2\/media\/766"}],"wp:attachment":[{"href":"https:\/\/wp.kristdemokraterna.se\/vg\/wp-json\/wp\/v2\/media?parent=1202"}],"wp:term":[{"taxonomy":"category","embeddable":true,"href":"https:\/\/wp.kristdemokraterna.se\/vg\/wp-json\/wp\/v2\/categories?post=1202"},{"taxonomy":"post_tag","embeddable":true,"href":"https:\/\/wp.kristdemokraterna.se\/vg\/wp-json\/wp\/v2\/tags?post=1202"}],"curies":[{"name":"wp","href":"https:\/\/api.w.org\/{rel}","templated":true}]}}