{"id":1260,"date":"2024-09-15T06:50:29","date_gmt":"2024-09-15T04:50:29","guid":{"rendered":"https:\/\/wp.kristdemokraterna.se\/vg\/?p=1260"},"modified":"2024-09-15T06:50:29","modified_gmt":"2024-09-15T04:50:29","slug":"bra-att-flygskatten-slopas-satsa-pa-miljovanligt-flyg-i-stallet","status":"publish","type":"post","link":"https:\/\/wp.kristdemokraterna.se\/vg\/bra-att-flygskatten-slopas-satsa-pa-miljovanligt-flyg-i-stallet\/","title":{"rendered":"Bra att flygskatten slopas \u2013 satsa p\u00e5 milj\u00f6v\u00e4nligt flyg i st\u00e4llet"},"content":{"rendered":"<p><strong>GP Debatt &#8211; Magnus Jacobsson och Stefan Svensson<\/strong><br \/>\nAvskaffande av flygskatten, tillsammans med fortsatta l\u00e5ga br\u00e4nslekostnader och en satsning p\u00e5 1172 miljarder till v\u00e4g och j\u00e4rnv\u00e4g, kommer att underl\u00e4tta f\u00f6r s\u00e5v\u00e4l inv\u00e5nare som n\u00e4ringsliv.<br \/>\n<!--more--><br \/>\nV\u00e4stsverige \u00e4r ett av Sveriges starkaste tillv\u00e4xtomr\u00e5den. Vi \u00e4r beroende av bra transporter f\u00f6r att kunna utveckla v\u00e5rt n\u00e4ringsliv och ta emot internationella bes\u00f6kare. Flygskatt f\u00f6rsv\u00e5rar dessutom fr\u00e4mst f\u00f6r alla med l\u00e4gre inkomster att resa med flyg. Marbinah och Nilsson Lewis fr\u00e5n Oxfam kritiserar avskaffandet av flygskatten i GP den 9 september, men de f\u00f6r en bakv\u00e4nd argumentering. Det \u00e4r flygbr\u00e4nslet som ska beskattas. Inte folk som reser. D\u00e5 kan flygbolagen sj\u00e4lva s\u00e4nka sina kostnader genom milj\u00f6omst\u00e4llning.<\/p>\n<p>N\u00e4r f\u00f6rslaget om att inf\u00f6ra flygskatt lyftes hade ett stort antal remissinstanser synpunkter p\u00e5 att den skulle f\u00e5 begr\u00e4nsad effekt f\u00f6r klimatet. Den f\u00f6rra regeringen gjorde dock bed\u00f6mningen att det fanns ett signalv\u00e4rde och hade f\u00f6rhoppningen att fler l\u00e4nder skulle ta efter. Ineffektiv symbolpolitik med andra ord. Bland de grupper som drabbats h\u00e5rdast \u00e4r barn som pendlar mellan separerade f\u00f6r\u00e4ldrar, studenter och pension\u00e4rer.<\/p>\n<p>Genom att ta bort flygskatten s\u00e4nks kostnaderna f\u00f6r flygbranschen med n\u00e4stan 2 miljarder kronor per \u00e5r. Detta \u00e4r en mycket viktig reform med tanke p\u00e5 att flyget drabbades oerh\u00f6rt h\u00e5rt av corona-restriktionerna. Landvetter, som \u00e4r v\u00e5r st\u00f6rsta flygplats, hade 2023 cirka 5 miljoner resen\u00e4rer. Det \u00e4r 25 procent f\u00e4rre j\u00e4mf\u00f6rt med tiden strax f\u00f6re coronapandemin.<\/p>\n<p>Pandemin i kombination med flygskatt och en allt h\u00e5rdare konkurrens ifr\u00e5n K\u00f6penhamn, Gardemoen och Helsingfors har gjort att Sverige har f\u00e4rre utrikes avg\u00e5ngar \u00e4n tidigare. Det g\u00f6r att v\u00e5ra f\u00f6retag ofta m\u00e5ste v\u00e4lja att resa till andra flygplatser f\u00f6r att ta sig vidare i v\u00e4rlden.<\/p>\n<p>N\u00e4r vi nu tar bort flygskatten har flera bolag aviserat att man \u00e4mnar ut\u00f6ka linjerna till och fr\u00e5n Sverige. Det underl\u00e4ttar \u00e4ven f\u00f6r alla mindre flygplatser d\u00e5 de mer lokala flygbolagen samt bolag som bedriver inrikesflyg f\u00e5r b\u00e4ttre ekonomiska f\u00f6ruts\u00e4ttningar.<\/p>\n<p>N\u00e4r flyget f\u00e5r m\u00f6jlighet att konkurrera p\u00e5 lika villkor inneb\u00e4r det ocks\u00e5 fler investeringar vilket i sig gynnar oss i V\u00e4stsverige d\u00e5 vi har flera bolag, bland annat GKN och Heart Aerospace, som arbetar med att utveckla milj\u00f6v\u00e4nliga flygmotorer samt elflyg.<\/p>\n<p>Flygets utsl\u00e4pp, som Marbinah och Nilsson Lewis lyfter, \u00e4r en angel\u00e4gen fr\u00e5ga. Vi h\u00e4vdar dock att fokus p\u00e5 att st\u00f6dja utvecklingen av milj\u00f6v\u00e4nligt flyg \u00e4r v\u00e4gen fram\u00e5t snarare \u00e4n skattep\u00e5slag.<\/p>\n<p>Kristdemokraterna jobbar aktivt med en milj\u00f6politik som bygger p\u00e5 att vi vidtar \u00e5tg\u00e4rder inom EU f\u00f6r att s\u00e4nka utsl\u00e4ppen via bland annat utsl\u00e4ppsr\u00e4tter samt reduktionsplikt inom det europeiska flyget.<\/p>\n<p>Avskaffande av flygskatten, tillsammans med fortsatta l\u00e5ga br\u00e4nslekostnader och en satsning p\u00e5 1172 miljarder till v\u00e4g och j\u00e4rnv\u00e4g, kommer att underl\u00e4tta f\u00f6r s\u00e5v\u00e4l inv\u00e5nare som n\u00e4ringsliv. Som kristdemokrater \u00e4r vi stolta \u00f6ver dessa \u00e5tg\u00e4rder. De kommer underl\u00e4tta f\u00f6r f\u00f6retagen och f\u00f6rb\u00e4ttra hush\u00e5llens ekonomi.<\/p>\n<p><strong>Magnus Jacobsson (KD)<\/strong> Distriktsordf\u00f6rande V\u00e4stra G\u00f6taland<br \/>\n<strong>Stefan Svensson (KD)<\/strong> Regionr\u00e5d KD V\u00e4stra G\u00f6talandsregionen<\/p>\n","protected":false},"excerpt":{"rendered":"<p>GP Debatt &#8211; Magnus Jacobsson och Stefan Svensson Avskaffande av flygskatten, tillsammans med fortsatta l\u00e5ga br\u00e4nslekostnader och en satsning p\u00e5 1172 miljarder till v\u00e4g och j\u00e4rnv\u00e4g, kommer att underl\u00e4tta f\u00f6r s\u00e5v\u00e4l inv\u00e5nare som n\u00e4ringsliv.<\/p>\n","protected":false},"author":726,"featured_media":1261,"comment_status":"closed","ping_status":"closed","sticky":false,"template":"","format":"standard","meta":{"_acf_changed":false,"footnotes":""},"categories":[1],"tags":[],"class_list":["post-1260","post","type-post","status-publish","format-standard","has-post-thumbnail","hentry","category-okategoriserade"],"acf":[],"yoast_head":"<!-- This site is optimized with the Yoast SEO plugin v27.4 - https:\/\/yoast.com\/product\/yoast-seo-wordpress\/ -->\n<title>Bra att flygskatten slopas \u2013 satsa p\u00e5 milj\u00f6v\u00e4nligt flyg i st\u00e4llet - V\u00e4stra G\u00f6talandsregionen<\/title>\n<meta name=\"robots\" content=\"index, follow, max-snippet:-1, max-image-preview:large, max-video-preview:-1\" \/>\n<link rel=\"canonical\" href=\"https:\/\/wp.kristdemokraterna.se\/vg\/bra-att-flygskatten-slopas-satsa-pa-miljovanligt-flyg-i-stallet\/\" \/>\n<meta property=\"og:locale\" content=\"sv_SE\" \/>\n<meta property=\"og:type\" content=\"article\" \/>\n<meta property=\"og:title\" content=\"Bra att flygskatten slopas \u2013 satsa p\u00e5 milj\u00f6v\u00e4nligt flyg i st\u00e4llet - V\u00e4stra G\u00f6talandsregionen\" \/>\n<meta property=\"og:description\" content=\"GP Debatt &#8211; Magnus Jacobsson och Stefan Svensson Avskaffande av flygskatten, tillsammans med fortsatta l\u00e5ga br\u00e4nslekostnader och en satsning p\u00e5 1172 miljarder till v\u00e4g och j\u00e4rnv\u00e4g, kommer att underl\u00e4tta f\u00f6r s\u00e5v\u00e4l inv\u00e5nare som n\u00e4ringsliv.\" \/>\n<meta property=\"og:url\" content=\"https:\/\/wp.kristdemokraterna.se\/vg\/bra-att-flygskatten-slopas-satsa-pa-miljovanligt-flyg-i-stallet\/\" \/>\n<meta property=\"og:site_name\" content=\"V\u00e4stra G\u00f6talandsregionen\" \/>\n<meta property=\"article:published_time\" content=\"2024-09-15T04:50:29+00:00\" \/>\n<meta property=\"og:image\" content=\"http:\/\/wp.kristdemokraterna.se\/vg\/files\/2024\/09\/flyg.png\" \/>\n\t<meta property=\"og:image:width\" content=\"472\" \/>\n\t<meta property=\"og:image:height\" content=\"263\" \/>\n\t<meta property=\"og:image:type\" content=\"image\/png\" \/>\n<meta name=\"author\" content=\"vg\" \/>\n<meta name=\"twitter:card\" content=\"summary_large_image\" \/>\n<meta name=\"twitter:creator\" content=\"@KD_VGR\" \/>\n<meta name=\"twitter:site\" content=\"@KD_VGR\" \/>\n<meta name=\"twitter:label1\" content=\"Skriven av\" \/>\n\t<meta name=\"twitter:data1\" content=\"vg\" \/>\n\t<meta name=\"twitter:label2\" content=\"Ber\u00e4knad l\u00e4stid\" \/>\n\t<meta name=\"twitter:data2\" content=\"3 minuter\" \/>\n<script type=\"application\/ld+json\" class=\"yoast-schema-graph\">{\"@context\":\"https:\\\/\\\/schema.org\",\"@graph\":[{\"@type\":\"Article\",\"@id\":\"https:\\\/\\\/wp.kristdemokraterna.se\\\/vg\\\/bra-att-flygskatten-slopas-satsa-pa-miljovanligt-flyg-i-stallet\\\/#article\",\"isPartOf\":{\"@id\":\"https:\\\/\\\/wp.kristdemokraterna.se\\\/vg\\\/bra-att-flygskatten-slopas-satsa-pa-miljovanligt-flyg-i-stallet\\\/\"},\"author\":{\"name\":\"vg\",\"@id\":\"https:\\\/\\\/wp.kristdemokraterna.se\\\/vg\\\/#\\\/schema\\\/person\\\/485c1ff01f1324aafbb92705c598210f\"},\"headline\":\"Bra att flygskatten slopas \u2013 satsa p\u00e5 milj\u00f6v\u00e4nligt flyg i st\u00e4llet\",\"datePublished\":\"2024-09-15T04:50:29+00:00\",\"mainEntityOfPage\":{\"@id\":\"https:\\\/\\\/wp.kristdemokraterna.se\\\/vg\\\/bra-att-flygskatten-slopas-satsa-pa-miljovanligt-flyg-i-stallet\\\/\"},\"wordCount\":602,\"image\":{\"@id\":\"https:\\\/\\\/wp.kristdemokraterna.se\\\/vg\\\/bra-att-flygskatten-slopas-satsa-pa-miljovanligt-flyg-i-stallet\\\/#primaryimage\"},\"thumbnailUrl\":\"https:\\\/\\\/wp.kristdemokraterna.se\\\/vg\\\/files\\\/2024\\\/09\\\/flyg.png\",\"inLanguage\":\"sv-SE\"},{\"@type\":\"WebPage\",\"@id\":\"https:\\\/\\\/wp.kristdemokraterna.se\\\/vg\\\/bra-att-flygskatten-slopas-satsa-pa-miljovanligt-flyg-i-stallet\\\/\",\"url\":\"https:\\\/\\\/wp.kristdemokraterna.se\\\/vg\\\/bra-att-flygskatten-slopas-satsa-pa-miljovanligt-flyg-i-stallet\\\/\",\"name\":\"Bra att flygskatten slopas \u2013 satsa p\u00e5 milj\u00f6v\u00e4nligt flyg i st\u00e4llet - V\u00e4stra G\u00f6talandsregionen\",\"isPartOf\":{\"@id\":\"https:\\\/\\\/wp.kristdemokraterna.se\\\/vg\\\/#website\"},\"primaryImageOfPage\":{\"@id\":\"https:\\\/\\\/wp.kristdemokraterna.se\\\/vg\\\/bra-att-flygskatten-slopas-satsa-pa-miljovanligt-flyg-i-stallet\\\/#primaryimage\"},\"image\":{\"@id\":\"https:\\\/\\\/wp.kristdemokraterna.se\\\/vg\\\/bra-att-flygskatten-slopas-satsa-pa-miljovanligt-flyg-i-stallet\\\/#primaryimage\"},\"thumbnailUrl\":\"https:\\\/\\\/wp.kristdemokraterna.se\\\/vg\\\/files\\\/2024\\\/09\\\/flyg.png\",\"datePublished\":\"2024-09-15T04:50:29+00:00\",\"author\":{\"@id\":\"https:\\\/\\\/wp.kristdemokraterna.se\\\/vg\\\/#\\\/schema\\\/person\\\/485c1ff01f1324aafbb92705c598210f\"},\"breadcrumb\":{\"@id\":\"https:\\\/\\\/wp.kristdemokraterna.se\\\/vg\\\/bra-att-flygskatten-slopas-satsa-pa-miljovanligt-flyg-i-stallet\\\/#breadcrumb\"},\"inLanguage\":\"sv-SE\",\"potentialAction\":[{\"@type\":\"ReadAction\",\"target\":[\"https:\\\/\\\/wp.kristdemokraterna.se\\\/vg\\\/bra-att-flygskatten-slopas-satsa-pa-miljovanligt-flyg-i-stallet\\\/\"]}]},{\"@type\":\"ImageObject\",\"inLanguage\":\"sv-SE\",\"@id\":\"https:\\\/\\\/wp.kristdemokraterna.se\\\/vg\\\/bra-att-flygskatten-slopas-satsa-pa-miljovanligt-flyg-i-stallet\\\/#primaryimage\",\"url\":\"https:\\\/\\\/wp.kristdemokraterna.se\\\/vg\\\/files\\\/2024\\\/09\\\/flyg.png\",\"contentUrl\":\"https:\\\/\\\/wp.kristdemokraterna.se\\\/vg\\\/files\\\/2024\\\/09\\\/flyg.png\",\"width\":472,\"height\":263},{\"@type\":\"BreadcrumbList\",\"@id\":\"https:\\\/\\\/wp.kristdemokraterna.se\\\/vg\\\/bra-att-flygskatten-slopas-satsa-pa-miljovanligt-flyg-i-stallet\\\/#breadcrumb\",\"itemListElement\":[{\"@type\":\"ListItem\",\"position\":1,\"name\":\"Hem\",\"item\":\"https:\\\/\\\/wp.kristdemokraterna.se\\\/vg\\\/\"},{\"@type\":\"ListItem\",\"position\":2,\"name\":\"Bra att flygskatten slopas \u2013 satsa p\u00e5 milj\u00f6v\u00e4nligt flyg i st\u00e4llet\"}]},{\"@type\":\"WebSite\",\"@id\":\"https:\\\/\\\/wp.kristdemokraterna.se\\\/vg\\\/#website\",\"url\":\"https:\\\/\\\/wp.kristdemokraterna.se\\\/vg\\\/\",\"name\":\"V\u00e4stra G\u00f6talandsregionen\",\"description\":\"\",\"inLanguage\":\"sv-SE\"},{\"@type\":\"Person\",\"@id\":\"https:\\\/\\\/wp.kristdemokraterna.se\\\/vg\\\/#\\\/schema\\\/person\\\/485c1ff01f1324aafbb92705c598210f\",\"name\":\"vg\",\"image\":{\"@type\":\"ImageObject\",\"inLanguage\":\"sv-SE\",\"@id\":\"https:\\\/\\\/secure.gravatar.com\\\/avatar\\\/387c874425c7747be372c14ca2d69e1689502257d65ec3b403b441b6435e48d8?s=96&d=mm&r=g\",\"url\":\"https:\\\/\\\/secure.gravatar.com\\\/avatar\\\/387c874425c7747be372c14ca2d69e1689502257d65ec3b403b441b6435e48d8?s=96&d=mm&r=g\",\"contentUrl\":\"https:\\\/\\\/secure.gravatar.com\\\/avatar\\\/387c874425c7747be372c14ca2d69e1689502257d65ec3b403b441b6435e48d8?s=96&d=mm&r=g\",\"caption\":\"vg\"},\"url\":\"https:\\\/\\\/wp.kristdemokraterna.se\\\/vg\\\/author\\\/vg\\\/\"}]}<\/script>\n<!-- \/ Yoast SEO plugin. -->","yoast_head_json":{"title":"Bra att flygskatten slopas \u2013 satsa p\u00e5 milj\u00f6v\u00e4nligt flyg i st\u00e4llet - V\u00e4stra G\u00f6talandsregionen","robots":{"index":"index","follow":"follow","max-snippet":"max-snippet:-1","max-image-preview":"max-image-preview:large","max-video-preview":"max-video-preview:-1"},"canonical":"https:\/\/wp.kristdemokraterna.se\/vg\/bra-att-flygskatten-slopas-satsa-pa-miljovanligt-flyg-i-stallet\/","og_locale":"sv_SE","og_type":"article","og_title":"Bra att flygskatten slopas \u2013 satsa p\u00e5 milj\u00f6v\u00e4nligt flyg i st\u00e4llet - V\u00e4stra G\u00f6talandsregionen","og_description":"GP Debatt &#8211; Magnus Jacobsson och Stefan Svensson Avskaffande av flygskatten, tillsammans med fortsatta l\u00e5ga br\u00e4nslekostnader och en satsning p\u00e5 1172 miljarder till v\u00e4g och j\u00e4rnv\u00e4g, kommer att underl\u00e4tta f\u00f6r s\u00e5v\u00e4l inv\u00e5nare som n\u00e4ringsliv.","og_url":"https:\/\/wp.kristdemokraterna.se\/vg\/bra-att-flygskatten-slopas-satsa-pa-miljovanligt-flyg-i-stallet\/","og_site_name":"V\u00e4stra G\u00f6talandsregionen","article_published_time":"2024-09-15T04:50:29+00:00","og_image":[{"width":472,"height":263,"url":"http:\/\/wp.kristdemokraterna.se\/vg\/files\/2024\/09\/flyg.png","type":"image\/png"}],"author":"vg","twitter_card":"summary_large_image","twitter_creator":"@KD_VGR","twitter_site":"@KD_VGR","twitter_misc":{"Skriven av":"vg","Ber\u00e4knad l\u00e4stid":"3 minuter"},"schema":{"@context":"https:\/\/schema.org","@graph":[{"@type":"Article","@id":"https:\/\/wp.kristdemokraterna.se\/vg\/bra-att-flygskatten-slopas-satsa-pa-miljovanligt-flyg-i-stallet\/#article","isPartOf":{"@id":"https:\/\/wp.kristdemokraterna.se\/vg\/bra-att-flygskatten-slopas-satsa-pa-miljovanligt-flyg-i-stallet\/"},"author":{"name":"vg","@id":"https:\/\/wp.kristdemokraterna.se\/vg\/#\/schema\/person\/485c1ff01f1324aafbb92705c598210f"},"headline":"Bra att flygskatten slopas \u2013 satsa p\u00e5 milj\u00f6v\u00e4nligt flyg i st\u00e4llet","datePublished":"2024-09-15T04:50:29+00:00","mainEntityOfPage":{"@id":"https:\/\/wp.kristdemokraterna.se\/vg\/bra-att-flygskatten-slopas-satsa-pa-miljovanligt-flyg-i-stallet\/"},"wordCount":602,"image":{"@id":"https:\/\/wp.kristdemokraterna.se\/vg\/bra-att-flygskatten-slopas-satsa-pa-miljovanligt-flyg-i-stallet\/#primaryimage"},"thumbnailUrl":"https:\/\/wp.kristdemokraterna.se\/vg\/files\/2024\/09\/flyg.png","inLanguage":"sv-SE"},{"@type":"WebPage","@id":"https:\/\/wp.kristdemokraterna.se\/vg\/bra-att-flygskatten-slopas-satsa-pa-miljovanligt-flyg-i-stallet\/","url":"https:\/\/wp.kristdemokraterna.se\/vg\/bra-att-flygskatten-slopas-satsa-pa-miljovanligt-flyg-i-stallet\/","name":"Bra att flygskatten slopas \u2013 satsa p\u00e5 milj\u00f6v\u00e4nligt flyg i st\u00e4llet - V\u00e4stra G\u00f6talandsregionen","isPartOf":{"@id":"https:\/\/wp.kristdemokraterna.se\/vg\/#website"},"primaryImageOfPage":{"@id":"https:\/\/wp.kristdemokraterna.se\/vg\/bra-att-flygskatten-slopas-satsa-pa-miljovanligt-flyg-i-stallet\/#primaryimage"},"image":{"@id":"https:\/\/wp.kristdemokraterna.se\/vg\/bra-att-flygskatten-slopas-satsa-pa-miljovanligt-flyg-i-stallet\/#primaryimage"},"thumbnailUrl":"https:\/\/wp.kristdemokraterna.se\/vg\/files\/2024\/09\/flyg.png","datePublished":"2024-09-15T04:50:29+00:00","author":{"@id":"https:\/\/wp.kristdemokraterna.se\/vg\/#\/schema\/person\/485c1ff01f1324aafbb92705c598210f"},"breadcrumb":{"@id":"https:\/\/wp.kristdemokraterna.se\/vg\/bra-att-flygskatten-slopas-satsa-pa-miljovanligt-flyg-i-stallet\/#breadcrumb"},"inLanguage":"sv-SE","potentialAction":[{"@type":"ReadAction","target":["https:\/\/wp.kristdemokraterna.se\/vg\/bra-att-flygskatten-slopas-satsa-pa-miljovanligt-flyg-i-stallet\/"]}]},{"@type":"ImageObject","inLanguage":"sv-SE","@id":"https:\/\/wp.kristdemokraterna.se\/vg\/bra-att-flygskatten-slopas-satsa-pa-miljovanligt-flyg-i-stallet\/#primaryimage","url":"https:\/\/wp.kristdemokraterna.se\/vg\/files\/2024\/09\/flyg.png","contentUrl":"https:\/\/wp.kristdemokraterna.se\/vg\/files\/2024\/09\/flyg.png","width":472,"height":263},{"@type":"BreadcrumbList","@id":"https:\/\/wp.kristdemokraterna.se\/vg\/bra-att-flygskatten-slopas-satsa-pa-miljovanligt-flyg-i-stallet\/#breadcrumb","itemListElement":[{"@type":"ListItem","position":1,"name":"Hem","item":"https:\/\/wp.kristdemokraterna.se\/vg\/"},{"@type":"ListItem","position":2,"name":"Bra att flygskatten slopas \u2013 satsa p\u00e5 milj\u00f6v\u00e4nligt flyg i st\u00e4llet"}]},{"@type":"WebSite","@id":"https:\/\/wp.kristdemokraterna.se\/vg\/#website","url":"https:\/\/wp.kristdemokraterna.se\/vg\/","name":"V\u00e4stra G\u00f6talandsregionen","description":"","inLanguage":"sv-SE"},{"@type":"Person","@id":"https:\/\/wp.kristdemokraterna.se\/vg\/#\/schema\/person\/485c1ff01f1324aafbb92705c598210f","name":"vg","image":{"@type":"ImageObject","inLanguage":"sv-SE","@id":"https:\/\/secure.gravatar.com\/avatar\/387c874425c7747be372c14ca2d69e1689502257d65ec3b403b441b6435e48d8?s=96&d=mm&r=g","url":"https:\/\/secure.gravatar.com\/avatar\/387c874425c7747be372c14ca2d69e1689502257d65ec3b403b441b6435e48d8?s=96&d=mm&r=g","contentUrl":"https:\/\/secure.gravatar.com\/avatar\/387c874425c7747be372c14ca2d69e1689502257d65ec3b403b441b6435e48d8?s=96&d=mm&r=g","caption":"vg"},"url":"https:\/\/wp.kristdemokraterna.se\/vg\/author\/vg\/"}]}},"_links":{"self":[{"href":"https:\/\/wp.kristdemokraterna.se\/vg\/wp-json\/wp\/v2\/posts\/1260","targetHints":{"allow":["GET"]}}],"collection":[{"href":"https:\/\/wp.kristdemokraterna.se\/vg\/wp-json\/wp\/v2\/posts"}],"about":[{"href":"https:\/\/wp.kristdemokraterna.se\/vg\/wp-json\/wp\/v2\/types\/post"}],"author":[{"embeddable":true,"href":"https:\/\/wp.kristdemokraterna.se\/vg\/wp-json\/wp\/v2\/users\/726"}],"replies":[{"embeddable":true,"href":"https:\/\/wp.kristdemokraterna.se\/vg\/wp-json\/wp\/v2\/comments?post=1260"}],"version-history":[{"count":1,"href":"https:\/\/wp.kristdemokraterna.se\/vg\/wp-json\/wp\/v2\/posts\/1260\/revisions"}],"predecessor-version":[{"id":1262,"href":"https:\/\/wp.kristdemokraterna.se\/vg\/wp-json\/wp\/v2\/posts\/1260\/revisions\/1262"}],"wp:featuredmedia":[{"embeddable":true,"href":"https:\/\/wp.kristdemokraterna.se\/vg\/wp-json\/wp\/v2\/media\/1261"}],"wp:attachment":[{"href":"https:\/\/wp.kristdemokraterna.se\/vg\/wp-json\/wp\/v2\/media?parent=1260"}],"wp:term":[{"taxonomy":"category","embeddable":true,"href":"https:\/\/wp.kristdemokraterna.se\/vg\/wp-json\/wp\/v2\/categories?post=1260"},{"taxonomy":"post_tag","embeddable":true,"href":"https:\/\/wp.kristdemokraterna.se\/vg\/wp-json\/wp\/v2\/tags?post=1260"}],"curies":[{"name":"wp","href":"https:\/\/api.w.org\/{rel}","templated":true}]}}