{"id":1299,"date":"2025-04-10T15:25:56","date_gmt":"2025-04-10T13:25:56","guid":{"rendered":"https:\/\/wp.kristdemokraterna.se\/vg\/?p=1299"},"modified":"2025-04-10T15:27:43","modified_gmt":"2025-04-10T13:27:43","slug":"i-kommer-att-se-till-att-det-inte-gar-att-plocka-russinen-ur-kakan","status":"publish","type":"post","link":"https:\/\/wp.kristdemokraterna.se\/vg\/i-kommer-att-se-till-att-det-inte-gar-att-plocka-russinen-ur-kakan\/","title":{"rendered":"Vi kommer att se till att det inte g\u00e5r att plocka russinen ur kakan"},"content":{"rendered":"<p><strong>Debattartikel GP \u2013 Stefan Svensson m.fl.<\/strong><br \/>\nDebatten om att inf\u00f6ra v\u00e5rdval inom barn- och ungdomspsykiatrin i V\u00e4stra G\u00f6taland v\u00e4cker k\u00e4nslor \u2013 med all r\u00e4tt. Det handlar om n\u00e5gra av samh\u00e4llets mest utsatta barn och unga. Just d\u00e4rf\u00f6r \u00e4r det avg\u00f6rande att vi genomf\u00f6r f\u00f6r\u00e4ndringar med omsorg, kvalitet och l\u00e5ngsiktighet i fokus.<br \/>\n<!--more--><br \/>\nVi f\u00f6rsvarar ett inf\u00f6rande av v\u00e5rdval bup \u2013 inte trots, utan p\u00e5 grund av de stora brister som finns i dagens system. Det handlar inte om att \u201djaga pinnar\u201d, som det ibland p\u00e5st\u00e5s, utan om att bryta en utveckling d\u00e4r barn tvingas v\u00e4nta orimligt l\u00e4nge p\u00e5 hj\u00e4lp som inte kommer. Vi s\u00e4tter patientperspektivet f\u00f6rst.<\/p>\n<p>Att g\u00e5 fr\u00e5n ord till handling i barn- och ungdomspsykiatrin kr\u00e4ver nyt\u00e4nkande. Den r\u00f6dgr\u00f6na ledningen i V\u00e4stra G\u00f6talandsregionen har haft snart tv\u00e5 \u00e5r p\u00e5 sig att ta ansvar. Resultatet? Omfattande k\u00f6er, bristande tillg\u00e4nglighet och kontinuitet samt rekordl\u00e5nga v\u00e4ntetider. Att vara emot v\u00e5rdval utan att ha ett alternativ som faktiskt fungerar \u00e4r att svika de barn och familjer som allra mest beh\u00f6ver v\u00e5r hj\u00e4lp.<\/p>\n<p>Vi skulle aldrig inf\u00f6ra ett system som dr\u00e4nerar resurser fr\u00e5n v\u00e5rden. D\u00e4rf\u00f6r har vi lagt stor vikt vid att det nya v\u00e5rdvalet bygger p\u00e5 tydliga kvalitetskriterier, stark uppf\u00f6ljning och krav p\u00e5 l\u00e5ngsiktighet. Det ska inte g\u00e5 att plocka russinen ur kakan. Vi vill understryka att den som vill bedriva v\u00e5rd i regionens namn m\u00e5ste ocks\u00e5 ta ansvar f\u00f6r barn med stora och komplexa behov \u2013 inte bara de enklare patientfallen.<br \/>\nV\u00e5rdval styrs via en krav- och kvalitetsbok, vilket de r\u00f6dgr\u00f6na vet, och innan ett v\u00e5rdval kan starta kommer de utmaningar som finns att hanteras. Det handlar bland annat om finansiering, s\u00e4kerst\u00e4lla en god geografisk spridning och tillg\u00e4nglighet i hela V\u00e4stra G\u00f6taland.<\/p>\n<p>Det varnas f\u00f6r privata vinster och oseri\u00f6sa akt\u00f6rer. Samtidigt \u00e4r de absolut flesta privata akt\u00f6rerna seri\u00f6sa och bedriver v\u00e5rd av h\u00f6g kvalitet. L\u00e5t oss vara tydliga: den som fuskar eller utnyttjar systemet har ingen plats i v\u00e5rden. Punkt. Men vi kan inte l\u00e5ta r\u00e4dslan f\u00f6r f\u00f6r\u00e4ndring st\u00e5 i v\u00e4gen f\u00f6r barn som beh\u00f6ver v\u00e5rd nu. D\u00e4remot m\u00e5ste vi st\u00e4lla h\u00e5rda krav \u2013 p\u00e5 tillst\u00e5nd, p\u00e5 erfarenhet, p\u00e5 kvalitet och p\u00e5 samverkan.<br \/>\nVi ser s\u00e4rskilt till att barn i socioekonomiskt utsatta omr\u00e5den och glesbygd inte gl\u00f6ms bort. Ers\u00e4ttningsmodellen kan utformas s\u00e5 att det l\u00f6nar sig att g\u00f6ra r\u00e4tt \u2013 inte bara att g\u00f6ra snabbt. Det g\u00e5r att styra v\u00e5rden med kvalitet som kompass.<\/p>\n<p>V\u00e5r fr\u00e4msta prioritet \u00e4r barnens r\u00e4tt till en tillg\u00e4nglig, j\u00e4mlik och trygg v\u00e5rd \u2013 inte v\u00e5rdgivarens vinst, inte regionens prestige, och inte den r\u00f6dgr\u00f6na ideologin. Framf\u00f6r allt v\u00e4grar vi f\u00f6rsvara en v\u00e5rd som uppenbart inte fungerar. Vi inf\u00f6r v\u00e5rdval bup d\u00e4rf\u00f6r att vi tror p\u00e5 en modell d\u00e4r det \u00e4r barnens behov som styr.<\/p>\n<p>N\u00e4r v\u00e5rden fallerar har vi som politiker ett ansvar att agera. Det \u00e4r precis vad vi g\u00f6r nu. Och vi g\u00f6r det f\u00f6r barnens skull. Alla barn ska f\u00e5 v\u00e5rd oavsett var de bor eller vad de har i pl\u00e5nboken. Det \u00e4r mer \u00e4n vad den nuvarande regionledningen hittills varit beredd att g\u00f6ra.<\/p>\n<p><strong>Gr\u00f6nbl\u00e5 Samverkan<\/strong><br \/>\nLars Holmin (M), vice ordf\u00f6rande regionstyrelsen<br \/>\nStefan Svensson (KD), regionr\u00e5d<br \/>\nCecilia Andersson (C), regionr\u00e5d<br \/>\nP\u00e4r Lundqvist (L), regionr\u00e5d<a href=\"http:\/\/wp.kristdemokraterna.se\/vg\/files\/2023\/12\/stefan-hemsida-2.png\"><img loading=\"lazy\" decoding=\"async\" class=\"alignnone size-thumbnail wp-image-1247\" src=\"http:\/\/wp.kristdemokraterna.se\/vg\/files\/2023\/12\/stefan-hemsida-2-150x150.png\" alt=\"\" width=\"150\" height=\"150\" \/><\/a><\/p>\n","protected":false},"excerpt":{"rendered":"<p>Debattartikel GP \u2013 Stefan Svensson m.fl. Debatten om att inf\u00f6ra v\u00e5rdval inom barn- och ungdomspsykiatrin i V\u00e4stra G\u00f6taland v\u00e4cker k\u00e4nslor \u2013 med all r\u00e4tt. Det handlar om n\u00e5gra av samh\u00e4llets mest utsatta barn och unga. Just d\u00e4rf\u00f6r \u00e4r det avg\u00f6rande att vi genomf\u00f6r f\u00f6r\u00e4ndringar med omsorg, kvalitet och l\u00e5ngsiktighet i fokus.<\/p>\n","protected":false},"author":726,"featured_media":1247,"comment_status":"closed","ping_status":"closed","sticky":false,"template":"","format":"standard","meta":{"_acf_changed":false,"footnotes":""},"categories":[1],"tags":[],"class_list":["post-1299","post","type-post","status-publish","format-standard","has-post-thumbnail","hentry","category-okategoriserade"],"acf":[],"yoast_head":"<!-- This site is optimized with the Yoast SEO plugin v27.5 - https:\/\/yoast.com\/product\/yoast-seo-wordpress\/ -->\n<title>Vi kommer att se till att det inte g\u00e5r att plocka russinen ur kakan - V\u00e4stra G\u00f6talandsregionen<\/title>\n<meta name=\"robots\" content=\"index, follow, max-snippet:-1, max-image-preview:large, max-video-preview:-1\" \/>\n<link rel=\"canonical\" href=\"https:\/\/wp.kristdemokraterna.se\/vg\/i-kommer-att-se-till-att-det-inte-gar-att-plocka-russinen-ur-kakan\/\" \/>\n<meta property=\"og:locale\" content=\"sv_SE\" \/>\n<meta property=\"og:type\" content=\"article\" \/>\n<meta property=\"og:title\" content=\"Vi kommer att se till att det inte g\u00e5r att plocka russinen ur kakan - V\u00e4stra G\u00f6talandsregionen\" \/>\n<meta property=\"og:description\" content=\"Debattartikel GP \u2013 Stefan Svensson m.fl. Debatten om att inf\u00f6ra v\u00e5rdval inom barn- och ungdomspsykiatrin i V\u00e4stra G\u00f6taland v\u00e4cker k\u00e4nslor \u2013 med all r\u00e4tt. Det handlar om n\u00e5gra av samh\u00e4llets mest utsatta barn och unga. Just d\u00e4rf\u00f6r \u00e4r det avg\u00f6rande att vi genomf\u00f6r f\u00f6r\u00e4ndringar med omsorg, kvalitet och l\u00e5ngsiktighet i fokus.\" \/>\n<meta property=\"og:url\" content=\"https:\/\/wp.kristdemokraterna.se\/vg\/i-kommer-att-se-till-att-det-inte-gar-att-plocka-russinen-ur-kakan\/\" \/>\n<meta property=\"og:site_name\" content=\"V\u00e4stra G\u00f6talandsregionen\" \/>\n<meta property=\"article:published_time\" content=\"2025-04-10T13:25:56+00:00\" \/>\n<meta property=\"article:modified_time\" content=\"2025-04-10T13:27:43+00:00\" \/>\n<meta property=\"og:image\" content=\"http:\/\/wp.kristdemokraterna.se\/vg\/files\/2023\/12\/stefan-hemsida-2.png\" \/>\n\t<meta property=\"og:image:width\" content=\"471\" \/>\n\t<meta property=\"og:image:height\" content=\"367\" \/>\n\t<meta property=\"og:image:type\" content=\"image\/png\" \/>\n<meta name=\"author\" content=\"vg\" \/>\n<meta name=\"twitter:card\" content=\"summary_large_image\" \/>\n<meta name=\"twitter:creator\" content=\"@KD_VGR\" \/>\n<meta name=\"twitter:site\" content=\"@KD_VGR\" \/>\n<meta name=\"twitter:label1\" content=\"Skriven av\" \/>\n\t<meta name=\"twitter:data1\" content=\"vg\" \/>\n\t<meta name=\"twitter:label2\" content=\"Ber\u00e4knad l\u00e4stid\" \/>\n\t<meta name=\"twitter:data2\" content=\"3 minuter\" \/>\n<script type=\"application\/ld+json\" class=\"yoast-schema-graph\">{\"@context\":\"https:\\\/\\\/schema.org\",\"@graph\":[{\"@type\":\"Article\",\"@id\":\"https:\\\/\\\/wp.kristdemokraterna.se\\\/vg\\\/i-kommer-att-se-till-att-det-inte-gar-att-plocka-russinen-ur-kakan\\\/#article\",\"isPartOf\":{\"@id\":\"https:\\\/\\\/wp.kristdemokraterna.se\\\/vg\\\/i-kommer-att-se-till-att-det-inte-gar-att-plocka-russinen-ur-kakan\\\/\"},\"author\":{\"name\":\"vg\",\"@id\":\"https:\\\/\\\/wp.kristdemokraterna.se\\\/vg\\\/#\\\/schema\\\/person\\\/485c1ff01f1324aafbb92705c598210f\"},\"headline\":\"Vi kommer att se till att det inte g\u00e5r att plocka russinen ur kakan\",\"datePublished\":\"2025-04-10T13:25:56+00:00\",\"dateModified\":\"2025-04-10T13:27:43+00:00\",\"mainEntityOfPage\":{\"@id\":\"https:\\\/\\\/wp.kristdemokraterna.se\\\/vg\\\/i-kommer-att-se-till-att-det-inte-gar-att-plocka-russinen-ur-kakan\\\/\"},\"wordCount\":655,\"image\":{\"@id\":\"https:\\\/\\\/wp.kristdemokraterna.se\\\/vg\\\/i-kommer-att-se-till-att-det-inte-gar-att-plocka-russinen-ur-kakan\\\/#primaryimage\"},\"thumbnailUrl\":\"https:\\\/\\\/wp.kristdemokraterna.se\\\/vg\\\/files\\\/2023\\\/12\\\/stefan-hemsida-2.png\",\"inLanguage\":\"sv-SE\"},{\"@type\":\"WebPage\",\"@id\":\"https:\\\/\\\/wp.kristdemokraterna.se\\\/vg\\\/i-kommer-att-se-till-att-det-inte-gar-att-plocka-russinen-ur-kakan\\\/\",\"url\":\"https:\\\/\\\/wp.kristdemokraterna.se\\\/vg\\\/i-kommer-att-se-till-att-det-inte-gar-att-plocka-russinen-ur-kakan\\\/\",\"name\":\"Vi kommer att se till att det inte g\u00e5r att plocka russinen ur kakan - V\u00e4stra G\u00f6talandsregionen\",\"isPartOf\":{\"@id\":\"https:\\\/\\\/wp.kristdemokraterna.se\\\/vg\\\/#website\"},\"primaryImageOfPage\":{\"@id\":\"https:\\\/\\\/wp.kristdemokraterna.se\\\/vg\\\/i-kommer-att-se-till-att-det-inte-gar-att-plocka-russinen-ur-kakan\\\/#primaryimage\"},\"image\":{\"@id\":\"https:\\\/\\\/wp.kristdemokraterna.se\\\/vg\\\/i-kommer-att-se-till-att-det-inte-gar-att-plocka-russinen-ur-kakan\\\/#primaryimage\"},\"thumbnailUrl\":\"https:\\\/\\\/wp.kristdemokraterna.se\\\/vg\\\/files\\\/2023\\\/12\\\/stefan-hemsida-2.png\",\"datePublished\":\"2025-04-10T13:25:56+00:00\",\"dateModified\":\"2025-04-10T13:27:43+00:00\",\"author\":{\"@id\":\"https:\\\/\\\/wp.kristdemokraterna.se\\\/vg\\\/#\\\/schema\\\/person\\\/485c1ff01f1324aafbb92705c598210f\"},\"breadcrumb\":{\"@id\":\"https:\\\/\\\/wp.kristdemokraterna.se\\\/vg\\\/i-kommer-att-se-till-att-det-inte-gar-att-plocka-russinen-ur-kakan\\\/#breadcrumb\"},\"inLanguage\":\"sv-SE\",\"potentialAction\":[{\"@type\":\"ReadAction\",\"target\":[\"https:\\\/\\\/wp.kristdemokraterna.se\\\/vg\\\/i-kommer-att-se-till-att-det-inte-gar-att-plocka-russinen-ur-kakan\\\/\"]}]},{\"@type\":\"ImageObject\",\"inLanguage\":\"sv-SE\",\"@id\":\"https:\\\/\\\/wp.kristdemokraterna.se\\\/vg\\\/i-kommer-att-se-till-att-det-inte-gar-att-plocka-russinen-ur-kakan\\\/#primaryimage\",\"url\":\"https:\\\/\\\/wp.kristdemokraterna.se\\\/vg\\\/files\\\/2023\\\/12\\\/stefan-hemsida-2.png\",\"contentUrl\":\"https:\\\/\\\/wp.kristdemokraterna.se\\\/vg\\\/files\\\/2023\\\/12\\\/stefan-hemsida-2.png\",\"width\":471,\"height\":367},{\"@type\":\"BreadcrumbList\",\"@id\":\"https:\\\/\\\/wp.kristdemokraterna.se\\\/vg\\\/i-kommer-att-se-till-att-det-inte-gar-att-plocka-russinen-ur-kakan\\\/#breadcrumb\",\"itemListElement\":[{\"@type\":\"ListItem\",\"position\":1,\"name\":\"Hem\",\"item\":\"https:\\\/\\\/wp.kristdemokraterna.se\\\/vg\\\/\"},{\"@type\":\"ListItem\",\"position\":2,\"name\":\"Vi kommer att se till att det inte g\u00e5r att plocka russinen ur kakan\"}]},{\"@type\":\"WebSite\",\"@id\":\"https:\\\/\\\/wp.kristdemokraterna.se\\\/vg\\\/#website\",\"url\":\"https:\\\/\\\/wp.kristdemokraterna.se\\\/vg\\\/\",\"name\":\"V\u00e4stra G\u00f6talandsregionen\",\"description\":\"\",\"inLanguage\":\"sv-SE\"},{\"@type\":\"Person\",\"@id\":\"https:\\\/\\\/wp.kristdemokraterna.se\\\/vg\\\/#\\\/schema\\\/person\\\/485c1ff01f1324aafbb92705c598210f\",\"name\":\"vg\",\"image\":{\"@type\":\"ImageObject\",\"inLanguage\":\"sv-SE\",\"@id\":\"https:\\\/\\\/secure.gravatar.com\\\/avatar\\\/387c874425c7747be372c14ca2d69e1689502257d65ec3b403b441b6435e48d8?s=96&d=mm&r=g\",\"url\":\"https:\\\/\\\/secure.gravatar.com\\\/avatar\\\/387c874425c7747be372c14ca2d69e1689502257d65ec3b403b441b6435e48d8?s=96&d=mm&r=g\",\"contentUrl\":\"https:\\\/\\\/secure.gravatar.com\\\/avatar\\\/387c874425c7747be372c14ca2d69e1689502257d65ec3b403b441b6435e48d8?s=96&d=mm&r=g\",\"caption\":\"vg\"},\"url\":\"https:\\\/\\\/wp.kristdemokraterna.se\\\/vg\\\/author\\\/vg\\\/\"}]}<\/script>\n<!-- \/ Yoast SEO plugin. -->","yoast_head_json":{"title":"Vi kommer att se till att det inte g\u00e5r att plocka russinen ur kakan - V\u00e4stra G\u00f6talandsregionen","robots":{"index":"index","follow":"follow","max-snippet":"max-snippet:-1","max-image-preview":"max-image-preview:large","max-video-preview":"max-video-preview:-1"},"canonical":"https:\/\/wp.kristdemokraterna.se\/vg\/i-kommer-att-se-till-att-det-inte-gar-att-plocka-russinen-ur-kakan\/","og_locale":"sv_SE","og_type":"article","og_title":"Vi kommer att se till att det inte g\u00e5r att plocka russinen ur kakan - V\u00e4stra G\u00f6talandsregionen","og_description":"Debattartikel GP \u2013 Stefan Svensson m.fl. Debatten om att inf\u00f6ra v\u00e5rdval inom barn- och ungdomspsykiatrin i V\u00e4stra G\u00f6taland v\u00e4cker k\u00e4nslor \u2013 med all r\u00e4tt. Det handlar om n\u00e5gra av samh\u00e4llets mest utsatta barn och unga. Just d\u00e4rf\u00f6r \u00e4r det avg\u00f6rande att vi genomf\u00f6r f\u00f6r\u00e4ndringar med omsorg, kvalitet och l\u00e5ngsiktighet i fokus.","og_url":"https:\/\/wp.kristdemokraterna.se\/vg\/i-kommer-att-se-till-att-det-inte-gar-att-plocka-russinen-ur-kakan\/","og_site_name":"V\u00e4stra G\u00f6talandsregionen","article_published_time":"2025-04-10T13:25:56+00:00","article_modified_time":"2025-04-10T13:27:43+00:00","og_image":[{"width":471,"height":367,"url":"http:\/\/wp.kristdemokraterna.se\/vg\/files\/2023\/12\/stefan-hemsida-2.png","type":"image\/png"}],"author":"vg","twitter_card":"summary_large_image","twitter_creator":"@KD_VGR","twitter_site":"@KD_VGR","twitter_misc":{"Skriven av":"vg","Ber\u00e4knad l\u00e4stid":"3 minuter"},"schema":{"@context":"https:\/\/schema.org","@graph":[{"@type":"Article","@id":"https:\/\/wp.kristdemokraterna.se\/vg\/i-kommer-att-se-till-att-det-inte-gar-att-plocka-russinen-ur-kakan\/#article","isPartOf":{"@id":"https:\/\/wp.kristdemokraterna.se\/vg\/i-kommer-att-se-till-att-det-inte-gar-att-plocka-russinen-ur-kakan\/"},"author":{"name":"vg","@id":"https:\/\/wp.kristdemokraterna.se\/vg\/#\/schema\/person\/485c1ff01f1324aafbb92705c598210f"},"headline":"Vi kommer att se till att det inte g\u00e5r att plocka russinen ur kakan","datePublished":"2025-04-10T13:25:56+00:00","dateModified":"2025-04-10T13:27:43+00:00","mainEntityOfPage":{"@id":"https:\/\/wp.kristdemokraterna.se\/vg\/i-kommer-att-se-till-att-det-inte-gar-att-plocka-russinen-ur-kakan\/"},"wordCount":655,"image":{"@id":"https:\/\/wp.kristdemokraterna.se\/vg\/i-kommer-att-se-till-att-det-inte-gar-att-plocka-russinen-ur-kakan\/#primaryimage"},"thumbnailUrl":"https:\/\/wp.kristdemokraterna.se\/vg\/files\/2023\/12\/stefan-hemsida-2.png","inLanguage":"sv-SE"},{"@type":"WebPage","@id":"https:\/\/wp.kristdemokraterna.se\/vg\/i-kommer-att-se-till-att-det-inte-gar-att-plocka-russinen-ur-kakan\/","url":"https:\/\/wp.kristdemokraterna.se\/vg\/i-kommer-att-se-till-att-det-inte-gar-att-plocka-russinen-ur-kakan\/","name":"Vi kommer att se till att det inte g\u00e5r att plocka russinen ur kakan - V\u00e4stra G\u00f6talandsregionen","isPartOf":{"@id":"https:\/\/wp.kristdemokraterna.se\/vg\/#website"},"primaryImageOfPage":{"@id":"https:\/\/wp.kristdemokraterna.se\/vg\/i-kommer-att-se-till-att-det-inte-gar-att-plocka-russinen-ur-kakan\/#primaryimage"},"image":{"@id":"https:\/\/wp.kristdemokraterna.se\/vg\/i-kommer-att-se-till-att-det-inte-gar-att-plocka-russinen-ur-kakan\/#primaryimage"},"thumbnailUrl":"https:\/\/wp.kristdemokraterna.se\/vg\/files\/2023\/12\/stefan-hemsida-2.png","datePublished":"2025-04-10T13:25:56+00:00","dateModified":"2025-04-10T13:27:43+00:00","author":{"@id":"https:\/\/wp.kristdemokraterna.se\/vg\/#\/schema\/person\/485c1ff01f1324aafbb92705c598210f"},"breadcrumb":{"@id":"https:\/\/wp.kristdemokraterna.se\/vg\/i-kommer-att-se-till-att-det-inte-gar-att-plocka-russinen-ur-kakan\/#breadcrumb"},"inLanguage":"sv-SE","potentialAction":[{"@type":"ReadAction","target":["https:\/\/wp.kristdemokraterna.se\/vg\/i-kommer-att-se-till-att-det-inte-gar-att-plocka-russinen-ur-kakan\/"]}]},{"@type":"ImageObject","inLanguage":"sv-SE","@id":"https:\/\/wp.kristdemokraterna.se\/vg\/i-kommer-att-se-till-att-det-inte-gar-att-plocka-russinen-ur-kakan\/#primaryimage","url":"https:\/\/wp.kristdemokraterna.se\/vg\/files\/2023\/12\/stefan-hemsida-2.png","contentUrl":"https:\/\/wp.kristdemokraterna.se\/vg\/files\/2023\/12\/stefan-hemsida-2.png","width":471,"height":367},{"@type":"BreadcrumbList","@id":"https:\/\/wp.kristdemokraterna.se\/vg\/i-kommer-att-se-till-att-det-inte-gar-att-plocka-russinen-ur-kakan\/#breadcrumb","itemListElement":[{"@type":"ListItem","position":1,"name":"Hem","item":"https:\/\/wp.kristdemokraterna.se\/vg\/"},{"@type":"ListItem","position":2,"name":"Vi kommer att se till att det inte g\u00e5r att plocka russinen ur kakan"}]},{"@type":"WebSite","@id":"https:\/\/wp.kristdemokraterna.se\/vg\/#website","url":"https:\/\/wp.kristdemokraterna.se\/vg\/","name":"V\u00e4stra G\u00f6talandsregionen","description":"","inLanguage":"sv-SE"},{"@type":"Person","@id":"https:\/\/wp.kristdemokraterna.se\/vg\/#\/schema\/person\/485c1ff01f1324aafbb92705c598210f","name":"vg","image":{"@type":"ImageObject","inLanguage":"sv-SE","@id":"https:\/\/secure.gravatar.com\/avatar\/387c874425c7747be372c14ca2d69e1689502257d65ec3b403b441b6435e48d8?s=96&d=mm&r=g","url":"https:\/\/secure.gravatar.com\/avatar\/387c874425c7747be372c14ca2d69e1689502257d65ec3b403b441b6435e48d8?s=96&d=mm&r=g","contentUrl":"https:\/\/secure.gravatar.com\/avatar\/387c874425c7747be372c14ca2d69e1689502257d65ec3b403b441b6435e48d8?s=96&d=mm&r=g","caption":"vg"},"url":"https:\/\/wp.kristdemokraterna.se\/vg\/author\/vg\/"}]}},"_links":{"self":[{"href":"https:\/\/wp.kristdemokraterna.se\/vg\/wp-json\/wp\/v2\/posts\/1299","targetHints":{"allow":["GET"]}}],"collection":[{"href":"https:\/\/wp.kristdemokraterna.se\/vg\/wp-json\/wp\/v2\/posts"}],"about":[{"href":"https:\/\/wp.kristdemokraterna.se\/vg\/wp-json\/wp\/v2\/types\/post"}],"author":[{"embeddable":true,"href":"https:\/\/wp.kristdemokraterna.se\/vg\/wp-json\/wp\/v2\/users\/726"}],"replies":[{"embeddable":true,"href":"https:\/\/wp.kristdemokraterna.se\/vg\/wp-json\/wp\/v2\/comments?post=1299"}],"version-history":[{"count":2,"href":"https:\/\/wp.kristdemokraterna.se\/vg\/wp-json\/wp\/v2\/posts\/1299\/revisions"}],"predecessor-version":[{"id":1301,"href":"https:\/\/wp.kristdemokraterna.se\/vg\/wp-json\/wp\/v2\/posts\/1299\/revisions\/1301"}],"wp:featuredmedia":[{"embeddable":true,"href":"https:\/\/wp.kristdemokraterna.se\/vg\/wp-json\/wp\/v2\/media\/1247"}],"wp:attachment":[{"href":"https:\/\/wp.kristdemokraterna.se\/vg\/wp-json\/wp\/v2\/media?parent=1299"}],"wp:term":[{"taxonomy":"category","embeddable":true,"href":"https:\/\/wp.kristdemokraterna.se\/vg\/wp-json\/wp\/v2\/categories?post=1299"},{"taxonomy":"post_tag","embeddable":true,"href":"https:\/\/wp.kristdemokraterna.se\/vg\/wp-json\/wp\/v2\/tags?post=1299"}],"curies":[{"name":"wp","href":"https:\/\/api.w.org\/{rel}","templated":true}]}}