{"id":1332,"date":"2025-10-31T13:29:12","date_gmt":"2025-10-31T12:29:12","guid":{"rendered":"https:\/\/wp.kristdemokraterna.se\/vg\/?p=1332"},"modified":"2025-11-03T13:32:39","modified_gmt":"2025-11-03T12:32:39","slug":"rodgrona-vardkoer-kortas-tack-vare-gronbla-budgetar","status":"publish","type":"post","link":"https:\/\/wp.kristdemokraterna.se\/vg\/rodgrona-vardkoer-kortas-tack-vare-gronbla-budgetar\/","title":{"rendered":"R\u00f6dgr\u00f6na v\u00e5rdk\u00f6er kortas tack vare gr\u00f6nbl\u00e5 budgetar"},"content":{"rendered":"<p><strong>Debattartikel Dagens Medicin &#8211; Stefan Svensson m.fl.<\/strong><br \/>\nTv\u00e5 \u00e5r i rad har de r\u00f6dgr\u00f6na f\u00f6rlorat budgetomr\u00f6stningen om sjukv\u00e5rdsbudgeten. V\u00e5rdk\u00f6erna i V\u00e4stra G\u00f6talandsregionen har minskat snabbare \u00e4n i \u00f6vriga landet. Det \u00e4r tack vare det h\u00e5rda arbete som varje dag utf\u00f6rs ute i verksamheterna av engagerade medarbetare, och tack vare en m\u00e5lmedveten politik som s\u00e4tter patienternas behov f\u00f6re organisationssystemens begr\u00e4nsningar.<br \/>\n<!--more--><br \/>\nDe styrande partierna Socialdemokraterna, V\u00e4nsterpartiet och Milj\u00f6partiet lyfter g\u00e4rna fram f\u00f6rb\u00e4ttringarna som sin egen f\u00f6rtj\u00e4nst, men tv\u00e5 \u00e5r i rad har de r\u00f6dgr\u00f6na f\u00f6rlorat budgetomr\u00f6stningen om regionens viktigaste styrdokument, sjukv\u00e5rdsbudgeten, v\u00e4rd 50 miljarder kronor. Det \u00e4r gr\u00f6nbl\u00e5 prioriteringar som styrt h\u00e4lso- och sjukv\u00e5rden under dessa \u00e5r, som genom riktade satsningar f\u00f6r att korta v\u00e5rdk\u00f6erna skapat viktiga f\u00f6ruts\u00e4ttningar f\u00f6r denna utveckling.<\/p>\n<p>N\u00e4r volymerna i egen regi inte r\u00e4cker till ser vi till att anv\u00e4nda all tillg\u00e4nglig kapacitet, \u00e4ven externa akt\u00f6rer. Det \u00e4r patientens behov, inte v\u00e5rdgivarens regi, som ska styra.<\/p>\n<p>Det \u00e4r ocks\u00e5 missvisande att j\u00e4mf\u00f6ra dagens k\u00f6er med 2022, mitt under pandemins efterdyningar. V\u00e5rden stod d\u00e5 inf\u00f6r ett historiskt v\u00e5rdberg. Den f\u00f6rb\u00e4ttring vi ser nu \u00e4r resultatet av l\u00e5ngsiktigt arbete och samarbete mellan offentlig och privat v\u00e5rd. Vi beh\u00f6ver ta tillvara all sjukv\u00e5rdskompetens som finns, b\u00e5de i privat och offentlig verksamhet.<\/p>\n<p>Vi i Gr\u00f6nbl\u00e5 samverkan i V\u00e4stra G\u00f6talandsregionen \u2013 Moderaterna, Kristdemokraterna, Liberalerna och Centerpartiet \u2013 har dessutom s\u00e4rskilt satsat p\u00e5 den prehospitala v\u00e5rden. Kortare inst\u00e4llelsetider f\u00f6r prio 1-larm, fler ambulanser p\u00e5 v\u00e4garna och st\u00e4rkt tillg\u00e4nglighet har prioriterats under dessa tv\u00e5 \u00e5r. Samtidigt har vi tagit initiativ till att inf\u00f6ra v\u00e5rdval inom barn- och ungdomspsykiatrin f\u00f6r att korta k\u00f6erna och ge fler barn r\u00e4tt hj\u00e4lp i tid.<\/p>\n<p>Trots miljardinvesteringar i H\u00f6gsbo n\u00e4rsjukhus st\u00e5r operationssalar och mottagningsrum delvis tomma. Det \u00e4r inte bara ett sl\u00f6seri med skattebetalarnas pengar, det \u00e4r \u00e4ven ett svek mot patienterna. Gr\u00f6nbl\u00e5 samverkan vill genomf\u00f6ra en riktad upphandling av v\u00e5rd vid H\u00f6gsbo n\u00e4rsjukhus.<\/p>\n<p>Det handlar om att ta vara p\u00e5 befintlig kapacitet genom att sl\u00e4ppa in fler utf\u00f6rare som kan leverera v\u00e5rd med h\u00f6g kvalitet. Externa akt\u00f6rer har i flera fall visat att de b\u00e5de kan \u00f6ka tillg\u00e4ngligheten och h\u00e5lla nere kostnaderna, utan att tumma p\u00e5 patients\u00e4kerheten.<\/p>\n<p>Den r\u00f6dgr\u00f6na ledningen har i flera fall f\u00f6rs\u00f6kt mots\u00e4tta sig upphandling av v\u00e5rd, \u00e4ven n\u00e4r det funnits stora behov av att \u00f6ka tillg\u00e4ngligheten. Sjukv\u00e5rden ska vara trygg, tillg\u00e4nglig och effektiv. N\u00e4r fullt utrustade operationssalar st\u00e5r oanv\u00e4nda samtidigt som m\u00e4nniskor v\u00e4ntar i m\u00e5nader p\u00e5 v\u00e5rd, d\u00e5 m\u00e5ste vi agera.<\/p>\n<p>R\u00f6dgr\u00f6n retorik kan aldrig ers\u00e4tta resultat. Det \u00e4r gr\u00f6nbl\u00e5 politik som levererar kortare v\u00e5rdk\u00f6er och en mer tillg\u00e4nglig v\u00e5rd i V\u00e4stra G\u00f6talandsregionen.<\/p>\n<p><strong>Lars Holmin (M)<\/strong>, vice ordf\u00f6rande regionstyrelsen i V\u00e4stra G\u00f6talandsregionen<br \/>\n<strong>Stefan Svensson (KD)<\/strong>, regionr\u00e5d i V\u00e4stra G\u00f6talandsregionen<br \/>\n<strong>Cecilia Andersson (C)<\/strong>, regionr\u00e5d i V\u00e4stra G\u00f6talandsregionen<br \/>\n<strong>P\u00e4r Lundqvist (L)<\/strong>, regionr\u00e5d i V\u00e4stra G\u00f6talandsregionen<\/p>\n","protected":false},"excerpt":{"rendered":"<p>Debattartikel Dagens Medicin &#8211; Stefan Svensson m.fl. Tv\u00e5 \u00e5r i rad har de r\u00f6dgr\u00f6na f\u00f6rlorat budgetomr\u00f6stningen om sjukv\u00e5rdsbudgeten. V\u00e5rdk\u00f6erna i V\u00e4stra G\u00f6talandsregionen har minskat snabbare \u00e4n i \u00f6vriga landet. Det \u00e4r tack vare det h\u00e5rda arbete som varje dag utf\u00f6rs ute i verksamheterna av engagerade medarbetare, och tack vare en m\u00e5lmedveten politik som s\u00e4tter patienternas <a class=\"read-more-link\" href=\"https:\/\/wp.kristdemokraterna.se\/vg\/rodgrona-vardkoer-kortas-tack-vare-gronbla-budgetar\/\">Read More<\/a><\/p>\n","protected":false},"author":726,"featured_media":1247,"comment_status":"closed","ping_status":"closed","sticky":false,"template":"","format":"standard","meta":{"_acf_changed":false,"footnotes":""},"categories":[1],"tags":[],"class_list":["post-1332","post","type-post","status-publish","format-standard","has-post-thumbnail","hentry","category-okategoriserade"],"acf":[],"yoast_head":"<!-- This site is optimized with the Yoast SEO plugin v27.5 - https:\/\/yoast.com\/product\/yoast-seo-wordpress\/ -->\n<title>R\u00f6dgr\u00f6na v\u00e5rdk\u00f6er kortas tack vare gr\u00f6nbl\u00e5 budgetar - V\u00e4stra G\u00f6talandsregionen<\/title>\n<meta name=\"robots\" content=\"index, follow, max-snippet:-1, max-image-preview:large, max-video-preview:-1\" \/>\n<link rel=\"canonical\" href=\"https:\/\/wp.kristdemokraterna.se\/vg\/rodgrona-vardkoer-kortas-tack-vare-gronbla-budgetar\/\" \/>\n<meta property=\"og:locale\" content=\"sv_SE\" \/>\n<meta property=\"og:type\" content=\"article\" \/>\n<meta property=\"og:title\" content=\"R\u00f6dgr\u00f6na v\u00e5rdk\u00f6er kortas tack vare gr\u00f6nbl\u00e5 budgetar - V\u00e4stra G\u00f6talandsregionen\" \/>\n<meta property=\"og:description\" content=\"Debattartikel Dagens Medicin &#8211; Stefan Svensson m.fl. Tv\u00e5 \u00e5r i rad har de r\u00f6dgr\u00f6na f\u00f6rlorat budgetomr\u00f6stningen om sjukv\u00e5rdsbudgeten. V\u00e5rdk\u00f6erna i V\u00e4stra G\u00f6talandsregionen har minskat snabbare \u00e4n i \u00f6vriga landet. Det \u00e4r tack vare det h\u00e5rda arbete som varje dag utf\u00f6rs ute i verksamheterna av engagerade medarbetare, och tack vare en m\u00e5lmedveten politik som s\u00e4tter patienternas Read More\" \/>\n<meta property=\"og:url\" content=\"https:\/\/wp.kristdemokraterna.se\/vg\/rodgrona-vardkoer-kortas-tack-vare-gronbla-budgetar\/\" \/>\n<meta property=\"og:site_name\" content=\"V\u00e4stra G\u00f6talandsregionen\" \/>\n<meta property=\"article:published_time\" content=\"2025-10-31T12:29:12+00:00\" \/>\n<meta property=\"article:modified_time\" content=\"2025-11-03T12:32:39+00:00\" \/>\n<meta property=\"og:image\" content=\"http:\/\/wp.kristdemokraterna.se\/vg\/files\/2023\/12\/stefan-hemsida-2.png\" \/>\n\t<meta property=\"og:image:width\" content=\"471\" \/>\n\t<meta property=\"og:image:height\" content=\"367\" \/>\n\t<meta property=\"og:image:type\" content=\"image\/png\" \/>\n<meta name=\"author\" content=\"vg\" \/>\n<meta name=\"twitter:card\" content=\"summary_large_image\" \/>\n<meta name=\"twitter:creator\" content=\"@KD_VGR\" \/>\n<meta name=\"twitter:site\" content=\"@KD_VGR\" \/>\n<meta name=\"twitter:label1\" content=\"Skriven av\" \/>\n\t<meta name=\"twitter:data1\" content=\"vg\" \/>\n\t<meta name=\"twitter:label2\" content=\"Ber\u00e4knad l\u00e4stid\" \/>\n\t<meta name=\"twitter:data2\" content=\"3 minuter\" \/>\n<script type=\"application\/ld+json\" class=\"yoast-schema-graph\">{\"@context\":\"https:\\\/\\\/schema.org\",\"@graph\":[{\"@type\":\"Article\",\"@id\":\"https:\\\/\\\/wp.kristdemokraterna.se\\\/vg\\\/rodgrona-vardkoer-kortas-tack-vare-gronbla-budgetar\\\/#article\",\"isPartOf\":{\"@id\":\"https:\\\/\\\/wp.kristdemokraterna.se\\\/vg\\\/rodgrona-vardkoer-kortas-tack-vare-gronbla-budgetar\\\/\"},\"author\":{\"name\":\"vg\",\"@id\":\"https:\\\/\\\/wp.kristdemokraterna.se\\\/vg\\\/#\\\/schema\\\/person\\\/485c1ff01f1324aafbb92705c598210f\"},\"headline\":\"R\u00f6dgr\u00f6na v\u00e5rdk\u00f6er kortas tack vare gr\u00f6nbl\u00e5 budgetar\",\"datePublished\":\"2025-10-31T12:29:12+00:00\",\"dateModified\":\"2025-11-03T12:32:39+00:00\",\"mainEntityOfPage\":{\"@id\":\"https:\\\/\\\/wp.kristdemokraterna.se\\\/vg\\\/rodgrona-vardkoer-kortas-tack-vare-gronbla-budgetar\\\/\"},\"wordCount\":588,\"image\":{\"@id\":\"https:\\\/\\\/wp.kristdemokraterna.se\\\/vg\\\/rodgrona-vardkoer-kortas-tack-vare-gronbla-budgetar\\\/#primaryimage\"},\"thumbnailUrl\":\"https:\\\/\\\/wp.kristdemokraterna.se\\\/vg\\\/files\\\/2023\\\/12\\\/stefan-hemsida-2.png\",\"inLanguage\":\"sv-SE\"},{\"@type\":\"WebPage\",\"@id\":\"https:\\\/\\\/wp.kristdemokraterna.se\\\/vg\\\/rodgrona-vardkoer-kortas-tack-vare-gronbla-budgetar\\\/\",\"url\":\"https:\\\/\\\/wp.kristdemokraterna.se\\\/vg\\\/rodgrona-vardkoer-kortas-tack-vare-gronbla-budgetar\\\/\",\"name\":\"R\u00f6dgr\u00f6na v\u00e5rdk\u00f6er kortas tack vare gr\u00f6nbl\u00e5 budgetar - V\u00e4stra G\u00f6talandsregionen\",\"isPartOf\":{\"@id\":\"https:\\\/\\\/wp.kristdemokraterna.se\\\/vg\\\/#website\"},\"primaryImageOfPage\":{\"@id\":\"https:\\\/\\\/wp.kristdemokraterna.se\\\/vg\\\/rodgrona-vardkoer-kortas-tack-vare-gronbla-budgetar\\\/#primaryimage\"},\"image\":{\"@id\":\"https:\\\/\\\/wp.kristdemokraterna.se\\\/vg\\\/rodgrona-vardkoer-kortas-tack-vare-gronbla-budgetar\\\/#primaryimage\"},\"thumbnailUrl\":\"https:\\\/\\\/wp.kristdemokraterna.se\\\/vg\\\/files\\\/2023\\\/12\\\/stefan-hemsida-2.png\",\"datePublished\":\"2025-10-31T12:29:12+00:00\",\"dateModified\":\"2025-11-03T12:32:39+00:00\",\"author\":{\"@id\":\"https:\\\/\\\/wp.kristdemokraterna.se\\\/vg\\\/#\\\/schema\\\/person\\\/485c1ff01f1324aafbb92705c598210f\"},\"breadcrumb\":{\"@id\":\"https:\\\/\\\/wp.kristdemokraterna.se\\\/vg\\\/rodgrona-vardkoer-kortas-tack-vare-gronbla-budgetar\\\/#breadcrumb\"},\"inLanguage\":\"sv-SE\",\"potentialAction\":[{\"@type\":\"ReadAction\",\"target\":[\"https:\\\/\\\/wp.kristdemokraterna.se\\\/vg\\\/rodgrona-vardkoer-kortas-tack-vare-gronbla-budgetar\\\/\"]}]},{\"@type\":\"ImageObject\",\"inLanguage\":\"sv-SE\",\"@id\":\"https:\\\/\\\/wp.kristdemokraterna.se\\\/vg\\\/rodgrona-vardkoer-kortas-tack-vare-gronbla-budgetar\\\/#primaryimage\",\"url\":\"https:\\\/\\\/wp.kristdemokraterna.se\\\/vg\\\/files\\\/2023\\\/12\\\/stefan-hemsida-2.png\",\"contentUrl\":\"https:\\\/\\\/wp.kristdemokraterna.se\\\/vg\\\/files\\\/2023\\\/12\\\/stefan-hemsida-2.png\",\"width\":471,\"height\":367},{\"@type\":\"BreadcrumbList\",\"@id\":\"https:\\\/\\\/wp.kristdemokraterna.se\\\/vg\\\/rodgrona-vardkoer-kortas-tack-vare-gronbla-budgetar\\\/#breadcrumb\",\"itemListElement\":[{\"@type\":\"ListItem\",\"position\":1,\"name\":\"Hem\",\"item\":\"https:\\\/\\\/wp.kristdemokraterna.se\\\/vg\\\/\"},{\"@type\":\"ListItem\",\"position\":2,\"name\":\"R\u00f6dgr\u00f6na v\u00e5rdk\u00f6er kortas tack vare gr\u00f6nbl\u00e5 budgetar\"}]},{\"@type\":\"WebSite\",\"@id\":\"https:\\\/\\\/wp.kristdemokraterna.se\\\/vg\\\/#website\",\"url\":\"https:\\\/\\\/wp.kristdemokraterna.se\\\/vg\\\/\",\"name\":\"V\u00e4stra G\u00f6talandsregionen\",\"description\":\"\",\"inLanguage\":\"sv-SE\"},{\"@type\":\"Person\",\"@id\":\"https:\\\/\\\/wp.kristdemokraterna.se\\\/vg\\\/#\\\/schema\\\/person\\\/485c1ff01f1324aafbb92705c598210f\",\"name\":\"vg\",\"image\":{\"@type\":\"ImageObject\",\"inLanguage\":\"sv-SE\",\"@id\":\"https:\\\/\\\/secure.gravatar.com\\\/avatar\\\/387c874425c7747be372c14ca2d69e1689502257d65ec3b403b441b6435e48d8?s=96&d=mm&r=g\",\"url\":\"https:\\\/\\\/secure.gravatar.com\\\/avatar\\\/387c874425c7747be372c14ca2d69e1689502257d65ec3b403b441b6435e48d8?s=96&d=mm&r=g\",\"contentUrl\":\"https:\\\/\\\/secure.gravatar.com\\\/avatar\\\/387c874425c7747be372c14ca2d69e1689502257d65ec3b403b441b6435e48d8?s=96&d=mm&r=g\",\"caption\":\"vg\"},\"url\":\"https:\\\/\\\/wp.kristdemokraterna.se\\\/vg\\\/author\\\/vg\\\/\"}]}<\/script>\n<!-- \/ Yoast SEO plugin. -->","yoast_head_json":{"title":"R\u00f6dgr\u00f6na v\u00e5rdk\u00f6er kortas tack vare gr\u00f6nbl\u00e5 budgetar - V\u00e4stra G\u00f6talandsregionen","robots":{"index":"index","follow":"follow","max-snippet":"max-snippet:-1","max-image-preview":"max-image-preview:large","max-video-preview":"max-video-preview:-1"},"canonical":"https:\/\/wp.kristdemokraterna.se\/vg\/rodgrona-vardkoer-kortas-tack-vare-gronbla-budgetar\/","og_locale":"sv_SE","og_type":"article","og_title":"R\u00f6dgr\u00f6na v\u00e5rdk\u00f6er kortas tack vare gr\u00f6nbl\u00e5 budgetar - V\u00e4stra G\u00f6talandsregionen","og_description":"Debattartikel Dagens Medicin &#8211; Stefan Svensson m.fl. Tv\u00e5 \u00e5r i rad har de r\u00f6dgr\u00f6na f\u00f6rlorat budgetomr\u00f6stningen om sjukv\u00e5rdsbudgeten. V\u00e5rdk\u00f6erna i V\u00e4stra G\u00f6talandsregionen har minskat snabbare \u00e4n i \u00f6vriga landet. Det \u00e4r tack vare det h\u00e5rda arbete som varje dag utf\u00f6rs ute i verksamheterna av engagerade medarbetare, och tack vare en m\u00e5lmedveten politik som s\u00e4tter patienternas Read More","og_url":"https:\/\/wp.kristdemokraterna.se\/vg\/rodgrona-vardkoer-kortas-tack-vare-gronbla-budgetar\/","og_site_name":"V\u00e4stra G\u00f6talandsregionen","article_published_time":"2025-10-31T12:29:12+00:00","article_modified_time":"2025-11-03T12:32:39+00:00","og_image":[{"width":471,"height":367,"url":"http:\/\/wp.kristdemokraterna.se\/vg\/files\/2023\/12\/stefan-hemsida-2.png","type":"image\/png"}],"author":"vg","twitter_card":"summary_large_image","twitter_creator":"@KD_VGR","twitter_site":"@KD_VGR","twitter_misc":{"Skriven av":"vg","Ber\u00e4knad l\u00e4stid":"3 minuter"},"schema":{"@context":"https:\/\/schema.org","@graph":[{"@type":"Article","@id":"https:\/\/wp.kristdemokraterna.se\/vg\/rodgrona-vardkoer-kortas-tack-vare-gronbla-budgetar\/#article","isPartOf":{"@id":"https:\/\/wp.kristdemokraterna.se\/vg\/rodgrona-vardkoer-kortas-tack-vare-gronbla-budgetar\/"},"author":{"name":"vg","@id":"https:\/\/wp.kristdemokraterna.se\/vg\/#\/schema\/person\/485c1ff01f1324aafbb92705c598210f"},"headline":"R\u00f6dgr\u00f6na v\u00e5rdk\u00f6er kortas tack vare gr\u00f6nbl\u00e5 budgetar","datePublished":"2025-10-31T12:29:12+00:00","dateModified":"2025-11-03T12:32:39+00:00","mainEntityOfPage":{"@id":"https:\/\/wp.kristdemokraterna.se\/vg\/rodgrona-vardkoer-kortas-tack-vare-gronbla-budgetar\/"},"wordCount":588,"image":{"@id":"https:\/\/wp.kristdemokraterna.se\/vg\/rodgrona-vardkoer-kortas-tack-vare-gronbla-budgetar\/#primaryimage"},"thumbnailUrl":"https:\/\/wp.kristdemokraterna.se\/vg\/files\/2023\/12\/stefan-hemsida-2.png","inLanguage":"sv-SE"},{"@type":"WebPage","@id":"https:\/\/wp.kristdemokraterna.se\/vg\/rodgrona-vardkoer-kortas-tack-vare-gronbla-budgetar\/","url":"https:\/\/wp.kristdemokraterna.se\/vg\/rodgrona-vardkoer-kortas-tack-vare-gronbla-budgetar\/","name":"R\u00f6dgr\u00f6na v\u00e5rdk\u00f6er kortas tack vare gr\u00f6nbl\u00e5 budgetar - V\u00e4stra G\u00f6talandsregionen","isPartOf":{"@id":"https:\/\/wp.kristdemokraterna.se\/vg\/#website"},"primaryImageOfPage":{"@id":"https:\/\/wp.kristdemokraterna.se\/vg\/rodgrona-vardkoer-kortas-tack-vare-gronbla-budgetar\/#primaryimage"},"image":{"@id":"https:\/\/wp.kristdemokraterna.se\/vg\/rodgrona-vardkoer-kortas-tack-vare-gronbla-budgetar\/#primaryimage"},"thumbnailUrl":"https:\/\/wp.kristdemokraterna.se\/vg\/files\/2023\/12\/stefan-hemsida-2.png","datePublished":"2025-10-31T12:29:12+00:00","dateModified":"2025-11-03T12:32:39+00:00","author":{"@id":"https:\/\/wp.kristdemokraterna.se\/vg\/#\/schema\/person\/485c1ff01f1324aafbb92705c598210f"},"breadcrumb":{"@id":"https:\/\/wp.kristdemokraterna.se\/vg\/rodgrona-vardkoer-kortas-tack-vare-gronbla-budgetar\/#breadcrumb"},"inLanguage":"sv-SE","potentialAction":[{"@type":"ReadAction","target":["https:\/\/wp.kristdemokraterna.se\/vg\/rodgrona-vardkoer-kortas-tack-vare-gronbla-budgetar\/"]}]},{"@type":"ImageObject","inLanguage":"sv-SE","@id":"https:\/\/wp.kristdemokraterna.se\/vg\/rodgrona-vardkoer-kortas-tack-vare-gronbla-budgetar\/#primaryimage","url":"https:\/\/wp.kristdemokraterna.se\/vg\/files\/2023\/12\/stefan-hemsida-2.png","contentUrl":"https:\/\/wp.kristdemokraterna.se\/vg\/files\/2023\/12\/stefan-hemsida-2.png","width":471,"height":367},{"@type":"BreadcrumbList","@id":"https:\/\/wp.kristdemokraterna.se\/vg\/rodgrona-vardkoer-kortas-tack-vare-gronbla-budgetar\/#breadcrumb","itemListElement":[{"@type":"ListItem","position":1,"name":"Hem","item":"https:\/\/wp.kristdemokraterna.se\/vg\/"},{"@type":"ListItem","position":2,"name":"R\u00f6dgr\u00f6na v\u00e5rdk\u00f6er kortas tack vare gr\u00f6nbl\u00e5 budgetar"}]},{"@type":"WebSite","@id":"https:\/\/wp.kristdemokraterna.se\/vg\/#website","url":"https:\/\/wp.kristdemokraterna.se\/vg\/","name":"V\u00e4stra G\u00f6talandsregionen","description":"","inLanguage":"sv-SE"},{"@type":"Person","@id":"https:\/\/wp.kristdemokraterna.se\/vg\/#\/schema\/person\/485c1ff01f1324aafbb92705c598210f","name":"vg","image":{"@type":"ImageObject","inLanguage":"sv-SE","@id":"https:\/\/secure.gravatar.com\/avatar\/387c874425c7747be372c14ca2d69e1689502257d65ec3b403b441b6435e48d8?s=96&d=mm&r=g","url":"https:\/\/secure.gravatar.com\/avatar\/387c874425c7747be372c14ca2d69e1689502257d65ec3b403b441b6435e48d8?s=96&d=mm&r=g","contentUrl":"https:\/\/secure.gravatar.com\/avatar\/387c874425c7747be372c14ca2d69e1689502257d65ec3b403b441b6435e48d8?s=96&d=mm&r=g","caption":"vg"},"url":"https:\/\/wp.kristdemokraterna.se\/vg\/author\/vg\/"}]}},"_links":{"self":[{"href":"https:\/\/wp.kristdemokraterna.se\/vg\/wp-json\/wp\/v2\/posts\/1332","targetHints":{"allow":["GET"]}}],"collection":[{"href":"https:\/\/wp.kristdemokraterna.se\/vg\/wp-json\/wp\/v2\/posts"}],"about":[{"href":"https:\/\/wp.kristdemokraterna.se\/vg\/wp-json\/wp\/v2\/types\/post"}],"author":[{"embeddable":true,"href":"https:\/\/wp.kristdemokraterna.se\/vg\/wp-json\/wp\/v2\/users\/726"}],"replies":[{"embeddable":true,"href":"https:\/\/wp.kristdemokraterna.se\/vg\/wp-json\/wp\/v2\/comments?post=1332"}],"version-history":[{"count":2,"href":"https:\/\/wp.kristdemokraterna.se\/vg\/wp-json\/wp\/v2\/posts\/1332\/revisions"}],"predecessor-version":[{"id":1334,"href":"https:\/\/wp.kristdemokraterna.se\/vg\/wp-json\/wp\/v2\/posts\/1332\/revisions\/1334"}],"wp:featuredmedia":[{"embeddable":true,"href":"https:\/\/wp.kristdemokraterna.se\/vg\/wp-json\/wp\/v2\/media\/1247"}],"wp:attachment":[{"href":"https:\/\/wp.kristdemokraterna.se\/vg\/wp-json\/wp\/v2\/media?parent=1332"}],"wp:term":[{"taxonomy":"category","embeddable":true,"href":"https:\/\/wp.kristdemokraterna.se\/vg\/wp-json\/wp\/v2\/categories?post=1332"},{"taxonomy":"post_tag","embeddable":true,"href":"https:\/\/wp.kristdemokraterna.se\/vg\/wp-json\/wp\/v2\/tags?post=1332"}],"curies":[{"name":"wp","href":"https:\/\/api.w.org\/{rel}","templated":true}]}}