{"id":1335,"date":"2025-11-11T09:45:35","date_gmt":"2025-11-11T08:45:35","guid":{"rendered":"https:\/\/wp.kristdemokraterna.se\/vg\/?p=1335"},"modified":"2025-11-19T09:50:57","modified_gmt":"2025-11-19T08:50:57","slug":"frigor-bostader-sank-skatten-for-dem-som-bott-lange","status":"publish","type":"post","link":"https:\/\/wp.kristdemokraterna.se\/vg\/frigor-bostader-sank-skatten-for-dem-som-bott-lange\/","title":{"rendered":"Frig\u00f6r bost\u00e4der \u2013 s\u00e4nk skatten f\u00f6r dem som bott l\u00e4nge"},"content":{"rendered":"<p><strong>Ins\u00e4ndare Alings\u00e5s Tidning &#8211; Utbult, Kihlstr\u00f6m, Svensson<\/strong><br \/>\nIdag f\u00e5r den som vill flytta betala en osk\u00e4ligt h\u00f6g skatt till staten, bara f\u00f6r att man bott l\u00e4nge i sitt hem, vilket ocks\u00e5 h\u00e4mmar r\u00f6rligheten p\u00e5 bostadsmarknaden, skriver debatt\u00f6rerna.<br \/>\n<!--more--><br \/>\nI Sverige ska man kunna s\u00e4lja sitt hem utan att bli \u00f6verbeskattad av staten. Idag f\u00e5r den som vill flytta betala en osk\u00e4ligt h\u00f6g skatt till staten, bara f\u00f6r att man bott l\u00e4nge i sitt hem, vilket ocks\u00e5 h\u00e4mmar r\u00f6rligheten p\u00e5 bostadsmarknaden. Det \u00e4r orimligt. Reavinstskatten p\u00e5 22 procent g\u00f6r att m\u00e5nga \u00e4ldre sitter kvar i bost\u00e4der de egentligen vill l\u00e4mna, medan unga familjer st\u00e5r utan plats. Kristdemokraterna f\u00f6resl\u00e5r att reavinstskatten trappas ner efter ett antal \u00e5rs \u00e4gande, med tv\u00e5 procentenheter per \u00e5r, tills den \u00e4r helt borta.<\/p>\n<p>Idag \u00e4ger 7 av 10 pension\u00e4rer sitt boende, ofta ett sm\u00e5hus. Var tredje s\u00e4ger att de vill flytta till n\u00e5got mindre, men de l\u00e5ter bli eftersom staten tar hundratusentals kronor i skatt bara f\u00f6r att de vill anpassa sitt boende.<\/p>\n<p>Vi f\u00f6resl\u00e5r att reavinstskatten trappas ner efter fem \u00e5rs boende, med tv\u00e5 procentenheter per \u00e5r, tills den efter 16 \u00e5r \u00e4r helt borta. F\u00f6rslaget g\u00e4ller bara den som b\u00e5de \u00e4gt och bott i bostaden, och vi vill inf\u00f6ra ett rimligt tak f\u00f6r skattefriheten s\u00e5 att den blir f\u00f6rdelningspolitiskt r\u00e4ttvis. V\u00e5rt f\u00f6rslag skulle sm\u00f6rja flyttkedjorna, frig\u00f6ra bost\u00e4der f\u00f6r barnfamiljer och g\u00f6ra det l\u00e4ttare f\u00f6r unga att komma in p\u00e5 bostadsmarknaden.<\/p>\n<p>Den som bott l\u00e4nge i sitt hem ska inte straffas f\u00f6r att bostadspriserna stigit. Reavinstskatten har blivit en inl\u00e5sningseffekt som h\u00e4mmar hela bostadsmarknaden. Vi vill g\u00f6ra det m\u00f6jligt att flytta, s\u00e5 att \u00e4ldre kan flytta ut och yngre kan flytta in. Kristdemokraterna \u00e4r villa- och bostads\u00e4garnas b\u00e4sta v\u00e4n.<\/p>\n<p><strong>Roland Utbult (KD)<\/strong>, riksdagsledamot<br \/>\n<strong>Ingemar Kihlstr\u00f6m (KD)<\/strong>, riksdagsledamot<br \/>\n<strong>Stefan Svensson (KD)<\/strong>, regionr\u00e5d<\/p>\n","protected":false},"excerpt":{"rendered":"<p>Ins\u00e4ndare Alings\u00e5s Tidning &#8211; Utbult, Kihlstr\u00f6m, Svensson Idag f\u00e5r den som vill flytta betala en osk\u00e4ligt h\u00f6g skatt till staten, bara f\u00f6r att man bott l\u00e4nge i sitt hem, vilket ocks\u00e5 h\u00e4mmar r\u00f6rligheten p\u00e5 bostadsmarknaden, skriver debatt\u00f6rerna.<\/p>\n","protected":false},"author":726,"featured_media":1336,"comment_status":"closed","ping_status":"closed","sticky":false,"template":"","format":"standard","meta":{"_acf_changed":false,"footnotes":""},"categories":[1],"tags":[],"class_list":["post-1335","post","type-post","status-publish","format-standard","has-post-thumbnail","hentry","category-okategoriserade"],"acf":[],"yoast_head":"<!-- This site is optimized with the Yoast SEO plugin v27.5 - https:\/\/yoast.com\/product\/yoast-seo-wordpress\/ -->\n<title>Frig\u00f6r bost\u00e4der \u2013 s\u00e4nk skatten f\u00f6r dem som bott l\u00e4nge - V\u00e4stra G\u00f6talandsregionen<\/title>\n<meta name=\"robots\" content=\"index, follow, max-snippet:-1, max-image-preview:large, max-video-preview:-1\" \/>\n<link rel=\"canonical\" href=\"https:\/\/wp.kristdemokraterna.se\/vg\/frigor-bostader-sank-skatten-for-dem-som-bott-lange\/\" \/>\n<meta property=\"og:locale\" content=\"sv_SE\" \/>\n<meta property=\"og:type\" content=\"article\" \/>\n<meta property=\"og:title\" content=\"Frig\u00f6r bost\u00e4der \u2013 s\u00e4nk skatten f\u00f6r dem som bott l\u00e4nge - V\u00e4stra G\u00f6talandsregionen\" \/>\n<meta property=\"og:description\" content=\"Ins\u00e4ndare Alings\u00e5s Tidning &#8211; Utbult, Kihlstr\u00f6m, Svensson Idag f\u00e5r den som vill flytta betala en osk\u00e4ligt h\u00f6g skatt till staten, bara f\u00f6r att man bott l\u00e4nge i sitt hem, vilket ocks\u00e5 h\u00e4mmar r\u00f6rligheten p\u00e5 bostadsmarknaden, skriver debatt\u00f6rerna.\" \/>\n<meta property=\"og:url\" content=\"https:\/\/wp.kristdemokraterna.se\/vg\/frigor-bostader-sank-skatten-for-dem-som-bott-lange\/\" \/>\n<meta property=\"og:site_name\" content=\"V\u00e4stra G\u00f6talandsregionen\" \/>\n<meta property=\"article:published_time\" content=\"2025-11-11T08:45:35+00:00\" \/>\n<meta property=\"article:modified_time\" content=\"2025-11-19T08:50:57+00:00\" \/>\n<meta property=\"og:image\" content=\"http:\/\/wp.kristdemokraterna.se\/vg\/files\/2025\/11\/hus-hemsida.png\" \/>\n\t<meta property=\"og:image:width\" content=\"472\" \/>\n\t<meta property=\"og:image:height\" content=\"263\" \/>\n\t<meta property=\"og:image:type\" content=\"image\/png\" \/>\n<meta name=\"author\" content=\"vg\" \/>\n<meta name=\"twitter:card\" content=\"summary_large_image\" \/>\n<meta name=\"twitter:creator\" content=\"@KD_VGR\" \/>\n<meta name=\"twitter:site\" content=\"@KD_VGR\" \/>\n<meta name=\"twitter:label1\" content=\"Skriven av\" \/>\n\t<meta name=\"twitter:data1\" content=\"vg\" \/>\n\t<meta name=\"twitter:label2\" content=\"Ber\u00e4knad l\u00e4stid\" \/>\n\t<meta name=\"twitter:data2\" content=\"2 minuter\" \/>\n<script type=\"application\/ld+json\" class=\"yoast-schema-graph\">{\"@context\":\"https:\\\/\\\/schema.org\",\"@graph\":[{\"@type\":\"Article\",\"@id\":\"https:\\\/\\\/wp.kristdemokraterna.se\\\/vg\\\/frigor-bostader-sank-skatten-for-dem-som-bott-lange\\\/#article\",\"isPartOf\":{\"@id\":\"https:\\\/\\\/wp.kristdemokraterna.se\\\/vg\\\/frigor-bostader-sank-skatten-for-dem-som-bott-lange\\\/\"},\"author\":{\"name\":\"vg\",\"@id\":\"https:\\\/\\\/wp.kristdemokraterna.se\\\/vg\\\/#\\\/schema\\\/person\\\/485c1ff01f1324aafbb92705c598210f\"},\"headline\":\"Frig\u00f6r bost\u00e4der \u2013 s\u00e4nk skatten f\u00f6r dem som bott l\u00e4nge\",\"datePublished\":\"2025-11-11T08:45:35+00:00\",\"dateModified\":\"2025-11-19T08:50:57+00:00\",\"mainEntityOfPage\":{\"@id\":\"https:\\\/\\\/wp.kristdemokraterna.se\\\/vg\\\/frigor-bostader-sank-skatten-for-dem-som-bott-lange\\\/\"},\"wordCount\":365,\"image\":{\"@id\":\"https:\\\/\\\/wp.kristdemokraterna.se\\\/vg\\\/frigor-bostader-sank-skatten-for-dem-som-bott-lange\\\/#primaryimage\"},\"thumbnailUrl\":\"https:\\\/\\\/wp.kristdemokraterna.se\\\/vg\\\/files\\\/2025\\\/11\\\/hus-hemsida.png\",\"inLanguage\":\"sv-SE\"},{\"@type\":\"WebPage\",\"@id\":\"https:\\\/\\\/wp.kristdemokraterna.se\\\/vg\\\/frigor-bostader-sank-skatten-for-dem-som-bott-lange\\\/\",\"url\":\"https:\\\/\\\/wp.kristdemokraterna.se\\\/vg\\\/frigor-bostader-sank-skatten-for-dem-som-bott-lange\\\/\",\"name\":\"Frig\u00f6r bost\u00e4der \u2013 s\u00e4nk skatten f\u00f6r dem som bott l\u00e4nge - V\u00e4stra G\u00f6talandsregionen\",\"isPartOf\":{\"@id\":\"https:\\\/\\\/wp.kristdemokraterna.se\\\/vg\\\/#website\"},\"primaryImageOfPage\":{\"@id\":\"https:\\\/\\\/wp.kristdemokraterna.se\\\/vg\\\/frigor-bostader-sank-skatten-for-dem-som-bott-lange\\\/#primaryimage\"},\"image\":{\"@id\":\"https:\\\/\\\/wp.kristdemokraterna.se\\\/vg\\\/frigor-bostader-sank-skatten-for-dem-som-bott-lange\\\/#primaryimage\"},\"thumbnailUrl\":\"https:\\\/\\\/wp.kristdemokraterna.se\\\/vg\\\/files\\\/2025\\\/11\\\/hus-hemsida.png\",\"datePublished\":\"2025-11-11T08:45:35+00:00\",\"dateModified\":\"2025-11-19T08:50:57+00:00\",\"author\":{\"@id\":\"https:\\\/\\\/wp.kristdemokraterna.se\\\/vg\\\/#\\\/schema\\\/person\\\/485c1ff01f1324aafbb92705c598210f\"},\"breadcrumb\":{\"@id\":\"https:\\\/\\\/wp.kristdemokraterna.se\\\/vg\\\/frigor-bostader-sank-skatten-for-dem-som-bott-lange\\\/#breadcrumb\"},\"inLanguage\":\"sv-SE\",\"potentialAction\":[{\"@type\":\"ReadAction\",\"target\":[\"https:\\\/\\\/wp.kristdemokraterna.se\\\/vg\\\/frigor-bostader-sank-skatten-for-dem-som-bott-lange\\\/\"]}]},{\"@type\":\"ImageObject\",\"inLanguage\":\"sv-SE\",\"@id\":\"https:\\\/\\\/wp.kristdemokraterna.se\\\/vg\\\/frigor-bostader-sank-skatten-for-dem-som-bott-lange\\\/#primaryimage\",\"url\":\"https:\\\/\\\/wp.kristdemokraterna.se\\\/vg\\\/files\\\/2025\\\/11\\\/hus-hemsida.png\",\"contentUrl\":\"https:\\\/\\\/wp.kristdemokraterna.se\\\/vg\\\/files\\\/2025\\\/11\\\/hus-hemsida.png\",\"width\":472,\"height\":263},{\"@type\":\"BreadcrumbList\",\"@id\":\"https:\\\/\\\/wp.kristdemokraterna.se\\\/vg\\\/frigor-bostader-sank-skatten-for-dem-som-bott-lange\\\/#breadcrumb\",\"itemListElement\":[{\"@type\":\"ListItem\",\"position\":1,\"name\":\"Hem\",\"item\":\"https:\\\/\\\/wp.kristdemokraterna.se\\\/vg\\\/\"},{\"@type\":\"ListItem\",\"position\":2,\"name\":\"Frig\u00f6r bost\u00e4der \u2013 s\u00e4nk skatten f\u00f6r dem som bott l\u00e4nge\"}]},{\"@type\":\"WebSite\",\"@id\":\"https:\\\/\\\/wp.kristdemokraterna.se\\\/vg\\\/#website\",\"url\":\"https:\\\/\\\/wp.kristdemokraterna.se\\\/vg\\\/\",\"name\":\"V\u00e4stra G\u00f6talandsregionen\",\"description\":\"\",\"inLanguage\":\"sv-SE\"},{\"@type\":\"Person\",\"@id\":\"https:\\\/\\\/wp.kristdemokraterna.se\\\/vg\\\/#\\\/schema\\\/person\\\/485c1ff01f1324aafbb92705c598210f\",\"name\":\"vg\",\"image\":{\"@type\":\"ImageObject\",\"inLanguage\":\"sv-SE\",\"@id\":\"https:\\\/\\\/secure.gravatar.com\\\/avatar\\\/387c874425c7747be372c14ca2d69e1689502257d65ec3b403b441b6435e48d8?s=96&d=mm&r=g\",\"url\":\"https:\\\/\\\/secure.gravatar.com\\\/avatar\\\/387c874425c7747be372c14ca2d69e1689502257d65ec3b403b441b6435e48d8?s=96&d=mm&r=g\",\"contentUrl\":\"https:\\\/\\\/secure.gravatar.com\\\/avatar\\\/387c874425c7747be372c14ca2d69e1689502257d65ec3b403b441b6435e48d8?s=96&d=mm&r=g\",\"caption\":\"vg\"},\"url\":\"https:\\\/\\\/wp.kristdemokraterna.se\\\/vg\\\/author\\\/vg\\\/\"}]}<\/script>\n<!-- \/ Yoast SEO plugin. -->","yoast_head_json":{"title":"Frig\u00f6r bost\u00e4der \u2013 s\u00e4nk skatten f\u00f6r dem som bott l\u00e4nge - V\u00e4stra G\u00f6talandsregionen","robots":{"index":"index","follow":"follow","max-snippet":"max-snippet:-1","max-image-preview":"max-image-preview:large","max-video-preview":"max-video-preview:-1"},"canonical":"https:\/\/wp.kristdemokraterna.se\/vg\/frigor-bostader-sank-skatten-for-dem-som-bott-lange\/","og_locale":"sv_SE","og_type":"article","og_title":"Frig\u00f6r bost\u00e4der \u2013 s\u00e4nk skatten f\u00f6r dem som bott l\u00e4nge - V\u00e4stra G\u00f6talandsregionen","og_description":"Ins\u00e4ndare Alings\u00e5s Tidning &#8211; Utbult, Kihlstr\u00f6m, Svensson Idag f\u00e5r den som vill flytta betala en osk\u00e4ligt h\u00f6g skatt till staten, bara f\u00f6r att man bott l\u00e4nge i sitt hem, vilket ocks\u00e5 h\u00e4mmar r\u00f6rligheten p\u00e5 bostadsmarknaden, skriver debatt\u00f6rerna.","og_url":"https:\/\/wp.kristdemokraterna.se\/vg\/frigor-bostader-sank-skatten-for-dem-som-bott-lange\/","og_site_name":"V\u00e4stra G\u00f6talandsregionen","article_published_time":"2025-11-11T08:45:35+00:00","article_modified_time":"2025-11-19T08:50:57+00:00","og_image":[{"width":472,"height":263,"url":"http:\/\/wp.kristdemokraterna.se\/vg\/files\/2025\/11\/hus-hemsida.png","type":"image\/png"}],"author":"vg","twitter_card":"summary_large_image","twitter_creator":"@KD_VGR","twitter_site":"@KD_VGR","twitter_misc":{"Skriven av":"vg","Ber\u00e4knad l\u00e4stid":"2 minuter"},"schema":{"@context":"https:\/\/schema.org","@graph":[{"@type":"Article","@id":"https:\/\/wp.kristdemokraterna.se\/vg\/frigor-bostader-sank-skatten-for-dem-som-bott-lange\/#article","isPartOf":{"@id":"https:\/\/wp.kristdemokraterna.se\/vg\/frigor-bostader-sank-skatten-for-dem-som-bott-lange\/"},"author":{"name":"vg","@id":"https:\/\/wp.kristdemokraterna.se\/vg\/#\/schema\/person\/485c1ff01f1324aafbb92705c598210f"},"headline":"Frig\u00f6r bost\u00e4der \u2013 s\u00e4nk skatten f\u00f6r dem som bott l\u00e4nge","datePublished":"2025-11-11T08:45:35+00:00","dateModified":"2025-11-19T08:50:57+00:00","mainEntityOfPage":{"@id":"https:\/\/wp.kristdemokraterna.se\/vg\/frigor-bostader-sank-skatten-for-dem-som-bott-lange\/"},"wordCount":365,"image":{"@id":"https:\/\/wp.kristdemokraterna.se\/vg\/frigor-bostader-sank-skatten-for-dem-som-bott-lange\/#primaryimage"},"thumbnailUrl":"https:\/\/wp.kristdemokraterna.se\/vg\/files\/2025\/11\/hus-hemsida.png","inLanguage":"sv-SE"},{"@type":"WebPage","@id":"https:\/\/wp.kristdemokraterna.se\/vg\/frigor-bostader-sank-skatten-for-dem-som-bott-lange\/","url":"https:\/\/wp.kristdemokraterna.se\/vg\/frigor-bostader-sank-skatten-for-dem-som-bott-lange\/","name":"Frig\u00f6r bost\u00e4der \u2013 s\u00e4nk skatten f\u00f6r dem som bott l\u00e4nge - V\u00e4stra G\u00f6talandsregionen","isPartOf":{"@id":"https:\/\/wp.kristdemokraterna.se\/vg\/#website"},"primaryImageOfPage":{"@id":"https:\/\/wp.kristdemokraterna.se\/vg\/frigor-bostader-sank-skatten-for-dem-som-bott-lange\/#primaryimage"},"image":{"@id":"https:\/\/wp.kristdemokraterna.se\/vg\/frigor-bostader-sank-skatten-for-dem-som-bott-lange\/#primaryimage"},"thumbnailUrl":"https:\/\/wp.kristdemokraterna.se\/vg\/files\/2025\/11\/hus-hemsida.png","datePublished":"2025-11-11T08:45:35+00:00","dateModified":"2025-11-19T08:50:57+00:00","author":{"@id":"https:\/\/wp.kristdemokraterna.se\/vg\/#\/schema\/person\/485c1ff01f1324aafbb92705c598210f"},"breadcrumb":{"@id":"https:\/\/wp.kristdemokraterna.se\/vg\/frigor-bostader-sank-skatten-for-dem-som-bott-lange\/#breadcrumb"},"inLanguage":"sv-SE","potentialAction":[{"@type":"ReadAction","target":["https:\/\/wp.kristdemokraterna.se\/vg\/frigor-bostader-sank-skatten-for-dem-som-bott-lange\/"]}]},{"@type":"ImageObject","inLanguage":"sv-SE","@id":"https:\/\/wp.kristdemokraterna.se\/vg\/frigor-bostader-sank-skatten-for-dem-som-bott-lange\/#primaryimage","url":"https:\/\/wp.kristdemokraterna.se\/vg\/files\/2025\/11\/hus-hemsida.png","contentUrl":"https:\/\/wp.kristdemokraterna.se\/vg\/files\/2025\/11\/hus-hemsida.png","width":472,"height":263},{"@type":"BreadcrumbList","@id":"https:\/\/wp.kristdemokraterna.se\/vg\/frigor-bostader-sank-skatten-for-dem-som-bott-lange\/#breadcrumb","itemListElement":[{"@type":"ListItem","position":1,"name":"Hem","item":"https:\/\/wp.kristdemokraterna.se\/vg\/"},{"@type":"ListItem","position":2,"name":"Frig\u00f6r bost\u00e4der \u2013 s\u00e4nk skatten f\u00f6r dem som bott l\u00e4nge"}]},{"@type":"WebSite","@id":"https:\/\/wp.kristdemokraterna.se\/vg\/#website","url":"https:\/\/wp.kristdemokraterna.se\/vg\/","name":"V\u00e4stra G\u00f6talandsregionen","description":"","inLanguage":"sv-SE"},{"@type":"Person","@id":"https:\/\/wp.kristdemokraterna.se\/vg\/#\/schema\/person\/485c1ff01f1324aafbb92705c598210f","name":"vg","image":{"@type":"ImageObject","inLanguage":"sv-SE","@id":"https:\/\/secure.gravatar.com\/avatar\/387c874425c7747be372c14ca2d69e1689502257d65ec3b403b441b6435e48d8?s=96&d=mm&r=g","url":"https:\/\/secure.gravatar.com\/avatar\/387c874425c7747be372c14ca2d69e1689502257d65ec3b403b441b6435e48d8?s=96&d=mm&r=g","contentUrl":"https:\/\/secure.gravatar.com\/avatar\/387c874425c7747be372c14ca2d69e1689502257d65ec3b403b441b6435e48d8?s=96&d=mm&r=g","caption":"vg"},"url":"https:\/\/wp.kristdemokraterna.se\/vg\/author\/vg\/"}]}},"_links":{"self":[{"href":"https:\/\/wp.kristdemokraterna.se\/vg\/wp-json\/wp\/v2\/posts\/1335","targetHints":{"allow":["GET"]}}],"collection":[{"href":"https:\/\/wp.kristdemokraterna.se\/vg\/wp-json\/wp\/v2\/posts"}],"about":[{"href":"https:\/\/wp.kristdemokraterna.se\/vg\/wp-json\/wp\/v2\/types\/post"}],"author":[{"embeddable":true,"href":"https:\/\/wp.kristdemokraterna.se\/vg\/wp-json\/wp\/v2\/users\/726"}],"replies":[{"embeddable":true,"href":"https:\/\/wp.kristdemokraterna.se\/vg\/wp-json\/wp\/v2\/comments?post=1335"}],"version-history":[{"count":1,"href":"https:\/\/wp.kristdemokraterna.se\/vg\/wp-json\/wp\/v2\/posts\/1335\/revisions"}],"predecessor-version":[{"id":1337,"href":"https:\/\/wp.kristdemokraterna.se\/vg\/wp-json\/wp\/v2\/posts\/1335\/revisions\/1337"}],"wp:featuredmedia":[{"embeddable":true,"href":"https:\/\/wp.kristdemokraterna.se\/vg\/wp-json\/wp\/v2\/media\/1336"}],"wp:attachment":[{"href":"https:\/\/wp.kristdemokraterna.se\/vg\/wp-json\/wp\/v2\/media?parent=1335"}],"wp:term":[{"taxonomy":"category","embeddable":true,"href":"https:\/\/wp.kristdemokraterna.se\/vg\/wp-json\/wp\/v2\/categories?post=1335"},{"taxonomy":"post_tag","embeddable":true,"href":"https:\/\/wp.kristdemokraterna.se\/vg\/wp-json\/wp\/v2\/tags?post=1335"}],"curies":[{"name":"wp","href":"https:\/\/api.w.org\/{rel}","templated":true}]}}